{"id":1282307,"date":"2020-11-04T15:59:36","date_gmt":"2020-11-04T15:59:36","guid":{"rendered":"https:\/\/www.myzen.tv\/?p=1282307"},"modified":"2020-11-05T14:27:01","modified_gmt":"2020-11-05T14:27:01","slug":"des-jeudi-sur-myzen-tv-retrouvez-les-documentaires-femmes-inspirantes","status":"publish","type":"post","link":"https:\/\/www.myzen.tv\/fr\/des-jeudi-sur-myzen-tv-retrouvez-les-documentaires-femmes-inspirantes\/","title":{"rendered":"D\u00e8s jeudi sur MyZen TV : retrouvez les documentaires \u00ab Femmes Inspirantes \u00bb."},"content":{"rendered":"\n<p>Pr\u00e9parez-vous \u00e0 rencontrer des femmes audacieuses, des\nfemmes de t\u00eate, des t\u00e9m\u00e9raires, des tenaces, des endurantes, des intelligentes,\ntout cela et bien plus encore. <\/p>\n\n\n\n<p>\u00ab&nbsp;Femmes Inspirantes&nbsp;\u00bb regroupe 13 documentaires\nmettant en avant des femmes aux histoires incroyables.&nbsp; <\/p>\n\n\n\n<p>Elles ont d\u00e9cid\u00e9 de faire basculer leur destin du tout au tout,\nque ce soit par choix ou \u00e0 la suite d\u2019un \u00e9v\u00e9nement dramatique ayant boulevers\u00e9\nleur vie. Soyez les t\u00e9moins de la libert\u00e9 et de l\u2019optimisme de ces femmes qui\nont choisi de vivre leur vie un jour apr\u00e8s l\u2019autre, et ont fait ce premier pas\ndans l\u2019inconnu \u2013 testant leurs propres limites et repoussant les fronti\u00e8res\nquand tout le monde leur disait que c\u2019\u00e9tait impossible. Jackie, Ally, Kyra,\nKatherine, Kira, Carole, Sofia, Margarita, Lisa, Andriana et bien d\u2019autres\u2026\nd\u00e9couvrez chaque jeudi soir sur MyZen TV les portraits de Femmes Inspirantes au\nparcours extraordinaire.<\/p>\n\n\n\n<div class=\"wp-block-group\"><div class=\"wp-block-group__inner-container is-layout-flow wp-block-group-is-layout-flow\">\n<div class=\"wp-block-columns is-layout-flex wp-container-core-columns-is-layout-1 wp-block-columns-is-layout-flex\">\n<div class=\"wp-block-column is-layout-flow wp-block-column-is-layout-flow\">\n<figure class=\"wp-block-image size-large\"><img loading=\"lazy\" decoding=\"async\" width=\"542\" height=\"543\" src=\"https:\/\/www.myzen.tv\/wp-content\/uploads\/2020\/11\/Image1-2.jpg\" alt=\"\" class=\"wp-image-1282326\" srcset=\"https:\/\/www.myzen.tv\/wp-content\/uploads\/2020\/11\/Image1-2.jpg 542w, https:\/\/www.myzen.tv\/wp-content\/uploads\/2020\/11\/Image1-2-300x300.jpg 300w, https:\/\/www.myzen.tv\/wp-content\/uploads\/2020\/11\/Image1-2-150x150.jpg 150w\" sizes=\"auto, (max-width: 542px) 100vw, 542px\" \/><figcaption>@caro.line.cote <\/figcaption><\/figure>\n<\/div>\n\n\n\n<div class=\"wp-block-column is-layout-flow wp-block-column-is-layout-flow\">\n<figure class=\"wp-block-image size-large\"><img loading=\"lazy\" decoding=\"async\" width=\"542\" height=\"543\" src=\"https:\/\/www.myzen.tv\/wp-content\/uploads\/2020\/11\/Image2bis.png\" alt=\"\" class=\"wp-image-1282328\" srcset=\"https:\/\/www.myzen.tv\/wp-content\/uploads\/2020\/11\/Image2bis.png 542w, https:\/\/www.myzen.tv\/wp-content\/uploads\/2020\/11\/Image2bis-300x300.png 300w, https:\/\/www.myzen.tv\/wp-content\/uploads\/2020\/11\/Image2bis-150x150.png 150w\" sizes=\"auto, (max-width: 542px) 100vw, 542px\" \/><figcaption>@margaritacardosoa<\/figcaption><\/figure>\n<\/div>\n<\/div>\n<\/div><\/div>\n\n\n\n<p>Entre l\u2019ascension d\u2019un mont au Wyoming (Etat des E-U), le combat des d\u00e9charges plastique, un Ultra-trail dans les Pyr\u00e9n\u00e9es, du parapente en Pologne\u2026 partez \u00e0 la rencontre de ces femmes inspirantes qui ne redoutent de rien et croient plus que tout en leur objectif de vie. Le d\u00e9passement de soi et la force mentale sont des maitres-mots pour elles. <\/p>\n\n\n\n<figure class=\"wp-block-image size-large\"><img loading=\"lazy\" decoding=\"async\" width=\"1024\" height=\"576\" src=\"https:\/\/www.myzen.tv\/wp-content\/uploads\/2020\/11\/Image3-1024x576.jpg\" alt=\"\" class=\"wp-image-1282323\" srcset=\"https:\/\/www.myzen.tv\/wp-content\/uploads\/2020\/11\/Image3-1024x576.jpg 1024w, https:\/\/www.myzen.tv\/wp-content\/uploads\/2020\/11\/Image3-300x169.jpg 300w, https:\/\/www.myzen.tv\/wp-content\/uploads\/2020\/11\/Image3-768x432.jpg 768w, https:\/\/www.myzen.tv\/wp-content\/uploads\/2020\/11\/Image3.jpg 1386w\" sizes=\"auto, (max-width: 1024px) 100vw, 1024px\" \/><\/figure>\n\n\n\n<p>\u00ab&nbsp;Femmes Inspirantes&nbsp;\u00bb &#8211; tous les jeudis 19h (UTC+1) sur MyZen TV<\/p>\n","protected":false},"excerpt":{"rendered":"<p>Pr\u00e9parez-vous \u00e0 rencontrer des femmes audacieuses, des femmes de t\u00eate, des t\u00e9m\u00e9raires, des tenaces, des endurantes, des intelligentes, tout cela et bien plus encore. \u00ab&nbsp;Femmes Inspirantes&nbsp;\u00bb regroupe 13 documentaires mettant en avant des femmes aux histoires incroyables.&nbsp; Elles ont d\u00e9cid\u00e9 de faire basculer leur destin du tout au tout, que ce soit par choix ou [&hellip;]<\/p>\n","protected":false},"author":3,"featured_media":1282308,"comment_status":"closed","ping_status":"closed","sticky":false,"template":"","format":"standard","meta":{"episode_type":"","audio_file":"","cover_image":"","cover_image_id":"","duration":"","filesize":"","date_recorded":"","explicit":"","block":"","itunes_episode_number":"","itunes_title":"","itunes_season_number":"","itunes_episode_type":"","filesize_raw":"","footnotes":""},"categories":[16,29],"tags":[],"group":[],"support":[],"class_list":["post-1282307","post","type-post","status-publish","format-standard","has-post-thumbnail","hentry","category-a-la-une","category-a-ne-pas-rater"],"yoast_head":"<!-- This site is optimized with the Yoast SEO plugin v24.0 - https:\/\/yoast.com\/wordpress\/plugins\/seo\/ -->\n<title>D\u00e8s jeudi sur MyZen TV : retrouvez les documentaires \u00ab Femmes Inspirantes \u00bb. - MyZen TV<\/title>\n<meta name=\"robots\" content=\"index, follow, max-snippet:-1, max-image-preview:large, max-video-preview:-1\" \/>\n<link rel=\"canonical\" href=\"https:\/\/www.myzen.tv\/fr\/des-jeudi-sur-myzen-tv-retrouvez-les-documentaires-femmes-inspirantes\/\" \/>\n<meta property=\"og:locale\" content=\"fr_FR\" \/>\n<meta property=\"og:type\" content=\"article\" \/>\n<meta property=\"og:title\" content=\"D\u00e8s jeudi sur MyZen TV : retrouvez les documentaires \u00ab Femmes Inspirantes \u00bb. - MyZen TV\" \/>\n<meta property=\"og:description\" content=\"Pr\u00e9parez-vous \u00e0 rencontrer des femmes audacieuses, des femmes de t\u00eate, des t\u00e9m\u00e9raires, des tenaces, des endurantes, des intelligentes, tout cela et bien plus encore. \u00ab&nbsp;Femmes Inspirantes&nbsp;\u00bb regroupe 13 documentaires mettant en avant des femmes aux histoires incroyables.&nbsp; Elles ont d\u00e9cid\u00e9 de faire basculer leur destin du tout au tout, que ce soit par choix ou [&hellip;]\" \/>\n<meta property=\"og:url\" content=\"https:\/\/www.myzen.tv\/fr\/des-jeudi-sur-myzen-tv-retrouvez-les-documentaires-femmes-inspirantes\/\" \/>\n<meta property=\"og:site_name\" content=\"MyZen TV\" \/>\n<meta property=\"article:publisher\" content=\"https:\/\/www.facebook.com\/myzen.tv.fr\/\" \/>\n<meta property=\"article:published_time\" content=\"2020-11-04T15:59:36+00:00\" \/>\n<meta property=\"article:modified_time\" content=\"2020-11-05T14:27:01+00:00\" \/>\n<meta property=\"og:image\" content=\"https:\/\/www.myzen.tv\/wp-content\/uploads\/2020\/11\/16.png\" \/>\n\t<meta property=\"og:image:width\" content=\"1280\" \/>\n\t<meta property=\"og:image:height\" content=\"720\" \/>\n\t<meta property=\"og:image:type\" content=\"image\/png\" \/>\n<meta name=\"author\" content=\"Nolwenn Vendeville\" \/>\n<meta name=\"twitter:card\" content=\"summary_large_image\" \/>\n<meta name=\"twitter:label1\" content=\"\u00c9crit par\" \/>\n\t<meta name=\"twitter:data1\" content=\"Nolwenn Vendeville\" \/>\n\t<meta name=\"twitter:label2\" content=\"Dur\u00e9e de lecture estim\u00e9e\" \/>\n\t<meta name=\"twitter:data2\" content=\"1 minute\" \/>\n<!-- \/ Yoast SEO plugin. -->","yoast_head_json":{"title":"D\u00e8s jeudi sur MyZen TV : retrouvez les documentaires \u00ab Femmes Inspirantes \u00bb. - MyZen TV","robots":{"index":"index","follow":"follow","max-snippet":"max-snippet:-1","max-image-preview":"max-image-preview:large","max-video-preview":"max-video-preview:-1"},"canonical":"https:\/\/www.myzen.tv\/fr\/des-jeudi-sur-myzen-tv-retrouvez-les-documentaires-femmes-inspirantes\/","og_locale":"fr_FR","og_type":"article","og_title":"D\u00e8s jeudi sur MyZen TV : retrouvez les documentaires \u00ab Femmes Inspirantes \u00bb. - MyZen TV","og_description":"Pr\u00e9parez-vous \u00e0 rencontrer des femmes audacieuses, des femmes de t\u00eate, des t\u00e9m\u00e9raires, des tenaces, des endurantes, des intelligentes, tout cela et bien plus encore. \u00ab&nbsp;Femmes Inspirantes&nbsp;\u00bb regroupe 13 documentaires mettant en avant des femmes aux histoires incroyables.&nbsp; Elles ont d\u00e9cid\u00e9 de faire basculer leur destin du tout au tout, que ce soit par choix ou [&hellip;]","og_url":"https:\/\/www.myzen.tv\/fr\/des-jeudi-sur-myzen-tv-retrouvez-les-documentaires-femmes-inspirantes\/","og_site_name":"MyZen TV","article_publisher":"https:\/\/www.facebook.com\/myzen.tv.fr\/","article_published_time":"2020-11-04T15:59:36+00:00","article_modified_time":"2020-11-05T14:27:01+00:00","og_image":[{"width":1280,"height":720,"url":"https:\/\/www.myzen.tv\/wp-content\/uploads\/2020\/11\/16.png","type":"image\/png"}],"author":"Nolwenn Vendeville","twitter_card":"summary_large_image","twitter_misc":{"\u00c9crit par":"Nolwenn Vendeville","Dur\u00e9e de lecture estim\u00e9e":"1 minute"},"schema":{"@context":"https:\/\/schema.org","@graph":[{"@type":"Article","@id":"https:\/\/www.myzen.tv\/fr\/des-jeudi-sur-myzen-tv-retrouvez-les-documentaires-femmes-inspirantes\/#article","isPartOf":{"@id":"https:\/\/www.myzen.tv\/fr\/des-jeudi-sur-myzen-tv-retrouvez-les-documentaires-femmes-inspirantes\/"},"author":{"name":"Nolwenn Vendeville","@id":"https:\/\/www.myzen.tv\/fr\/#\/schema\/person\/37d1dbc19ac69ece6d6b88146242dbe0"},"headline":"D\u00e8s jeudi sur MyZen TV : retrouvez les documentaires \u00ab Femmes Inspirantes \u00bb.","datePublished":"2020-11-04T15:59:36+00:00","dateModified":"2020-11-05T14:27:01+00:00","mainEntityOfPage":{"@id":"https:\/\/www.myzen.tv\/fr\/des-jeudi-sur-myzen-tv-retrouvez-les-documentaires-femmes-inspirantes\/"},"wordCount":249,"publisher":{"@id":"https:\/\/www.myzen.tv\/fr\/#organization"},"image":{"@id":"https:\/\/www.myzen.tv\/fr\/des-jeudi-sur-myzen-tv-retrouvez-les-documentaires-femmes-inspirantes\/#primaryimage"},"thumbnailUrl":"https:\/\/www.myzen.tv\/wp-content\/uploads\/2020\/11\/16.png","articleSection":["A la une","\u00c0 ne pas rater"],"inLanguage":"fr-FR"},{"@type":"WebPage","@id":"https:\/\/www.myzen.tv\/fr\/des-jeudi-sur-myzen-tv-retrouvez-les-documentaires-femmes-inspirantes\/","url":"https:\/\/www.myzen.tv\/fr\/des-jeudi-sur-myzen-tv-retrouvez-les-documentaires-femmes-inspirantes\/","name":"D\u00e8s jeudi sur MyZen TV : retrouvez les documentaires \u00ab Femmes Inspirantes \u00bb. - MyZen TV","isPartOf":{"@id":"https:\/\/www.myzen.tv\/fr\/#website"},"primaryImageOfPage":{"@id":"https:\/\/www.myzen.tv\/fr\/des-jeudi-sur-myzen-tv-retrouvez-les-documentaires-femmes-inspirantes\/#primaryimage"},"image":{"@id":"https:\/\/www.myzen.tv\/fr\/des-jeudi-sur-myzen-tv-retrouvez-les-documentaires-femmes-inspirantes\/#primaryimage"},"thumbnailUrl":"https:\/\/www.myzen.tv\/wp-content\/uploads\/2020\/11\/16.png","datePublished":"2020-11-04T15:59:36+00:00","dateModified":"2020-11-05T14:27:01+00:00","breadcrumb":{"@id":"https:\/\/www.myzen.tv\/fr\/des-jeudi-sur-myzen-tv-retrouvez-les-documentaires-femmes-inspirantes\/#breadcrumb"},"inLanguage":"fr-FR","potentialAction":[{"@type":"ReadAction","target":["https:\/\/www.myzen.tv\/fr\/des-jeudi-sur-myzen-tv-retrouvez-les-documentaires-femmes-inspirantes\/"]}]},{"@type":"ImageObject","inLanguage":"fr-FR","@id":"https:\/\/www.myzen.tv\/fr\/des-jeudi-sur-myzen-tv-retrouvez-les-documentaires-femmes-inspirantes\/#primaryimage","url":"https:\/\/www.myzen.tv\/wp-content\/uploads\/2020\/11\/16.png","contentUrl":"https:\/\/www.myzen.tv\/wp-content\/uploads\/2020\/11\/16.png","width":1280,"height":720},{"@type":"BreadcrumbList","@id":"https:\/\/www.myzen.tv\/fr\/des-jeudi-sur-myzen-tv-retrouvez-les-documentaires-femmes-inspirantes\/#breadcrumb","itemListElement":[{"@type":"ListItem","position":1,"name":"Home","item":"https:\/\/www.myzen.tv\/fr\/"},{"@type":"ListItem","position":2,"name":"D\u00e8s jeudi sur MyZen TV : retrouvez les documentaires \u00ab Femmes Inspirantes \u00bb."}]},{"@type":"WebSite","@id":"https:\/\/www.myzen.tv\/fr\/#website","url":"https:\/\/www.myzen.tv\/fr\/","name":"MyZen TV","description":"Your lifestyle and well-being channel","publisher":{"@id":"https:\/\/www.myzen.tv\/fr\/#organization"},"potentialAction":[{"@type":"SearchAction","target":{"@type":"EntryPoint","urlTemplate":"https:\/\/www.myzen.tv\/fr\/?s={search_term_string}"},"query-input":{"@type":"PropertyValueSpecification","valueRequired":true,"valueName":"search_term_string"}}],"inLanguage":"fr-FR"},{"@type":"Organization","@id":"https:\/\/www.myzen.tv\/fr\/#organization","name":"MyZen TV","url":"https:\/\/www.myzen.tv\/fr\/","logo":{"@type":"ImageObject","inLanguage":"fr-FR","@id":"https:\/\/www.myzen.tv\/fr\/#\/schema\/logo\/image\/","url":"https:\/\/www.myzen.tv\/wp-content\/uploads\/2021\/05\/cropped-ICON_MZtv-LOGO_firetv640-1-1.png","contentUrl":"https:\/\/www.myzen.tv\/wp-content\/uploads\/2021\/05\/cropped-ICON_MZtv-LOGO_firetv640-1-1.png","width":512,"height":512,"caption":"MyZen TV"},"image":{"@id":"https:\/\/www.myzen.tv\/fr\/#\/schema\/logo\/image\/"},"sameAs":["https:\/\/www.facebook.com\/myzen.tv.fr\/","https:\/\/www.instagram.com\/myzentv\/"]},{"@type":"Person","@id":"https:\/\/www.myzen.tv\/fr\/#\/schema\/person\/37d1dbc19ac69ece6d6b88146242dbe0","name":"Nolwenn Vendeville","url":"https:\/\/www.myzen.tv\/fr\/author\/nolwenn\/"}]}},"_links":{"self":[{"href":"https:\/\/www.myzen.tv\/fr\/wp-json\/wp\/v2\/posts\/1282307","targetHints":{"allow":["GET"]}}],"collection":[{"href":"https:\/\/www.myzen.tv\/fr\/wp-json\/wp\/v2\/posts"}],"about":[{"href":"https:\/\/www.myzen.tv\/fr\/wp-json\/wp\/v2\/types\/post"}],"author":[{"embeddable":true,"href":"https:\/\/www.myzen.tv\/fr\/wp-json\/wp\/v2\/users\/3"}],"replies":[{"embeddable":true,"href":"https:\/\/www.myzen.tv\/fr\/wp-json\/wp\/v2\/comments?post=1282307"}],"version-history":[{"count":10,"href":"https:\/\/www.myzen.tv\/fr\/wp-json\/wp\/v2\/posts\/1282307\/revisions"}],"predecessor-version":[{"id":1282598,"href":"https:\/\/www.myzen.tv\/fr\/wp-json\/wp\/v2\/posts\/1282307\/revisions\/1282598"}],"wp:featuredmedia":[{"embeddable":true,"href":"https:\/\/www.myzen.tv\/fr\/wp-json\/wp\/v2\/media\/1282308"}],"wp:attachment":[{"href":"https:\/\/www.myzen.tv\/fr\/wp-json\/wp\/v2\/media?parent=1282307"}],"wp:term":[{"taxonomy":"category","embeddable":true,"href":"https:\/\/www.myzen.tv\/fr\/wp-json\/wp\/v2\/categories?post=1282307"},{"taxonomy":"post_tag","embeddable":true,"href":"https:\/\/www.myzen.tv\/fr\/wp-json\/wp\/v2\/tags?post=1282307"},{"taxonomy":"group","embeddable":true,"href":"https:\/\/www.myzen.tv\/fr\/wp-json\/wp\/v2\/group?post=1282307"},{"taxonomy":"support","embeddable":true,"href":"https:\/\/www.myzen.tv\/fr\/wp-json\/wp\/v2\/support?post=1282307"}],"curies":[{"name":"wp","href":"https:\/\/api.w.org\/{rel}","templated":true}]}}