{"id":1336252,"date":"2020-11-10T13:46:48","date_gmt":"2020-11-10T13:46:48","guid":{"rendered":"https:\/\/www.myzen.tv\/?p=1336252"},"modified":"2020-11-10T14:08:50","modified_gmt":"2020-11-10T14:08:50","slug":"my-zen-people-saison-4-cest-parti","status":"publish","type":"post","link":"https:\/\/www.myzen.tv\/fr\/my-zen-people-saison-4-cest-parti\/","title":{"rendered":"My Zen People saison 4, c\u2019est parti !"},"content":{"rendered":"\n<p>Rendez-vous chaque week-end \u00e0 13h50 et 20h15 (UTC+1) sur MyZen TV pour d\u00e9couvrir les nouveaux \u00e9pisodes de My Zen People&nbsp;!<\/p>\n\n\n\n<p>Cette saison, l\u2019\u00e9mission se concentre sur les histoires de femmes qui ont eu le courage de suivre leur passion et de tout abandonner pour d\u00e9marrer un nouveau projet. <\/p>\n\n\n\n<div style=\"height:20px\" aria-hidden=\"true\" class=\"wp-block-spacer\"><\/div>\n\n\n\n<figure class=\"wp-block-image size-large\"><img loading=\"lazy\" decoding=\"async\" width=\"1024\" height=\"683\" src=\"https:\/\/www.myzen.tv\/wp-content\/uploads\/2020\/11\/MZP-Zaira-13-1024x683.jpg\" alt=\"\" class=\"wp-image-1336483\" srcset=\"https:\/\/www.myzen.tv\/wp-content\/uploads\/2020\/11\/MZP-Zaira-13-1024x683.jpg 1024w, https:\/\/www.myzen.tv\/wp-content\/uploads\/2020\/11\/MZP-Zaira-13-300x200.jpg 300w, https:\/\/www.myzen.tv\/wp-content\/uploads\/2020\/11\/MZP-Zaira-13-768x512.jpg 768w, https:\/\/www.myzen.tv\/wp-content\/uploads\/2020\/11\/MZP-Zaira-13-1536x1024.jpg 1536w, https:\/\/www.myzen.tv\/wp-content\/uploads\/2020\/11\/MZP-Zaira-13-2048x1365.jpg 2048w, https:\/\/www.myzen.tv\/wp-content\/uploads\/2020\/11\/MZP-Zaira-13-285x190.jpg 285w, https:\/\/www.myzen.tv\/wp-content\/uploads\/2020\/11\/MZP-Zaira-13-210x140.jpg 210w, https:\/\/www.myzen.tv\/wp-content\/uploads\/2020\/11\/MZP-Zaira-13-533x355.jpg 533w\" sizes=\"auto, (max-width: 1024px) 100vw, 1024px\" \/><\/figure>\n\n\n\n<div style=\"height:20px\" aria-hidden=\"true\" class=\"wp-block-spacer\"><\/div>\n\n\n\n<p>D\u00e9couvrez Zaira, Ile, Agostina, Solenn, Sophie, Carine, Virginie, Laetitia, Louise, Juliette, Anna et Cristina \u00e0 travers des t\u00e9moignages touchants&nbsp;et inspirants&nbsp;! &nbsp;<\/p>\n\n\n\n<div class=\"wp-block-columns is-layout-flex wp-container-core-columns-is-layout-1 wp-block-columns-is-layout-flex\">\n<div class=\"wp-block-column is-layout-flow wp-block-column-is-layout-flow\">\n<figure class=\"wp-block-image size-large\"><img loading=\"lazy\" decoding=\"async\" width=\"1024\" height=\"683\" src=\"https:\/\/www.myzen.tv\/wp-content\/uploads\/2020\/11\/1D2A5704-1024x683.jpg\" alt=\"\" class=\"wp-image-1336487\" srcset=\"https:\/\/www.myzen.tv\/wp-content\/uploads\/2020\/11\/1D2A5704-1024x683.jpg 1024w, https:\/\/www.myzen.tv\/wp-content\/uploads\/2020\/11\/1D2A5704-300x200.jpg 300w, https:\/\/www.myzen.tv\/wp-content\/uploads\/2020\/11\/1D2A5704-768x512.jpg 768w, https:\/\/www.myzen.tv\/wp-content\/uploads\/2020\/11\/1D2A5704-1536x1024.jpg 1536w, https:\/\/www.myzen.tv\/wp-content\/uploads\/2020\/11\/1D2A5704-2048x1365.jpg 2048w, https:\/\/www.myzen.tv\/wp-content\/uploads\/2020\/11\/1D2A5704-285x190.jpg 285w, https:\/\/www.myzen.tv\/wp-content\/uploads\/2020\/11\/1D2A5704-210x140.jpg 210w, https:\/\/www.myzen.tv\/wp-content\/uploads\/2020\/11\/1D2A5704-533x355.jpg 533w\" sizes=\"auto, (max-width: 1024px) 100vw, 1024px\" \/><\/figure>\n<\/div>\n\n\n\n<div class=\"wp-block-column is-layout-flow wp-block-column-is-layout-flow\">\n<figure class=\"wp-block-image size-large\"><img loading=\"lazy\" decoding=\"async\" width=\"1024\" height=\"683\" src=\"https:\/\/www.myzen.tv\/wp-content\/uploads\/2020\/11\/1D2A6028-1024x683.jpg\" alt=\"\" class=\"wp-image-1336489\" srcset=\"https:\/\/www.myzen.tv\/wp-content\/uploads\/2020\/11\/1D2A6028-1024x683.jpg 1024w, https:\/\/www.myzen.tv\/wp-content\/uploads\/2020\/11\/1D2A6028-300x200.jpg 300w, https:\/\/www.myzen.tv\/wp-content\/uploads\/2020\/11\/1D2A6028-768x512.jpg 768w, https:\/\/www.myzen.tv\/wp-content\/uploads\/2020\/11\/1D2A6028-1536x1024.jpg 1536w, https:\/\/www.myzen.tv\/wp-content\/uploads\/2020\/11\/1D2A6028-2048x1365.jpg 2048w, https:\/\/www.myzen.tv\/wp-content\/uploads\/2020\/11\/1D2A6028-285x190.jpg 285w, https:\/\/www.myzen.tv\/wp-content\/uploads\/2020\/11\/1D2A6028-210x140.jpg 210w, https:\/\/www.myzen.tv\/wp-content\/uploads\/2020\/11\/1D2A6028-533x355.jpg 533w\" sizes=\"auto, (max-width: 1024px) 100vw, 1024px\" \/><\/figure>\n<\/div>\n<\/div>\n\n\n\n<p>Prenez-en plein les yeux en admirant \u00e9galement les paysages d\u2019Argentine, de France et d\u2019Espagne dans chaque \u00e9pisode. <\/p>\n\n\n\n<figure class=\"wp-block-embed-vimeo wp-block-embed is-type-video is-provider-vimeo wp-embed-aspect-16-9 wp-has-aspect-ratio\"><div class=\"wp-block-embed__wrapper\">\n<iframe loading=\"lazy\" title=\"BA Facebook MZP4 - WE 13h50 FR\" src=\"https:\/\/player.vimeo.com\/video\/477215689?h=9ba6436ad0&amp;dnt=1&amp;app_id=122963\" width=\"500\" height=\"281\" frameborder=\"0\" allow=\"autoplay; fullscreen; picture-in-picture; clipboard-write\"><\/iframe>\n<\/div><\/figure>\n\n\n\n<p> My Zen People saison 4 \u2013 \u00e0 retrouver tous les week-end de Novembre sur MyZen TV  <\/p>\n","protected":false},"excerpt":{"rendered":"<p>Rendez-vous chaque week-end \u00e0 13h50 et 20h15 (UTC+1) sur MyZen TV pour d\u00e9couvrir les nouveaux \u00e9pisodes de My Zen People&nbsp;! Cette saison, l\u2019\u00e9mission se concentre sur les histoires de femmes qui ont eu le courage de suivre leur passion et de tout abandonner pour d\u00e9marrer un nouveau projet. D\u00e9couvrez Zaira, Ile, Agostina, Solenn, Sophie, Carine, [&hellip;]<\/p>\n","protected":false},"author":3,"featured_media":1336494,"comment_status":"closed","ping_status":"closed","sticky":false,"template":"","format":"standard","meta":{"episode_type":"","audio_file":"","cover_image":"","cover_image_id":"","duration":"","filesize":"","date_recorded":"","explicit":"","block":"","itunes_episode_number":"","itunes_title":"","itunes_season_number":"","itunes_episode_type":"","filesize_raw":"","footnotes":""},"categories":[16,29],"tags":[],"group":[],"support":[],"class_list":["post-1336252","post","type-post","status-publish","format-standard","has-post-thumbnail","hentry","category-a-la-une","category-a-ne-pas-rater"],"yoast_head":"<!-- This site is optimized with the Yoast SEO plugin v24.0 - https:\/\/yoast.com\/wordpress\/plugins\/seo\/ -->\n<title>My Zen People saison 4, c\u2019est parti ! - MyZen TV<\/title>\n<meta name=\"robots\" content=\"index, follow, max-snippet:-1, max-image-preview:large, max-video-preview:-1\" \/>\n<link rel=\"canonical\" href=\"https:\/\/www.myzen.tv\/fr\/my-zen-people-saison-4-cest-parti\/\" \/>\n<meta property=\"og:locale\" content=\"fr_FR\" \/>\n<meta property=\"og:type\" content=\"article\" \/>\n<meta property=\"og:title\" content=\"My Zen People saison 4, c\u2019est parti ! - MyZen TV\" \/>\n<meta property=\"og:description\" content=\"Rendez-vous chaque week-end \u00e0 13h50 et 20h15 (UTC+1) sur MyZen TV pour d\u00e9couvrir les nouveaux \u00e9pisodes de My Zen People&nbsp;! Cette saison, l\u2019\u00e9mission se concentre sur les histoires de femmes qui ont eu le courage de suivre leur passion et de tout abandonner pour d\u00e9marrer un nouveau projet. D\u00e9couvrez Zaira, Ile, Agostina, Solenn, Sophie, Carine, [&hellip;]\" \/>\n<meta property=\"og:url\" content=\"https:\/\/www.myzen.tv\/fr\/my-zen-people-saison-4-cest-parti\/\" \/>\n<meta property=\"og:site_name\" content=\"MyZen TV\" \/>\n<meta property=\"article:publisher\" content=\"https:\/\/www.facebook.com\/myzen.tv.fr\/\" \/>\n<meta property=\"article:published_time\" content=\"2020-11-10T13:46:48+00:00\" \/>\n<meta property=\"article:modified_time\" content=\"2020-11-10T14:08:50+00:00\" \/>\n<meta property=\"og:image\" content=\"https:\/\/www.myzen.tv\/wp-content\/uploads\/2020\/11\/1D2A2108-scaled.jpg\" \/>\n\t<meta property=\"og:image:width\" content=\"2560\" \/>\n\t<meta property=\"og:image:height\" content=\"1707\" \/>\n\t<meta property=\"og:image:type\" content=\"image\/jpeg\" \/>\n<meta name=\"author\" content=\"Nolwenn Vendeville\" \/>\n<meta name=\"twitter:card\" content=\"summary_large_image\" \/>\n<meta name=\"twitter:label1\" content=\"\u00c9crit par\" \/>\n\t<meta name=\"twitter:data1\" content=\"Nolwenn Vendeville\" \/>\n\t<meta name=\"twitter:label2\" content=\"Dur\u00e9e de lecture estim\u00e9e\" \/>\n\t<meta name=\"twitter:data2\" content=\"1 minute\" \/>\n<!-- \/ Yoast SEO plugin. -->","yoast_head_json":{"title":"My Zen People saison 4, c\u2019est parti ! - MyZen TV","robots":{"index":"index","follow":"follow","max-snippet":"max-snippet:-1","max-image-preview":"max-image-preview:large","max-video-preview":"max-video-preview:-1"},"canonical":"https:\/\/www.myzen.tv\/fr\/my-zen-people-saison-4-cest-parti\/","og_locale":"fr_FR","og_type":"article","og_title":"My Zen People saison 4, c\u2019est parti ! - MyZen TV","og_description":"Rendez-vous chaque week-end \u00e0 13h50 et 20h15 (UTC+1) sur MyZen TV pour d\u00e9couvrir les nouveaux \u00e9pisodes de My Zen People&nbsp;! Cette saison, l\u2019\u00e9mission se concentre sur les histoires de femmes qui ont eu le courage de suivre leur passion et de tout abandonner pour d\u00e9marrer un nouveau projet. D\u00e9couvrez Zaira, Ile, Agostina, Solenn, Sophie, Carine, [&hellip;]","og_url":"https:\/\/www.myzen.tv\/fr\/my-zen-people-saison-4-cest-parti\/","og_site_name":"MyZen TV","article_publisher":"https:\/\/www.facebook.com\/myzen.tv.fr\/","article_published_time":"2020-11-10T13:46:48+00:00","article_modified_time":"2020-11-10T14:08:50+00:00","og_image":[{"width":2560,"height":1707,"url":"https:\/\/www.myzen.tv\/wp-content\/uploads\/2020\/11\/1D2A2108-scaled.jpg","type":"image\/jpeg"}],"author":"Nolwenn Vendeville","twitter_card":"summary_large_image","twitter_misc":{"\u00c9crit par":"Nolwenn Vendeville","Dur\u00e9e de lecture estim\u00e9e":"1 minute"},"schema":{"@context":"https:\/\/schema.org","@graph":[{"@type":"Article","@id":"https:\/\/www.myzen.tv\/fr\/my-zen-people-saison-4-cest-parti\/#article","isPartOf":{"@id":"https:\/\/www.myzen.tv\/fr\/my-zen-people-saison-4-cest-parti\/"},"author":{"name":"Nolwenn Vendeville","@id":"https:\/\/www.myzen.tv\/fr\/#\/schema\/person\/37d1dbc19ac69ece6d6b88146242dbe0"},"headline":"My Zen People saison 4, c\u2019est parti !","datePublished":"2020-11-10T13:46:48+00:00","dateModified":"2020-11-10T14:08:50+00:00","mainEntityOfPage":{"@id":"https:\/\/www.myzen.tv\/fr\/my-zen-people-saison-4-cest-parti\/"},"wordCount":120,"publisher":{"@id":"https:\/\/www.myzen.tv\/fr\/#organization"},"image":{"@id":"https:\/\/www.myzen.tv\/fr\/my-zen-people-saison-4-cest-parti\/#primaryimage"},"thumbnailUrl":"https:\/\/www.myzen.tv\/wp-content\/uploads\/2020\/11\/1D2A2108-scaled.jpg","articleSection":["A la une","\u00c0 ne pas rater"],"inLanguage":"fr-FR"},{"@type":"WebPage","@id":"https:\/\/www.myzen.tv\/fr\/my-zen-people-saison-4-cest-parti\/","url":"https:\/\/www.myzen.tv\/fr\/my-zen-people-saison-4-cest-parti\/","name":"My Zen People saison 4, c\u2019est parti ! - MyZen TV","isPartOf":{"@id":"https:\/\/www.myzen.tv\/fr\/#website"},"primaryImageOfPage":{"@id":"https:\/\/www.myzen.tv\/fr\/my-zen-people-saison-4-cest-parti\/#primaryimage"},"image":{"@id":"https:\/\/www.myzen.tv\/fr\/my-zen-people-saison-4-cest-parti\/#primaryimage"},"thumbnailUrl":"https:\/\/www.myzen.tv\/wp-content\/uploads\/2020\/11\/1D2A2108-scaled.jpg","datePublished":"2020-11-10T13:46:48+00:00","dateModified":"2020-11-10T14:08:50+00:00","breadcrumb":{"@id":"https:\/\/www.myzen.tv\/fr\/my-zen-people-saison-4-cest-parti\/#breadcrumb"},"inLanguage":"fr-FR","potentialAction":[{"@type":"ReadAction","target":["https:\/\/www.myzen.tv\/fr\/my-zen-people-saison-4-cest-parti\/"]}]},{"@type":"ImageObject","inLanguage":"fr-FR","@id":"https:\/\/www.myzen.tv\/fr\/my-zen-people-saison-4-cest-parti\/#primaryimage","url":"https:\/\/www.myzen.tv\/wp-content\/uploads\/2020\/11\/1D2A2108-scaled.jpg","contentUrl":"https:\/\/www.myzen.tv\/wp-content\/uploads\/2020\/11\/1D2A2108-scaled.jpg","width":2560,"height":1707},{"@type":"BreadcrumbList","@id":"https:\/\/www.myzen.tv\/fr\/my-zen-people-saison-4-cest-parti\/#breadcrumb","itemListElement":[{"@type":"ListItem","position":1,"name":"Home","item":"https:\/\/www.myzen.tv\/fr\/"},{"@type":"ListItem","position":2,"name":"My Zen People saison 4, c\u2019est parti !"}]},{"@type":"WebSite","@id":"https:\/\/www.myzen.tv\/fr\/#website","url":"https:\/\/www.myzen.tv\/fr\/","name":"MyZen TV","description":"Your lifestyle and well-being channel","publisher":{"@id":"https:\/\/www.myzen.tv\/fr\/#organization"},"potentialAction":[{"@type":"SearchAction","target":{"@type":"EntryPoint","urlTemplate":"https:\/\/www.myzen.tv\/fr\/?s={search_term_string}"},"query-input":{"@type":"PropertyValueSpecification","valueRequired":true,"valueName":"search_term_string"}}],"inLanguage":"fr-FR"},{"@type":"Organization","@id":"https:\/\/www.myzen.tv\/fr\/#organization","name":"MyZen TV","url":"https:\/\/www.myzen.tv\/fr\/","logo":{"@type":"ImageObject","inLanguage":"fr-FR","@id":"https:\/\/www.myzen.tv\/fr\/#\/schema\/logo\/image\/","url":"https:\/\/www.myzen.tv\/wp-content\/uploads\/2021\/05\/cropped-ICON_MZtv-LOGO_firetv640-1-1.png","contentUrl":"https:\/\/www.myzen.tv\/wp-content\/uploads\/2021\/05\/cropped-ICON_MZtv-LOGO_firetv640-1-1.png","width":512,"height":512,"caption":"MyZen TV"},"image":{"@id":"https:\/\/www.myzen.tv\/fr\/#\/schema\/logo\/image\/"},"sameAs":["https:\/\/www.facebook.com\/myzen.tv.fr\/","https:\/\/www.instagram.com\/myzentv\/"]},{"@type":"Person","@id":"https:\/\/www.myzen.tv\/fr\/#\/schema\/person\/37d1dbc19ac69ece6d6b88146242dbe0","name":"Nolwenn Vendeville","url":"https:\/\/www.myzen.tv\/fr\/author\/nolwenn\/"}]}},"_links":{"self":[{"href":"https:\/\/www.myzen.tv\/fr\/wp-json\/wp\/v2\/posts\/1336252","targetHints":{"allow":["GET"]}}],"collection":[{"href":"https:\/\/www.myzen.tv\/fr\/wp-json\/wp\/v2\/posts"}],"about":[{"href":"https:\/\/www.myzen.tv\/fr\/wp-json\/wp\/v2\/types\/post"}],"author":[{"embeddable":true,"href":"https:\/\/www.myzen.tv\/fr\/wp-json\/wp\/v2\/users\/3"}],"replies":[{"embeddable":true,"href":"https:\/\/www.myzen.tv\/fr\/wp-json\/wp\/v2\/comments?post=1336252"}],"version-history":[{"count":6,"href":"https:\/\/www.myzen.tv\/fr\/wp-json\/wp\/v2\/posts\/1336252\/revisions"}],"predecessor-version":[{"id":1346389,"href":"https:\/\/www.myzen.tv\/fr\/wp-json\/wp\/v2\/posts\/1336252\/revisions\/1346389"}],"wp:featuredmedia":[{"embeddable":true,"href":"https:\/\/www.myzen.tv\/fr\/wp-json\/wp\/v2\/media\/1336494"}],"wp:attachment":[{"href":"https:\/\/www.myzen.tv\/fr\/wp-json\/wp\/v2\/media?parent=1336252"}],"wp:term":[{"taxonomy":"category","embeddable":true,"href":"https:\/\/www.myzen.tv\/fr\/wp-json\/wp\/v2\/categories?post=1336252"},{"taxonomy":"post_tag","embeddable":true,"href":"https:\/\/www.myzen.tv\/fr\/wp-json\/wp\/v2\/tags?post=1336252"},{"taxonomy":"group","embeddable":true,"href":"https:\/\/www.myzen.tv\/fr\/wp-json\/wp\/v2\/group?post=1336252"},{"taxonomy":"support","embeddable":true,"href":"https:\/\/www.myzen.tv\/fr\/wp-json\/wp\/v2\/support?post=1336252"}],"curies":[{"name":"wp","href":"https:\/\/api.w.org\/{rel}","templated":true}]}}