{"id":1640904,"date":"2021-03-25T14:00:00","date_gmt":"2021-03-25T14:00:00","guid":{"rendered":"https:\/\/www.myzen.tv\/?p=1640904"},"modified":"2021-03-25T14:55:48","modified_gmt":"2021-03-25T14:55:48","slug":"changement-de-vie-rencontre-avec-une-ancienne-coiffeuse-devenue-coach-hypersensible","status":"publish","type":"post","link":"https:\/\/www.myzen.tv\/fr\/changement-de-vie-rencontre-avec-une-ancienne-coiffeuse-devenue-coach-hypersensible\/","title":{"rendered":"Les bienfaits de la reconversion professionnelle : rencontre avec une ancienne coiffeuse devenue coach hypersensible"},"content":{"rendered":"\n<figure class=\"wp-block-image size-large\"><img loading=\"lazy\" decoding=\"async\" width=\"640\" height=\"428\" src=\"https:\/\/www.myzen.tv\/wp-content\/uploads\/2021\/03\/unnamed.jpg\" alt=\"\" class=\"wp-image-1641362\" srcset=\"https:\/\/www.myzen.tv\/wp-content\/uploads\/2021\/03\/unnamed.jpg 640w, https:\/\/www.myzen.tv\/wp-content\/uploads\/2021\/03\/unnamed-300x201.jpg 300w\" sizes=\"auto, (max-width: 640px) 100vw, 640px\" \/><figcaption>Le salon de coiffure de Charlotte Wils dans les ann\u00e9es 90, dans le nord de la France.<\/figcaption><\/figure>\n\n\n\n<p><strong>Vous r\u00eavez de changer de m\u00e9tier&nbsp;depuis quelques ann\u00e9es\u202f? La crise sanitaire&nbsp;vous&nbsp;a permis de vous recentrer sur vous-m\u00eame et a fait na\u00eetre des nouveaux projets dans votre esprit\u202f? T\u00e9moignage&nbsp;de Charlotte Wils, ancienne coiffeuse et com\u00e9dienne de th\u00e9\u00e2tre, reconvertie&nbsp;en&nbsp;coach&nbsp;en&nbsp;hypersensibilit\u00e9.<\/strong>&nbsp;<\/p>\n\n\n\n<p>Se sentir bien dans sa t\u00eate, se sentir bien au travail\u202f: c\u2019est la cl\u00e9&nbsp;d\u2019une vie \u00e9panouie. Changer de profession, oui c\u2019est possible, mais il faut s\u2019y pr\u00e9parer.&nbsp;<em>\u00ab\u202f<\/em><em>Dans chacun des m\u00e9tiers, il faut aller voir ce qui nous int\u00e9resse,&nbsp;<\/em><em>avoir cette curiosit<\/em><em>\u00e9\u202f\u00bb,<\/em>&nbsp;explique Charlotte Wils.&nbsp;<\/p>\n\n\n\n<p><em>\u00ab\u202f<\/em><em>On n<\/em><em>\u2019<\/em><em>arr\u00ea<\/em><em>te pas tout du jour au lendemain, il faut s<\/em><em>\u2019<\/em><em>y pr<\/em><em>\u00e9parer. Cela faisait 3 ans que je faisais du th\u00e9\u00e2tre, avant de m<\/em><em>\u2019<\/em><em>y consacrer&nbsp;<\/em><em>\u00e0&nbsp;<\/em><em>plein temps<\/em><em>.<\/em><em>\u00bb<\/em>&nbsp;En changeant de domaine d\u2019activit\u00e9, la notion de temps&nbsp;de travail peut-\u00eatre largement diff\u00e9rente et peut-\u00eatre d\u00e9stabilisant pour certains :<em>&nbsp;\u00ab\u202f<\/em><em>Je<\/em><em>&nbsp;me suis retrouv\u00e9 dans un grand vide<\/em><em>. J<\/em><em>e&nbsp;<\/em><em>travaillais tellement quand j\u2019\u00e9tais coiffeuse, ma difficult\u00e9&nbsp;<\/em><em>c<\/em><em>\u2019\u00e9tait d\u2019\u00ea<\/em><em>tre face&nbsp;<\/em><em>\u00e0 \u00e9<\/em><em>norm<\/em><em>\u00e9<\/em><em>ment de temps libre<\/em><em>\u202f\u00bb,&nbsp;<\/em>se souvient la sp\u00e9cialiste des ultrasensibles.&nbsp;<\/p>\n\n\n\n<h2 class=\"wp-block-heading\"><strong>\u00ab\u202fJ\u2019avais un d\u00e9sir de me tourner vers l\u2019autre\u202f\u00bb<\/strong>&nbsp;<\/h2>\n\n\n\n<div class=\"wp-block-image\"><figure class=\"aligncenter size-large\"><img loading=\"lazy\" decoding=\"async\" width=\"457\" height=\"640\" src=\"https:\/\/www.myzen.tv\/wp-content\/uploads\/2021\/03\/unnamed-23-1.jpg\" alt=\"\" class=\"wp-image-1641364\" srcset=\"https:\/\/www.myzen.tv\/wp-content\/uploads\/2021\/03\/unnamed-23-1.jpg 457w, https:\/\/www.myzen.tv\/wp-content\/uploads\/2021\/03\/unnamed-23-1-214x300.jpg 214w\" sizes=\"auto, (max-width: 457px) 100vw, 457px\" \/><figcaption>Charlotte devient com\u00e9dienne et se lance pleinement dans le th\u00e9\u00e2tre \u00e0 Paris, apr\u00e8s avoir quitt\u00e9 son salon de coiffure.<\/figcaption><\/figure><\/div>\n\n\n\n<p>Par rapport&nbsp;\u00e0&nbsp;son ancien&nbsp;m\u00e9tier, Charlotte a d\u00e9couvert&nbsp;un nouveau monde, avec ses vertus gratifiantes\u202f:&nbsp;<em>\u00ab<\/em><em>&nbsp;<\/em><em>La<\/em><em>&nbsp;litt\u00e9rature m<\/em><em>\u2019<\/em><em>a fait du bien, la d\u00e9couverte&nbsp;<\/em><em>\u00e0&nbsp;<\/em><em>travers les livres, la nature, la communication des&nbsp;<\/em><em>\u00ea<\/em><em>tres humains.<\/em><em>\u202f\u00bb<\/em>&nbsp;Une ouverture vers l\u2019autre et surtout un effacement&nbsp;des pr\u00e9jug\u00e9s&nbsp;qu\u2019elle tenait&nbsp;auparavant\u202f:&nbsp;<em>\u00ab\u202f<\/em><em>Avant je vivais dans un monde, o<\/em><em>\u00f9<\/em><em>&nbsp;<\/em><em>tout<\/em><em>&nbsp;\u00e9tait&nbsp;<\/em><em>fa<\/em><em>\u00e7<\/em><em>ade.<\/em><em>&nbsp;Le th\u00e9\u00e2tre m<\/em><em>\u2019<\/em><em>a fait comprendre&nbsp;<\/em><em>qu<\/em><em>\u2019<\/em><em>il y a un monde ext\u00e9rieur et un monde int\u00e9rieur. On s<\/em><em>\u2019<\/em><em>aper<\/em><em>\u00e7<\/em><em>oit<\/em><em>&nbsp;que les&nbsp;<\/em><em>\u00ea<\/em><em>tres se disent les choses<\/em><em>\u202f\u00bb<\/em>&nbsp;<\/p>\n\n\n\n<p>Com\u00e9die&nbsp;et th\u00e9\u00e2tre, sources in\u00e9luctables d\u2019\u00e9changes, de transmission de savoirs mais&nbsp;aussi&nbsp;un travail \u00e9norm\u00e9ment centr\u00e9 sur soi-m\u00eame, peut-\u00eatre trop\u202f:&nbsp;&nbsp;<em>\u00ab\u202fQuand on est com\u00e9dienne, on travaille beaucoup sur soi, j\u2019en avais assez de me regarder. J\u2019avais un d\u00e9sir de me tourner vers l\u2019autre.\u202f\u00bb<\/em>&nbsp;<\/p>\n\n\n\n<p>\u00c0&nbsp;l\u2019\u00e9poque, Charlotte voulait se reconvertir, devenir psychologue entre autres, mais cela n\u00e9cessitait des \u00e9tudes longues. Un soir devant la t\u00e9l\u00e9vision, son mari lui propose de regarder une \u00e9mission sur le coaching.&nbsp;\u00c0&nbsp;partir&nbsp;de ce jour l\u00e0,&nbsp;\u00e0&nbsp;l\u2019\u00e2ge&nbsp;de 37&nbsp;ans,&nbsp;Charlotte&nbsp;d\u00e9cide&nbsp;de&nbsp;se lancer&nbsp;pleinement dans le coaching du d\u00e9veloppement personnel en entreprise et chez les particuliers. Huit ans plus tard, elle d\u00e9cide de se consacrer&nbsp;\u00e0&nbsp;son activit\u00e9 accompagnante des personnes hypersensibles.&nbsp;&nbsp;<\/p>\n\n\n\n<p>\u00c0&nbsp;seulement 51 ans, Charlotte Wils compte d\u00e9j\u00e0&nbsp;trois m\u00e9tiers&nbsp;\u00e0&nbsp;son actif\u2026 Alors&nbsp;pourquoi pas vous\u202f?&nbsp;<\/p>\n\n\n\n<p><strong>Retrouvez le portrait de<\/strong><strong>&nbsp;<\/strong><strong>femmes inspirantes, qui ont os\u00e9 changer de vie, tous les dimanches&nbsp;<\/strong><strong>\u00e0&nbsp;<\/strong><strong>14h30 sur&nbsp;<\/strong><strong>MyZen<\/strong><strong>&nbsp;TV<\/strong><strong>\u202f<\/strong><strong>!<\/strong>&nbsp;<\/p>\n\n\n\n<p><strong>Retrouvez \u00e9galement, la&nbsp;<\/strong><strong>quatri<\/strong><strong>\u00e8<\/strong><strong>me&nbsp;saison de&nbsp;<\/strong><strong>My<\/strong><strong>&nbsp;<\/strong><strong>Zen People, du lundi au vendredi&nbsp;<\/strong><strong>\u00e0&nbsp;<\/strong><strong>18h45 sur&nbsp;<\/strong><strong>MyZen<\/strong><strong>&nbsp;TV<\/strong><strong>\u202f<\/strong><strong>!<\/strong>&nbsp;<\/p>\n","protected":false},"excerpt":{"rendered":"<p>Vous r\u00eavez de changer de m\u00e9tier depuis quelques ann\u00e9es ? La crise sanitaire vous a permis de vous recentrer sur vous-m\u00eame et a fait na\u00eetre des nouveaux projets dans votre esprit ? T\u00e9moignage de Charlotte Wils, ancienne coiffeuse et com\u00e9dienne de th\u00e9\u00e2tre, reconvertie en coach en hypersensibilit\u00e9.<\/p>\n","protected":false},"author":4,"featured_media":1641444,"comment_status":"closed","ping_status":"closed","sticky":false,"template":"","format":"standard","meta":{"episode_type":"","audio_file":"","cover_image":"","cover_image_id":"","duration":"","filesize":"","date_recorded":"","explicit":"","block":"","itunes_episode_number":"","itunes_title":"","itunes_season_number":"","itunes_episode_type":"","filesize_raw":"","footnotes":""},"categories":[16],"tags":[129,126,127,128,125],"group":[],"support":[],"class_list":["post-1640904","post","type-post","status-publish","format-standard","has-post-thumbnail","hentry","category-a-la-une","tag-bien-etre","tag-changer-de-vie","tag-life","tag-oser","tag-reconversion"],"yoast_head":"<!-- This site is optimized with the Yoast SEO plugin v24.0 - https:\/\/yoast.com\/wordpress\/plugins\/seo\/ -->\n<title>Les bienfaits de la reconversion professionnelle : rencontre avec une ancienne coiffeuse devenue coach hypersensible - MyZen TV<\/title>\n<meta name=\"robots\" content=\"index, follow, max-snippet:-1, max-image-preview:large, max-video-preview:-1\" \/>\n<link rel=\"canonical\" href=\"https:\/\/www.myzen.tv\/fr\/changement-de-vie-rencontre-avec-une-ancienne-coiffeuse-devenue-coach-hypersensible\/\" \/>\n<meta property=\"og:locale\" content=\"fr_FR\" \/>\n<meta property=\"og:type\" content=\"article\" \/>\n<meta property=\"og:title\" content=\"Les bienfaits de la reconversion professionnelle : rencontre avec une ancienne coiffeuse devenue coach hypersensible - MyZen TV\" \/>\n<meta property=\"og:description\" content=\"Vous r\u00eavez de changer de m\u00e9tier depuis quelques ann\u00e9es ? La crise sanitaire vous a permis de vous recentrer sur vous-m\u00eame et a fait na\u00eetre des nouveaux projets dans votre esprit ? T\u00e9moignage de Charlotte Wils, ancienne coiffeuse et com\u00e9dienne de th\u00e9\u00e2tre, reconvertie en coach en hypersensibilit\u00e9.\" \/>\n<meta property=\"og:url\" content=\"https:\/\/www.myzen.tv\/fr\/changement-de-vie-rencontre-avec-une-ancienne-coiffeuse-devenue-coach-hypersensible\/\" \/>\n<meta property=\"og:site_name\" content=\"MyZen TV\" \/>\n<meta property=\"article:publisher\" content=\"https:\/\/www.facebook.com\/myzen.tv.fr\/\" \/>\n<meta property=\"article:published_time\" content=\"2021-03-25T14:00:00+00:00\" \/>\n<meta property=\"article:modified_time\" content=\"2021-03-25T14:55:48+00:00\" \/>\n<meta property=\"og:image\" content=\"https:\/\/www.myzen.tv\/wp-content\/uploads\/2021\/03\/woman-591576_1920.jpg\" \/>\n\t<meta property=\"og:image:width\" content=\"1920\" \/>\n\t<meta property=\"og:image:height\" content=\"1280\" \/>\n\t<meta property=\"og:image:type\" content=\"image\/jpeg\" \/>\n<meta name=\"author\" content=\"Lucas Wils\" \/>\n<meta name=\"twitter:card\" content=\"summary_large_image\" \/>\n<meta name=\"twitter:label1\" content=\"\u00c9crit par\" \/>\n\t<meta name=\"twitter:data1\" content=\"Lucas Wils\" \/>\n\t<meta name=\"twitter:label2\" content=\"Dur\u00e9e de lecture estim\u00e9e\" \/>\n\t<meta name=\"twitter:data2\" content=\"3 minutes\" \/>\n<!-- \/ Yoast SEO plugin. -->","yoast_head_json":{"title":"Les bienfaits de la reconversion professionnelle : rencontre avec une ancienne coiffeuse devenue coach hypersensible - MyZen TV","robots":{"index":"index","follow":"follow","max-snippet":"max-snippet:-1","max-image-preview":"max-image-preview:large","max-video-preview":"max-video-preview:-1"},"canonical":"https:\/\/www.myzen.tv\/fr\/changement-de-vie-rencontre-avec-une-ancienne-coiffeuse-devenue-coach-hypersensible\/","og_locale":"fr_FR","og_type":"article","og_title":"Les bienfaits de la reconversion professionnelle : rencontre avec une ancienne coiffeuse devenue coach hypersensible - MyZen TV","og_description":"Vous r\u00eavez de changer de m\u00e9tier depuis quelques ann\u00e9es ? La crise sanitaire vous a permis de vous recentrer sur vous-m\u00eame et a fait na\u00eetre des nouveaux projets dans votre esprit ? T\u00e9moignage de Charlotte Wils, ancienne coiffeuse et com\u00e9dienne de th\u00e9\u00e2tre, reconvertie en coach en hypersensibilit\u00e9.","og_url":"https:\/\/www.myzen.tv\/fr\/changement-de-vie-rencontre-avec-une-ancienne-coiffeuse-devenue-coach-hypersensible\/","og_site_name":"MyZen TV","article_publisher":"https:\/\/www.facebook.com\/myzen.tv.fr\/","article_published_time":"2021-03-25T14:00:00+00:00","article_modified_time":"2021-03-25T14:55:48+00:00","og_image":[{"width":1920,"height":1280,"url":"https:\/\/www.myzen.tv\/wp-content\/uploads\/2021\/03\/woman-591576_1920.jpg","type":"image\/jpeg"}],"author":"Lucas Wils","twitter_card":"summary_large_image","twitter_misc":{"\u00c9crit par":"Lucas Wils","Dur\u00e9e de lecture estim\u00e9e":"3 minutes"},"schema":{"@context":"https:\/\/schema.org","@graph":[{"@type":"Article","@id":"https:\/\/www.myzen.tv\/fr\/changement-de-vie-rencontre-avec-une-ancienne-coiffeuse-devenue-coach-hypersensible\/#article","isPartOf":{"@id":"https:\/\/www.myzen.tv\/fr\/changement-de-vie-rencontre-avec-une-ancienne-coiffeuse-devenue-coach-hypersensible\/"},"author":{"name":"Lucas Wils","@id":"https:\/\/www.myzen.tv\/fr\/#\/schema\/person\/1bff4c7f0ebab22c92c47dcf62276ebd"},"headline":"Les bienfaits de la reconversion professionnelle : rencontre avec une ancienne coiffeuse devenue coach hypersensible","datePublished":"2021-03-25T14:00:00+00:00","dateModified":"2021-03-25T14:55:48+00:00","mainEntityOfPage":{"@id":"https:\/\/www.myzen.tv\/fr\/changement-de-vie-rencontre-avec-une-ancienne-coiffeuse-devenue-coach-hypersensible\/"},"wordCount":639,"publisher":{"@id":"https:\/\/www.myzen.tv\/fr\/#organization"},"image":{"@id":"https:\/\/www.myzen.tv\/fr\/changement-de-vie-rencontre-avec-une-ancienne-coiffeuse-devenue-coach-hypersensible\/#primaryimage"},"thumbnailUrl":"https:\/\/www.myzen.tv\/wp-content\/uploads\/2021\/03\/woman-591576_1920.jpg","keywords":["bien-\u00eatre","changer de vie","life","oser","reconversion"],"articleSection":["A la une"],"inLanguage":"fr-FR"},{"@type":"WebPage","@id":"https:\/\/www.myzen.tv\/fr\/changement-de-vie-rencontre-avec-une-ancienne-coiffeuse-devenue-coach-hypersensible\/","url":"https:\/\/www.myzen.tv\/fr\/changement-de-vie-rencontre-avec-une-ancienne-coiffeuse-devenue-coach-hypersensible\/","name":"Les bienfaits de la reconversion professionnelle : rencontre avec une ancienne coiffeuse devenue coach hypersensible - MyZen TV","isPartOf":{"@id":"https:\/\/www.myzen.tv\/fr\/#website"},"primaryImageOfPage":{"@id":"https:\/\/www.myzen.tv\/fr\/changement-de-vie-rencontre-avec-une-ancienne-coiffeuse-devenue-coach-hypersensible\/#primaryimage"},"image":{"@id":"https:\/\/www.myzen.tv\/fr\/changement-de-vie-rencontre-avec-une-ancienne-coiffeuse-devenue-coach-hypersensible\/#primaryimage"},"thumbnailUrl":"https:\/\/www.myzen.tv\/wp-content\/uploads\/2021\/03\/woman-591576_1920.jpg","datePublished":"2021-03-25T14:00:00+00:00","dateModified":"2021-03-25T14:55:48+00:00","breadcrumb":{"@id":"https:\/\/www.myzen.tv\/fr\/changement-de-vie-rencontre-avec-une-ancienne-coiffeuse-devenue-coach-hypersensible\/#breadcrumb"},"inLanguage":"fr-FR","potentialAction":[{"@type":"ReadAction","target":["https:\/\/www.myzen.tv\/fr\/changement-de-vie-rencontre-avec-une-ancienne-coiffeuse-devenue-coach-hypersensible\/"]}]},{"@type":"ImageObject","inLanguage":"fr-FR","@id":"https:\/\/www.myzen.tv\/fr\/changement-de-vie-rencontre-avec-une-ancienne-coiffeuse-devenue-coach-hypersensible\/#primaryimage","url":"https:\/\/www.myzen.tv\/wp-content\/uploads\/2021\/03\/woman-591576_1920.jpg","contentUrl":"https:\/\/www.myzen.tv\/wp-content\/uploads\/2021\/03\/woman-591576_1920.jpg","width":1920,"height":1280},{"@type":"BreadcrumbList","@id":"https:\/\/www.myzen.tv\/fr\/changement-de-vie-rencontre-avec-une-ancienne-coiffeuse-devenue-coach-hypersensible\/#breadcrumb","itemListElement":[{"@type":"ListItem","position":1,"name":"Home","item":"https:\/\/www.myzen.tv\/fr\/"},{"@type":"ListItem","position":2,"name":"Les bienfaits de la reconversion professionnelle : rencontre avec une ancienne coiffeuse devenue coach hypersensible"}]},{"@type":"WebSite","@id":"https:\/\/www.myzen.tv\/fr\/#website","url":"https:\/\/www.myzen.tv\/fr\/","name":"MyZen TV","description":"Your lifestyle and well-being channel","publisher":{"@id":"https:\/\/www.myzen.tv\/fr\/#organization"},"potentialAction":[{"@type":"SearchAction","target":{"@type":"EntryPoint","urlTemplate":"https:\/\/www.myzen.tv\/fr\/?s={search_term_string}"},"query-input":{"@type":"PropertyValueSpecification","valueRequired":true,"valueName":"search_term_string"}}],"inLanguage":"fr-FR"},{"@type":"Organization","@id":"https:\/\/www.myzen.tv\/fr\/#organization","name":"MyZen TV","url":"https:\/\/www.myzen.tv\/fr\/","logo":{"@type":"ImageObject","inLanguage":"fr-FR","@id":"https:\/\/www.myzen.tv\/fr\/#\/schema\/logo\/image\/","url":"https:\/\/www.myzen.tv\/wp-content\/uploads\/2021\/05\/cropped-ICON_MZtv-LOGO_firetv640-1-1.png","contentUrl":"https:\/\/www.myzen.tv\/wp-content\/uploads\/2021\/05\/cropped-ICON_MZtv-LOGO_firetv640-1-1.png","width":512,"height":512,"caption":"MyZen TV"},"image":{"@id":"https:\/\/www.myzen.tv\/fr\/#\/schema\/logo\/image\/"},"sameAs":["https:\/\/www.facebook.com\/myzen.tv.fr\/","https:\/\/www.instagram.com\/myzentv\/"]},{"@type":"Person","@id":"https:\/\/www.myzen.tv\/fr\/#\/schema\/person\/1bff4c7f0ebab22c92c47dcf62276ebd","name":"Lucas Wils","url":"https:\/\/www.myzen.tv\/fr\/author\/wils\/"}]}},"_links":{"self":[{"href":"https:\/\/www.myzen.tv\/fr\/wp-json\/wp\/v2\/posts\/1640904","targetHints":{"allow":["GET"]}}],"collection":[{"href":"https:\/\/www.myzen.tv\/fr\/wp-json\/wp\/v2\/posts"}],"about":[{"href":"https:\/\/www.myzen.tv\/fr\/wp-json\/wp\/v2\/types\/post"}],"author":[{"embeddable":true,"href":"https:\/\/www.myzen.tv\/fr\/wp-json\/wp\/v2\/users\/4"}],"replies":[{"embeddable":true,"href":"https:\/\/www.myzen.tv\/fr\/wp-json\/wp\/v2\/comments?post=1640904"}],"version-history":[{"count":6,"href":"https:\/\/www.myzen.tv\/fr\/wp-json\/wp\/v2\/posts\/1640904\/revisions"}],"predecessor-version":[{"id":1641369,"href":"https:\/\/www.myzen.tv\/fr\/wp-json\/wp\/v2\/posts\/1640904\/revisions\/1641369"}],"wp:featuredmedia":[{"embeddable":true,"href":"https:\/\/www.myzen.tv\/fr\/wp-json\/wp\/v2\/media\/1641444"}],"wp:attachment":[{"href":"https:\/\/www.myzen.tv\/fr\/wp-json\/wp\/v2\/media?parent=1640904"}],"wp:term":[{"taxonomy":"category","embeddable":true,"href":"https:\/\/www.myzen.tv\/fr\/wp-json\/wp\/v2\/categories?post=1640904"},{"taxonomy":"post_tag","embeddable":true,"href":"https:\/\/www.myzen.tv\/fr\/wp-json\/wp\/v2\/tags?post=1640904"},{"taxonomy":"group","embeddable":true,"href":"https:\/\/www.myzen.tv\/fr\/wp-json\/wp\/v2\/group?post=1640904"},{"taxonomy":"support","embeddable":true,"href":"https:\/\/www.myzen.tv\/fr\/wp-json\/wp\/v2\/support?post=1640904"}],"curies":[{"name":"wp","href":"https:\/\/api.w.org\/{rel}","templated":true}]}}