{"id":1643906,"date":"2021-04-12T09:13:03","date_gmt":"2021-04-12T09:13:03","guid":{"rendered":"https:\/\/www.myzen.tv\/?p=1643906"},"modified":"2021-04-12T09:13:05","modified_gmt":"2021-04-12T09:13:05","slug":"3-activites-zen-par-et-pour-vos-enfants","status":"publish","type":"post","link":"https:\/\/www.myzen.tv\/fr\/3-activites-zen-par-et-pour-vos-enfants\/","title":{"rendered":"3 activit\u00e9s zen par et pour vos enfants"},"content":{"rendered":"\n<div class=\"wp-block-image\"><figure class=\"aligncenter size-large is-resized\"><img loading=\"lazy\" decoding=\"async\" src=\"https:\/\/www.myzen.tv\/wp-content\/uploads\/2021\/04\/vitolda-klein-VNDU0MaGOmU-unsplash-1024x683.jpg\" alt=\"\" class=\"wp-image-1643908\" width=\"542\" height=\"361\" srcset=\"https:\/\/www.myzen.tv\/wp-content\/uploads\/2021\/04\/vitolda-klein-VNDU0MaGOmU-unsplash-1024x683.jpg 1024w, https:\/\/www.myzen.tv\/wp-content\/uploads\/2021\/04\/vitolda-klein-VNDU0MaGOmU-unsplash-300x200.jpg 300w, https:\/\/www.myzen.tv\/wp-content\/uploads\/2021\/04\/vitolda-klein-VNDU0MaGOmU-unsplash-768x512.jpg 768w, https:\/\/www.myzen.tv\/wp-content\/uploads\/2021\/04\/vitolda-klein-VNDU0MaGOmU-unsplash-1536x1024.jpg 1536w, https:\/\/www.myzen.tv\/wp-content\/uploads\/2021\/04\/vitolda-klein-VNDU0MaGOmU-unsplash-2048x1365.jpg 2048w, https:\/\/www.myzen.tv\/wp-content\/uploads\/2021\/04\/vitolda-klein-VNDU0MaGOmU-unsplash-285x190.jpg 285w, https:\/\/www.myzen.tv\/wp-content\/uploads\/2021\/04\/vitolda-klein-VNDU0MaGOmU-unsplash-210x140.jpg 210w\" sizes=\"auto, (max-width: 542px) 100vw, 542px\" \/><\/figure><\/div>\n\n\n\n<p>Il n\u2019y a pas que les adultes qui m\u00e9ritent leur moment <strong>zen<\/strong> ! Les <strong>enfants<\/strong> aussi. Et d\u2019ailleurs, plus les <strong>enfants<\/strong> seront calmes, plus les parents le resteront ! <strong>MyZen TV<\/strong> vous propose 3 <strong>activit\u00e9s relaxation<\/strong> pour vos petits anges ! <\/p>\n\n\n\n<h2 class=\"wp-block-heading\">La respiration par coh\u00e9rence cardiaque <\/h2>\n\n\n\n<p>Si le nom de cet <strong>exercice<\/strong> peut faire un peu peur, ses b\u00e9n\u00e9fices ne sauront que vous ravir. Votre <strong>enfant<\/strong> se pr\u00e9pare \u00e0 une grosse col\u00e8re ? Pas de panique. Au lieu de crier plus fort que lui et de le punir, essayez plut\u00f4t cette technique qui apportera calme et s\u00e9r\u00e9nit\u00e9 dans votre foyer.  <\/p>\n\n\n\n<div class=\"wp-block-image\"><figure class=\"aligncenter size-large is-resized\"><img loading=\"lazy\" decoding=\"async\" src=\"https:\/\/www.myzen.tv\/wp-content\/uploads\/2021\/04\/anna-niezabitowska-z0puO1Tn_w8-unsplash-1024x958.jpg\" alt=\"\" class=\"wp-image-1643916\" width=\"545\" height=\"509\" srcset=\"https:\/\/www.myzen.tv\/wp-content\/uploads\/2021\/04\/anna-niezabitowska-z0puO1Tn_w8-unsplash-1024x958.jpg 1024w, https:\/\/www.myzen.tv\/wp-content\/uploads\/2021\/04\/anna-niezabitowska-z0puO1Tn_w8-unsplash-300x281.jpg 300w, https:\/\/www.myzen.tv\/wp-content\/uploads\/2021\/04\/anna-niezabitowska-z0puO1Tn_w8-unsplash-768x719.jpg 768w, https:\/\/www.myzen.tv\/wp-content\/uploads\/2021\/04\/anna-niezabitowska-z0puO1Tn_w8-unsplash-1536x1437.jpg 1536w, https:\/\/www.myzen.tv\/wp-content\/uploads\/2021\/04\/anna-niezabitowska-z0puO1Tn_w8-unsplash-2048x1916.jpg 2048w, https:\/\/www.myzen.tv\/wp-content\/uploads\/2021\/04\/anna-niezabitowska-z0puO1Tn_w8-unsplash-203x190.jpg 203w, https:\/\/www.myzen.tv\/wp-content\/uploads\/2021\/04\/anna-niezabitowska-z0puO1Tn_w8-unsplash-150x140.jpg 150w\" sizes=\"auto, (max-width: 545px) 100vw, 545px\" \/><\/figure><\/div>\n\n\n\n<p>\u201cInspirez, respireeeez\u2026. inspiriez, respireeeez\u2026\u201d cette formule bien connue pour calmer les crises de larmes ou d\u2019angoisses sera le mot cl\u00e9 de cet exercice de <strong>respiration<\/strong>. \u00c7a ne parait pas sorcier n\u2019est-ce pas ? Pour pouvoir suivre cet <strong>exercice<\/strong>, installez votre enfant, en position assise, le dos droit et placez-le devant une vid\u00e9o de <strong>respiration par coh\u00e9rence cardiaque<\/strong> (disponible sur Youtube). Il n\u2019aura plus qu\u2019\u00e0 suivre une balle qui se prom\u00e8nera sur l\u2019\u00e9cran et caler sa <strong>respiration <\/strong>sur cette derni\u00e8re.  <\/p>\n\n\n\n<p>Cette technique simple et efficace \u00e0 le don de calmer m\u00eame les plus grosses col\u00e8res ! <\/p>\n\n\n\n<h2 class=\"wp-block-heading\">La relaxation par la musicoth\u00e9rapie  <\/h2>\n\n\n\n<p>Cela fait des ann\u00e9es que vous entendez parler des bienfaits de cette <strong>th\u00e9rapie sonore<\/strong> mais vous n\u2019avez jamais os\u00e9 franchir le pas ? Laissez vos <strong>enfants<\/strong> l&rsquo;exp\u00e9rimenter pour vous et vous dire tout le bien qu\u2019ils en pensent ! <\/p>\n\n\n\n<div class=\"wp-block-image\"><figure class=\"aligncenter size-large is-resized\"><img loading=\"lazy\" decoding=\"async\" src=\"https:\/\/www.myzen.tv\/wp-content\/uploads\/2021\/04\/jelleke-vanooteghem-bNUGJD3gO94-unsplash-1024x682.jpg\" alt=\"\" class=\"wp-image-1643910\" width=\"566\" height=\"377\" srcset=\"https:\/\/www.myzen.tv\/wp-content\/uploads\/2021\/04\/jelleke-vanooteghem-bNUGJD3gO94-unsplash-1024x682.jpg 1024w, https:\/\/www.myzen.tv\/wp-content\/uploads\/2021\/04\/jelleke-vanooteghem-bNUGJD3gO94-unsplash-300x200.jpg 300w, https:\/\/www.myzen.tv\/wp-content\/uploads\/2021\/04\/jelleke-vanooteghem-bNUGJD3gO94-unsplash-768x512.jpg 768w, https:\/\/www.myzen.tv\/wp-content\/uploads\/2021\/04\/jelleke-vanooteghem-bNUGJD3gO94-unsplash-1536x1024.jpg 1536w, https:\/\/www.myzen.tv\/wp-content\/uploads\/2021\/04\/jelleke-vanooteghem-bNUGJD3gO94-unsplash-2048x1365.jpg 2048w, https:\/\/www.myzen.tv\/wp-content\/uploads\/2021\/04\/jelleke-vanooteghem-bNUGJD3gO94-unsplash-285x190.jpg 285w, https:\/\/www.myzen.tv\/wp-content\/uploads\/2021\/04\/jelleke-vanooteghem-bNUGJD3gO94-unsplash-210x140.jpg 210w\" sizes=\"auto, (max-width: 566px) 100vw, 566px\" \/><\/figure><\/div>\n\n\n\n<p>Pour cela, prenez des objets du quotidien du moment que cela produit un son ! C\u2019est encore mieux si vous avez de r\u00e9els <strong>instruments de musique<\/strong>. Puis, choisissez un th\u00e8me avec votre <strong>enfant<\/strong> (la peur, la joie\u2026) ainsi que des personnages auxquels vous associerez  un objet et un son associ\u00e9. A pr\u00e9sent, c\u2019est \u00e0 votre imagination de se mettre en route ! Commencez une histoire. Un m\u00e9chant personnage vient faire peur aux <strong>enfants<\/strong> qui dorment. Choisissez un instrument et jouez-en en racontant l\u2019histoire ! Puis un gentil personnage  arrive pour secourir les <strong>enfants<\/strong>. Choisissez un son et laissez parler votre enfant. Le m\u00e9chant s\u2019en va et cela d\u00e9clenche une temp\u00eate. S\u00e9lectionnez un autre son, en continuant \u00e0 raconter l\u2019histoire et laissez votre enfant s\u2019exprimer. Tout se termine bien, les enfants sont sauv\u00e9s, et se sentent heureux et rassur\u00e9s. Une derni\u00e8re fois, choisissez un son, et laissez votre <strong>enfant<\/strong> r\u00e9agir. <\/p>\n\n\n\n<p>Cette technique permet aux plus jeunes de g\u00e9rer au mieux leurs <strong>\u00e9motions<\/strong>, surtout lorsqu\u2019ils peinent \u00e0 mettre des mots sur ce qu\u2019ils ressentent. Apr\u00e8s plusieurs r\u00e9p\u00e9titions, votre <strong>enfant<\/strong> sera capable de temporiser les siennes gr\u00e2ce aux sons, la <strong>musique<\/strong> devenant m\u00e9diateur entre vous et lui afin de lib\u00e9rer sa parole. <\/p>\n\n\n\n<h2 class=\"wp-block-heading\">L\u2019apaisement par l\u2019auto-massage <\/h2>\n\n\n\n<p>Si tout le monde aime les <strong>massages<\/strong>, peu savent que cette pratique n\u2019est pas uniquement b\u00e9n\u00e9fique pour le <strong>corps<\/strong> mais aussi pour l\u2019<strong>esprit<\/strong> !  <\/p>\n\n\n\n<div class=\"wp-block-image\"><figure class=\"aligncenter size-large is-resized\"><img loading=\"lazy\" decoding=\"async\" src=\"https:\/\/www.myzen.tv\/wp-content\/uploads\/2021\/04\/igordoon-primus-CdyHqfrbGIs-unsplash-683x1024.jpg\" alt=\"\" class=\"wp-image-1643914\" width=\"353\" height=\"529\" srcset=\"https:\/\/www.myzen.tv\/wp-content\/uploads\/2021\/04\/igordoon-primus-CdyHqfrbGIs-unsplash-683x1024.jpg 683w, https:\/\/www.myzen.tv\/wp-content\/uploads\/2021\/04\/igordoon-primus-CdyHqfrbGIs-unsplash-200x300.jpg 200w, https:\/\/www.myzen.tv\/wp-content\/uploads\/2021\/04\/igordoon-primus-CdyHqfrbGIs-unsplash-768x1152.jpg 768w, https:\/\/www.myzen.tv\/wp-content\/uploads\/2021\/04\/igordoon-primus-CdyHqfrbGIs-unsplash-1024x1536.jpg 1024w, https:\/\/www.myzen.tv\/wp-content\/uploads\/2021\/04\/igordoon-primus-CdyHqfrbGIs-unsplash-1365x2048.jpg 1365w, https:\/\/www.myzen.tv\/wp-content\/uploads\/2021\/04\/igordoon-primus-CdyHqfrbGIs-unsplash-127x190.jpg 127w, https:\/\/www.myzen.tv\/wp-content\/uploads\/2021\/04\/igordoon-primus-CdyHqfrbGIs-unsplash-93x140.jpg 93w, https:\/\/www.myzen.tv\/wp-content\/uploads\/2021\/04\/igordoon-primus-CdyHqfrbGIs-unsplash-scaled.jpg 1707w\" sizes=\"auto, (max-width: 353px) 100vw, 353px\" \/><\/figure><\/div>\n\n\n\n<p>Contrairement \u00e0 ce que l\u2019on pourrait penser, se masser soi-m\u00eame est tout autant positif pour votre <strong>relaxation<\/strong> que de recevoir le <strong>massage<\/strong> d\u2019une personne ext\u00e9rieure.  <\/p>\n\n\n\n<p>Invitez votre <strong>enfant<\/strong> \u00e0 se masser le front, les joues, la nuque, la t\u00eate, les mains ou les pieds,<strong> <\/strong>en faisant de petits mouvements circulaires pour se <strong>d\u00e9tendre<\/strong>. N\u2019h\u00e9sitez pas \u00e0 faire de m\u00eame de votre c\u00f4t\u00e9 afin de lui montrer les bons gestes. L\u2019<strong>exercice<\/strong> peut se compl\u00e9ter avec une petite application ludique du <strong>massage<\/strong>. Tracez un dessin de votre choix dans son dos avec votre doigt puis laissez le faire de m\u00eame pour vous ! <\/p>\n","protected":false},"excerpt":{"rendered":"<p>Il n\u2019y a pas que les adultes qui m\u00e9ritent leur moment zen ! Les enfants aussi. Et d\u2019ailleurs, plus les enfants seront calmes, plus les parents le resteront ! MyZen TV vous propose 3 activit\u00e9s relaxation pour vos petits anges ! La respiration par coh\u00e9rence cardiaque Si le nom de cet exercice peut faire un [&hellip;]<\/p>\n","protected":false},"author":5,"featured_media":1643912,"comment_status":"closed","ping_status":"closed","sticky":false,"template":"","format":"standard","meta":{"episode_type":"","audio_file":"","cover_image":"","cover_image_id":"","duration":"","filesize":"","date_recorded":"","explicit":"","block":"","itunes_episode_number":"","itunes_title":"","itunes_season_number":"","itunes_episode_type":"","filesize_raw":"","footnotes":""},"categories":[16],"tags":[129,146,149,147,145,148],"group":[],"support":[],"class_list":["post-1643906","post","type-post","status-publish","format-standard","has-post-thumbnail","hentry","category-a-la-une","tag-bien-etre","tag-bien-etre-des-enfants","tag-massage","tag-musicotherapie","tag-relaxation","tag-respiration"],"yoast_head":"<!-- This site is optimized with the Yoast SEO plugin v24.0 - https:\/\/yoast.com\/wordpress\/plugins\/seo\/ -->\n<title>3 activit\u00e9s zen par et pour vos enfants - MyZen TV<\/title>\n<meta name=\"robots\" content=\"index, follow, max-snippet:-1, max-image-preview:large, max-video-preview:-1\" \/>\n<link rel=\"canonical\" href=\"https:\/\/www.myzen.tv\/fr\/3-activites-zen-par-et-pour-vos-enfants\/\" \/>\n<meta property=\"og:locale\" content=\"fr_FR\" \/>\n<meta property=\"og:type\" content=\"article\" \/>\n<meta property=\"og:title\" content=\"3 activit\u00e9s zen par et pour vos enfants - MyZen TV\" \/>\n<meta property=\"og:description\" content=\"Il n\u2019y a pas que les adultes qui m\u00e9ritent leur moment zen ! Les enfants aussi. Et d\u2019ailleurs, plus les enfants seront calmes, plus les parents le resteront ! MyZen TV vous propose 3 activit\u00e9s relaxation pour vos petits anges ! La respiration par coh\u00e9rence cardiaque Si le nom de cet exercice peut faire un [&hellip;]\" \/>\n<meta property=\"og:url\" content=\"https:\/\/www.myzen.tv\/fr\/3-activites-zen-par-et-pour-vos-enfants\/\" \/>\n<meta property=\"og:site_name\" content=\"MyZen TV\" \/>\n<meta property=\"article:publisher\" content=\"https:\/\/www.facebook.com\/myzen.tv.fr\/\" \/>\n<meta property=\"article:published_time\" content=\"2021-04-12T09:13:03+00:00\" \/>\n<meta property=\"article:modified_time\" content=\"2021-04-12T09:13:05+00:00\" \/>\n<meta property=\"og:image\" content=\"https:\/\/www.myzen.tv\/wp-content\/uploads\/2021\/04\/chayene-rafaela-nGwkIZFelko-unsplash-scaled.jpg\" \/>\n\t<meta property=\"og:image:width\" content=\"2560\" \/>\n\t<meta property=\"og:image:height\" content=\"1707\" \/>\n\t<meta property=\"og:image:type\" content=\"image\/jpeg\" \/>\n<meta name=\"author\" content=\"Coline Lehembre\" \/>\n<meta name=\"twitter:card\" content=\"summary_large_image\" \/>\n<meta name=\"twitter:label1\" content=\"\u00c9crit par\" \/>\n\t<meta name=\"twitter:data1\" content=\"Coline Lehembre\" \/>\n\t<meta name=\"twitter:label2\" content=\"Dur\u00e9e de lecture estim\u00e9e\" \/>\n\t<meta name=\"twitter:data2\" content=\"3 minutes\" \/>\n<!-- \/ Yoast SEO plugin. -->","yoast_head_json":{"title":"3 activit\u00e9s zen par et pour vos enfants - MyZen TV","robots":{"index":"index","follow":"follow","max-snippet":"max-snippet:-1","max-image-preview":"max-image-preview:large","max-video-preview":"max-video-preview:-1"},"canonical":"https:\/\/www.myzen.tv\/fr\/3-activites-zen-par-et-pour-vos-enfants\/","og_locale":"fr_FR","og_type":"article","og_title":"3 activit\u00e9s zen par et pour vos enfants - MyZen TV","og_description":"Il n\u2019y a pas que les adultes qui m\u00e9ritent leur moment zen ! Les enfants aussi. Et d\u2019ailleurs, plus les enfants seront calmes, plus les parents le resteront ! MyZen TV vous propose 3 activit\u00e9s relaxation pour vos petits anges ! La respiration par coh\u00e9rence cardiaque Si le nom de cet exercice peut faire un [&hellip;]","og_url":"https:\/\/www.myzen.tv\/fr\/3-activites-zen-par-et-pour-vos-enfants\/","og_site_name":"MyZen TV","article_publisher":"https:\/\/www.facebook.com\/myzen.tv.fr\/","article_published_time":"2021-04-12T09:13:03+00:00","article_modified_time":"2021-04-12T09:13:05+00:00","og_image":[{"width":2560,"height":1707,"url":"https:\/\/www.myzen.tv\/wp-content\/uploads\/2021\/04\/chayene-rafaela-nGwkIZFelko-unsplash-scaled.jpg","type":"image\/jpeg"}],"author":"Coline Lehembre","twitter_card":"summary_large_image","twitter_misc":{"\u00c9crit par":"Coline Lehembre","Dur\u00e9e de lecture estim\u00e9e":"3 minutes"},"schema":{"@context":"https:\/\/schema.org","@graph":[{"@type":"Article","@id":"https:\/\/www.myzen.tv\/fr\/3-activites-zen-par-et-pour-vos-enfants\/#article","isPartOf":{"@id":"https:\/\/www.myzen.tv\/fr\/3-activites-zen-par-et-pour-vos-enfants\/"},"author":{"name":"Coline Lehembre","@id":"https:\/\/www.myzen.tv\/fr\/#\/schema\/person\/7dd971c60a51df9ea643a930bef7d416"},"headline":"3 activit\u00e9s zen par et pour vos enfants","datePublished":"2021-04-12T09:13:03+00:00","dateModified":"2021-04-12T09:13:05+00:00","mainEntityOfPage":{"@id":"https:\/\/www.myzen.tv\/fr\/3-activites-zen-par-et-pour-vos-enfants\/"},"wordCount":626,"publisher":{"@id":"https:\/\/www.myzen.tv\/fr\/#organization"},"image":{"@id":"https:\/\/www.myzen.tv\/fr\/3-activites-zen-par-et-pour-vos-enfants\/#primaryimage"},"thumbnailUrl":"https:\/\/www.myzen.tv\/wp-content\/uploads\/2021\/04\/chayene-rafaela-nGwkIZFelko-unsplash-scaled.jpg","keywords":["bien-\u00eatre","bien-\u00eatre des enfants","massage","musicoth\u00e9rapie","relaxation","respiration"],"articleSection":["A la une"],"inLanguage":"fr-FR"},{"@type":"WebPage","@id":"https:\/\/www.myzen.tv\/fr\/3-activites-zen-par-et-pour-vos-enfants\/","url":"https:\/\/www.myzen.tv\/fr\/3-activites-zen-par-et-pour-vos-enfants\/","name":"3 activit\u00e9s zen par et pour vos enfants - MyZen TV","isPartOf":{"@id":"https:\/\/www.myzen.tv\/fr\/#website"},"primaryImageOfPage":{"@id":"https:\/\/www.myzen.tv\/fr\/3-activites-zen-par-et-pour-vos-enfants\/#primaryimage"},"image":{"@id":"https:\/\/www.myzen.tv\/fr\/3-activites-zen-par-et-pour-vos-enfants\/#primaryimage"},"thumbnailUrl":"https:\/\/www.myzen.tv\/wp-content\/uploads\/2021\/04\/chayene-rafaela-nGwkIZFelko-unsplash-scaled.jpg","datePublished":"2021-04-12T09:13:03+00:00","dateModified":"2021-04-12T09:13:05+00:00","breadcrumb":{"@id":"https:\/\/www.myzen.tv\/fr\/3-activites-zen-par-et-pour-vos-enfants\/#breadcrumb"},"inLanguage":"fr-FR","potentialAction":[{"@type":"ReadAction","target":["https:\/\/www.myzen.tv\/fr\/3-activites-zen-par-et-pour-vos-enfants\/"]}]},{"@type":"ImageObject","inLanguage":"fr-FR","@id":"https:\/\/www.myzen.tv\/fr\/3-activites-zen-par-et-pour-vos-enfants\/#primaryimage","url":"https:\/\/www.myzen.tv\/wp-content\/uploads\/2021\/04\/chayene-rafaela-nGwkIZFelko-unsplash-scaled.jpg","contentUrl":"https:\/\/www.myzen.tv\/wp-content\/uploads\/2021\/04\/chayene-rafaela-nGwkIZFelko-unsplash-scaled.jpg","width":2560,"height":1707},{"@type":"BreadcrumbList","@id":"https:\/\/www.myzen.tv\/fr\/3-activites-zen-par-et-pour-vos-enfants\/#breadcrumb","itemListElement":[{"@type":"ListItem","position":1,"name":"Home","item":"https:\/\/www.myzen.tv\/fr\/"},{"@type":"ListItem","position":2,"name":"3 activit\u00e9s zen par et pour vos enfants"}]},{"@type":"WebSite","@id":"https:\/\/www.myzen.tv\/fr\/#website","url":"https:\/\/www.myzen.tv\/fr\/","name":"MyZen TV","description":"Your lifestyle and well-being channel","publisher":{"@id":"https:\/\/www.myzen.tv\/fr\/#organization"},"potentialAction":[{"@type":"SearchAction","target":{"@type":"EntryPoint","urlTemplate":"https:\/\/www.myzen.tv\/fr\/?s={search_term_string}"},"query-input":{"@type":"PropertyValueSpecification","valueRequired":true,"valueName":"search_term_string"}}],"inLanguage":"fr-FR"},{"@type":"Organization","@id":"https:\/\/www.myzen.tv\/fr\/#organization","name":"MyZen TV","url":"https:\/\/www.myzen.tv\/fr\/","logo":{"@type":"ImageObject","inLanguage":"fr-FR","@id":"https:\/\/www.myzen.tv\/fr\/#\/schema\/logo\/image\/","url":"https:\/\/www.myzen.tv\/wp-content\/uploads\/2021\/05\/cropped-ICON_MZtv-LOGO_firetv640-1-1.png","contentUrl":"https:\/\/www.myzen.tv\/wp-content\/uploads\/2021\/05\/cropped-ICON_MZtv-LOGO_firetv640-1-1.png","width":512,"height":512,"caption":"MyZen TV"},"image":{"@id":"https:\/\/www.myzen.tv\/fr\/#\/schema\/logo\/image\/"},"sameAs":["https:\/\/www.facebook.com\/myzen.tv.fr\/","https:\/\/www.instagram.com\/myzentv\/"]},{"@type":"Person","@id":"https:\/\/www.myzen.tv\/fr\/#\/schema\/person\/7dd971c60a51df9ea643a930bef7d416","name":"Coline Lehembre","url":"https:\/\/www.myzen.tv\/fr\/author\/lehembre\/"}]}},"_links":{"self":[{"href":"https:\/\/www.myzen.tv\/fr\/wp-json\/wp\/v2\/posts\/1643906","targetHints":{"allow":["GET"]}}],"collection":[{"href":"https:\/\/www.myzen.tv\/fr\/wp-json\/wp\/v2\/posts"}],"about":[{"href":"https:\/\/www.myzen.tv\/fr\/wp-json\/wp\/v2\/types\/post"}],"author":[{"embeddable":true,"href":"https:\/\/www.myzen.tv\/fr\/wp-json\/wp\/v2\/users\/5"}],"replies":[{"embeddable":true,"href":"https:\/\/www.myzen.tv\/fr\/wp-json\/wp\/v2\/comments?post=1643906"}],"version-history":[{"count":1,"href":"https:\/\/www.myzen.tv\/fr\/wp-json\/wp\/v2\/posts\/1643906\/revisions"}],"predecessor-version":[{"id":1643918,"href":"https:\/\/www.myzen.tv\/fr\/wp-json\/wp\/v2\/posts\/1643906\/revisions\/1643918"}],"wp:featuredmedia":[{"embeddable":true,"href":"https:\/\/www.myzen.tv\/fr\/wp-json\/wp\/v2\/media\/1643912"}],"wp:attachment":[{"href":"https:\/\/www.myzen.tv\/fr\/wp-json\/wp\/v2\/media?parent=1643906"}],"wp:term":[{"taxonomy":"category","embeddable":true,"href":"https:\/\/www.myzen.tv\/fr\/wp-json\/wp\/v2\/categories?post=1643906"},{"taxonomy":"post_tag","embeddable":true,"href":"https:\/\/www.myzen.tv\/fr\/wp-json\/wp\/v2\/tags?post=1643906"},{"taxonomy":"group","embeddable":true,"href":"https:\/\/www.myzen.tv\/fr\/wp-json\/wp\/v2\/group?post=1643906"},{"taxonomy":"support","embeddable":true,"href":"https:\/\/www.myzen.tv\/fr\/wp-json\/wp\/v2\/support?post=1643906"}],"curies":[{"name":"wp","href":"https:\/\/api.w.org\/{rel}","templated":true}]}}