{"id":1644653,"date":"2021-04-30T05:00:00","date_gmt":"2021-04-30T05:00:00","guid":{"rendered":"https:\/\/www.myzen.tv\/?p=1644653"},"modified":"2022-06-16T09:59:12","modified_gmt":"2022-06-16T09:59:12","slug":"sur-myzen-tv-cest-le-mois-de-la-nutrition-en-mai","status":"publish","type":"post","link":"https:\/\/www.myzen.tv\/fr\/sur-myzen-tv-cest-le-mois-de-la-nutrition-en-mai\/","title":{"rendered":"En mai c&rsquo;est le mois de la nutrition sur MyZen TV !"},"content":{"rendered":"\n\n\n<p>Vous avez toujours r\u00eav\u00e9 d\u2019\u00eatre un fin <strong>gourmet&nbsp;<\/strong>?&nbsp;&nbsp;Vous vous dites que ce n\u2019est pas possible et que les plats r\u00e9chauff\u00e9s aient meilleur go\u00fbt&nbsp;?&nbsp;&nbsp;Et bien non&nbsp;! MyZen TV vous prouve le contraire pendant le mois de mai, avec des \u00e9missions consacr\u00e9es \u00e0 la <strong>nutrition<\/strong>&nbsp;! Cuisine de p\u00e2tes \u00ab&nbsp;Al dente&nbsp;\u00bb ou <strong>m\u00e9langes de l\u00e9gumes<\/strong> grill\u00e9s sur le wok&nbsp;? C\u2019est vous qui d\u00e9cidez&nbsp;!&nbsp;<\/p>\n\n\n\n<h2 class=\"wp-block-heading\"><strong>Italia Mia, Luana cuisine \u00e0 Rome<\/strong><\/h2>\n\n\n\n<figure class=\"wp-block-image size-large\"><img loading=\"lazy\" decoding=\"async\" width=\"1024\" height=\"576\" src=\"https:\/\/www.myzen.tv\/wp-content\/uploads\/2021\/04\/3789eaa0-653e-4fdf-820e-94487ae98dc6-1024x576.jpg\" alt=\"\" class=\"wp-image-1644654\" srcset=\"https:\/\/www.myzen.tv\/wp-content\/uploads\/2021\/04\/3789eaa0-653e-4fdf-820e-94487ae98dc6-1024x576.jpg 1024w, https:\/\/www.myzen.tv\/wp-content\/uploads\/2021\/04\/3789eaa0-653e-4fdf-820e-94487ae98dc6-300x169.jpg 300w, https:\/\/www.myzen.tv\/wp-content\/uploads\/2021\/04\/3789eaa0-653e-4fdf-820e-94487ae98dc6-768x432.jpg 768w, https:\/\/www.myzen.tv\/wp-content\/uploads\/2021\/04\/3789eaa0-653e-4fdf-820e-94487ae98dc6-1536x864.jpg 1536w, https:\/\/www.myzen.tv\/wp-content\/uploads\/2021\/04\/3789eaa0-653e-4fdf-820e-94487ae98dc6-320x180.jpg 320w, https:\/\/www.myzen.tv\/wp-content\/uploads\/2021\/04\/3789eaa0-653e-4fdf-820e-94487ae98dc6-235x132.jpg 235w, https:\/\/www.myzen.tv\/wp-content\/uploads\/2021\/04\/3789eaa0-653e-4fdf-820e-94487ae98dc6.jpg 1920w\" sizes=\"auto, (max-width: 1024px) 100vw, 1024px\" \/><figcaption>Luana et Alessandro \u00e0 la (re)d\u00e9couverte de Rome et de ses sp\u00e9cialit\u00e9s culinaires.<\/figcaption><\/figure>\n\n\n\n<p>Retrouvez le go\u00fbt et le plaisir de <strong>la cuisine italienne<\/strong> avec&nbsp;<em>Italia Mia, Luana cuisine \u00e0 Rome<\/em>.&nbsp;&nbsp;D\u00e9couvrez \u00ab&nbsp;la citt\u00e0 eterna&nbsp;\u00bb ( la ville \u00e9ternelle) et ses <strong>sp\u00e9cialit\u00e9s culinaires<\/strong>. Luana et son fils Alessandro visitent la <strong>Rome antique<\/strong> et vous trouvent les meilleurs adresses pour <strong>se mettre \u00e0 table&nbsp;<\/strong>!&nbsp;Apprenez \u00e0 r\u00e9aliser les fameux \u00ab Panzerotti alla Romana \u00bb ou encore les \u00ab Pasta alla Gricia con carciofi \u00bb avec <strong>les meilleurs artichauts<\/strong> du march\u00e9 d\u2019Esquillo !<\/p>\n\n\n\n<p><em>Italia Mia, Luana cuisine \u00e0 Rome<\/em>&nbsp;est \u00e0 d\u00e9couvrir sur MyZen TV tous les mardi \u00e0 19h partir du 4 mai (UTC+2)&nbsp;!&nbsp;<\/p>\n\n\n\n<h2 class=\"wp-block-heading\"><strong>Tour de chef<\/strong><\/h2>\n\n\n\n<figure class=\"wp-block-image size-large\"><img loading=\"lazy\" decoding=\"async\" width=\"1024\" height=\"576\" src=\"https:\/\/www.myzen.tv\/wp-content\/uploads\/2021\/04\/d0ef19c7-d0cd-48bd-9f86-c5e904894635-1024x576.jpg\" alt=\"\" class=\"wp-image-1644656\" srcset=\"https:\/\/www.myzen.tv\/wp-content\/uploads\/2021\/04\/d0ef19c7-d0cd-48bd-9f86-c5e904894635-1024x576.jpg 1024w, https:\/\/www.myzen.tv\/wp-content\/uploads\/2021\/04\/d0ef19c7-d0cd-48bd-9f86-c5e904894635-300x169.jpg 300w, https:\/\/www.myzen.tv\/wp-content\/uploads\/2021\/04\/d0ef19c7-d0cd-48bd-9f86-c5e904894635-768x432.jpg 768w, https:\/\/www.myzen.tv\/wp-content\/uploads\/2021\/04\/d0ef19c7-d0cd-48bd-9f86-c5e904894635-1536x864.jpg 1536w, https:\/\/www.myzen.tv\/wp-content\/uploads\/2021\/04\/d0ef19c7-d0cd-48bd-9f86-c5e904894635-320x180.jpg 320w, https:\/\/www.myzen.tv\/wp-content\/uploads\/2021\/04\/d0ef19c7-d0cd-48bd-9f86-c5e904894635-235x132.jpg 235w, https:\/\/www.myzen.tv\/wp-content\/uploads\/2021\/04\/d0ef19c7-d0cd-48bd-9f86-c5e904894635.jpg 1920w\" sizes=\"auto, (max-width: 1024px) 100vw, 1024px\" \/><figcaption>Le jeune chef fran\u00e7ais Laurent Peugeot, en discussion avec un chef chinois.<\/figcaption><\/figure>\n\n\n\n<p>La <strong>cuisine chinoise<\/strong> regorge de myst\u00e8res autant que son grand pays. C\u2019est ce que va d\u00e9couvrir le talentueux jeune chef, Laurent Peugeot, dans la nouvelle s\u00e9rie&nbsp;<em>Tour de chef.<\/em>&nbsp;Durant ce long p\u00e9riple, nous allons, dans chaque \u00e9pisode, d\u00e9couvrir un chef, un<strong> restaurant<\/strong>, des producteurs, des plantes et produits et des nouvelles<strong> saveurs<\/strong>.&nbsp;&nbsp;Comment cuisiner le wok de la meilleure fa\u00e7on&nbsp;? Quels l\u00e9gumes choisir pour un <strong>repas asiatique<\/strong>&nbsp;?A travers la&nbsp;&nbsp;technique et les secrets d\u2019une cuisine d\u2019exception, go\u00fbtez aux plats de l\u2019avenir&nbsp;! Ouvrez vos yeux et vos papilles&nbsp;: d\u00e9gustation&nbsp;!&nbsp;<\/p>\n\n\n\n<p>&nbsp;<strong><em>Tour de chef<\/em><\/strong>&nbsp;est \u00e0 d\u00e9couvrir sur MyZen TV tous les mardis \u00e0 19h30 \u00e0 partir du 4 mai&nbsp;(UTC+2)&nbsp;!<\/p>\n\n\n\n<h2 class=\"wp-block-heading\"><strong>La v\u00e9rit\u00e9 sur le business de la nourriture saine&nbsp;<\/strong><\/h2>\n\n\n\n<figure class=\"wp-block-image size-large\"><img loading=\"lazy\" decoding=\"async\" width=\"1024\" height=\"576\" src=\"https:\/\/www.myzen.tv\/wp-content\/uploads\/2021\/04\/4ccf4ffe-4b84-42a7-8db2-d402b286eba7-1024x576.jpg\" alt=\"\" class=\"wp-image-1644658\" srcset=\"https:\/\/www.myzen.tv\/wp-content\/uploads\/2021\/04\/4ccf4ffe-4b84-42a7-8db2-d402b286eba7-1024x576.jpg 1024w, https:\/\/www.myzen.tv\/wp-content\/uploads\/2021\/04\/4ccf4ffe-4b84-42a7-8db2-d402b286eba7-300x169.jpg 300w, https:\/\/www.myzen.tv\/wp-content\/uploads\/2021\/04\/4ccf4ffe-4b84-42a7-8db2-d402b286eba7-768x432.jpg 768w, https:\/\/www.myzen.tv\/wp-content\/uploads\/2021\/04\/4ccf4ffe-4b84-42a7-8db2-d402b286eba7-1536x864.jpg 1536w, https:\/\/www.myzen.tv\/wp-content\/uploads\/2021\/04\/4ccf4ffe-4b84-42a7-8db2-d402b286eba7-320x180.jpg 320w, https:\/\/www.myzen.tv\/wp-content\/uploads\/2021\/04\/4ccf4ffe-4b84-42a7-8db2-d402b286eba7-235x132.jpg 235w, https:\/\/www.myzen.tv\/wp-content\/uploads\/2021\/04\/4ccf4ffe-4b84-42a7-8db2-d402b286eba7.jpg 2048w\" sizes=\"auto, (max-width: 1024px) 100vw, 1024px\" \/><figcaption>Fiona Phillips et une \u00e9quipe de scientifique analysent les aliments, pour notre sant\u00e9.<\/figcaption><\/figure>\n\n\n\n<p>Se sentir mieux dans son corps, c\u2019est aussi <strong>bien s\u2019alimenter<\/strong> et choisir les bons produits. Fiona Phillips et des scientifiques vont analyser les aliments pour le bon fonctionnement de notre sant\u00e9 et de notre corps.&nbsp;<em>La v\u00e9rit\u00e9 sur le business de la nourriture saine&nbsp;<\/em>montre la r\u00e9alisation de tests sur des boissons ou autres nourritures, en expliquant ses <strong>qualit\u00e9s nutritives<\/strong>.&nbsp;Friture, <strong>smoothies<\/strong>, <strong>pilules multivitamin\u00e9es<\/strong>, et m\u00eame petit d\u00e9jeuner complet, tout sera analys\u00e9 par des experts afin de vous prodiguer les <strong>meilleurs conseils d\u2019alimentation<\/strong>.&nbsp;Avec des r\u00e9sultats plus qu\u2019\u00e9tonnants&nbsp;!&nbsp;<\/p>\n\n\n\n<p>&nbsp;Le reportage&nbsp;<em>La v\u00e9rit\u00e9 sur le business de la nourriture saine<\/em>&nbsp;est \u00e0 d\u00e9couvrir sur MyZen TV, uniquement le jeudi 20 mai \u00e0 19h50 (UTC+2)&nbsp;!<\/p>\n\n\n\n<h2 class=\"wp-block-heading\"><strong><em>Chelsea Garden \u2013 le grand challenge<\/em><\/strong><\/h2>\n\n\n\n<div class=\"wp-block-image\"><figure class=\"aligncenter size-large\"><img loading=\"lazy\" decoding=\"async\" width=\"1024\" height=\"683\" src=\"https:\/\/www.myzen.tv\/wp-content\/uploads\/2021\/04\/26a4c948-cbf6-48e3-b6d6-656c0e5bed81-1024x683.jpg\" alt=\"\" class=\"wp-image-1644660\" srcset=\"https:\/\/www.myzen.tv\/wp-content\/uploads\/2021\/04\/26a4c948-cbf6-48e3-b6d6-656c0e5bed81-1024x683.jpg 1024w, https:\/\/www.myzen.tv\/wp-content\/uploads\/2021\/04\/26a4c948-cbf6-48e3-b6d6-656c0e5bed81-300x200.jpg 300w, https:\/\/www.myzen.tv\/wp-content\/uploads\/2021\/04\/26a4c948-cbf6-48e3-b6d6-656c0e5bed81-768x512.jpg 768w, https:\/\/www.myzen.tv\/wp-content\/uploads\/2021\/04\/26a4c948-cbf6-48e3-b6d6-656c0e5bed81-1536x1024.jpg 1536w, https:\/\/www.myzen.tv\/wp-content\/uploads\/2021\/04\/26a4c948-cbf6-48e3-b6d6-656c0e5bed81-285x190.jpg 285w, https:\/\/www.myzen.tv\/wp-content\/uploads\/2021\/04\/26a4c948-cbf6-48e3-b6d6-656c0e5bed81-210x140.jpg 210w, https:\/\/www.myzen.tv\/wp-content\/uploads\/2021\/04\/26a4c948-cbf6-48e3-b6d6-656c0e5bed81.jpg 2048w\" sizes=\"auto, (max-width: 1024px) 100vw, 1024px\" \/><figcaption>Six jardiniers amateurs vont tenter de remporter le prix du Chelsea Flower Show.<\/figcaption><\/figure><\/div>\n\n\n\n<p>150&nbsp;000 personnes r\u00e9unies chaque ann\u00e9e pour le Chelsea Flower Show, c\u2019est le rendez-vous incontournable du<strong> jardinage britannique<\/strong>.&nbsp;Pendant plus d\u2019un si\u00e8cle, ce concours n\u2019\u00e9tait accessible qu\u2019aux jardiniers \u00e9litistes. Mais dans&nbsp;<em>Chelsea Garden<\/em>, nous allons suivre 6 paysagistes amateurs les plus prometteurs du pays. Les participants devront tout mettre en \u0153uvre pour convaincre les juges exigeants et remporter le prix le plus prestigieux du <strong>jardinage amateur<\/strong>.<\/p>\n\n\n\n<p>Retrouvez la s\u00e9rie \u00ab&nbsp;botanique&nbsp;\u00bb&nbsp;<strong><em>Chelsea Garden<\/em><\/strong>, sur MyZen TV, tous les mercredis \u00e0 20h, \u00e0 partir du 5 mai&nbsp;(UTC+2) !<\/p>\n","protected":false},"excerpt":{"rendered":"<p>Vous avez toujours r\u00eav\u00e9 d\u2019\u00eatre un fin gourmet ?  Vous vous dites, que ce n\u2019est pas possible et que les plats r\u00e9chauff\u00e9s sont meilleurs ?  Eh bien non ! MyZen TV vous prouve le contraire pendant le mois de mai, avec le temps fort sur la nutrition ! Cuisine de p\u00e2tes \u00ab Al dente \u00bb ou m\u00e9langes de l\u00e9gumes grill\u00e9s sur le wok ? C\u2019est vous qui d\u00e9cidez ! <\/p>\n","protected":false},"author":4,"featured_media":1644663,"comment_status":"closed","ping_status":"closed","sticky":false,"template":"","format":"standard","meta":{"episode_type":"","audio_file":"","cover_image":"","cover_image_id":"","duration":"","filesize":"","date_recorded":"","explicit":"","block":"","itunes_episode_number":"","itunes_title":"","itunes_season_number":"","itunes_episode_type":"","filesize_raw":"","footnotes":""},"categories":[9],"tags":[267,266,264,203,265],"group":[],"support":[],"class_list":["post-1644653","post","type-post","status-publish","format-standard","has-post-thumbnail","hentry","category-body-and-soul","tag-chelsea-garden-fr","tag-italia-mia-fr","tag-mois-de-la-nutrition-fr-2","tag-nutrition","tag-tour-de-chef-fr"],"yoast_head":"<!-- This site is optimized with the Yoast SEO plugin v24.0 - https:\/\/yoast.com\/wordpress\/plugins\/seo\/ -->\n<title>En mai c&#039;est le mois de la nutrition sur MyZen TV ! - MyZen TV<\/title>\n<meta name=\"robots\" content=\"index, follow, max-snippet:-1, max-image-preview:large, max-video-preview:-1\" \/>\n<link rel=\"canonical\" href=\"https:\/\/www.myzen.tv\/fr\/sur-myzen-tv-cest-le-mois-de-la-nutrition-en-mai\/\" \/>\n<meta property=\"og:locale\" content=\"fr_FR\" \/>\n<meta property=\"og:type\" content=\"article\" \/>\n<meta property=\"og:title\" content=\"En mai c&#039;est le mois de la nutrition sur MyZen TV ! - MyZen TV\" \/>\n<meta property=\"og:description\" content=\"Vous avez toujours r\u00eav\u00e9 d\u2019\u00eatre un fin gourmet ? Vous vous dites, que ce n\u2019est pas possible et que les plats r\u00e9chauff\u00e9s sont meilleurs ? Eh bien non ! MyZen TV vous prouve le contraire pendant le mois de mai, avec le temps fort sur la nutrition ! Cuisine de p\u00e2tes \u00ab Al dente \u00bb ou m\u00e9langes de l\u00e9gumes grill\u00e9s sur le wok ? C\u2019est vous qui d\u00e9cidez !\" \/>\n<meta property=\"og:url\" content=\"https:\/\/www.myzen.tv\/fr\/sur-myzen-tv-cest-le-mois-de-la-nutrition-en-mai\/\" \/>\n<meta property=\"og:site_name\" content=\"MyZen TV\" \/>\n<meta property=\"article:publisher\" content=\"https:\/\/www.facebook.com\/myzen.tv.fr\/\" \/>\n<meta property=\"article:published_time\" content=\"2021-04-30T05:00:00+00:00\" \/>\n<meta property=\"article:modified_time\" content=\"2022-06-16T09:59:12+00:00\" \/>\n<meta property=\"og:image\" content=\"https:\/\/www.myzen.tv\/wp-content\/uploads\/2021\/04\/berries-2277_1920.jpg\" \/>\n\t<meta property=\"og:image:width\" content=\"1920\" \/>\n\t<meta property=\"og:image:height\" content=\"1280\" \/>\n\t<meta property=\"og:image:type\" content=\"image\/jpeg\" \/>\n<meta name=\"author\" content=\"Lucas Wils\" \/>\n<meta name=\"twitter:card\" content=\"summary_large_image\" \/>\n<meta name=\"twitter:label1\" content=\"\u00c9crit par\" \/>\n\t<meta name=\"twitter:data1\" content=\"Lucas Wils\" \/>\n\t<meta name=\"twitter:label2\" content=\"Dur\u00e9e de lecture estim\u00e9e\" \/>\n\t<meta name=\"twitter:data2\" content=\"3 minutes\" \/>\n<!-- \/ Yoast SEO plugin. -->","yoast_head_json":{"title":"En mai c'est le mois de la nutrition sur MyZen TV ! - MyZen TV","robots":{"index":"index","follow":"follow","max-snippet":"max-snippet:-1","max-image-preview":"max-image-preview:large","max-video-preview":"max-video-preview:-1"},"canonical":"https:\/\/www.myzen.tv\/fr\/sur-myzen-tv-cest-le-mois-de-la-nutrition-en-mai\/","og_locale":"fr_FR","og_type":"article","og_title":"En mai c'est le mois de la nutrition sur MyZen TV ! - MyZen TV","og_description":"Vous avez toujours r\u00eav\u00e9 d\u2019\u00eatre un fin gourmet ? Vous vous dites, que ce n\u2019est pas possible et que les plats r\u00e9chauff\u00e9s sont meilleurs ? Eh bien non ! MyZen TV vous prouve le contraire pendant le mois de mai, avec le temps fort sur la nutrition ! Cuisine de p\u00e2tes \u00ab Al dente \u00bb ou m\u00e9langes de l\u00e9gumes grill\u00e9s sur le wok ? C\u2019est vous qui d\u00e9cidez !","og_url":"https:\/\/www.myzen.tv\/fr\/sur-myzen-tv-cest-le-mois-de-la-nutrition-en-mai\/","og_site_name":"MyZen TV","article_publisher":"https:\/\/www.facebook.com\/myzen.tv.fr\/","article_published_time":"2021-04-30T05:00:00+00:00","article_modified_time":"2022-06-16T09:59:12+00:00","og_image":[{"width":1920,"height":1280,"url":"https:\/\/www.myzen.tv\/wp-content\/uploads\/2021\/04\/berries-2277_1920.jpg","type":"image\/jpeg"}],"author":"Lucas Wils","twitter_card":"summary_large_image","twitter_misc":{"\u00c9crit par":"Lucas Wils","Dur\u00e9e de lecture estim\u00e9e":"3 minutes"},"schema":{"@context":"https:\/\/schema.org","@graph":[{"@type":"Article","@id":"https:\/\/www.myzen.tv\/fr\/sur-myzen-tv-cest-le-mois-de-la-nutrition-en-mai\/#article","isPartOf":{"@id":"https:\/\/www.myzen.tv\/fr\/sur-myzen-tv-cest-le-mois-de-la-nutrition-en-mai\/"},"author":{"name":"Lucas Wils","@id":"https:\/\/www.myzen.tv\/fr\/#\/schema\/person\/1bff4c7f0ebab22c92c47dcf62276ebd"},"headline":"En mai c&rsquo;est le mois de la nutrition sur MyZen TV !","datePublished":"2021-04-30T05:00:00+00:00","dateModified":"2022-06-16T09:59:12+00:00","mainEntityOfPage":{"@id":"https:\/\/www.myzen.tv\/fr\/sur-myzen-tv-cest-le-mois-de-la-nutrition-en-mai\/"},"wordCount":644,"publisher":{"@id":"https:\/\/www.myzen.tv\/fr\/#organization"},"image":{"@id":"https:\/\/www.myzen.tv\/fr\/sur-myzen-tv-cest-le-mois-de-la-nutrition-en-mai\/#primaryimage"},"thumbnailUrl":"https:\/\/www.myzen.tv\/wp-content\/uploads\/2021\/04\/berries-2277_1920.jpg","keywords":["Chelsea Garden","Italia Mia","mois de la nutrition","nutrition","tour de chef"],"articleSection":["Body &amp; soul"],"inLanguage":"fr-FR"},{"@type":"WebPage","@id":"https:\/\/www.myzen.tv\/fr\/sur-myzen-tv-cest-le-mois-de-la-nutrition-en-mai\/","url":"https:\/\/www.myzen.tv\/fr\/sur-myzen-tv-cest-le-mois-de-la-nutrition-en-mai\/","name":"En mai c'est le mois de la nutrition sur MyZen TV ! - MyZen TV","isPartOf":{"@id":"https:\/\/www.myzen.tv\/fr\/#website"},"primaryImageOfPage":{"@id":"https:\/\/www.myzen.tv\/fr\/sur-myzen-tv-cest-le-mois-de-la-nutrition-en-mai\/#primaryimage"},"image":{"@id":"https:\/\/www.myzen.tv\/fr\/sur-myzen-tv-cest-le-mois-de-la-nutrition-en-mai\/#primaryimage"},"thumbnailUrl":"https:\/\/www.myzen.tv\/wp-content\/uploads\/2021\/04\/berries-2277_1920.jpg","datePublished":"2021-04-30T05:00:00+00:00","dateModified":"2022-06-16T09:59:12+00:00","breadcrumb":{"@id":"https:\/\/www.myzen.tv\/fr\/sur-myzen-tv-cest-le-mois-de-la-nutrition-en-mai\/#breadcrumb"},"inLanguage":"fr-FR","potentialAction":[{"@type":"ReadAction","target":["https:\/\/www.myzen.tv\/fr\/sur-myzen-tv-cest-le-mois-de-la-nutrition-en-mai\/"]}]},{"@type":"ImageObject","inLanguage":"fr-FR","@id":"https:\/\/www.myzen.tv\/fr\/sur-myzen-tv-cest-le-mois-de-la-nutrition-en-mai\/#primaryimage","url":"https:\/\/www.myzen.tv\/wp-content\/uploads\/2021\/04\/berries-2277_1920.jpg","contentUrl":"https:\/\/www.myzen.tv\/wp-content\/uploads\/2021\/04\/berries-2277_1920.jpg","width":1920,"height":1280},{"@type":"BreadcrumbList","@id":"https:\/\/www.myzen.tv\/fr\/sur-myzen-tv-cest-le-mois-de-la-nutrition-en-mai\/#breadcrumb","itemListElement":[{"@type":"ListItem","position":1,"name":"Home","item":"https:\/\/www.myzen.tv\/fr\/"},{"@type":"ListItem","position":2,"name":"En mai c&#8217;est le mois de la nutrition sur MyZen TV !"}]},{"@type":"WebSite","@id":"https:\/\/www.myzen.tv\/fr\/#website","url":"https:\/\/www.myzen.tv\/fr\/","name":"MyZen TV","description":"Your lifestyle and well-being channel","publisher":{"@id":"https:\/\/www.myzen.tv\/fr\/#organization"},"potentialAction":[{"@type":"SearchAction","target":{"@type":"EntryPoint","urlTemplate":"https:\/\/www.myzen.tv\/fr\/?s={search_term_string}"},"query-input":{"@type":"PropertyValueSpecification","valueRequired":true,"valueName":"search_term_string"}}],"inLanguage":"fr-FR"},{"@type":"Organization","@id":"https:\/\/www.myzen.tv\/fr\/#organization","name":"MyZen TV","url":"https:\/\/www.myzen.tv\/fr\/","logo":{"@type":"ImageObject","inLanguage":"fr-FR","@id":"https:\/\/www.myzen.tv\/fr\/#\/schema\/logo\/image\/","url":"https:\/\/www.myzen.tv\/wp-content\/uploads\/2021\/05\/cropped-ICON_MZtv-LOGO_firetv640-1-1.png","contentUrl":"https:\/\/www.myzen.tv\/wp-content\/uploads\/2021\/05\/cropped-ICON_MZtv-LOGO_firetv640-1-1.png","width":512,"height":512,"caption":"MyZen TV"},"image":{"@id":"https:\/\/www.myzen.tv\/fr\/#\/schema\/logo\/image\/"},"sameAs":["https:\/\/www.facebook.com\/myzen.tv.fr\/","https:\/\/www.instagram.com\/myzentv\/"]},{"@type":"Person","@id":"https:\/\/www.myzen.tv\/fr\/#\/schema\/person\/1bff4c7f0ebab22c92c47dcf62276ebd","name":"Lucas Wils","url":"https:\/\/www.myzen.tv\/fr\/author\/wils\/"}]}},"_links":{"self":[{"href":"https:\/\/www.myzen.tv\/fr\/wp-json\/wp\/v2\/posts\/1644653","targetHints":{"allow":["GET"]}}],"collection":[{"href":"https:\/\/www.myzen.tv\/fr\/wp-json\/wp\/v2\/posts"}],"about":[{"href":"https:\/\/www.myzen.tv\/fr\/wp-json\/wp\/v2\/types\/post"}],"author":[{"embeddable":true,"href":"https:\/\/www.myzen.tv\/fr\/wp-json\/wp\/v2\/users\/4"}],"replies":[{"embeddable":true,"href":"https:\/\/www.myzen.tv\/fr\/wp-json\/wp\/v2\/comments?post=1644653"}],"version-history":[{"count":8,"href":"https:\/\/www.myzen.tv\/fr\/wp-json\/wp\/v2\/posts\/1644653\/revisions"}],"predecessor-version":[{"id":1687098,"href":"https:\/\/www.myzen.tv\/fr\/wp-json\/wp\/v2\/posts\/1644653\/revisions\/1687098"}],"wp:featuredmedia":[{"embeddable":true,"href":"https:\/\/www.myzen.tv\/fr\/wp-json\/wp\/v2\/media\/1644663"}],"wp:attachment":[{"href":"https:\/\/www.myzen.tv\/fr\/wp-json\/wp\/v2\/media?parent=1644653"}],"wp:term":[{"taxonomy":"category","embeddable":true,"href":"https:\/\/www.myzen.tv\/fr\/wp-json\/wp\/v2\/categories?post=1644653"},{"taxonomy":"post_tag","embeddable":true,"href":"https:\/\/www.myzen.tv\/fr\/wp-json\/wp\/v2\/tags?post=1644653"},{"taxonomy":"group","embeddable":true,"href":"https:\/\/www.myzen.tv\/fr\/wp-json\/wp\/v2\/group?post=1644653"},{"taxonomy":"support","embeddable":true,"href":"https:\/\/www.myzen.tv\/fr\/wp-json\/wp\/v2\/support?post=1644653"}],"curies":[{"name":"wp","href":"https:\/\/api.w.org\/{rel}","templated":true}]}}