{"id":1644675,"date":"2021-04-29T07:00:00","date_gmt":"2021-04-29T07:00:00","guid":{"rendered":"https:\/\/www.myzen.tv\/?p=1644675"},"modified":"2022-06-16T09:59:13","modified_gmt":"2022-06-16T09:59:13","slug":"le-yoga-danse","status":"publish","type":"post","link":"https:\/\/www.myzen.tv\/fr\/le-yoga-danse\/","title":{"rendered":"Le yoga danse"},"content":{"rendered":"\n\n\n<p>Connaissez-vous la pratique du <strong>yoga danse<\/strong> ? A l&rsquo;occasion de la j<strong>ourn\u00e9e mondiale de la danse<\/strong> ce jeudi 29 avril, <strong>MyZen TV<\/strong> revient sur cette pratique in\u00e9dite qui allie danse et yoga.<\/p>\n\n\n\n<p>La <strong>danse<\/strong> et le <strong>yoga<\/strong> sont deux disciplines sportives excellentes pour votre corps et votre esprit. Toutes 2 vous permettent de vous \u00e9vader et vous relaxer par l&rsquo;interm\u00e9diaire d&rsquo;une activit\u00e9 cr\u00e9ative. Alors pourquoi ne pas combiner les deux ?<\/p>\n\n\n\n<p>Ce sport consiste \u00e0 encha\u00eener des postures de <strong>yoga vinyasa <\/strong>de fa\u00e7on chor\u00e9graphi\u00e9e. Respiration et fluidit\u00e9 du mouvement sont au coeur de cette discipline qui trouve sa source en Inde. Soyez \u00e0 l&rsquo;\u00e9coute de votre corps, de votre rythme, de votre <strong>respiration<\/strong>&#8230; ici, la performance n&rsquo;est pas de mise, la <strong>relaxation<\/strong> et la conscience de votre corps sont les buts ultimes \u00e0 atteindre !<\/p>\n\n\n\n<figure class=\"wp-block-image size-large\"><img loading=\"lazy\" decoding=\"async\" width=\"1024\" height=\"576\" src=\"https:\/\/www.myzen.tv\/wp-content\/uploads\/2021\/04\/dance_flow_yoga_-_exercise_1_-_indian_meditations-1024x576.jpg\" alt=\"\" class=\"wp-image-1644679\" srcset=\"https:\/\/www.myzen.tv\/wp-content\/uploads\/2021\/04\/dance_flow_yoga_-_exercise_1_-_indian_meditations-1024x576.jpg 1024w, https:\/\/www.myzen.tv\/wp-content\/uploads\/2021\/04\/dance_flow_yoga_-_exercise_1_-_indian_meditations-300x169.jpg 300w, https:\/\/www.myzen.tv\/wp-content\/uploads\/2021\/04\/dance_flow_yoga_-_exercise_1_-_indian_meditations-768x432.jpg 768w, https:\/\/www.myzen.tv\/wp-content\/uploads\/2021\/04\/dance_flow_yoga_-_exercise_1_-_indian_meditations-1536x864.jpg 1536w, https:\/\/www.myzen.tv\/wp-content\/uploads\/2021\/04\/dance_flow_yoga_-_exercise_1_-_indian_meditations-320x180.jpg 320w, https:\/\/www.myzen.tv\/wp-content\/uploads\/2021\/04\/dance_flow_yoga_-_exercise_1_-_indian_meditations-235x132.jpg 235w, https:\/\/www.myzen.tv\/wp-content\/uploads\/2021\/04\/dance_flow_yoga_-_exercise_1_-_indian_meditations.jpg 1920w\" sizes=\"auto, (max-width: 1024px) 100vw, 1024px\" \/><figcaption>\u00a9 cofites<\/figcaption><\/figure>\n\n\n\n<p>Cette pratique combine danse et postures traditionnelles \u00e0 l&rsquo;int\u00e9rieur d&rsquo;enchainements fluides et rythm\u00e9s. A la crois\u00e9e des disciplines chor\u00e9graphique et gymnique, le <strong>yoga danse<\/strong> rel\u00e8ve d\u2019une esth\u00e9tique singuli\u00e8re : il touche la sensibilit\u00e9 corporelle de l&rsquo;\u00e9l\u00e8ve en sollicitant ses facult\u00e9s articulaire, musculaire, respiratoire. La discipline engage \u00e0 m\u00e9moriser et coordonner les mouvements, et m\u00e8ne autant \u00e0 s&rsquo;ancrer dans le sol qu\u2019\u00e0 s&rsquo;\u00e9lever vers l&rsquo;<strong>\u00e9quilibre<\/strong>.<\/p>\n\n\n\n<p>Retrouvez cette pratique exceptionnelle dans notre \u00e9mission \u00ab Danse Yoga \u00bb sur notre <a href=\"https:\/\/watch.myzen.tv\/smartlists\/985c609b-6484-44f1-8e21-a1d4a66a9269\" target=\"_blank\" rel=\"noreferrer noopener\" aria-label=\"plateforme de streaming MyZen TV (opens in a new tab)\">plateforme de streaming MyZen TV<\/a> ! <\/p>\n","protected":false},"excerpt":{"rendered":"<p>Connaissez-vous la pratique du yoga danse ? A l&rsquo;occasion de la journ\u00e9e mondiale de la danse ce jeudi 29 avril, MyZen TV revient sur cette pratique in\u00e9dite qui allie danse et yoga.<\/p>\n","protected":false},"author":5,"featured_media":1644678,"comment_status":"closed","ping_status":"closed","sticky":false,"template":"","format":"standard","meta":{"episode_type":"","audio_file":"","cover_image":"","cover_image_id":"","duration":"","filesize":"","date_recorded":"","explicit":"","block":"","itunes_episode_number":"","itunes_title":"","itunes_season_number":"","itunes_episode_type":"","filesize_raw":"","footnotes":""},"categories":[9],"tags":[60,219],"group":[],"support":[],"class_list":["post-1644675","post","type-post","status-publish","format-standard","has-post-thumbnail","hentry","category-body-and-soul","tag-yoga","tag-yoga-danse"],"yoast_head":"<!-- This site is optimized with the Yoast SEO plugin v24.0 - https:\/\/yoast.com\/wordpress\/plugins\/seo\/ -->\n<title>Le yoga danse - MyZen TV<\/title>\n<meta name=\"robots\" content=\"index, follow, max-snippet:-1, max-image-preview:large, max-video-preview:-1\" \/>\n<link rel=\"canonical\" href=\"https:\/\/www.myzen.tv\/fr\/le-yoga-danse\/\" \/>\n<meta property=\"og:locale\" content=\"fr_FR\" \/>\n<meta property=\"og:type\" content=\"article\" \/>\n<meta property=\"og:title\" content=\"Le yoga danse - MyZen TV\" \/>\n<meta property=\"og:description\" content=\"Connaissez-vous la pratique du yoga danse ? A l&#039;occasion de la journ\u00e9e mondiale de la danse ce jeudi 29 avril, MyZen TV revient sur cette pratique in\u00e9dite qui allie danse et yoga.\" \/>\n<meta property=\"og:url\" content=\"https:\/\/www.myzen.tv\/fr\/le-yoga-danse\/\" \/>\n<meta property=\"og:site_name\" content=\"MyZen TV\" \/>\n<meta property=\"article:publisher\" content=\"https:\/\/www.facebook.com\/myzen.tv.fr\/\" \/>\n<meta property=\"article:published_time\" content=\"2021-04-29T07:00:00+00:00\" \/>\n<meta property=\"article:modified_time\" content=\"2022-06-16T09:59:13+00:00\" \/>\n<meta property=\"og:image\" content=\"https:\/\/www.myzen.tv\/wp-content\/uploads\/2021\/04\/dance_yoga_-_revive_your_senses.jpg\" \/>\n\t<meta property=\"og:image:width\" content=\"1920\" \/>\n\t<meta property=\"og:image:height\" content=\"1080\" \/>\n\t<meta property=\"og:image:type\" content=\"image\/jpeg\" \/>\n<meta name=\"author\" content=\"Coline Lehembre\" \/>\n<meta name=\"twitter:card\" content=\"summary_large_image\" \/>\n<meta name=\"twitter:label1\" content=\"\u00c9crit par\" \/>\n\t<meta name=\"twitter:data1\" content=\"Coline Lehembre\" \/>\n\t<meta name=\"twitter:label2\" content=\"Dur\u00e9e de lecture estim\u00e9e\" \/>\n\t<meta name=\"twitter:data2\" content=\"1 minute\" \/>\n<!-- \/ Yoast SEO plugin. -->","yoast_head_json":{"title":"Le yoga danse - MyZen TV","robots":{"index":"index","follow":"follow","max-snippet":"max-snippet:-1","max-image-preview":"max-image-preview:large","max-video-preview":"max-video-preview:-1"},"canonical":"https:\/\/www.myzen.tv\/fr\/le-yoga-danse\/","og_locale":"fr_FR","og_type":"article","og_title":"Le yoga danse - MyZen TV","og_description":"Connaissez-vous la pratique du yoga danse ? A l'occasion de la journ\u00e9e mondiale de la danse ce jeudi 29 avril, MyZen TV revient sur cette pratique in\u00e9dite qui allie danse et yoga.","og_url":"https:\/\/www.myzen.tv\/fr\/le-yoga-danse\/","og_site_name":"MyZen TV","article_publisher":"https:\/\/www.facebook.com\/myzen.tv.fr\/","article_published_time":"2021-04-29T07:00:00+00:00","article_modified_time":"2022-06-16T09:59:13+00:00","og_image":[{"width":1920,"height":1080,"url":"https:\/\/www.myzen.tv\/wp-content\/uploads\/2021\/04\/dance_yoga_-_revive_your_senses.jpg","type":"image\/jpeg"}],"author":"Coline Lehembre","twitter_card":"summary_large_image","twitter_misc":{"\u00c9crit par":"Coline Lehembre","Dur\u00e9e de lecture estim\u00e9e":"1 minute"},"schema":{"@context":"https:\/\/schema.org","@graph":[{"@type":"Article","@id":"https:\/\/www.myzen.tv\/fr\/le-yoga-danse\/#article","isPartOf":{"@id":"https:\/\/www.myzen.tv\/fr\/le-yoga-danse\/"},"author":{"name":"Coline Lehembre","@id":"https:\/\/www.myzen.tv\/fr\/#\/schema\/person\/7dd971c60a51df9ea643a930bef7d416"},"headline":"Le yoga danse","datePublished":"2021-04-29T07:00:00+00:00","dateModified":"2022-06-16T09:59:13+00:00","mainEntityOfPage":{"@id":"https:\/\/www.myzen.tv\/fr\/le-yoga-danse\/"},"wordCount":231,"publisher":{"@id":"https:\/\/www.myzen.tv\/fr\/#organization"},"image":{"@id":"https:\/\/www.myzen.tv\/fr\/le-yoga-danse\/#primaryimage"},"thumbnailUrl":"https:\/\/www.myzen.tv\/wp-content\/uploads\/2021\/04\/dance_yoga_-_revive_your_senses.jpg","keywords":["Yoga","yoga danse"],"articleSection":["Body &amp; soul"],"inLanguage":"fr-FR"},{"@type":"WebPage","@id":"https:\/\/www.myzen.tv\/fr\/le-yoga-danse\/","url":"https:\/\/www.myzen.tv\/fr\/le-yoga-danse\/","name":"Le yoga danse - MyZen TV","isPartOf":{"@id":"https:\/\/www.myzen.tv\/fr\/#website"},"primaryImageOfPage":{"@id":"https:\/\/www.myzen.tv\/fr\/le-yoga-danse\/#primaryimage"},"image":{"@id":"https:\/\/www.myzen.tv\/fr\/le-yoga-danse\/#primaryimage"},"thumbnailUrl":"https:\/\/www.myzen.tv\/wp-content\/uploads\/2021\/04\/dance_yoga_-_revive_your_senses.jpg","datePublished":"2021-04-29T07:00:00+00:00","dateModified":"2022-06-16T09:59:13+00:00","breadcrumb":{"@id":"https:\/\/www.myzen.tv\/fr\/le-yoga-danse\/#breadcrumb"},"inLanguage":"fr-FR","potentialAction":[{"@type":"ReadAction","target":["https:\/\/www.myzen.tv\/fr\/le-yoga-danse\/"]}]},{"@type":"ImageObject","inLanguage":"fr-FR","@id":"https:\/\/www.myzen.tv\/fr\/le-yoga-danse\/#primaryimage","url":"https:\/\/www.myzen.tv\/wp-content\/uploads\/2021\/04\/dance_yoga_-_revive_your_senses.jpg","contentUrl":"https:\/\/www.myzen.tv\/wp-content\/uploads\/2021\/04\/dance_yoga_-_revive_your_senses.jpg","width":1920,"height":1080},{"@type":"BreadcrumbList","@id":"https:\/\/www.myzen.tv\/fr\/le-yoga-danse\/#breadcrumb","itemListElement":[{"@type":"ListItem","position":1,"name":"Home","item":"https:\/\/www.myzen.tv\/fr\/"},{"@type":"ListItem","position":2,"name":"Le yoga danse"}]},{"@type":"WebSite","@id":"https:\/\/www.myzen.tv\/fr\/#website","url":"https:\/\/www.myzen.tv\/fr\/","name":"MyZen TV","description":"Your lifestyle and well-being channel","publisher":{"@id":"https:\/\/www.myzen.tv\/fr\/#organization"},"potentialAction":[{"@type":"SearchAction","target":{"@type":"EntryPoint","urlTemplate":"https:\/\/www.myzen.tv\/fr\/?s={search_term_string}"},"query-input":{"@type":"PropertyValueSpecification","valueRequired":true,"valueName":"search_term_string"}}],"inLanguage":"fr-FR"},{"@type":"Organization","@id":"https:\/\/www.myzen.tv\/fr\/#organization","name":"MyZen TV","url":"https:\/\/www.myzen.tv\/fr\/","logo":{"@type":"ImageObject","inLanguage":"fr-FR","@id":"https:\/\/www.myzen.tv\/fr\/#\/schema\/logo\/image\/","url":"https:\/\/www.myzen.tv\/wp-content\/uploads\/2021\/05\/cropped-ICON_MZtv-LOGO_firetv640-1-1.png","contentUrl":"https:\/\/www.myzen.tv\/wp-content\/uploads\/2021\/05\/cropped-ICON_MZtv-LOGO_firetv640-1-1.png","width":512,"height":512,"caption":"MyZen TV"},"image":{"@id":"https:\/\/www.myzen.tv\/fr\/#\/schema\/logo\/image\/"},"sameAs":["https:\/\/www.facebook.com\/myzen.tv.fr\/","https:\/\/www.instagram.com\/myzentv\/"]},{"@type":"Person","@id":"https:\/\/www.myzen.tv\/fr\/#\/schema\/person\/7dd971c60a51df9ea643a930bef7d416","name":"Coline Lehembre","url":"https:\/\/www.myzen.tv\/fr\/author\/lehembre\/"}]}},"_links":{"self":[{"href":"https:\/\/www.myzen.tv\/fr\/wp-json\/wp\/v2\/posts\/1644675","targetHints":{"allow":["GET"]}}],"collection":[{"href":"https:\/\/www.myzen.tv\/fr\/wp-json\/wp\/v2\/posts"}],"about":[{"href":"https:\/\/www.myzen.tv\/fr\/wp-json\/wp\/v2\/types\/post"}],"author":[{"embeddable":true,"href":"https:\/\/www.myzen.tv\/fr\/wp-json\/wp\/v2\/users\/5"}],"replies":[{"embeddable":true,"href":"https:\/\/www.myzen.tv\/fr\/wp-json\/wp\/v2\/comments?post=1644675"}],"version-history":[{"count":5,"href":"https:\/\/www.myzen.tv\/fr\/wp-json\/wp\/v2\/posts\/1644675\/revisions"}],"predecessor-version":[{"id":1687099,"href":"https:\/\/www.myzen.tv\/fr\/wp-json\/wp\/v2\/posts\/1644675\/revisions\/1687099"}],"wp:featuredmedia":[{"embeddable":true,"href":"https:\/\/www.myzen.tv\/fr\/wp-json\/wp\/v2\/media\/1644678"}],"wp:attachment":[{"href":"https:\/\/www.myzen.tv\/fr\/wp-json\/wp\/v2\/media?parent=1644675"}],"wp:term":[{"taxonomy":"category","embeddable":true,"href":"https:\/\/www.myzen.tv\/fr\/wp-json\/wp\/v2\/categories?post=1644675"},{"taxonomy":"post_tag","embeddable":true,"href":"https:\/\/www.myzen.tv\/fr\/wp-json\/wp\/v2\/tags?post=1644675"},{"taxonomy":"group","embeddable":true,"href":"https:\/\/www.myzen.tv\/fr\/wp-json\/wp\/v2\/group?post=1644675"},{"taxonomy":"support","embeddable":true,"href":"https:\/\/www.myzen.tv\/fr\/wp-json\/wp\/v2\/support?post=1644675"}],"curies":[{"name":"wp","href":"https:\/\/api.w.org\/{rel}","templated":true}]}}