{"id":1645072,"date":"2021-05-14T07:00:00","date_gmt":"2021-05-14T07:00:00","guid":{"rendered":"https:\/\/www.myzen.tv\/?p=1645072"},"modified":"2022-06-16T09:59:10","modified_gmt":"2022-06-16T09:59:10","slug":"atteindre-et-cultiver-son-bien-etre-avec-isabelle-beun-reflexologue","status":"publish","type":"post","link":"https:\/\/www.myzen.tv\/fr\/atteindre-et-cultiver-son-bien-etre-avec-isabelle-beun-reflexologue\/","title":{"rendered":"Atteindre et cultiver son bien-\u00eatre avec Isabelle Beun, r\u00e9flexologue"},"content":{"rendered":"\n\n\n<p><em>MyZen TV a rencontr\u00e9 pour vous <strong>Isabelle Beun<\/strong>, <strong><a href=\"https:\/\/www.myzen.tv\/fr\/quest-ce-que-la-sophrologie\/\" target=\"_blank\" rel=\"noreferrer noopener\" aria-label=\"sophrologue (opens in a new tab)\">sophrologue<\/a><\/strong> et <strong>r\u00e9flexologue<\/strong>. Aujourd\u2019hui, elle r\u00e9pond \u00e0 nos questions sur la r\u00e9flexologie, pratique <strong>psycho-corporelle<\/strong> qui agit sur les maux physiques pour atteindre le bien-\u00eatre psychique.&nbsp;<\/em>&nbsp;&nbsp;<br><\/p>\n\n\n\n<h2 class=\"wp-block-heading\">Qu\u2019est ce que la r\u00e9flexologie?<\/h2>\n\n\n\n<p>C\u2019est une pratique psycho-corporelle. La <strong>r\u00e9flexologie plantaire<\/strong> consiste \u00e0 masser la <strong>plante des pieds<\/strong> selon des <strong>points de pression<\/strong>. Chaque point correspond \u00e0 un organe. Il existe plus de 7000 terminaisons nerveuses dans le pied! Lorsque je touche la zone concern\u00e9e, le corps va pratiquer une <strong>stimulation r\u00e9flexe<\/strong>. <\/p>\n\n\n\n<h3 class=\"wp-block-heading\">\u00ab Un corps d\u00e9tendu am\u00e8ne des pens\u00e9es tranquilles et positives : l\u2019\u00e9nergie circule bien au moment o\u00f9 l\u2019organisme est en bonne <strong>sant\u00e9<\/strong>. \u00bb<\/h3>\n\n\n\n<p>D\u2019ailleurs, la r<strong>\u00e9flexologie<\/strong> vient stimuler non seulement les organes mais aussi l&rsquo;<strong>\u00e9nergie<\/strong>. Son but est d\u2019\u00e9quilibrer l\u2019\u00e9nergie de la personne mass\u00e9e, en travaillant physiquement avec son organisme et psychologiquement avec ses pens\u00e9es. <\/p>\n\n\n\n<h2 class=\"wp-block-heading\">Quelle est son origine ?<\/h2>\n\n\n\n<p>La r\u00e9flexologie a des racines ancestrales. Elle se base sur la <strong>m\u00e9decine traditionnelle chinoise<\/strong>. La technique en elle-m\u00eame a une centaine d&rsquo;ann\u00e9es. C&rsquo;est un m\u00e9decin am\u00e9ricain, le <strong>Dr William Fitzgerald<\/strong>, qui a d\u00e9couvert qu&rsquo;en touchant une personne \u00e0 un endroit il se produisait une r\u00e9action \u00e0 un autre endroit. Puis dans les ann\u00e9es 1930 son assistante, <strong>Eunice Ingham<\/strong>, a cr\u00e9\u00e9 la premi\u00e8re planche de <strong>r\u00e9flexologie plantaire<\/strong>. Sur cette planche en bois apparaissent en relief les points d\u2019appuis li\u00e9s aux organes. Il faut donc se tenir pieds nus, sur cette planche, pour stimuler les points de pression li\u00e9s aux organes qui nous font souffrir !<br><\/p>\n\n\n\n<div class=\"wp-block-image\"><figure class=\"aligncenter size-large\"><img loading=\"lazy\" decoding=\"async\" width=\"1024\" height=\"768\" src=\"https:\/\/www.myzen.tv\/wp-content\/uploads\/2021\/05\/181468356_497595774705159_545572731080821108_n-1-1024x768.jpg\" alt=\"\" class=\"wp-image-1645160\" srcset=\"https:\/\/www.myzen.tv\/wp-content\/uploads\/2021\/05\/181468356_497595774705159_545572731080821108_n-1-1024x768.jpg 1024w, https:\/\/www.myzen.tv\/wp-content\/uploads\/2021\/05\/181468356_497595774705159_545572731080821108_n-1-300x225.jpg 300w, https:\/\/www.myzen.tv\/wp-content\/uploads\/2021\/05\/181468356_497595774705159_545572731080821108_n-1-768x576.jpg 768w, https:\/\/www.myzen.tv\/wp-content\/uploads\/2021\/05\/181468356_497595774705159_545572731080821108_n-1.jpg 1104w\" sizes=\"auto, (max-width: 1024px) 100vw, 1024px\" \/><figcaption>Une planche de r\u00e9flexologie plantaire \u00a9 Zodio<\/figcaption><\/figure><\/div>\n\n\n\n<h2 class=\"wp-block-heading\">Concr\u00e8tement, comment se d\u00e9roule une s\u00e9ance de r\u00e9flexologie ?<\/h2>\n\n\n\n<p>Quand les gens viennent, il y a d\u2019abord un \u00e9change. Ils m\u2019expliquent une douleur physique, et moi je les interroge sur ce qui se passe dans leur vie. Souvent, il y a un lien entre les <strong>maux corporels<\/strong> et les <strong>maux \u00e9motionnels<\/strong>. Le sympt\u00f4me c\u2019est l\u2019expression de quelque chose. C&rsquo;est ce que je leur propose de chercher \u00e0 comprendre. Le sympt\u00f4me c\u2019est le message du corps.<\/p>\n\n\n\n<h3 class=\"wp-block-heading\">\u00ab Le corps ne fait jamais ressentir de douleurs pour rien, il donne un message. \u00bb<\/h3>\n\n\n\n<p>J\u2019ai diff\u00e9rentes fa\u00e7ons de masser. Si quelqu\u2019un \u00e0 une douleur \u00e0 l\u2019\u00e9paule je vais stimuler l\u2019\u00e9paule avec une <strong>acupression<\/strong> diff\u00e9rente. En manipulant une zone donn\u00e9e, je peux aussi ressentir quelque chose, voir dans son organisme un probl\u00e8me que la personne n\u2019avait pas forc\u00e9ment ressenti. Par exemple, cette douleur \u00e0 l\u2019\u00e9paule peut venir d\u2019un probl\u00e8me au niveau digestif : son alimentation est trop acide et du coup ses articulations sont perturb\u00e9es. L\u2019\u00e9change me permet d\u2019appr\u00e9hender l\u2019\u00e9tat dans lequel est la personne, de comprendre d&rsquo;o\u00f9 vient le souci. <\/p>\n\n\n\n<div class=\"wp-block-image\"><figure class=\"aligncenter size-large\"><img loading=\"lazy\" decoding=\"async\" width=\"1024\" height=\"768\" src=\"https:\/\/www.myzen.tv\/wp-content\/uploads\/2021\/05\/181543021_254475216362222_6874895546076446419_n-1024x768.jpg\" alt=\"\" class=\"wp-image-1645206\" srcset=\"https:\/\/www.myzen.tv\/wp-content\/uploads\/2021\/05\/181543021_254475216362222_6874895546076446419_n-1024x768.jpg 1024w, https:\/\/www.myzen.tv\/wp-content\/uploads\/2021\/05\/181543021_254475216362222_6874895546076446419_n-300x225.jpg 300w, https:\/\/www.myzen.tv\/wp-content\/uploads\/2021\/05\/181543021_254475216362222_6874895546076446419_n-768x576.jpg 768w, https:\/\/www.myzen.tv\/wp-content\/uploads\/2021\/05\/181543021_254475216362222_6874895546076446419_n-1536x1152.jpg 1536w, https:\/\/www.myzen.tv\/wp-content\/uploads\/2021\/05\/181543021_254475216362222_6874895546076446419_n.jpg 2048w\" sizes=\"auto, (max-width: 1024px) 100vw, 1024px\" \/><figcaption>M\u00eame les chats raffolent de la r\u00e9flexologie !<\/figcaption><\/figure><\/div>\n\n\n\n<h2 class=\"wp-block-heading\">Quels sont les bienfaits de la r\u00e9flexologie pour le corps et l\u2019esprit ?<\/h2>\n\n\n\n<p>Lors des s\u00e9ances les personnes re\u00e7oivent de l\u2019\u00e9coute. Il y a une v\u00e9ritable prise en compte holistique car je les interroge sur ce qui se passe physiquement et psychologiquement. L\u2019<strong>\u00e9coute<\/strong> est essentielle. Le <strong>massage<\/strong> va les soulager, les d\u00e9tendre, apaiser leur cogitation mentale permanente. La r\u00e9flexologie, comme la sophrologie, a pour finalit\u00e9 d\u2019atteindre le <strong>bien-\u00eatre corporel<\/strong> et <strong>psychologique<\/strong>. Attention, en aucun cas la r\u00e9flexologie ne vient remplacer le m\u00e9decin! C\u2019est une approche compl\u00e9mentaire \u00e0 la m\u00e9decine conventionnelle.<\/p>\n\n\n\n<p>Retrouvez plus d&rsquo;informations sur <a rel=\"noreferrer noopener\" aria-label=\"Isabelle Beun et sa pratique de la r\u00e9flexologie plantaire sur son site internet (opens in a new tab)\" href=\"https:\/\/isabelle-beun.com\" target=\"_blank\">Isabelle Beun et sa pratique de la r\u00e9flexologie plantaire sur son site internet<\/a>.<\/p>\n\n\n\n<p>Retrouvez un \u00e9pisode de notre \u00e9mission \u00ab Massage \u00bb sur la r\u00e9flexologie plantaire sur notre <a href=\"https:\/\/watch.myzen.tv\/content\/0bf0abab-6791-466c-94cc-c504c69b8a3f\" target=\"_blank\" rel=\"noreferrer noopener\" aria-label=\"plateforme de streaming MyZen TV (opens in a new tab)\">plateforme de streaming MyZen TV<\/a> ! <\/p>\n","protected":false},"excerpt":{"rendered":"<p>MyZen TV a rencontr\u00e9 pour vous Isabelle Beun, sophrologue et r\u00e9flexologue. Aujourd\u2019hui, elle r\u00e9pond \u00e0 nos questions sur la r\u00e9flexologie, pratique psycho-corporelle qui agit sur les maux physiques pour atteindre le bien-\u00eatre psychique.   <\/p>\n","protected":false},"author":5,"featured_media":1645074,"comment_status":"closed","ping_status":"closed","sticky":false,"template":"","format":"standard","meta":{"episode_type":"","audio_file":"","cover_image":"","cover_image_id":"","duration":"","filesize":"","date_recorded":"","explicit":"","block":"","itunes_episode_number":"","itunes_title":"","itunes_season_number":"","itunes_episode_type":"","filesize_raw":"","footnotes":""},"categories":[9],"tags":[247,248,249],"group":[319],"support":[],"class_list":["post-1645072","post","type-post","status-publish","format-standard","has-post-thumbnail","hentry","category-body-and-soul","tag-isabelle-beun","tag-reflexologie","tag-sophrologie","group-bien-etre-sante"],"yoast_head":"<!-- This site is optimized with the Yoast SEO plugin v24.0 - https:\/\/yoast.com\/wordpress\/plugins\/seo\/ -->\n<title>Atteindre et cultiver son bien-\u00eatre avec Isabelle Beun, r\u00e9flexologue - MyZen TV<\/title>\n<meta name=\"robots\" content=\"index, follow, max-snippet:-1, max-image-preview:large, max-video-preview:-1\" \/>\n<link rel=\"canonical\" href=\"https:\/\/www.myzen.tv\/fr\/atteindre-et-cultiver-son-bien-etre-avec-isabelle-beun-reflexologue\/\" \/>\n<meta property=\"og:locale\" content=\"fr_FR\" \/>\n<meta property=\"og:type\" content=\"article\" \/>\n<meta property=\"og:title\" content=\"Atteindre et cultiver son bien-\u00eatre avec Isabelle Beun, r\u00e9flexologue - MyZen TV\" \/>\n<meta property=\"og:description\" content=\"MyZen TV a rencontr\u00e9 pour vous Isabelle Beun, sophrologue et r\u00e9flexologue. Aujourd\u2019hui, elle r\u00e9pond \u00e0 nos questions sur la r\u00e9flexologie, pratique psycho-corporelle qui agit sur les maux physiques pour atteindre le bien-\u00eatre psychique.\" \/>\n<meta property=\"og:url\" content=\"https:\/\/www.myzen.tv\/fr\/atteindre-et-cultiver-son-bien-etre-avec-isabelle-beun-reflexologue\/\" \/>\n<meta property=\"og:site_name\" content=\"MyZen TV\" \/>\n<meta property=\"article:publisher\" content=\"https:\/\/www.facebook.com\/myzen.tv.fr\/\" \/>\n<meta property=\"article:published_time\" content=\"2021-05-14T07:00:00+00:00\" \/>\n<meta property=\"article:modified_time\" content=\"2022-06-16T09:59:10+00:00\" \/>\n<meta property=\"og:image\" content=\"https:\/\/www.myzen.tv\/wp-content\/uploads\/2021\/05\/F6A4168-scaled.jpg\" \/>\n\t<meta property=\"og:image:width\" content=\"1707\" \/>\n\t<meta property=\"og:image:height\" content=\"2560\" \/>\n\t<meta property=\"og:image:type\" content=\"image\/jpeg\" \/>\n<meta name=\"author\" content=\"Coline Lehembre\" \/>\n<meta name=\"twitter:card\" content=\"summary_large_image\" \/>\n<meta name=\"twitter:label1\" content=\"\u00c9crit par\" \/>\n\t<meta name=\"twitter:data1\" content=\"Coline Lehembre\" \/>\n\t<meta name=\"twitter:label2\" content=\"Dur\u00e9e de lecture estim\u00e9e\" \/>\n\t<meta name=\"twitter:data2\" content=\"3 minutes\" \/>\n<!-- \/ Yoast SEO plugin. -->","yoast_head_json":{"title":"Atteindre et cultiver son bien-\u00eatre avec Isabelle Beun, r\u00e9flexologue - MyZen TV","robots":{"index":"index","follow":"follow","max-snippet":"max-snippet:-1","max-image-preview":"max-image-preview:large","max-video-preview":"max-video-preview:-1"},"canonical":"https:\/\/www.myzen.tv\/fr\/atteindre-et-cultiver-son-bien-etre-avec-isabelle-beun-reflexologue\/","og_locale":"fr_FR","og_type":"article","og_title":"Atteindre et cultiver son bien-\u00eatre avec Isabelle Beun, r\u00e9flexologue - MyZen TV","og_description":"MyZen TV a rencontr\u00e9 pour vous Isabelle Beun, sophrologue et r\u00e9flexologue. Aujourd\u2019hui, elle r\u00e9pond \u00e0 nos questions sur la r\u00e9flexologie, pratique psycho-corporelle qui agit sur les maux physiques pour atteindre le bien-\u00eatre psychique.","og_url":"https:\/\/www.myzen.tv\/fr\/atteindre-et-cultiver-son-bien-etre-avec-isabelle-beun-reflexologue\/","og_site_name":"MyZen TV","article_publisher":"https:\/\/www.facebook.com\/myzen.tv.fr\/","article_published_time":"2021-05-14T07:00:00+00:00","article_modified_time":"2022-06-16T09:59:10+00:00","og_image":[{"width":1707,"height":2560,"url":"https:\/\/www.myzen.tv\/wp-content\/uploads\/2021\/05\/F6A4168-scaled.jpg","type":"image\/jpeg"}],"author":"Coline Lehembre","twitter_card":"summary_large_image","twitter_misc":{"\u00c9crit par":"Coline Lehembre","Dur\u00e9e de lecture estim\u00e9e":"3 minutes"},"schema":{"@context":"https:\/\/schema.org","@graph":[{"@type":"Article","@id":"https:\/\/www.myzen.tv\/fr\/atteindre-et-cultiver-son-bien-etre-avec-isabelle-beun-reflexologue\/#article","isPartOf":{"@id":"https:\/\/www.myzen.tv\/fr\/atteindre-et-cultiver-son-bien-etre-avec-isabelle-beun-reflexologue\/"},"author":{"name":"Coline Lehembre","@id":"https:\/\/www.myzen.tv\/fr\/#\/schema\/person\/7dd971c60a51df9ea643a930bef7d416"},"headline":"Atteindre et cultiver son bien-\u00eatre avec Isabelle Beun, r\u00e9flexologue","datePublished":"2021-05-14T07:00:00+00:00","dateModified":"2022-06-16T09:59:10+00:00","mainEntityOfPage":{"@id":"https:\/\/www.myzen.tv\/fr\/atteindre-et-cultiver-son-bien-etre-avec-isabelle-beun-reflexologue\/"},"wordCount":645,"publisher":{"@id":"https:\/\/www.myzen.tv\/fr\/#organization"},"image":{"@id":"https:\/\/www.myzen.tv\/fr\/atteindre-et-cultiver-son-bien-etre-avec-isabelle-beun-reflexologue\/#primaryimage"},"thumbnailUrl":"https:\/\/www.myzen.tv\/wp-content\/uploads\/2021\/05\/F6A4168-scaled.jpg","keywords":["Isabelle Beun","r\u00e9flexologie","sophrologie"],"articleSection":["Body &amp; soul"],"inLanguage":"fr-FR"},{"@type":"WebPage","@id":"https:\/\/www.myzen.tv\/fr\/atteindre-et-cultiver-son-bien-etre-avec-isabelle-beun-reflexologue\/","url":"https:\/\/www.myzen.tv\/fr\/atteindre-et-cultiver-son-bien-etre-avec-isabelle-beun-reflexologue\/","name":"Atteindre et cultiver son bien-\u00eatre avec Isabelle Beun, r\u00e9flexologue - MyZen TV","isPartOf":{"@id":"https:\/\/www.myzen.tv\/fr\/#website"},"primaryImageOfPage":{"@id":"https:\/\/www.myzen.tv\/fr\/atteindre-et-cultiver-son-bien-etre-avec-isabelle-beun-reflexologue\/#primaryimage"},"image":{"@id":"https:\/\/www.myzen.tv\/fr\/atteindre-et-cultiver-son-bien-etre-avec-isabelle-beun-reflexologue\/#primaryimage"},"thumbnailUrl":"https:\/\/www.myzen.tv\/wp-content\/uploads\/2021\/05\/F6A4168-scaled.jpg","datePublished":"2021-05-14T07:00:00+00:00","dateModified":"2022-06-16T09:59:10+00:00","breadcrumb":{"@id":"https:\/\/www.myzen.tv\/fr\/atteindre-et-cultiver-son-bien-etre-avec-isabelle-beun-reflexologue\/#breadcrumb"},"inLanguage":"fr-FR","potentialAction":[{"@type":"ReadAction","target":["https:\/\/www.myzen.tv\/fr\/atteindre-et-cultiver-son-bien-etre-avec-isabelle-beun-reflexologue\/"]}]},{"@type":"ImageObject","inLanguage":"fr-FR","@id":"https:\/\/www.myzen.tv\/fr\/atteindre-et-cultiver-son-bien-etre-avec-isabelle-beun-reflexologue\/#primaryimage","url":"https:\/\/www.myzen.tv\/wp-content\/uploads\/2021\/05\/F6A4168-scaled.jpg","contentUrl":"https:\/\/www.myzen.tv\/wp-content\/uploads\/2021\/05\/F6A4168-scaled.jpg","width":1707,"height":2560},{"@type":"BreadcrumbList","@id":"https:\/\/www.myzen.tv\/fr\/atteindre-et-cultiver-son-bien-etre-avec-isabelle-beun-reflexologue\/#breadcrumb","itemListElement":[{"@type":"ListItem","position":1,"name":"Home","item":"https:\/\/www.myzen.tv\/fr\/"},{"@type":"ListItem","position":2,"name":"Bien-\u00eatre et sant\u00e9","item":"https:\/\/www.myzen.tv\/fr\/theme\/bien-etre-sante\/"},{"@type":"ListItem","position":3,"name":"Atteindre et cultiver son bien-\u00eatre avec Isabelle Beun, r\u00e9flexologue"}]},{"@type":"WebSite","@id":"https:\/\/www.myzen.tv\/fr\/#website","url":"https:\/\/www.myzen.tv\/fr\/","name":"MyZen TV","description":"Your lifestyle and well-being channel","publisher":{"@id":"https:\/\/www.myzen.tv\/fr\/#organization"},"potentialAction":[{"@type":"SearchAction","target":{"@type":"EntryPoint","urlTemplate":"https:\/\/www.myzen.tv\/fr\/?s={search_term_string}"},"query-input":{"@type":"PropertyValueSpecification","valueRequired":true,"valueName":"search_term_string"}}],"inLanguage":"fr-FR"},{"@type":"Organization","@id":"https:\/\/www.myzen.tv\/fr\/#organization","name":"MyZen TV","url":"https:\/\/www.myzen.tv\/fr\/","logo":{"@type":"ImageObject","inLanguage":"fr-FR","@id":"https:\/\/www.myzen.tv\/fr\/#\/schema\/logo\/image\/","url":"https:\/\/www.myzen.tv\/wp-content\/uploads\/2021\/05\/cropped-ICON_MZtv-LOGO_firetv640-1-1.png","contentUrl":"https:\/\/www.myzen.tv\/wp-content\/uploads\/2021\/05\/cropped-ICON_MZtv-LOGO_firetv640-1-1.png","width":512,"height":512,"caption":"MyZen TV"},"image":{"@id":"https:\/\/www.myzen.tv\/fr\/#\/schema\/logo\/image\/"},"sameAs":["https:\/\/www.facebook.com\/myzen.tv.fr\/","https:\/\/www.instagram.com\/myzentv\/"]},{"@type":"Person","@id":"https:\/\/www.myzen.tv\/fr\/#\/schema\/person\/7dd971c60a51df9ea643a930bef7d416","name":"Coline Lehembre","url":"https:\/\/www.myzen.tv\/fr\/author\/lehembre\/"}]}},"_links":{"self":[{"href":"https:\/\/www.myzen.tv\/fr\/wp-json\/wp\/v2\/posts\/1645072","targetHints":{"allow":["GET"]}}],"collection":[{"href":"https:\/\/www.myzen.tv\/fr\/wp-json\/wp\/v2\/posts"}],"about":[{"href":"https:\/\/www.myzen.tv\/fr\/wp-json\/wp\/v2\/types\/post"}],"author":[{"embeddable":true,"href":"https:\/\/www.myzen.tv\/fr\/wp-json\/wp\/v2\/users\/5"}],"replies":[{"embeddable":true,"href":"https:\/\/www.myzen.tv\/fr\/wp-json\/wp\/v2\/comments?post=1645072"}],"version-history":[{"count":8,"href":"https:\/\/www.myzen.tv\/fr\/wp-json\/wp\/v2\/posts\/1645072\/revisions"}],"predecessor-version":[{"id":1687093,"href":"https:\/\/www.myzen.tv\/fr\/wp-json\/wp\/v2\/posts\/1645072\/revisions\/1687093"}],"wp:featuredmedia":[{"embeddable":true,"href":"https:\/\/www.myzen.tv\/fr\/wp-json\/wp\/v2\/media\/1645074"}],"wp:attachment":[{"href":"https:\/\/www.myzen.tv\/fr\/wp-json\/wp\/v2\/media?parent=1645072"}],"wp:term":[{"taxonomy":"category","embeddable":true,"href":"https:\/\/www.myzen.tv\/fr\/wp-json\/wp\/v2\/categories?post=1645072"},{"taxonomy":"post_tag","embeddable":true,"href":"https:\/\/www.myzen.tv\/fr\/wp-json\/wp\/v2\/tags?post=1645072"},{"taxonomy":"group","embeddable":true,"href":"https:\/\/www.myzen.tv\/fr\/wp-json\/wp\/v2\/group?post=1645072"},{"taxonomy":"support","embeddable":true,"href":"https:\/\/www.myzen.tv\/fr\/wp-json\/wp\/v2\/support?post=1645072"}],"curies":[{"name":"wp","href":"https:\/\/api.w.org\/{rel}","templated":true}]}}