{"id":1645195,"date":"2021-05-11T07:00:00","date_gmt":"2021-05-11T07:00:00","guid":{"rendered":"https:\/\/www.myzen.tv\/?p=1645195"},"modified":"2021-05-07T12:52:03","modified_gmt":"2021-05-07T12:52:03","slug":"le-jardin-maraicher-en-permaculture-de-la-canopee-le-projet-inclusif-et-eco-citoyen-dun-centre-daccueil-pour-personnes-autistes","status":"publish","type":"post","link":"https:\/\/www.myzen.tv\/fr\/le-jardin-maraicher-en-permaculture-de-la-canopee-le-projet-inclusif-et-eco-citoyen-dun-centre-daccueil-pour-personnes-autistes\/","title":{"rendered":"Le jardin en permaculture de la Canop\u00e9e : le projet \u00e9co-citoyen d\u2019un centre d\u2019accueil pour personnes autistes"},"content":{"rendered":"\n<div class=\"wp-block-image\"><figure class=\"aligncenter\"><img decoding=\"async\" src=\"https:\/\/lh3.googleusercontent.com\/biiwu2P_H-dNpPgCmq-lEPaaFZ8stjwYKEg89ms5t7V_dlWMbJR0us8hHufu-z6aCaNxu_WtS1KM4POzKi06zX7UZS51v0ZoDVD7ghWVNboICMjdrmV_HIOOeSCLExcwD274qMqE\" alt=\"\"\/><figcaption>Am\u00e9nagement du jardin en permaculture <\/figcaption><\/figure><\/div>\n\n\n\n<p><em>La Canop\u00e9e, lieu de vie pour personnes atteintes de troubles autistiques, a ouvert ses portes le 4 janvier dernier \u00e0 Bondues, dans le nord de la France. L\u2019habitat partag\u00e9, imagin\u00e9 et m\u00fbri pendant plus de 4 ans pour offrir le meilleur cadre de vie aux adultes qu\u2019il accueille, leur proposera tr\u00e8s bient\u00f4t un jardin en permaculture. Le projet, port\u00e9 par Michel Martino, a pour but de leur permettre de s\u2019approprier le lieu et de d\u00e9velopper leur autonomie par des s\u00e9ances d&rsquo;\u00e9veil \u00e0 la biodiversit\u00e9.<\/em><br><\/p>\n\n\n\n<p>Ces personnes, ici, on les appelle les compagnons. Au nombre de 6, ils sont accueillis chaque semaine depuis le d\u00e9but de l\u2019ann\u00e9e dans un cadre paisible et adapt\u00e9 \u00e0 leur handicap. D\u2019ici le mois de juin, <strong>La Canop\u00e9e<\/strong> leur offrira un nouvel espace dans lequel \u00e9voluer sereinement tout en participant au d\u00e9veloppement de la <strong>faune<\/strong> et la <strong>flore<\/strong>. Le <strong>jardin mara\u00eecher<\/strong> en <strong>permaculture,<\/strong> pens\u00e9 pour les compagnons, a pour but d\u2019\u00e9veiller les consciences autour des diff\u00e9rentes pratiques pour prendre soin de la <strong>Terre<\/strong>. Comme une sorte de temple de la <strong>biodiversit\u00e9<\/strong>.<br><\/p>\n\n\n\n<div class=\"wp-block-image\"><figure class=\"aligncenter\"><img decoding=\"async\" src=\"https:\/\/lh5.googleusercontent.com\/731J4FJId74Xlvakv6hFcHtoMcyqM9mvfEwm-Y599lczTyUB7lCWMq_KmWzc6WaAYipX7KxuWmp0zNPl9JIV4CZ_uJ4LH2go8drGupbV0h_ivCND8E845ShXbGZi3gVnZmWM1tLx\" alt=\"\"\/><figcaption>Habitat partag\u00e9 o\u00f9 vivent les compagnons depuis janvier 2021<\/figcaption><\/figure><\/div>\n\n\n\n<p>Savoir-faire, savoir-\u00eatre, savoir-geste. Avec ces quelques mots, Michel r\u00e9sume parfaitement la philosophie de la Canop\u00e9e et de ses habitants. Depuis plusieurs mois, toute une \u00e9quipe travaille au d\u00e9veloppement de ce jardin, qui se veut \u00eatre un lieu cocooning pour reconnecter avec la nature. <strong>Jardin potager<\/strong>, mosa\u00efques de petits habitats, espace de cueillette, buttes en permaculture, terrains pour les animaux de la ferme (canards, poules) et m\u00eame 3 <strong>ruches d\u2019abeilles<\/strong>. Les abeilles g\u00e9n\u00e8rent des externalit\u00e9s positives : leur activit\u00e9 <strong>pollinisatrice<\/strong> joue un r\u00f4le d\u00e9terminant dans l\u2019<strong>\u00e9cologie<\/strong> des <strong>plantes \u00e0 fleurs<\/strong> et dans la sauvegarde de notre <strong>plan\u00e8te<\/strong>.<\/p>\n\n\n\n<p>L\u2019ensemble du jardin mara\u00eecher est une ode \u00e0 la nature et \u00e0 sa biodiversit\u00e9. Ici, ce n\u2019est pas moins de 20 esp\u00e8ces locales (nerprun, aub\u00e9pines, viornes\u2026) et vari\u00e9t\u00e9s de <strong>l\u00e9gumes<\/strong> et <strong>l\u00e9gumineuses<\/strong> (pommes de terre, \u00e9pinard, oignons, f\u00e8ves, choux, brocolis, chou-rave, ail, navet , betterave\u2026) qui sont d\u2019ores et d\u00e9j\u00e0 cultiv\u00e9s. Autant de sp\u00e9cimens dont pourront s\u2019occuper les compagnons, pour \u00e0 terme les cuisiner et m\u00eame les vendre ! Le travail et la patience seront de mise pour les r\u00e9sidents de la Canop\u00e9e !<br><\/p>\n\n\n\n<h3 class=\"wp-block-heading\">\u201cL\u2019id\u00e9e c\u2019est de redonner un corps de nature dans un espace urbain.\u201d<br><\/h3>\n\n\n\n<div class=\"wp-block-image\"><figure class=\"aligncenter size-large\"><img loading=\"lazy\" decoding=\"async\" width=\"1024\" height=\"768\" src=\"https:\/\/www.myzen.tv\/wp-content\/uploads\/2021\/05\/860e5f83-15a7-4680-ba68-225eadb2138b.jpg\" alt=\"\" class=\"wp-image-1645221\" srcset=\"https:\/\/www.myzen.tv\/wp-content\/uploads\/2021\/05\/860e5f83-15a7-4680-ba68-225eadb2138b.jpg 1024w, https:\/\/www.myzen.tv\/wp-content\/uploads\/2021\/05\/860e5f83-15a7-4680-ba68-225eadb2138b-300x225.jpg 300w, https:\/\/www.myzen.tv\/wp-content\/uploads\/2021\/05\/860e5f83-15a7-4680-ba68-225eadb2138b-768x576.jpg 768w\" sizes=\"auto, (max-width: 1024px) 100vw, 1024px\" \/><figcaption>Les 3 ruches d&rsquo;abeilles qui viennent d&rsquo;arriver \u00e0 la Canop\u00e9e<\/figcaption><\/figure><\/div>\n\n\n\n<p>La jardin, am\u00e9nag\u00e9 de fa\u00e7on \u00e0 pouvoir accueillir des personnes \u00e0 mobilit\u00e9 r\u00e9duite, est aussi pens\u00e9 pour h\u00e9berger la faune et la flore locale quelle qu\u2019elle soit. Ici, pas de diff\u00e9rences entre les esp\u00e8ces que l\u2019on a ramen\u00e9 et celles qui viendront d\u2019elles-m\u00eames !&nbsp; La Canop\u00e9e est un lieu qui accueille chacun dans sa singularit\u00e9 et sans jugement : il en est de m\u00eame pour tous les \u00eatres qui peuplent la <strong>nature<\/strong>. Au centre du jardin, un espace de d\u00e9tente sera am\u00e9nag\u00e9 pour les compagnons, toujours dans le respect de la nature qui nous donne tant.<br><\/p>\n\n\n\n<p>Un superbe projet <strong>\u00e9co-citoyen<\/strong> et inclusif de la Canop\u00e9e, qui pourra accueillir jusqu\u2019\u00e0 20 compagnons \u00e0 terme !<\/p>\n\n\n\n<p>Retrouvez la s\u00e9rie&nbsp;<strong>botanique<\/strong>&nbsp;<strong>Chelsea Garden &#8211; Le grand challenge<\/strong>, sur MyZen TV, tous les dimanches \u00e0 18h, \u00e0 partir du 9 mai&nbsp;(UTC+2) !<\/p>\n","protected":false},"excerpt":{"rendered":"<p>La Canop\u00e9e, lieu de vie pour personnes atteintes de troubles autistiques, a ouvert ses portes le 4 janvier dernier \u00e0 Bondues, dans le nord de la France. L\u2019habitat partag\u00e9, imagin\u00e9 et m\u00fbri pendant plus de 4 ans pour offrir le meilleur cadre de vie aux adultes qu\u2019il accueille, leur proposera tr\u00e8s bient\u00f4t un jardin en permaculture. Le projet, port\u00e9 par Michel Martino, a pour but de leur permettre de s\u2019approprier le lieu et de d\u00e9velopper leur autonomie par des s\u00e9ances d&rsquo;\u00e9veil \u00e0 la biodiversit\u00e9.<\/p>\n","protected":false},"author":5,"featured_media":1645196,"comment_status":"closed","ping_status":"closed","sticky":false,"template":"","format":"standard","meta":{"episode_type":"","audio_file":"","cover_image":"","cover_image_id":"","duration":"","filesize":"","date_recorded":"","explicit":"","block":"","itunes_episode_number":"","itunes_title":"","itunes_season_number":"","itunes_episode_type":"","filesize_raw":"","footnotes":""},"categories":[16],"tags":[197,138,136,232,207],"group":[],"support":[],"class_list":["post-1645195","post","type-post","status-publish","format-standard","has-post-thumbnail","hentry","category-a-la-une","tag-biodiversite","tag-eco-responsable","tag-ecologie","tag-jardin-durable","tag-jardinage"],"yoast_head":"<!-- This site is optimized with the Yoast SEO plugin v24.0 - https:\/\/yoast.com\/wordpress\/plugins\/seo\/ -->\n<title>Le jardin en permaculture de la Canop\u00e9e : le projet \u00e9co-citoyen d\u2019un centre d\u2019accueil pour personnes autistes - MyZen TV<\/title>\n<meta name=\"robots\" content=\"index, follow, max-snippet:-1, max-image-preview:large, max-video-preview:-1\" \/>\n<link rel=\"canonical\" href=\"https:\/\/www.myzen.tv\/fr\/le-jardin-maraicher-en-permaculture-de-la-canopee-le-projet-inclusif-et-eco-citoyen-dun-centre-daccueil-pour-personnes-autistes\/\" \/>\n<meta property=\"og:locale\" content=\"fr_FR\" \/>\n<meta property=\"og:type\" content=\"article\" \/>\n<meta property=\"og:title\" content=\"Le jardin en permaculture de la Canop\u00e9e : le projet \u00e9co-citoyen d\u2019un centre d\u2019accueil pour personnes autistes - MyZen TV\" \/>\n<meta property=\"og:description\" content=\"La Canop\u00e9e, lieu de vie pour personnes atteintes de troubles autistiques, a ouvert ses portes le 4 janvier dernier \u00e0 Bondues, dans le nord de la France. L\u2019habitat partag\u00e9, imagin\u00e9 et m\u00fbri pendant plus de 4 ans pour offrir le meilleur cadre de vie aux adultes qu\u2019il accueille, leur proposera tr\u00e8s bient\u00f4t un jardin en permaculture. Le projet, port\u00e9 par Michel Martino, a pour but de leur permettre de s\u2019approprier le lieu et de d\u00e9velopper leur autonomie par des s\u00e9ances d&#039;\u00e9veil \u00e0 la biodiversit\u00e9.\" \/>\n<meta property=\"og:url\" content=\"https:\/\/www.myzen.tv\/fr\/le-jardin-maraicher-en-permaculture-de-la-canopee-le-projet-inclusif-et-eco-citoyen-dun-centre-daccueil-pour-personnes-autistes\/\" \/>\n<meta property=\"og:site_name\" content=\"MyZen TV\" \/>\n<meta property=\"article:publisher\" content=\"https:\/\/www.facebook.com\/myzen.tv.fr\/\" \/>\n<meta property=\"article:published_time\" content=\"2021-05-11T07:00:00+00:00\" \/>\n<meta property=\"article:modified_time\" content=\"2021-05-07T12:52:03+00:00\" \/>\n<meta property=\"og:image\" content=\"https:\/\/www.myzen.tv\/wp-content\/uploads\/2021\/05\/EE1940B4-70CB-4E97-B72D-9C3ECB406D68.jpeg\" \/>\n\t<meta property=\"og:image:width\" content=\"1600\" \/>\n\t<meta property=\"og:image:height\" content=\"1200\" \/>\n\t<meta property=\"og:image:type\" content=\"image\/jpeg\" \/>\n<meta name=\"author\" content=\"Coline Lehembre\" \/>\n<meta name=\"twitter:card\" content=\"summary_large_image\" \/>\n<meta name=\"twitter:label1\" content=\"\u00c9crit par\" \/>\n\t<meta name=\"twitter:data1\" content=\"Coline Lehembre\" \/>\n\t<meta name=\"twitter:label2\" content=\"Dur\u00e9e de lecture estim\u00e9e\" \/>\n\t<meta name=\"twitter:data2\" content=\"3 minutes\" \/>\n<!-- \/ Yoast SEO plugin. -->","yoast_head_json":{"title":"Le jardin en permaculture de la Canop\u00e9e : le projet \u00e9co-citoyen d\u2019un centre d\u2019accueil pour personnes autistes - MyZen TV","robots":{"index":"index","follow":"follow","max-snippet":"max-snippet:-1","max-image-preview":"max-image-preview:large","max-video-preview":"max-video-preview:-1"},"canonical":"https:\/\/www.myzen.tv\/fr\/le-jardin-maraicher-en-permaculture-de-la-canopee-le-projet-inclusif-et-eco-citoyen-dun-centre-daccueil-pour-personnes-autistes\/","og_locale":"fr_FR","og_type":"article","og_title":"Le jardin en permaculture de la Canop\u00e9e : le projet \u00e9co-citoyen d\u2019un centre d\u2019accueil pour personnes autistes - MyZen TV","og_description":"La Canop\u00e9e, lieu de vie pour personnes atteintes de troubles autistiques, a ouvert ses portes le 4 janvier dernier \u00e0 Bondues, dans le nord de la France. L\u2019habitat partag\u00e9, imagin\u00e9 et m\u00fbri pendant plus de 4 ans pour offrir le meilleur cadre de vie aux adultes qu\u2019il accueille, leur proposera tr\u00e8s bient\u00f4t un jardin en permaculture. Le projet, port\u00e9 par Michel Martino, a pour but de leur permettre de s\u2019approprier le lieu et de d\u00e9velopper leur autonomie par des s\u00e9ances d'\u00e9veil \u00e0 la biodiversit\u00e9.","og_url":"https:\/\/www.myzen.tv\/fr\/le-jardin-maraicher-en-permaculture-de-la-canopee-le-projet-inclusif-et-eco-citoyen-dun-centre-daccueil-pour-personnes-autistes\/","og_site_name":"MyZen TV","article_publisher":"https:\/\/www.facebook.com\/myzen.tv.fr\/","article_published_time":"2021-05-11T07:00:00+00:00","article_modified_time":"2021-05-07T12:52:03+00:00","og_image":[{"width":1600,"height":1200,"url":"https:\/\/www.myzen.tv\/wp-content\/uploads\/2021\/05\/EE1940B4-70CB-4E97-B72D-9C3ECB406D68.jpeg","type":"image\/jpeg"}],"author":"Coline Lehembre","twitter_card":"summary_large_image","twitter_misc":{"\u00c9crit par":"Coline Lehembre","Dur\u00e9e de lecture estim\u00e9e":"3 minutes"},"schema":{"@context":"https:\/\/schema.org","@graph":[{"@type":"Article","@id":"https:\/\/www.myzen.tv\/fr\/le-jardin-maraicher-en-permaculture-de-la-canopee-le-projet-inclusif-et-eco-citoyen-dun-centre-daccueil-pour-personnes-autistes\/#article","isPartOf":{"@id":"https:\/\/www.myzen.tv\/fr\/le-jardin-maraicher-en-permaculture-de-la-canopee-le-projet-inclusif-et-eco-citoyen-dun-centre-daccueil-pour-personnes-autistes\/"},"author":{"name":"Coline Lehembre","@id":"https:\/\/www.myzen.tv\/fr\/#\/schema\/person\/7dd971c60a51df9ea643a930bef7d416"},"headline":"Le jardin en permaculture de la Canop\u00e9e : le projet \u00e9co-citoyen d\u2019un centre d\u2019accueil pour personnes autistes","datePublished":"2021-05-11T07:00:00+00:00","dateModified":"2021-05-07T12:52:03+00:00","mainEntityOfPage":{"@id":"https:\/\/www.myzen.tv\/fr\/le-jardin-maraicher-en-permaculture-de-la-canopee-le-projet-inclusif-et-eco-citoyen-dun-centre-daccueil-pour-personnes-autistes\/"},"wordCount":595,"publisher":{"@id":"https:\/\/www.myzen.tv\/fr\/#organization"},"image":{"@id":"https:\/\/www.myzen.tv\/fr\/le-jardin-maraicher-en-permaculture-de-la-canopee-le-projet-inclusif-et-eco-citoyen-dun-centre-daccueil-pour-personnes-autistes\/#primaryimage"},"thumbnailUrl":"https:\/\/www.myzen.tv\/wp-content\/uploads\/2021\/05\/EE1940B4-70CB-4E97-B72D-9C3ECB406D68.jpeg","keywords":["biodiversit\u00e9","\u00e9co-responsable","\u00e9cologie","jardin durable","jardinage"],"articleSection":["A la une"],"inLanguage":"fr-FR"},{"@type":"WebPage","@id":"https:\/\/www.myzen.tv\/fr\/le-jardin-maraicher-en-permaculture-de-la-canopee-le-projet-inclusif-et-eco-citoyen-dun-centre-daccueil-pour-personnes-autistes\/","url":"https:\/\/www.myzen.tv\/fr\/le-jardin-maraicher-en-permaculture-de-la-canopee-le-projet-inclusif-et-eco-citoyen-dun-centre-daccueil-pour-personnes-autistes\/","name":"Le jardin en permaculture de la Canop\u00e9e : le projet \u00e9co-citoyen d\u2019un centre d\u2019accueil pour personnes autistes - MyZen TV","isPartOf":{"@id":"https:\/\/www.myzen.tv\/fr\/#website"},"primaryImageOfPage":{"@id":"https:\/\/www.myzen.tv\/fr\/le-jardin-maraicher-en-permaculture-de-la-canopee-le-projet-inclusif-et-eco-citoyen-dun-centre-daccueil-pour-personnes-autistes\/#primaryimage"},"image":{"@id":"https:\/\/www.myzen.tv\/fr\/le-jardin-maraicher-en-permaculture-de-la-canopee-le-projet-inclusif-et-eco-citoyen-dun-centre-daccueil-pour-personnes-autistes\/#primaryimage"},"thumbnailUrl":"https:\/\/www.myzen.tv\/wp-content\/uploads\/2021\/05\/EE1940B4-70CB-4E97-B72D-9C3ECB406D68.jpeg","datePublished":"2021-05-11T07:00:00+00:00","dateModified":"2021-05-07T12:52:03+00:00","breadcrumb":{"@id":"https:\/\/www.myzen.tv\/fr\/le-jardin-maraicher-en-permaculture-de-la-canopee-le-projet-inclusif-et-eco-citoyen-dun-centre-daccueil-pour-personnes-autistes\/#breadcrumb"},"inLanguage":"fr-FR","potentialAction":[{"@type":"ReadAction","target":["https:\/\/www.myzen.tv\/fr\/le-jardin-maraicher-en-permaculture-de-la-canopee-le-projet-inclusif-et-eco-citoyen-dun-centre-daccueil-pour-personnes-autistes\/"]}]},{"@type":"ImageObject","inLanguage":"fr-FR","@id":"https:\/\/www.myzen.tv\/fr\/le-jardin-maraicher-en-permaculture-de-la-canopee-le-projet-inclusif-et-eco-citoyen-dun-centre-daccueil-pour-personnes-autistes\/#primaryimage","url":"https:\/\/www.myzen.tv\/wp-content\/uploads\/2021\/05\/EE1940B4-70CB-4E97-B72D-9C3ECB406D68.jpeg","contentUrl":"https:\/\/www.myzen.tv\/wp-content\/uploads\/2021\/05\/EE1940B4-70CB-4E97-B72D-9C3ECB406D68.jpeg","width":1600,"height":1200},{"@type":"BreadcrumbList","@id":"https:\/\/www.myzen.tv\/fr\/le-jardin-maraicher-en-permaculture-de-la-canopee-le-projet-inclusif-et-eco-citoyen-dun-centre-daccueil-pour-personnes-autistes\/#breadcrumb","itemListElement":[{"@type":"ListItem","position":1,"name":"Home","item":"https:\/\/www.myzen.tv\/fr\/"},{"@type":"ListItem","position":2,"name":"Le jardin en permaculture de la Canop\u00e9e : le projet \u00e9co-citoyen d\u2019un centre d\u2019accueil pour personnes autistes"}]},{"@type":"WebSite","@id":"https:\/\/www.myzen.tv\/fr\/#website","url":"https:\/\/www.myzen.tv\/fr\/","name":"MyZen TV","description":"Your lifestyle and well-being channel","publisher":{"@id":"https:\/\/www.myzen.tv\/fr\/#organization"},"potentialAction":[{"@type":"SearchAction","target":{"@type":"EntryPoint","urlTemplate":"https:\/\/www.myzen.tv\/fr\/?s={search_term_string}"},"query-input":{"@type":"PropertyValueSpecification","valueRequired":true,"valueName":"search_term_string"}}],"inLanguage":"fr-FR"},{"@type":"Organization","@id":"https:\/\/www.myzen.tv\/fr\/#organization","name":"MyZen TV","url":"https:\/\/www.myzen.tv\/fr\/","logo":{"@type":"ImageObject","inLanguage":"fr-FR","@id":"https:\/\/www.myzen.tv\/fr\/#\/schema\/logo\/image\/","url":"https:\/\/www.myzen.tv\/wp-content\/uploads\/2021\/05\/cropped-ICON_MZtv-LOGO_firetv640-1-1.png","contentUrl":"https:\/\/www.myzen.tv\/wp-content\/uploads\/2021\/05\/cropped-ICON_MZtv-LOGO_firetv640-1-1.png","width":512,"height":512,"caption":"MyZen TV"},"image":{"@id":"https:\/\/www.myzen.tv\/fr\/#\/schema\/logo\/image\/"},"sameAs":["https:\/\/www.facebook.com\/myzen.tv.fr\/","https:\/\/www.instagram.com\/myzentv\/"]},{"@type":"Person","@id":"https:\/\/www.myzen.tv\/fr\/#\/schema\/person\/7dd971c60a51df9ea643a930bef7d416","name":"Coline Lehembre","url":"https:\/\/www.myzen.tv\/fr\/author\/lehembre\/"}]}},"_links":{"self":[{"href":"https:\/\/www.myzen.tv\/fr\/wp-json\/wp\/v2\/posts\/1645195","targetHints":{"allow":["GET"]}}],"collection":[{"href":"https:\/\/www.myzen.tv\/fr\/wp-json\/wp\/v2\/posts"}],"about":[{"href":"https:\/\/www.myzen.tv\/fr\/wp-json\/wp\/v2\/types\/post"}],"author":[{"embeddable":true,"href":"https:\/\/www.myzen.tv\/fr\/wp-json\/wp\/v2\/users\/5"}],"replies":[{"embeddable":true,"href":"https:\/\/www.myzen.tv\/fr\/wp-json\/wp\/v2\/comments?post=1645195"}],"version-history":[{"count":6,"href":"https:\/\/www.myzen.tv\/fr\/wp-json\/wp\/v2\/posts\/1645195\/revisions"}],"predecessor-version":[{"id":1645396,"href":"https:\/\/www.myzen.tv\/fr\/wp-json\/wp\/v2\/posts\/1645195\/revisions\/1645396"}],"wp:featuredmedia":[{"embeddable":true,"href":"https:\/\/www.myzen.tv\/fr\/wp-json\/wp\/v2\/media\/1645196"}],"wp:attachment":[{"href":"https:\/\/www.myzen.tv\/fr\/wp-json\/wp\/v2\/media?parent=1645195"}],"wp:term":[{"taxonomy":"category","embeddable":true,"href":"https:\/\/www.myzen.tv\/fr\/wp-json\/wp\/v2\/categories?post=1645195"},{"taxonomy":"post_tag","embeddable":true,"href":"https:\/\/www.myzen.tv\/fr\/wp-json\/wp\/v2\/tags?post=1645195"},{"taxonomy":"group","embeddable":true,"href":"https:\/\/www.myzen.tv\/fr\/wp-json\/wp\/v2\/group?post=1645195"},{"taxonomy":"support","embeddable":true,"href":"https:\/\/www.myzen.tv\/fr\/wp-json\/wp\/v2\/support?post=1645195"}],"curies":[{"name":"wp","href":"https:\/\/api.w.org\/{rel}","templated":true}]}}