{"id":1649928,"date":"2023-05-27T08:00:00","date_gmt":"2023-05-27T08:00:00","guid":{"rendered":"https:\/\/www.myzen.tv\/?p=1649928"},"modified":"2025-05-13T15:19:47","modified_gmt":"2025-05-13T15:19:47","slug":"fete-des-meres-5-idees-de-cadeaux","status":"publish","type":"post","link":"https:\/\/www.myzen.tv\/fr\/fete-des-meres-5-idees-de-cadeaux\/","title":{"rendered":"F\u00eate des m\u00e8res : 5 id\u00e9es de cadeaux"},"content":{"rendered":"\n<p><br>Cette ann\u00e9e, <strong>la f\u00eate des m\u00e8res se c\u00e9l\u00e8bre le dimanche 25 mai<\/strong>. \u00c0 cette occasion, <a href=\"https:\/\/www.myzen.tv\/fr\/\">MyZen TV<\/a> vous propose <strong>5 id\u00e9es de cadeaux<\/strong> pour faire plaisir \u00e0 votre maman ador\u00e9e. On vous r\u00e9serve une surprise \u00e0 la fin de l&rsquo;article&#8230;<\/p>\n\n\n\n<h2 class=\"wp-block-heading\">Un diffuseur d\u2019huile essentielle<\/h2>\n\n\n\n<p>Quoi de plus agr\u00e9able que de rentrer chez soi apr\u00e8s une longue journ\u00e9e de travail et de sentir l&rsquo;odeur d&rsquo;une douce huile essentielle en franchissant la porte ? En plus de ses vertus apaisantes et r\u00e9confortantes, les huiles essentielles embaument toute votre maison durablement ! MyZen TV vous propose de d\u00e9couvrir <a href=\"https:\/\/www.myzen.tv\/fr\/les-5-huiles-essentielles-a-connaitre\/\" target=\"_blank\" rel=\"noreferrer noopener\">5 huiles essentielles \u00e0 conna\u00eetre<\/a> absolument et leurs bienfaits pour le corps et l&rsquo;esprit !<\/p>\n\n\n<div class=\"wp-block-image\">\n<figure class=\"aligncenter size-large\"><img loading=\"lazy\" decoding=\"async\" width=\"1024\" height=\"683\" src=\"https:\/\/www.myzen.tv\/wp-content\/uploads\/2021\/05\/priscilla-du-preez-ukZazKwQpec-unsplash-1024x683.jpg\" alt=\"\" class=\"wp-image-1649935\" srcset=\"https:\/\/www.myzen.tv\/wp-content\/uploads\/2021\/05\/priscilla-du-preez-ukZazKwQpec-unsplash-1024x683.jpg 1024w, https:\/\/www.myzen.tv\/wp-content\/uploads\/2021\/05\/priscilla-du-preez-ukZazKwQpec-unsplash-300x200.jpg 300w, https:\/\/www.myzen.tv\/wp-content\/uploads\/2021\/05\/priscilla-du-preez-ukZazKwQpec-unsplash-768x512.jpg 768w, https:\/\/www.myzen.tv\/wp-content\/uploads\/2021\/05\/priscilla-du-preez-ukZazKwQpec-unsplash-1536x1024.jpg 1536w, https:\/\/www.myzen.tv\/wp-content\/uploads\/2021\/05\/priscilla-du-preez-ukZazKwQpec-unsplash-2048x1365.jpg 2048w, https:\/\/www.myzen.tv\/wp-content\/uploads\/2021\/05\/priscilla-du-preez-ukZazKwQpec-unsplash-285x190.jpg 285w, https:\/\/www.myzen.tv\/wp-content\/uploads\/2021\/05\/priscilla-du-preez-ukZazKwQpec-unsplash-210x140.jpg 210w\" sizes=\"auto, (max-width: 1024px) 100vw, 1024px\" \/><\/figure><\/div>\n\n\n<h2 class=\"wp-block-heading\">Un bon d\u00eener<\/h2>\n\n\n\n<p>Quoi de plus sympa que d\u2019organiser une soir\u00e9e r\u00eav\u00e9e \u00e0 votre m\u00e8re pour lui permettre de rel\u00e2cher la pression ? L&rsquo;occasion id\u00e9ale pour s&rsquo;essayer \u00e0 toutes <a href=\"https:\/\/www.myzen.tv\/fr\/theme\/cuisine\/\">les recettes MyZen TV<\/a>.<\/p>\n\n\n<div class=\"wp-block-image\">\n<figure class=\"aligncenter size-large\"><img loading=\"lazy\" decoding=\"async\" width=\"1024\" height=\"576\" src=\"https:\/\/www.myzen.tv\/wp-content\/uploads\/2021\/05\/saladeria_-_seafood_salad-1024x576.jpg\" alt=\"\" class=\"wp-image-1649933\" srcset=\"https:\/\/www.myzen.tv\/wp-content\/uploads\/2021\/05\/saladeria_-_seafood_salad-1024x576.jpg 1024w, https:\/\/www.myzen.tv\/wp-content\/uploads\/2021\/05\/saladeria_-_seafood_salad-300x169.jpg 300w, https:\/\/www.myzen.tv\/wp-content\/uploads\/2021\/05\/saladeria_-_seafood_salad-768x432.jpg 768w, https:\/\/www.myzen.tv\/wp-content\/uploads\/2021\/05\/saladeria_-_seafood_salad-1536x864.jpg 1536w, https:\/\/www.myzen.tv\/wp-content\/uploads\/2021\/05\/saladeria_-_seafood_salad-320x180.jpg 320w, https:\/\/www.myzen.tv\/wp-content\/uploads\/2021\/05\/saladeria_-_seafood_salad-235x132.jpg 235w, https:\/\/www.myzen.tv\/wp-content\/uploads\/2021\/05\/saladeria_-_seafood_salad.jpg 1920w\" sizes=\"auto, (max-width: 1024px) 100vw, 1024px\" \/><\/figure><\/div>\n\n\n<h2 class=\"wp-block-heading\">Une bo\u00eete de petits mots<\/h2>\n\n\n\n<p>Les petits mots doux ne sont pas r\u00e9serv\u00e9s qu&rsquo;aux amoureux ! Votre maman a aussi besoin de recevoir tout l&rsquo;amour que vous lui portez. T\u00e9moignez-le lui \u00e0 travers d&rsquo;un cadeau DIY que vous pouvez personnaliser au gr\u00e9 de vos envies. Choisissez une jolie bo\u00eete que vous allez customiser pour qu&rsquo;elle plaise \u00e0 votre maman (photos, autocollants, dessins etc.) et remplissez-la de petits mots d&rsquo;amour, de citations ou m\u00eame de souvenirs. Elle pourra ainsi en ouvrir un par jour et cela lui r\u00e9chauffera le c\u0153ur !<\/p>\n\n\n<div class=\"wp-block-image\">\n<figure class=\"aligncenter size-large\"><img loading=\"lazy\" decoding=\"async\" width=\"1024\" height=\"683\" src=\"https:\/\/www.myzen.tv\/wp-content\/uploads\/2021\/05\/wedding-dreamz-XsriYQ1oowc-unsplash-1024x683.jpg\" alt=\"\" class=\"wp-image-1649937\" srcset=\"https:\/\/www.myzen.tv\/wp-content\/uploads\/2021\/05\/wedding-dreamz-XsriYQ1oowc-unsplash-1024x683.jpg 1024w, https:\/\/www.myzen.tv\/wp-content\/uploads\/2021\/05\/wedding-dreamz-XsriYQ1oowc-unsplash-300x200.jpg 300w, https:\/\/www.myzen.tv\/wp-content\/uploads\/2021\/05\/wedding-dreamz-XsriYQ1oowc-unsplash-768x512.jpg 768w, https:\/\/www.myzen.tv\/wp-content\/uploads\/2021\/05\/wedding-dreamz-XsriYQ1oowc-unsplash-1536x1025.jpg 1536w, https:\/\/www.myzen.tv\/wp-content\/uploads\/2021\/05\/wedding-dreamz-XsriYQ1oowc-unsplash-2048x1366.jpg 2048w, https:\/\/www.myzen.tv\/wp-content\/uploads\/2021\/05\/wedding-dreamz-XsriYQ1oowc-unsplash-285x190.jpg 285w, https:\/\/www.myzen.tv\/wp-content\/uploads\/2021\/05\/wedding-dreamz-XsriYQ1oowc-unsplash-210x140.jpg 210w\" sizes=\"auto, (max-width: 1024px) 100vw, 1024px\" \/><\/figure><\/div>\n\n\n<h2 class=\"wp-block-heading\">Un tapis de yoga<\/h2>\n\n\n\n<p>Et si votre maman (re)d\u00e9couvrait le yoga ? Parce qu&rsquo;il n&rsquo;y a pas d&rsquo;\u00e2ge pour pratiquer cette discipline douce et parce qu&rsquo;elle apporte tant \u00e0 notre organisme, ce serait rendre un grand service \u00e0 votre m\u00e8re que de l&rsquo;inciter \u00e0 se faire du bien. Pour cela, rien de plus simple : un tapis de yoga, MyZen TV, et le tour est jou\u00e9 ! MyZen TV vous propose <a href=\"https:\/\/www.myzen.tv\/fr\/theme\/remise-en-forme\/\">une multitude d&rsquo;\u00e9missions de yoga<\/a> adapt\u00e9es \u00e0 tous les niveaux : Yoga, Danse Yoga, Chair Yoga, le Yoga des Enfants, Namaste Yoga&#8230; il y en a pour tous les go\u00fbts !<\/p>\n\n\n<div class=\"wp-block-image\">\n<figure class=\"aligncenter size-large\"><img loading=\"lazy\" decoding=\"async\" width=\"1024\" height=\"683\" src=\"https:\/\/www.myzen.tv\/wp-content\/uploads\/2021\/05\/carl-barcelo-nqUHQkuVj3c-unsplash-1024x683.jpg\" alt=\"\" class=\"wp-image-1649939\" srcset=\"https:\/\/www.myzen.tv\/wp-content\/uploads\/2021\/05\/carl-barcelo-nqUHQkuVj3c-unsplash-1024x683.jpg 1024w, https:\/\/www.myzen.tv\/wp-content\/uploads\/2021\/05\/carl-barcelo-nqUHQkuVj3c-unsplash-300x200.jpg 300w, https:\/\/www.myzen.tv\/wp-content\/uploads\/2021\/05\/carl-barcelo-nqUHQkuVj3c-unsplash-768x512.jpg 768w, https:\/\/www.myzen.tv\/wp-content\/uploads\/2021\/05\/carl-barcelo-nqUHQkuVj3c-unsplash-1536x1024.jpg 1536w, https:\/\/www.myzen.tv\/wp-content\/uploads\/2021\/05\/carl-barcelo-nqUHQkuVj3c-unsplash-2048x1365.jpg 2048w, https:\/\/www.myzen.tv\/wp-content\/uploads\/2021\/05\/carl-barcelo-nqUHQkuVj3c-unsplash-285x190.jpg 285w, https:\/\/www.myzen.tv\/wp-content\/uploads\/2021\/05\/carl-barcelo-nqUHQkuVj3c-unsplash-210x140.jpg 210w\" sizes=\"auto, (max-width: 1024px) 100vw, 1024px\" \/><\/figure><\/div>\n\n\n<h2 class=\"wp-block-heading\">Un abonnement \u00e0 notre plateforme de streaming MyZen TV<\/h2>\n\n\n\n<p>Quoi de plus id\u00e9al que de pouvoir regarder sa cha\u00eene pr\u00e9f\u00e9r\u00e9e \u00e0 n&rsquo;importe quelle heure du jour et de la nuit, et de pouvoir choisir son programme ? Gr\u00e2ce \u00e0 son abonnement \u00e0 notre <a href=\"https:\/\/watch.myzen.tv\/\">plateforme de streaming MyZen TV<\/a>, votre maman pourra se d\u00e9lecter devant des \u00e9missions sport, yoga, nutrition, voyage, bien-\u00eatre, m\u00e9ditation, lifestyle, d\u00e9co et jardin. Tout le monde trouve son bonheur sur la plateforme de streaming MyZen TV !<\/p>\n\n\n\n<p class=\"has-text-align-center\"><strong>B\u00e9n\u00e9ficiez de -30% pendant un an sur votre abonnement du 23\/05\/25 au 04\/06\/25 avec le code<\/strong> :<\/p>\n\n\n\n<div class=\"wp-block-buttons is-content-justification-center is-layout-flex wp-container-core-buttons-is-layout-1 wp-block-buttons-is-layout-flex\">\n<div class=\"wp-block-button\"><a class=\"wp-block-button__link wp-element-button\" href=\"https:\/\/watch.myzen.tv\/offers\">RELAXATION30<\/a><\/div>\n<\/div>\n\n\n\n<p>De biens beaux cadeaux pour la f\u00eate des m\u00e8res (surtout le dernier !). <\/p>\n\n\n\n<p>Tant de fa\u00e7ons attentionn\u00e9es et zen de dire \u00e0 celle qui vous a donn\u00e9 la vie que vous l&rsquo;aimez ! Rendez-vous sur notre plateforme de streaming pour d&rsquo;autres id\u00e9es bien-\u00eatre.<\/p>\n","protected":false},"excerpt":{"rendered":"<p>Cette ann\u00e9e, la f\u00eate des m\u00e8res se c\u00e9l\u00e8bre le dimanche 30 mai. A cette occasion, MyZen TV vous propose 5 id\u00e9es de cadeaux pour faire plaisir \u00e0 votre maman ador\u00e9e. <\/p>\n","protected":false},"author":5,"featured_media":1649930,"comment_status":"closed","ping_status":"closed","sticky":false,"template":"","format":"standard","meta":{"episode_type":"","audio_file":"","cover_image":"","cover_image_id":"","duration":"","filesize":"","date_recorded":"","explicit":"","block":"","itunes_episode_number":"","itunes_title":"","itunes_season_number":"","itunes_episode_type":"","filesize_raw":"","footnotes":""},"categories":[9],"tags":[253,242,214,254,60],"group":[],"support":[],"class_list":["post-1649928","post","type-post","status-publish","format-standard","has-post-thumbnail","hentry","category-body-and-soul","tag-fete-des-meres","tag-huile-essentielle","tag-mois-de-la-nutrition","tag-plateforme-de-streaming-myzen-tv","tag-yoga"],"yoast_head":"<!-- This site is optimized with the Yoast SEO plugin v24.0 - https:\/\/yoast.com\/wordpress\/plugins\/seo\/ -->\n<title>F\u00eate des m\u00e8res : 5 id\u00e9es de cadeaux - MyZen TV<\/title>\n<meta name=\"description\" content=\"Cette ann\u00e9e, la f\u00eate des m\u00e8res se c\u00e9l\u00e8bre le dimanche 4 juin. A cette occasion, MyZen TV vous propose 5 id\u00e9es de cadeaux.\" \/>\n<meta name=\"robots\" content=\"index, follow, max-snippet:-1, max-image-preview:large, max-video-preview:-1\" \/>\n<link rel=\"canonical\" href=\"https:\/\/www.myzen.tv\/fr\/fete-des-meres-5-idees-de-cadeaux\/\" \/>\n<meta property=\"og:locale\" content=\"fr_FR\" \/>\n<meta property=\"og:type\" content=\"article\" \/>\n<meta property=\"og:title\" content=\"F\u00eate des m\u00e8res : 5 id\u00e9es de cadeaux - MyZen TV\" \/>\n<meta property=\"og:description\" content=\"Cette ann\u00e9e, la f\u00eate des m\u00e8res se c\u00e9l\u00e8bre le dimanche 4 juin. A cette occasion, MyZen TV vous propose 5 id\u00e9es de cadeaux.\" \/>\n<meta property=\"og:url\" content=\"https:\/\/www.myzen.tv\/fr\/fete-des-meres-5-idees-de-cadeaux\/\" \/>\n<meta property=\"og:site_name\" content=\"MyZen TV\" \/>\n<meta property=\"article:publisher\" content=\"https:\/\/www.facebook.com\/myzen.tv.fr\/\" \/>\n<meta property=\"article:published_time\" content=\"2023-05-27T08:00:00+00:00\" \/>\n<meta property=\"article:modified_time\" content=\"2025-05-13T15:19:47+00:00\" \/>\n<meta property=\"og:image\" content=\"https:\/\/www.myzen.tv\/wp-content\/uploads\/2021\/05\/leah-hetteberg-QQqXgcPyYec-unsplash-scaled.jpg\" \/>\n\t<meta property=\"og:image:width\" content=\"2560\" \/>\n\t<meta property=\"og:image:height\" content=\"1707\" \/>\n\t<meta property=\"og:image:type\" content=\"image\/jpeg\" \/>\n<meta name=\"author\" content=\"Coline Lehembre\" \/>\n<meta name=\"twitter:card\" content=\"summary_large_image\" \/>\n<meta name=\"twitter:label1\" content=\"\u00c9crit par\" \/>\n\t<meta name=\"twitter:data1\" content=\"Coline Lehembre\" \/>\n\t<meta name=\"twitter:label2\" content=\"Dur\u00e9e de lecture estim\u00e9e\" \/>\n\t<meta name=\"twitter:data2\" content=\"4 minutes\" \/>\n<!-- \/ Yoast SEO plugin. -->","yoast_head_json":{"title":"F\u00eate des m\u00e8res : 5 id\u00e9es de cadeaux - MyZen TV","description":"Cette ann\u00e9e, la f\u00eate des m\u00e8res se c\u00e9l\u00e8bre le dimanche 4 juin. A cette occasion, MyZen TV vous propose 5 id\u00e9es de cadeaux.","robots":{"index":"index","follow":"follow","max-snippet":"max-snippet:-1","max-image-preview":"max-image-preview:large","max-video-preview":"max-video-preview:-1"},"canonical":"https:\/\/www.myzen.tv\/fr\/fete-des-meres-5-idees-de-cadeaux\/","og_locale":"fr_FR","og_type":"article","og_title":"F\u00eate des m\u00e8res : 5 id\u00e9es de cadeaux - MyZen TV","og_description":"Cette ann\u00e9e, la f\u00eate des m\u00e8res se c\u00e9l\u00e8bre le dimanche 4 juin. A cette occasion, MyZen TV vous propose 5 id\u00e9es de cadeaux.","og_url":"https:\/\/www.myzen.tv\/fr\/fete-des-meres-5-idees-de-cadeaux\/","og_site_name":"MyZen TV","article_publisher":"https:\/\/www.facebook.com\/myzen.tv.fr\/","article_published_time":"2023-05-27T08:00:00+00:00","article_modified_time":"2025-05-13T15:19:47+00:00","og_image":[{"width":2560,"height":1707,"url":"https:\/\/www.myzen.tv\/wp-content\/uploads\/2021\/05\/leah-hetteberg-QQqXgcPyYec-unsplash-scaled.jpg","type":"image\/jpeg"}],"author":"Coline Lehembre","twitter_card":"summary_large_image","twitter_misc":{"\u00c9crit par":"Coline Lehembre","Dur\u00e9e de lecture estim\u00e9e":"4 minutes"},"schema":{"@context":"https:\/\/schema.org","@graph":[{"@type":"Article","@id":"https:\/\/www.myzen.tv\/fr\/fete-des-meres-5-idees-de-cadeaux\/#article","isPartOf":{"@id":"https:\/\/www.myzen.tv\/fr\/fete-des-meres-5-idees-de-cadeaux\/"},"author":{"name":"Coline Lehembre","@id":"https:\/\/www.myzen.tv\/fr\/#\/schema\/person\/7dd971c60a51df9ea643a930bef7d416"},"headline":"F\u00eate des m\u00e8res : 5 id\u00e9es de cadeaux","datePublished":"2023-05-27T08:00:00+00:00","dateModified":"2025-05-13T15:19:47+00:00","mainEntityOfPage":{"@id":"https:\/\/www.myzen.tv\/fr\/fete-des-meres-5-idees-de-cadeaux\/"},"wordCount":503,"publisher":{"@id":"https:\/\/www.myzen.tv\/fr\/#organization"},"image":{"@id":"https:\/\/www.myzen.tv\/fr\/fete-des-meres-5-idees-de-cadeaux\/#primaryimage"},"thumbnailUrl":"https:\/\/www.myzen.tv\/wp-content\/uploads\/2021\/05\/leah-hetteberg-QQqXgcPyYec-unsplash-scaled.jpg","keywords":["f\u00eate des m\u00e8res","huile essentielle","mois de la nutrition","plateforme de streaming MyZen TV","Yoga"],"articleSection":["Body &amp; soul"],"inLanguage":"fr-FR"},{"@type":"WebPage","@id":"https:\/\/www.myzen.tv\/fr\/fete-des-meres-5-idees-de-cadeaux\/","url":"https:\/\/www.myzen.tv\/fr\/fete-des-meres-5-idees-de-cadeaux\/","name":"F\u00eate des m\u00e8res : 5 id\u00e9es de cadeaux - MyZen TV","isPartOf":{"@id":"https:\/\/www.myzen.tv\/fr\/#website"},"primaryImageOfPage":{"@id":"https:\/\/www.myzen.tv\/fr\/fete-des-meres-5-idees-de-cadeaux\/#primaryimage"},"image":{"@id":"https:\/\/www.myzen.tv\/fr\/fete-des-meres-5-idees-de-cadeaux\/#primaryimage"},"thumbnailUrl":"https:\/\/www.myzen.tv\/wp-content\/uploads\/2021\/05\/leah-hetteberg-QQqXgcPyYec-unsplash-scaled.jpg","datePublished":"2023-05-27T08:00:00+00:00","dateModified":"2025-05-13T15:19:47+00:00","description":"Cette ann\u00e9e, la f\u00eate des m\u00e8res se c\u00e9l\u00e8bre le dimanche 4 juin. A cette occasion, MyZen TV vous propose 5 id\u00e9es de cadeaux.","breadcrumb":{"@id":"https:\/\/www.myzen.tv\/fr\/fete-des-meres-5-idees-de-cadeaux\/#breadcrumb"},"inLanguage":"fr-FR","potentialAction":[{"@type":"ReadAction","target":["https:\/\/www.myzen.tv\/fr\/fete-des-meres-5-idees-de-cadeaux\/"]}]},{"@type":"ImageObject","inLanguage":"fr-FR","@id":"https:\/\/www.myzen.tv\/fr\/fete-des-meres-5-idees-de-cadeaux\/#primaryimage","url":"https:\/\/www.myzen.tv\/wp-content\/uploads\/2021\/05\/leah-hetteberg-QQqXgcPyYec-unsplash-scaled.jpg","contentUrl":"https:\/\/www.myzen.tv\/wp-content\/uploads\/2021\/05\/leah-hetteberg-QQqXgcPyYec-unsplash-scaled.jpg","width":2560,"height":1707},{"@type":"BreadcrumbList","@id":"https:\/\/www.myzen.tv\/fr\/fete-des-meres-5-idees-de-cadeaux\/#breadcrumb","itemListElement":[{"@type":"ListItem","position":1,"name":"Home","item":"https:\/\/www.myzen.tv\/fr\/"},{"@type":"ListItem","position":2,"name":"F\u00eate des m\u00e8res : 5 id\u00e9es de cadeaux"}]},{"@type":"WebSite","@id":"https:\/\/www.myzen.tv\/fr\/#website","url":"https:\/\/www.myzen.tv\/fr\/","name":"MyZen TV","description":"Your lifestyle and well-being channel","publisher":{"@id":"https:\/\/www.myzen.tv\/fr\/#organization"},"potentialAction":[{"@type":"SearchAction","target":{"@type":"EntryPoint","urlTemplate":"https:\/\/www.myzen.tv\/fr\/?s={search_term_string}"},"query-input":{"@type":"PropertyValueSpecification","valueRequired":true,"valueName":"search_term_string"}}],"inLanguage":"fr-FR"},{"@type":"Organization","@id":"https:\/\/www.myzen.tv\/fr\/#organization","name":"MyZen TV","url":"https:\/\/www.myzen.tv\/fr\/","logo":{"@type":"ImageObject","inLanguage":"fr-FR","@id":"https:\/\/www.myzen.tv\/fr\/#\/schema\/logo\/image\/","url":"https:\/\/www.myzen.tv\/wp-content\/uploads\/2021\/05\/cropped-ICON_MZtv-LOGO_firetv640-1-1.png","contentUrl":"https:\/\/www.myzen.tv\/wp-content\/uploads\/2021\/05\/cropped-ICON_MZtv-LOGO_firetv640-1-1.png","width":512,"height":512,"caption":"MyZen TV"},"image":{"@id":"https:\/\/www.myzen.tv\/fr\/#\/schema\/logo\/image\/"},"sameAs":["https:\/\/www.facebook.com\/myzen.tv.fr\/","https:\/\/www.instagram.com\/myzentv\/"]},{"@type":"Person","@id":"https:\/\/www.myzen.tv\/fr\/#\/schema\/person\/7dd971c60a51df9ea643a930bef7d416","name":"Coline Lehembre","url":"https:\/\/www.myzen.tv\/fr\/author\/lehembre\/"}]}},"_links":{"self":[{"href":"https:\/\/www.myzen.tv\/fr\/wp-json\/wp\/v2\/posts\/1649928","targetHints":{"allow":["GET"]}}],"collection":[{"href":"https:\/\/www.myzen.tv\/fr\/wp-json\/wp\/v2\/posts"}],"about":[{"href":"https:\/\/www.myzen.tv\/fr\/wp-json\/wp\/v2\/types\/post"}],"author":[{"embeddable":true,"href":"https:\/\/www.myzen.tv\/fr\/wp-json\/wp\/v2\/users\/5"}],"replies":[{"embeddable":true,"href":"https:\/\/www.myzen.tv\/fr\/wp-json\/wp\/v2\/comments?post=1649928"}],"version-history":[{"count":13,"href":"https:\/\/www.myzen.tv\/fr\/wp-json\/wp\/v2\/posts\/1649928\/revisions"}],"predecessor-version":[{"id":1734916,"href":"https:\/\/www.myzen.tv\/fr\/wp-json\/wp\/v2\/posts\/1649928\/revisions\/1734916"}],"wp:featuredmedia":[{"embeddable":true,"href":"https:\/\/www.myzen.tv\/fr\/wp-json\/wp\/v2\/media\/1649930"}],"wp:attachment":[{"href":"https:\/\/www.myzen.tv\/fr\/wp-json\/wp\/v2\/media?parent=1649928"}],"wp:term":[{"taxonomy":"category","embeddable":true,"href":"https:\/\/www.myzen.tv\/fr\/wp-json\/wp\/v2\/categories?post=1649928"},{"taxonomy":"post_tag","embeddable":true,"href":"https:\/\/www.myzen.tv\/fr\/wp-json\/wp\/v2\/tags?post=1649928"},{"taxonomy":"group","embeddable":true,"href":"https:\/\/www.myzen.tv\/fr\/wp-json\/wp\/v2\/group?post=1649928"},{"taxonomy":"support","embeddable":true,"href":"https:\/\/www.myzen.tv\/fr\/wp-json\/wp\/v2\/support?post=1649928"}],"curies":[{"name":"wp","href":"https:\/\/api.w.org\/{rel}","templated":true}]}}