{"id":1654042,"date":"2021-05-24T07:00:00","date_gmt":"2021-05-24T07:00:00","guid":{"rendered":"https:\/\/www.myzen.tv\/?p=1654042"},"modified":"2021-06-01T12:25:25","modified_gmt":"2021-06-01T12:25:25","slug":"les-recettes-de-la-semaine-sur-myzen-tv-2","status":"publish","type":"post","link":"https:\/\/www.myzen.tv\/fr\/les-recettes-de-la-semaine-sur-myzen-tv-2\/","title":{"rendered":"Les recettes de la semaine &#8211; du 24 au 28 mai"},"content":{"rendered":"\n<p>Chaque semaine \u00e0 l&rsquo;occasion du mois de la <strong>nutrition<\/strong>, MyZen TV vous propose une <strong>recette healthy<\/strong> par jour sur sa <a href=\"https:\/\/watch.myzen.tv\/smartlists\/b79e5358-60f9-46a2-8d98-3e5d33afa131\">plateforme de streaming<\/a>. Chaque lundi, retrouvez la <strong>liste de courses<\/strong> sp\u00e9cifique \u00e0 chaque recette.<\/p>\n\n\n\n<p>Cette semaine, nous vous proposons les <strong>recettes<\/strong> suivantes :&nbsp;<\/p>\n\n\n\n<ul class=\"wp-block-list\"><li>Lundi : Verrine foresti\u00e8re aux champignons et au poulet<\/li><li>Mardi : Bol arc-en-ciel<\/li><li>Mercredi : Salade \u00e0 la cr\u00e8me d\u2019avocat<\/li><li>Jeudi : Salade C\u00e9sar au poulet<\/li><li>Vendredi : Salade aux champignons et sa vinaigrette \u00e0 l\u2019orange<\/li><\/ul>\n\n\n\n<p>Pour vous faciliter la t\u00e2che lors de vos courses, MyZen TV vous offre la liste des ingr\u00e9dients n\u00e9cessaires pour ces d\u00e9licieux mets. Rendez-vous sur notre <a href=\"https:\/\/watch.myzen.tv\/smartlists\/b79e5358-60f9-46a2-8d98-3e5d33afa131\">plateforme de streaming<\/a> pour d\u00e9couvrir les recettes en entier.<br><\/p>\n\n\n\n<h2 class=\"wp-block-heading\">Pour la verrine foresti\u00e8re aux champignons et au poulet :<\/h2>\n\n\n\n<div class=\"wp-block-image\"><figure class=\"aligncenter size-large\"><img loading=\"lazy\" decoding=\"async\" width=\"1024\" height=\"576\" src=\"https:\/\/www.myzen.tv\/wp-content\/uploads\/2021\/05\/saladeria_-_salad_with_mushrooms_and_chicken-1024x576.jpg\" alt=\"\" class=\"wp-image-1654045\" srcset=\"https:\/\/www.myzen.tv\/wp-content\/uploads\/2021\/05\/saladeria_-_salad_with_mushrooms_and_chicken-1024x576.jpg 1024w, https:\/\/www.myzen.tv\/wp-content\/uploads\/2021\/05\/saladeria_-_salad_with_mushrooms_and_chicken-300x169.jpg 300w, https:\/\/www.myzen.tv\/wp-content\/uploads\/2021\/05\/saladeria_-_salad_with_mushrooms_and_chicken-768x432.jpg 768w, https:\/\/www.myzen.tv\/wp-content\/uploads\/2021\/05\/saladeria_-_salad_with_mushrooms_and_chicken-1536x864.jpg 1536w, https:\/\/www.myzen.tv\/wp-content\/uploads\/2021\/05\/saladeria_-_salad_with_mushrooms_and_chicken-320x180.jpg 320w, https:\/\/www.myzen.tv\/wp-content\/uploads\/2021\/05\/saladeria_-_salad_with_mushrooms_and_chicken-235x132.jpg 235w, https:\/\/www.myzen.tv\/wp-content\/uploads\/2021\/05\/saladeria_-_salad_with_mushrooms_and_chicken.jpg 1920w\" sizes=\"auto, (max-width: 1024px) 100vw, 1024px\" \/><\/figure><\/div>\n\n\n\n<ul class=\"liste-recette wp-block-list\"><li>1 pleurote<\/li><li>1 morceau de tomme fum\u00e9e<\/li><li>1 grappe de raisin&nbsp;<\/li><li>de l\u2019huile l\u2019olive&nbsp;<\/li><li>1 citron<\/li><li>de la sauce soja<\/li><li>1 aiguillette de poulet<\/li><li>du sel de mer<\/li><li>du safran&nbsp;<\/li><li>du paprika&nbsp;<\/li><li>de la mayonnaise japonaise<\/li><li>1 oignon rouge<\/li><li>1 piment rouge<\/li><li>de la cr\u00e8me fra\u00eeche<\/li><li>des herbes de provence<\/li><\/ul>\n\n\n\n<p><a href=\"https:\/\/watch.myzen.tv\/smartlists\/b79e5358-60f9-46a2-8d98-3e5d33afa131\">Voir la suite de la recette<\/a><\/p>\n\n\n\n<h2 class=\"wp-block-heading\">Pour le bol arc-en-ciel :<\/h2>\n\n\n\n<div class=\"wp-block-image\"><figure class=\"aligncenter size-large\"><img loading=\"lazy\" decoding=\"async\" width=\"1024\" height=\"576\" src=\"https:\/\/www.myzen.tv\/wp-content\/uploads\/2021\/05\/minute_bowl_-_rainbow_bowl-1024x576.jpg\" alt=\"\" class=\"wp-image-1654043\" srcset=\"https:\/\/www.myzen.tv\/wp-content\/uploads\/2021\/05\/minute_bowl_-_rainbow_bowl-1024x576.jpg 1024w, https:\/\/www.myzen.tv\/wp-content\/uploads\/2021\/05\/minute_bowl_-_rainbow_bowl-300x169.jpg 300w, https:\/\/www.myzen.tv\/wp-content\/uploads\/2021\/05\/minute_bowl_-_rainbow_bowl-768x432.jpg 768w, https:\/\/www.myzen.tv\/wp-content\/uploads\/2021\/05\/minute_bowl_-_rainbow_bowl-1536x864.jpg 1536w, https:\/\/www.myzen.tv\/wp-content\/uploads\/2021\/05\/minute_bowl_-_rainbow_bowl-320x180.jpg 320w, https:\/\/www.myzen.tv\/wp-content\/uploads\/2021\/05\/minute_bowl_-_rainbow_bowl-235x132.jpg 235w, https:\/\/www.myzen.tv\/wp-content\/uploads\/2021\/05\/minute_bowl_-_rainbow_bowl.jpg 1920w\" sizes=\"auto, (max-width: 1024px) 100vw, 1024px\" \/><\/figure><\/div>\n\n\n\n<ul class=\"liste-recette wp-block-list\"><li>du quinoa<\/li><li>1 carotte<\/li><li>1 demi avocat<\/li><li>1 demi concombre<\/li><li>3 radis<\/li><li>1 betterave Chioggia<\/li><li>des graines de grenade<\/li><li>des graines de sarrasin<\/li><li>de la menthe<\/li><\/ul>\n\n\n\n<p> <a href=\"https:\/\/watch.myzen.tv\/smartlists\/b79e5358-60f9-46a2-8d98-3e5d33afa131\">Voir la suite de la recette<\/a> <\/p>\n\n\n\n<h2 class=\"wp-block-heading\">Pour la salade \u00e0 la cr\u00e8me d\u2019avocat :<\/h2>\n\n\n\n<div class=\"wp-block-image\"><figure class=\"aligncenter size-large\"><img loading=\"lazy\" decoding=\"async\" width=\"1024\" height=\"576\" src=\"https:\/\/www.myzen.tv\/wp-content\/uploads\/2021\/05\/saladeria_-_salad_with_avocado_mousse-1024x576.jpg\" alt=\"\" class=\"wp-image-1654047\" srcset=\"https:\/\/www.myzen.tv\/wp-content\/uploads\/2021\/05\/saladeria_-_salad_with_avocado_mousse-1024x576.jpg 1024w, https:\/\/www.myzen.tv\/wp-content\/uploads\/2021\/05\/saladeria_-_salad_with_avocado_mousse-300x169.jpg 300w, https:\/\/www.myzen.tv\/wp-content\/uploads\/2021\/05\/saladeria_-_salad_with_avocado_mousse-768x432.jpg 768w, https:\/\/www.myzen.tv\/wp-content\/uploads\/2021\/05\/saladeria_-_salad_with_avocado_mousse-1536x864.jpg 1536w, https:\/\/www.myzen.tv\/wp-content\/uploads\/2021\/05\/saladeria_-_salad_with_avocado_mousse-320x180.jpg 320w, https:\/\/www.myzen.tv\/wp-content\/uploads\/2021\/05\/saladeria_-_salad_with_avocado_mousse-235x132.jpg 235w, https:\/\/www.myzen.tv\/wp-content\/uploads\/2021\/05\/saladeria_-_salad_with_avocado_mousse.jpg 1920w\" sizes=\"auto, (max-width: 1024px) 100vw, 1024px\" \/><\/figure><\/div>\n\n\n\n<ul class=\"liste-recette wp-block-list\"><li>1 avocat<\/li><li>des graines de s\u00e9same<\/li><li>1 citron<\/li><li>de la sauce soja<\/li><li>des pignons de pin<\/li><li>du sucre<\/li><li>des graines de grenade<\/li><li>1 feuille de laitue romaine<\/li><li>2 tomates cerises noires<\/li><li>des feuilles de chicor\u00e9e fris\u00e9e<\/li><li>des anchois<\/li><li>du sel de mer<\/li><li>du romarin<\/li><li>du poivre<\/li><\/ul>\n\n\n\n<p><a href=\"https:\/\/watch.myzen.tv\/smartlists\/b79e5358-60f9-46a2-8d98-3e5d33afa131\">Voir la suite de la recette<\/a> <\/p>\n\n\n\n<h2 class=\"wp-block-heading\">Pour la salade C\u00e9sar au poulet<\/h2>\n\n\n\n<div class=\"wp-block-image\"><figure class=\"aligncenter size-large\"><img loading=\"lazy\" decoding=\"async\" width=\"1024\" height=\"576\" src=\"https:\/\/www.myzen.tv\/wp-content\/uploads\/2021\/05\/saladeria_-_caesar_salad_with_chicken-1024x576.jpg\" alt=\"\" class=\"wp-image-1654049\" srcset=\"https:\/\/www.myzen.tv\/wp-content\/uploads\/2021\/05\/saladeria_-_caesar_salad_with_chicken-1024x576.jpg 1024w, https:\/\/www.myzen.tv\/wp-content\/uploads\/2021\/05\/saladeria_-_caesar_salad_with_chicken-300x169.jpg 300w, https:\/\/www.myzen.tv\/wp-content\/uploads\/2021\/05\/saladeria_-_caesar_salad_with_chicken-768x432.jpg 768w, https:\/\/www.myzen.tv\/wp-content\/uploads\/2021\/05\/saladeria_-_caesar_salad_with_chicken-1536x864.jpg 1536w, https:\/\/www.myzen.tv\/wp-content\/uploads\/2021\/05\/saladeria_-_caesar_salad_with_chicken-320x180.jpg 320w, https:\/\/www.myzen.tv\/wp-content\/uploads\/2021\/05\/saladeria_-_caesar_salad_with_chicken-235x132.jpg 235w, https:\/\/www.myzen.tv\/wp-content\/uploads\/2021\/05\/saladeria_-_caesar_salad_with_chicken.jpg 1920w\" sizes=\"auto, (max-width: 1024px) 100vw, 1024px\" \/><\/figure><\/div>\n\n\n\n<ul class=\"liste-recette wp-block-list\"><li>des anchois<\/li><li>4 tomates cerises<\/li><li>1 citron<\/li><li>1 feuille de salade romaine<\/li><li>1 jaune d\u2019oeuf<\/li><li>2 tranches de pain toast\u00e9<\/li><li>1 poitrine de poulet<\/li><li>de l\u2019huile d\u2019olive<\/li><li>du basilic&nbsp;<\/li><li>2 gousses d\u2019ail<\/li><li>de la sauce Worcestershire<\/li><li>des c\u00e2pres<\/li><li>du curry en poudre<\/li><li>du sel<\/li><li>du poivre noir<\/li><li>du paprika<\/li><li>du parmesan<\/li><\/ul>\n\n\n\n<p><a href=\"https:\/\/watch.myzen.tv\/smartlists\/b79e5358-60f9-46a2-8d98-3e5d33afa131\">Voir la suite de la recette<\/a> <\/p>\n\n\n\n<h2 class=\"wp-block-heading\">Pour la salade aux champignons et sa vinaigrette \u00e0 l\u2019orange :&nbsp;<\/h2>\n\n\n\n<div class=\"wp-block-image\"><figure class=\"aligncenter size-large\"><img loading=\"lazy\" decoding=\"async\" width=\"1024\" height=\"576\" src=\"https:\/\/www.myzen.tv\/wp-content\/uploads\/2021\/05\/saladeria_-_salad_with_mushrooms_and_orange_dressing-1024x576.jpg\" alt=\"\" class=\"wp-image-1654051\" srcset=\"https:\/\/www.myzen.tv\/wp-content\/uploads\/2021\/05\/saladeria_-_salad_with_mushrooms_and_orange_dressing-1024x576.jpg 1024w, https:\/\/www.myzen.tv\/wp-content\/uploads\/2021\/05\/saladeria_-_salad_with_mushrooms_and_orange_dressing-300x169.jpg 300w, https:\/\/www.myzen.tv\/wp-content\/uploads\/2021\/05\/saladeria_-_salad_with_mushrooms_and_orange_dressing-768x432.jpg 768w, https:\/\/www.myzen.tv\/wp-content\/uploads\/2021\/05\/saladeria_-_salad_with_mushrooms_and_orange_dressing-1536x864.jpg 1536w, https:\/\/www.myzen.tv\/wp-content\/uploads\/2021\/05\/saladeria_-_salad_with_mushrooms_and_orange_dressing-320x180.jpg 320w, https:\/\/www.myzen.tv\/wp-content\/uploads\/2021\/05\/saladeria_-_salad_with_mushrooms_and_orange_dressing-235x132.jpg 235w, https:\/\/www.myzen.tv\/wp-content\/uploads\/2021\/05\/saladeria_-_salad_with_mushrooms_and_orange_dressing.jpg 1920w\" sizes=\"auto, (max-width: 1024px) 100vw, 1024px\" \/><\/figure><\/div>\n\n\n\n<ul class=\"liste-recette wp-block-list\"><li>1 feuille de c\u00e9leri<\/li><li>1 oignon rouge<\/li><li>1 tomate<\/li><li>de l\u2019huile de s\u00e9same<\/li><li>de la sauce Worcestershire<\/li><li>1 poivron jaune<\/li><li>1 orange<\/li><li>des pleurotes<\/li><li>de la coriandre<\/li><li>du chou chinois<\/li><li>du tahini<\/li><li>du paprika<\/li><li>du sel<\/li><li>du poivre<\/li><\/ul>\n\n\n\n<p><a href=\"https:\/\/watch.myzen.tv\/smartlists\/b79e5358-60f9-46a2-8d98-3e5d33afa131\">Voir la suite de la recette<\/a> <\/p>\n\n\n\n<p>Vous l\u2019aurez remarqu\u00e9, de nombreuses recettes ont des ingr\u00e9dients en commun, MyZen TV fait d\u2019une pierre deux coups pour vous faciliter les courses ! D\u2019ailleurs, vous pouvez pr\u00e9parer ces recettes en une seule fois, selon le principe du <a rel=\"noreferrer noopener\" aria-label=\"batch cooking (opens in a new tab)\" href=\"https:\/\/www.myzen.tv\/fr\/le-batch-cooking\/\" target=\"_blank\">batch cooking<\/a>.&nbsp;<\/p>\n\n\n\n<p>Retrouvez \u00e9galement les <a rel=\"noreferrer noopener\" aria-label=\"recettes de la semaine pr\u00e9c\u00e9dente (opens in a new tab)\" href=\"https:\/\/www.myzen.tv\/fr\/les-recettes-de-la-semaine-sur-myzen-tv\/\" target=\"_blank\">recettes de la semaine pr\u00e9c\u00e9dente<\/a> pr\u00e9sentes sur notre plateforme de streaming !<br><\/p>\n","protected":false},"excerpt":{"rendered":"<p>Chaque semaine \u00e0 l&rsquo;occasion du mois de la nutrition, MyZen TV vous propose une recette healthy par jour sur sa plateforme de streaming. Chaque lundi, retrouvez la liste de courses sp\u00e9cifique \u00e0 chaque recette.<\/p>\n","protected":false},"author":5,"featured_media":1654044,"comment_status":"closed","ping_status":"closed","sticky":false,"template":"","format":"standard","meta":{"episode_type":"","audio_file":"","cover_image":"","cover_image_id":"","duration":"","filesize":"","date_recorded":"","explicit":"","block":"","itunes_episode_number":"","itunes_title":"","itunes_season_number":"","itunes_episode_type":"","filesize_raw":"","footnotes":""},"categories":[16],"tags":[214,229,189],"group":[314],"support":[],"class_list":["post-1654042","post","type-post","status-publish","format-standard","has-post-thumbnail","hentry","category-a-la-une","tag-mois-de-la-nutrition","tag-recette","tag-salade","group-cuisine"],"yoast_head":"<!-- This site is optimized with the Yoast SEO plugin v24.0 - https:\/\/yoast.com\/wordpress\/plugins\/seo\/ -->\n<title>Les recettes de la semaine - du 24 au 28 mai - MyZen TV<\/title>\n<meta name=\"robots\" content=\"index, follow, max-snippet:-1, max-image-preview:large, max-video-preview:-1\" \/>\n<link rel=\"canonical\" href=\"https:\/\/www.myzen.tv\/fr\/les-recettes-de-la-semaine-sur-myzen-tv-2\/\" \/>\n<meta property=\"og:locale\" content=\"fr_FR\" \/>\n<meta property=\"og:type\" content=\"article\" \/>\n<meta property=\"og:title\" content=\"Les recettes de la semaine - du 24 au 28 mai - MyZen TV\" \/>\n<meta property=\"og:description\" content=\"Chaque semaine \u00e0 l&#039;occasion du mois de la nutrition, MyZen TV vous propose une recette healthy par jour sur sa plateforme de streaming. Chaque lundi, retrouvez la liste de courses sp\u00e9cifique \u00e0 chaque recette.\" \/>\n<meta property=\"og:url\" content=\"https:\/\/www.myzen.tv\/fr\/les-recettes-de-la-semaine-sur-myzen-tv-2\/\" \/>\n<meta property=\"og:site_name\" content=\"MyZen TV\" \/>\n<meta property=\"article:publisher\" content=\"https:\/\/www.facebook.com\/myzen.tv.fr\/\" \/>\n<meta property=\"article:published_time\" content=\"2021-05-24T07:00:00+00:00\" \/>\n<meta property=\"article:modified_time\" content=\"2021-06-01T12:25:25+00:00\" \/>\n<meta property=\"og:image\" content=\"https:\/\/www.myzen.tv\/wp-content\/uploads\/2021\/05\/minute_bowl_-_rainbow_bowl.jpg\" \/>\n\t<meta property=\"og:image:width\" content=\"1920\" \/>\n\t<meta property=\"og:image:height\" content=\"1080\" \/>\n\t<meta property=\"og:image:type\" content=\"image\/jpeg\" \/>\n<meta name=\"author\" content=\"Coline Lehembre\" \/>\n<meta name=\"twitter:card\" content=\"summary_large_image\" \/>\n<meta name=\"twitter:label1\" content=\"\u00c9crit par\" \/>\n\t<meta name=\"twitter:data1\" content=\"Coline Lehembre\" \/>\n\t<meta name=\"twitter:label2\" content=\"Dur\u00e9e de lecture estim\u00e9e\" \/>\n\t<meta name=\"twitter:data2\" content=\"2 minutes\" \/>\n<!-- \/ Yoast SEO plugin. -->","yoast_head_json":{"title":"Les recettes de la semaine - du 24 au 28 mai - MyZen TV","robots":{"index":"index","follow":"follow","max-snippet":"max-snippet:-1","max-image-preview":"max-image-preview:large","max-video-preview":"max-video-preview:-1"},"canonical":"https:\/\/www.myzen.tv\/fr\/les-recettes-de-la-semaine-sur-myzen-tv-2\/","og_locale":"fr_FR","og_type":"article","og_title":"Les recettes de la semaine - du 24 au 28 mai - MyZen TV","og_description":"Chaque semaine \u00e0 l'occasion du mois de la nutrition, MyZen TV vous propose une recette healthy par jour sur sa plateforme de streaming. Chaque lundi, retrouvez la liste de courses sp\u00e9cifique \u00e0 chaque recette.","og_url":"https:\/\/www.myzen.tv\/fr\/les-recettes-de-la-semaine-sur-myzen-tv-2\/","og_site_name":"MyZen TV","article_publisher":"https:\/\/www.facebook.com\/myzen.tv.fr\/","article_published_time":"2021-05-24T07:00:00+00:00","article_modified_time":"2021-06-01T12:25:25+00:00","og_image":[{"width":1920,"height":1080,"url":"https:\/\/www.myzen.tv\/wp-content\/uploads\/2021\/05\/minute_bowl_-_rainbow_bowl.jpg","type":"image\/jpeg"}],"author":"Coline Lehembre","twitter_card":"summary_large_image","twitter_misc":{"\u00c9crit par":"Coline Lehembre","Dur\u00e9e de lecture estim\u00e9e":"2 minutes"},"schema":{"@context":"https:\/\/schema.org","@graph":[{"@type":"Article","@id":"https:\/\/www.myzen.tv\/fr\/les-recettes-de-la-semaine-sur-myzen-tv-2\/#article","isPartOf":{"@id":"https:\/\/www.myzen.tv\/fr\/les-recettes-de-la-semaine-sur-myzen-tv-2\/"},"author":{"name":"Coline Lehembre","@id":"https:\/\/www.myzen.tv\/fr\/#\/schema\/person\/7dd971c60a51df9ea643a930bef7d416"},"headline":"Les recettes de la semaine &#8211; du 24 au 28 mai","datePublished":"2021-05-24T07:00:00+00:00","dateModified":"2021-06-01T12:25:25+00:00","mainEntityOfPage":{"@id":"https:\/\/www.myzen.tv\/fr\/les-recettes-de-la-semaine-sur-myzen-tv-2\/"},"wordCount":460,"publisher":{"@id":"https:\/\/www.myzen.tv\/fr\/#organization"},"image":{"@id":"https:\/\/www.myzen.tv\/fr\/les-recettes-de-la-semaine-sur-myzen-tv-2\/#primaryimage"},"thumbnailUrl":"https:\/\/www.myzen.tv\/wp-content\/uploads\/2021\/05\/minute_bowl_-_rainbow_bowl.jpg","keywords":["mois de la nutrition","recette","salade"],"articleSection":["A la une"],"inLanguage":"fr-FR"},{"@type":"WebPage","@id":"https:\/\/www.myzen.tv\/fr\/les-recettes-de-la-semaine-sur-myzen-tv-2\/","url":"https:\/\/www.myzen.tv\/fr\/les-recettes-de-la-semaine-sur-myzen-tv-2\/","name":"Les recettes de la semaine - du 24 au 28 mai - MyZen TV","isPartOf":{"@id":"https:\/\/www.myzen.tv\/fr\/#website"},"primaryImageOfPage":{"@id":"https:\/\/www.myzen.tv\/fr\/les-recettes-de-la-semaine-sur-myzen-tv-2\/#primaryimage"},"image":{"@id":"https:\/\/www.myzen.tv\/fr\/les-recettes-de-la-semaine-sur-myzen-tv-2\/#primaryimage"},"thumbnailUrl":"https:\/\/www.myzen.tv\/wp-content\/uploads\/2021\/05\/minute_bowl_-_rainbow_bowl.jpg","datePublished":"2021-05-24T07:00:00+00:00","dateModified":"2021-06-01T12:25:25+00:00","breadcrumb":{"@id":"https:\/\/www.myzen.tv\/fr\/les-recettes-de-la-semaine-sur-myzen-tv-2\/#breadcrumb"},"inLanguage":"fr-FR","potentialAction":[{"@type":"ReadAction","target":["https:\/\/www.myzen.tv\/fr\/les-recettes-de-la-semaine-sur-myzen-tv-2\/"]}]},{"@type":"ImageObject","inLanguage":"fr-FR","@id":"https:\/\/www.myzen.tv\/fr\/les-recettes-de-la-semaine-sur-myzen-tv-2\/#primaryimage","url":"https:\/\/www.myzen.tv\/wp-content\/uploads\/2021\/05\/minute_bowl_-_rainbow_bowl.jpg","contentUrl":"https:\/\/www.myzen.tv\/wp-content\/uploads\/2021\/05\/minute_bowl_-_rainbow_bowl.jpg","width":1920,"height":1080},{"@type":"BreadcrumbList","@id":"https:\/\/www.myzen.tv\/fr\/les-recettes-de-la-semaine-sur-myzen-tv-2\/#breadcrumb","itemListElement":[{"@type":"ListItem","position":1,"name":"Home","item":"https:\/\/www.myzen.tv\/fr\/"},{"@type":"ListItem","position":2,"name":"Cuisine","item":"https:\/\/www.myzen.tv\/fr\/theme\/cuisine\/"},{"@type":"ListItem","position":3,"name":"Les recettes de la semaine &#8211; du 24 au 28 mai"}]},{"@type":"WebSite","@id":"https:\/\/www.myzen.tv\/fr\/#website","url":"https:\/\/www.myzen.tv\/fr\/","name":"MyZen TV","description":"Your lifestyle and well-being channel","publisher":{"@id":"https:\/\/www.myzen.tv\/fr\/#organization"},"potentialAction":[{"@type":"SearchAction","target":{"@type":"EntryPoint","urlTemplate":"https:\/\/www.myzen.tv\/fr\/?s={search_term_string}"},"query-input":{"@type":"PropertyValueSpecification","valueRequired":true,"valueName":"search_term_string"}}],"inLanguage":"fr-FR"},{"@type":"Organization","@id":"https:\/\/www.myzen.tv\/fr\/#organization","name":"MyZen TV","url":"https:\/\/www.myzen.tv\/fr\/","logo":{"@type":"ImageObject","inLanguage":"fr-FR","@id":"https:\/\/www.myzen.tv\/fr\/#\/schema\/logo\/image\/","url":"https:\/\/www.myzen.tv\/wp-content\/uploads\/2021\/05\/cropped-ICON_MZtv-LOGO_firetv640-1-1.png","contentUrl":"https:\/\/www.myzen.tv\/wp-content\/uploads\/2021\/05\/cropped-ICON_MZtv-LOGO_firetv640-1-1.png","width":512,"height":512,"caption":"MyZen TV"},"image":{"@id":"https:\/\/www.myzen.tv\/fr\/#\/schema\/logo\/image\/"},"sameAs":["https:\/\/www.facebook.com\/myzen.tv.fr\/","https:\/\/www.instagram.com\/myzentv\/"]},{"@type":"Person","@id":"https:\/\/www.myzen.tv\/fr\/#\/schema\/person\/7dd971c60a51df9ea643a930bef7d416","name":"Coline Lehembre","url":"https:\/\/www.myzen.tv\/fr\/author\/lehembre\/"}]}},"_links":{"self":[{"href":"https:\/\/www.myzen.tv\/fr\/wp-json\/wp\/v2\/posts\/1654042","targetHints":{"allow":["GET"]}}],"collection":[{"href":"https:\/\/www.myzen.tv\/fr\/wp-json\/wp\/v2\/posts"}],"about":[{"href":"https:\/\/www.myzen.tv\/fr\/wp-json\/wp\/v2\/types\/post"}],"author":[{"embeddable":true,"href":"https:\/\/www.myzen.tv\/fr\/wp-json\/wp\/v2\/users\/5"}],"replies":[{"embeddable":true,"href":"https:\/\/www.myzen.tv\/fr\/wp-json\/wp\/v2\/comments?post=1654042"}],"version-history":[{"count":12,"href":"https:\/\/www.myzen.tv\/fr\/wp-json\/wp\/v2\/posts\/1654042\/revisions"}],"predecessor-version":[{"id":1655438,"href":"https:\/\/www.myzen.tv\/fr\/wp-json\/wp\/v2\/posts\/1654042\/revisions\/1655438"}],"wp:featuredmedia":[{"embeddable":true,"href":"https:\/\/www.myzen.tv\/fr\/wp-json\/wp\/v2\/media\/1654044"}],"wp:attachment":[{"href":"https:\/\/www.myzen.tv\/fr\/wp-json\/wp\/v2\/media?parent=1654042"}],"wp:term":[{"taxonomy":"category","embeddable":true,"href":"https:\/\/www.myzen.tv\/fr\/wp-json\/wp\/v2\/categories?post=1654042"},{"taxonomy":"post_tag","embeddable":true,"href":"https:\/\/www.myzen.tv\/fr\/wp-json\/wp\/v2\/tags?post=1654042"},{"taxonomy":"group","embeddable":true,"href":"https:\/\/www.myzen.tv\/fr\/wp-json\/wp\/v2\/group?post=1654042"},{"taxonomy":"support","embeddable":true,"href":"https:\/\/www.myzen.tv\/fr\/wp-json\/wp\/v2\/support?post=1654042"}],"curies":[{"name":"wp","href":"https:\/\/api.w.org\/{rel}","templated":true}]}}