{"id":1656207,"date":"2021-06-14T07:00:00","date_gmt":"2021-06-14T07:00:00","guid":{"rendered":"https:\/\/www.myzen.tv\/?p=1656207"},"modified":"2021-06-08T09:27:53","modified_gmt":"2021-06-08T09:27:53","slug":"les-recettes-de-la-semaine-du-14-au-18-juin","status":"publish","type":"post","link":"https:\/\/www.myzen.tv\/fr\/les-recettes-de-la-semaine-du-14-au-18-juin\/","title":{"rendered":"Les recettes de la semaine &#8211; du 14 au 18 juin"},"content":{"rendered":"\n<p>Chaque semaine, MyZen TV vous propose une <strong>recette healthy<\/strong> par jour sur sa <a href=\"https:\/\/watch.myzen.tv\/\" target=\"_blank\" rel=\"noreferrer noopener\">plateforme de streaming<\/a>. Chaque lundi, retrouvez la <strong>liste de courses<\/strong> sp\u00e9cifique \u00e0 chaque recette.<\/p>\n\n\n\n<p>Cette semaine, nous vous proposons les recettes suivantes sur le th\u00e8me de la <strong>mer<\/strong> : <\/p>\n\n\n\n<ul class=\"wp-block-list\"><li>Salade de la mer aux agrumes<\/li><li>Salade de saumon et sa sauce au gingembre<\/li><li>Salade de poireaux et sa sauce aux anchois<\/li><li>Mille-feuilles de moules en salade<\/li><li>Salade de saumon au guacamole<\/li><\/ul>\n\n\n\n<p>Pour vous faciliter la t\u00e2che lors de vos courses, MyZen TV vous offre la liste des <strong>ingr\u00e9dients<\/strong> n\u00e9cessaires pour ces d\u00e9licieux mets. Rendez-vous sur notre <a href=\"https:\/\/watch.myzen.tv\/smartlists\/b79e5358-60f9-46a2-8d98-3e5d33afa131\" target=\"_blank\" rel=\"noreferrer noopener\">plateforme de streaming<\/a> pour d\u00e9couvrir les <strong>recettes<\/strong> en entier.<\/p>\n\n\n\n<h2 class=\"wp-block-heading\">Pour la salade de la mer aux agrumes&nbsp;<\/h2>\n\n\n\n<div class=\"wp-block-image\"><figure class=\"aligncenter size-large\"><img loading=\"lazy\" decoding=\"async\" width=\"1024\" height=\"576\" src=\"https:\/\/www.myzen.tv\/wp-content\/uploads\/2021\/06\/saladeria_-_salad_with_mussels_and_grapefruit-1-1024x576.jpg\" alt=\"\" class=\"wp-image-1656213\" srcset=\"https:\/\/www.myzen.tv\/wp-content\/uploads\/2021\/06\/saladeria_-_salad_with_mussels_and_grapefruit-1-1024x576.jpg 1024w, https:\/\/www.myzen.tv\/wp-content\/uploads\/2021\/06\/saladeria_-_salad_with_mussels_and_grapefruit-1-300x169.jpg 300w, https:\/\/www.myzen.tv\/wp-content\/uploads\/2021\/06\/saladeria_-_salad_with_mussels_and_grapefruit-1-768x432.jpg 768w, https:\/\/www.myzen.tv\/wp-content\/uploads\/2021\/06\/saladeria_-_salad_with_mussels_and_grapefruit-1-1536x864.jpg 1536w, https:\/\/www.myzen.tv\/wp-content\/uploads\/2021\/06\/saladeria_-_salad_with_mussels_and_grapefruit-1-320x180.jpg 320w, https:\/\/www.myzen.tv\/wp-content\/uploads\/2021\/06\/saladeria_-_salad_with_mussels_and_grapefruit-1-235x132.jpg 235w, https:\/\/www.myzen.tv\/wp-content\/uploads\/2021\/06\/saladeria_-_salad_with_mussels_and_grapefruit-1.jpg 1920w\" sizes=\"auto, (max-width: 1024px) 100vw, 1024px\" \/><figcaption>\u00a9 Atlant Media Group<\/figcaption><\/figure><\/div>\n\n\n\n<ul class=\"liste-recette wp-block-list\"><li>laitue lollo bionda<\/li><li>laitue lollo rosso<\/li><li>raisins<\/li><li>cr\u00e8me balsamique&nbsp;<\/li><li>m\u00e2che&nbsp;<\/li><li>pignons de pin<\/li><li>ail&nbsp;<\/li><li>poivre<\/li><li>huile d\u2019olive&nbsp;<\/li><li>moutarde<\/li><li>miel<\/li><li>sauce soja<\/li><li>roquefort<\/li><li>s\u00e9same<\/li><li>herbes de provence<\/li><li>thym<\/li><li>moules<\/li><li>salade fris\u00e9e<\/li><li>1 pamplemousse<\/li><\/ul>\n\n\n\n<p><a href=\"https:\/\/watch.myzen.tv\/content\/7fbb50cb-fdd1-43d3-ae57-c6208d04573b\" target=\"_blank\" rel=\"noreferrer noopener\">Voir la suite de la recette<\/a>. <\/p>\n\n\n\n<h2 class=\"wp-block-heading\">Pour la salade de saumon et sa sauce au gingembre<\/h2>\n\n\n\n<div class=\"wp-block-image\"><figure class=\"aligncenter size-large\"><img loading=\"lazy\" decoding=\"async\" width=\"1024\" height=\"576\" src=\"https:\/\/www.myzen.tv\/wp-content\/uploads\/2021\/06\/saladeria_-_salad_with_salmon_and_ginger_sauce-1024x576.jpg\" alt=\"\" class=\"wp-image-1656209\" srcset=\"https:\/\/www.myzen.tv\/wp-content\/uploads\/2021\/06\/saladeria_-_salad_with_salmon_and_ginger_sauce-1024x576.jpg 1024w, https:\/\/www.myzen.tv\/wp-content\/uploads\/2021\/06\/saladeria_-_salad_with_salmon_and_ginger_sauce-300x169.jpg 300w, https:\/\/www.myzen.tv\/wp-content\/uploads\/2021\/06\/saladeria_-_salad_with_salmon_and_ginger_sauce-768x432.jpg 768w, https:\/\/www.myzen.tv\/wp-content\/uploads\/2021\/06\/saladeria_-_salad_with_salmon_and_ginger_sauce-1536x864.jpg 1536w, https:\/\/www.myzen.tv\/wp-content\/uploads\/2021\/06\/saladeria_-_salad_with_salmon_and_ginger_sauce-320x180.jpg 320w, https:\/\/www.myzen.tv\/wp-content\/uploads\/2021\/06\/saladeria_-_salad_with_salmon_and_ginger_sauce-235x132.jpg 235w, https:\/\/www.myzen.tv\/wp-content\/uploads\/2021\/06\/saladeria_-_salad_with_salmon_and_ginger_sauce.jpg 1920w\" sizes=\"auto, (max-width: 1024px) 100vw, 1024px\" \/><figcaption>\u00a9 Atlant Media Group<\/figcaption><\/figure><\/div>\n\n\n\n<ul class=\"liste-recette wp-block-list\"><li>1 piment<\/li><li>c\u00e9leri<\/li><li>1 citron<\/li><li>cr\u00e8me de balsamique<\/li><li>gingembre<\/li><li>saumon<\/li><li>1 citron vert<\/li><li>huile d\u2019olive<\/li><li>laitue iceberg<\/li><li>salade romaine<\/li><li>laitue lollo rosso<\/li><li>1 oignon rouge<\/li><li>1 citron vert<\/li><li>1 courgette<\/li><li>sucre glace<\/li><li>germes de tournesol<\/li><li>sel de mer<\/li><\/ul>\n\n\n\n<p><a href=\"https:\/\/watch.myzen.tv\/content\/7f6b275c-2ec3-453d-9329-02d2d789d6a1\" target=\"_blank\" rel=\"noreferrer noopener\">Voir la suite de la recette<\/a>. <\/p>\n\n\n\n<h2 class=\"wp-block-heading\">Pour la salade de poireaux et sa sauce aux anchois<\/h2>\n\n\n\n<div class=\"wp-block-image\"><figure class=\"aligncenter size-large\"><img loading=\"lazy\" decoding=\"async\" width=\"1024\" height=\"576\" src=\"https:\/\/www.myzen.tv\/wp-content\/uploads\/2021\/06\/saladeria_-_salad_with_leek_and_anchovy_sauce-1-1024x576.jpg\" alt=\"\" class=\"wp-image-1656219\" srcset=\"https:\/\/www.myzen.tv\/wp-content\/uploads\/2021\/06\/saladeria_-_salad_with_leek_and_anchovy_sauce-1-1024x576.jpg 1024w, https:\/\/www.myzen.tv\/wp-content\/uploads\/2021\/06\/saladeria_-_salad_with_leek_and_anchovy_sauce-1-300x169.jpg 300w, https:\/\/www.myzen.tv\/wp-content\/uploads\/2021\/06\/saladeria_-_salad_with_leek_and_anchovy_sauce-1-768x432.jpg 768w, https:\/\/www.myzen.tv\/wp-content\/uploads\/2021\/06\/saladeria_-_salad_with_leek_and_anchovy_sauce-1-1536x864.jpg 1536w, https:\/\/www.myzen.tv\/wp-content\/uploads\/2021\/06\/saladeria_-_salad_with_leek_and_anchovy_sauce-1-320x180.jpg 320w, https:\/\/www.myzen.tv\/wp-content\/uploads\/2021\/06\/saladeria_-_salad_with_leek_and_anchovy_sauce-1-235x132.jpg 235w, https:\/\/www.myzen.tv\/wp-content\/uploads\/2021\/06\/saladeria_-_salad_with_leek_and_anchovy_sauce-1.jpg 1920w\" sizes=\"auto, (max-width: 1024px) 100vw, 1024px\" \/><figcaption>\u00a9 Atlant Media Group<\/figcaption><\/figure><\/div>\n\n\n\n<ul class=\"liste-recette wp-block-list\"><li>miel<\/li><li>parmesan<\/li><li>anchois<\/li><li>pepperoni<\/li><li>laitue lollo bionda<\/li><li>noix<\/li><li>1 piment<\/li><li>huile d\u2019olive<\/li><li>6 tomates cerises<\/li><li>basilic<\/li><li>laitue lollo rosso<\/li><li>c\u00e9leri&nbsp;<\/li><li>1 citron<\/li><li>tahini<\/li><li>s\u00e9same<\/li><li>1 poireau<\/li><li>moutarde<\/li><li>grenade<\/li><li>roquette<\/li><li>huile de s\u00e9same<\/li><li>m\u00e2che<\/li><\/ul>\n\n\n\n<p><a href=\"https:\/\/watch.myzen.tv\/content\/f7c95b81-720d-48a9-a5c2-17ee99bb13ad\" target=\"_blank\" rel=\"noreferrer noopener\">Voir la suite de la recette<\/a>. <\/p>\n\n\n\n<h2 class=\"wp-block-heading\">Pour le mille-feuilles de moules en salade&nbsp;<\/h2>\n\n\n\n<div class=\"wp-block-image\"><figure class=\"aligncenter size-large\"><img loading=\"lazy\" decoding=\"async\" width=\"1024\" height=\"576\" src=\"https:\/\/www.myzen.tv\/wp-content\/uploads\/2021\/06\/saladeria_-_layered_mussels_salad-1-1024x576.jpg\" alt=\"\" class=\"wp-image-1656223\" srcset=\"https:\/\/www.myzen.tv\/wp-content\/uploads\/2021\/06\/saladeria_-_layered_mussels_salad-1-1024x576.jpg 1024w, https:\/\/www.myzen.tv\/wp-content\/uploads\/2021\/06\/saladeria_-_layered_mussels_salad-1-300x169.jpg 300w, https:\/\/www.myzen.tv\/wp-content\/uploads\/2021\/06\/saladeria_-_layered_mussels_salad-1-768x432.jpg 768w, https:\/\/www.myzen.tv\/wp-content\/uploads\/2021\/06\/saladeria_-_layered_mussels_salad-1-1536x864.jpg 1536w, https:\/\/www.myzen.tv\/wp-content\/uploads\/2021\/06\/saladeria_-_layered_mussels_salad-1-320x180.jpg 320w, https:\/\/www.myzen.tv\/wp-content\/uploads\/2021\/06\/saladeria_-_layered_mussels_salad-1-235x132.jpg 235w, https:\/\/www.myzen.tv\/wp-content\/uploads\/2021\/06\/saladeria_-_layered_mussels_salad-1.jpg 1920w\" sizes=\"auto, (max-width: 1024px) 100vw, 1024px\" \/><figcaption>\u00a9 Atlant Media Group<\/figcaption><\/figure><\/div>\n\n\n\n<ul class=\"liste-recette wp-block-list\"><li>1 oeuf dur<\/li><li>miel<\/li><li>tomme fum\u00e9e<\/li><li>sel de mer<\/li><li>1 tomate<\/li><li>huile d\u2019olive<\/li><li>1 jaune d\u2019oeuf<\/li><li>persil<\/li><li>aneth<\/li><li>ma\u00efs en conserve<\/li><li>vinaigre de vin blanc<\/li><li>poivre<\/li><li>moutarde<\/li><li>moules<\/li><li>tahini<\/li><\/ul>\n\n\n\n<p><a href=\"https:\/\/watch.myzen.tv\/content\/784f8fe1-e5f4-46b3-9a40-b17ecf6c8d2d\" target=\"_blank\" rel=\"noreferrer noopener\">Voir la suite de la recette<\/a>. <\/p>\n\n\n\n<h2 class=\"wp-block-heading\">Pour la salade de saumon au guacamole<\/h2>\n\n\n\n<div class=\"wp-block-image\"><figure class=\"aligncenter size-large\"><img loading=\"lazy\" decoding=\"async\" width=\"1024\" height=\"576\" src=\"https:\/\/www.myzen.tv\/wp-content\/uploads\/2021\/06\/saladeria_-_salad_with_guacamole_and_salmon-1-1024x576.jpg\" alt=\"\" class=\"wp-image-1656227\" srcset=\"https:\/\/www.myzen.tv\/wp-content\/uploads\/2021\/06\/saladeria_-_salad_with_guacamole_and_salmon-1-1024x576.jpg 1024w, https:\/\/www.myzen.tv\/wp-content\/uploads\/2021\/06\/saladeria_-_salad_with_guacamole_and_salmon-1-300x169.jpg 300w, https:\/\/www.myzen.tv\/wp-content\/uploads\/2021\/06\/saladeria_-_salad_with_guacamole_and_salmon-1-768x432.jpg 768w, https:\/\/www.myzen.tv\/wp-content\/uploads\/2021\/06\/saladeria_-_salad_with_guacamole_and_salmon-1-1536x864.jpg 1536w, https:\/\/www.myzen.tv\/wp-content\/uploads\/2021\/06\/saladeria_-_salad_with_guacamole_and_salmon-1-320x180.jpg 320w, https:\/\/www.myzen.tv\/wp-content\/uploads\/2021\/06\/saladeria_-_salad_with_guacamole_and_salmon-1-235x132.jpg 235w, https:\/\/www.myzen.tv\/wp-content\/uploads\/2021\/06\/saladeria_-_salad_with_guacamole_and_salmon-1.jpg 1920w\" sizes=\"auto, (max-width: 1024px) 100vw, 1024px\" \/><figcaption>\u00a9 Atlant Media Group<\/figcaption><\/figure><\/div>\n\n\n\n<ul class=\"liste-recette wp-block-list\"><li>tomates s\u00e9ch\u00e9es<\/li><li>1 oignon rouge<\/li><li>saumon<\/li><li>salade fris\u00e9e<\/li><li>1 avocat<\/li><li>c\u00e2pres<\/li><li>huile d\u2019olive<\/li><li>pousses de lin<\/li><li>1 citron<\/li><li>sel de mer&nbsp;<\/li><li>1 piment<\/li><li>1 citron vert<\/li><li>sauce de poisson<\/li><\/ul>\n\n\n\n<p><a href=\"https:\/\/watch.myzen.tv\/content\/80b0477f-6bfa-490f-acb4-de14d5fb93a2\" target=\"_blank\" rel=\"noreferrer noopener\">Voir la suite de la recette<\/a>. <\/p>\n\n\n\n<p>Vous l\u2019aurez remarqu\u00e9, de nombreuses recettes ont des ingr\u00e9dients en commun, MyZen TV fait d\u2019une pierre deux coups pour vous faciliter les courses ! D\u2019ailleurs, vous pouvez pr\u00e9parer ces recettes en une seule fois, selon le principe du <a href=\"https:\/\/www.myzen.tv\/fr\/le-batch-cooking\/\" target=\"_blank\" rel=\"noreferrer noopener\">batch cooking<\/a>. <\/p>\n\n\n\n<p>Retrouvez \u00e9galement les recettes de la semaine pr\u00e9c\u00e9dente pr\u00e9sentes sur notre <a href=\"https:\/\/watch.myzen.tv\/smartlists\/b79e5358-60f9-46a2-8d98-3e5d33afa131\" target=\"_blank\" rel=\"noreferrer noopener\">plateforme de streaming <\/a>!<\/p>\n","protected":false},"excerpt":{"rendered":"<p>Chaque semaine, MyZen TV vous propose une recette healthy par jour sur sa plateforme de streaming. Chaque lundi, retrouvez la liste de courses sp\u00e9cifique \u00e0 chaque recette. Cette semaine, nous vous proposons les recettes suivantes sur le th\u00e8me de la mer : Salade de la mer aux agrumes Salade de saumon et sa sauce au [&hellip;]<\/p>\n","protected":false},"author":5,"featured_media":1656209,"comment_status":"closed","ping_status":"closed","sticky":false,"template":"","format":"standard","meta":{"episode_type":"","audio_file":"","cover_image":"","cover_image_id":"","duration":"","filesize":"","date_recorded":"","explicit":"","block":"","itunes_episode_number":"","itunes_title":"","itunes_season_number":"","itunes_episode_type":"","filesize_raw":"","footnotes":""},"categories":[16],"tags":[187,457,203,229,456,189],"group":[314],"support":[],"class_list":["post-1656207","post","type-post","status-publish","format-standard","has-post-thumbnail","hentry","category-a-la-une","tag-cuisine","tag-cuisine-saine","tag-nutrition","tag-recette","tag-recettes-healthy","tag-salade","group-cuisine"],"yoast_head":"<!-- This site is optimized with the Yoast SEO plugin v24.0 - https:\/\/yoast.com\/wordpress\/plugins\/seo\/ -->\n<title>Les recettes de la semaine - du 14 au 18 juin - MyZen TV<\/title>\n<meta name=\"robots\" content=\"index, follow, max-snippet:-1, max-image-preview:large, max-video-preview:-1\" \/>\n<link rel=\"canonical\" href=\"https:\/\/www.myzen.tv\/fr\/les-recettes-de-la-semaine-du-14-au-18-juin\/\" \/>\n<meta property=\"og:locale\" content=\"fr_FR\" \/>\n<meta property=\"og:type\" content=\"article\" \/>\n<meta property=\"og:title\" content=\"Les recettes de la semaine - du 14 au 18 juin - MyZen TV\" \/>\n<meta property=\"og:description\" content=\"Chaque semaine, MyZen TV vous propose une recette healthy par jour sur sa plateforme de streaming. Chaque lundi, retrouvez la liste de courses sp\u00e9cifique \u00e0 chaque recette. Cette semaine, nous vous proposons les recettes suivantes sur le th\u00e8me de la mer : Salade de la mer aux agrumes Salade de saumon et sa sauce au [&hellip;]\" \/>\n<meta property=\"og:url\" content=\"https:\/\/www.myzen.tv\/fr\/les-recettes-de-la-semaine-du-14-au-18-juin\/\" \/>\n<meta property=\"og:site_name\" content=\"MyZen TV\" \/>\n<meta property=\"article:publisher\" content=\"https:\/\/www.facebook.com\/myzen.tv.fr\/\" \/>\n<meta property=\"article:published_time\" content=\"2021-06-14T07:00:00+00:00\" \/>\n<meta property=\"article:modified_time\" content=\"2021-06-08T09:27:53+00:00\" \/>\n<meta property=\"og:image\" content=\"https:\/\/www.myzen.tv\/wp-content\/uploads\/2021\/06\/saladeria_-_salad_with_salmon_and_ginger_sauce.jpg\" \/>\n\t<meta property=\"og:image:width\" content=\"1920\" \/>\n\t<meta property=\"og:image:height\" content=\"1080\" \/>\n\t<meta property=\"og:image:type\" content=\"image\/jpeg\" \/>\n<meta name=\"author\" content=\"Coline Lehembre\" \/>\n<meta name=\"twitter:card\" content=\"summary_large_image\" \/>\n<meta name=\"twitter:label1\" content=\"\u00c9crit par\" \/>\n\t<meta name=\"twitter:data1\" content=\"Coline Lehembre\" \/>\n\t<meta name=\"twitter:label2\" content=\"Dur\u00e9e de lecture estim\u00e9e\" \/>\n\t<meta name=\"twitter:data2\" content=\"3 minutes\" \/>\n<!-- \/ Yoast SEO plugin. -->","yoast_head_json":{"title":"Les recettes de la semaine - du 14 au 18 juin - MyZen TV","robots":{"index":"index","follow":"follow","max-snippet":"max-snippet:-1","max-image-preview":"max-image-preview:large","max-video-preview":"max-video-preview:-1"},"canonical":"https:\/\/www.myzen.tv\/fr\/les-recettes-de-la-semaine-du-14-au-18-juin\/","og_locale":"fr_FR","og_type":"article","og_title":"Les recettes de la semaine - du 14 au 18 juin - MyZen TV","og_description":"Chaque semaine, MyZen TV vous propose une recette healthy par jour sur sa plateforme de streaming. Chaque lundi, retrouvez la liste de courses sp\u00e9cifique \u00e0 chaque recette. Cette semaine, nous vous proposons les recettes suivantes sur le th\u00e8me de la mer : Salade de la mer aux agrumes Salade de saumon et sa sauce au [&hellip;]","og_url":"https:\/\/www.myzen.tv\/fr\/les-recettes-de-la-semaine-du-14-au-18-juin\/","og_site_name":"MyZen TV","article_publisher":"https:\/\/www.facebook.com\/myzen.tv.fr\/","article_published_time":"2021-06-14T07:00:00+00:00","article_modified_time":"2021-06-08T09:27:53+00:00","og_image":[{"width":1920,"height":1080,"url":"https:\/\/www.myzen.tv\/wp-content\/uploads\/2021\/06\/saladeria_-_salad_with_salmon_and_ginger_sauce.jpg","type":"image\/jpeg"}],"author":"Coline Lehembre","twitter_card":"summary_large_image","twitter_misc":{"\u00c9crit par":"Coline Lehembre","Dur\u00e9e de lecture estim\u00e9e":"3 minutes"},"schema":{"@context":"https:\/\/schema.org","@graph":[{"@type":"Article","@id":"https:\/\/www.myzen.tv\/fr\/les-recettes-de-la-semaine-du-14-au-18-juin\/#article","isPartOf":{"@id":"https:\/\/www.myzen.tv\/fr\/les-recettes-de-la-semaine-du-14-au-18-juin\/"},"author":{"name":"Coline Lehembre","@id":"https:\/\/www.myzen.tv\/fr\/#\/schema\/person\/7dd971c60a51df9ea643a930bef7d416"},"headline":"Les recettes de la semaine &#8211; du 14 au 18 juin","datePublished":"2021-06-14T07:00:00+00:00","dateModified":"2021-06-08T09:27:53+00:00","mainEntityOfPage":{"@id":"https:\/\/www.myzen.tv\/fr\/les-recettes-de-la-semaine-du-14-au-18-juin\/"},"wordCount":442,"publisher":{"@id":"https:\/\/www.myzen.tv\/fr\/#organization"},"image":{"@id":"https:\/\/www.myzen.tv\/fr\/les-recettes-de-la-semaine-du-14-au-18-juin\/#primaryimage"},"thumbnailUrl":"https:\/\/www.myzen.tv\/wp-content\/uploads\/2021\/06\/saladeria_-_salad_with_salmon_and_ginger_sauce.jpg","keywords":["cuisine","cuisine saine","nutrition","recette","recettes healthy","salade"],"articleSection":["A la une"],"inLanguage":"fr-FR"},{"@type":"WebPage","@id":"https:\/\/www.myzen.tv\/fr\/les-recettes-de-la-semaine-du-14-au-18-juin\/","url":"https:\/\/www.myzen.tv\/fr\/les-recettes-de-la-semaine-du-14-au-18-juin\/","name":"Les recettes de la semaine - du 14 au 18 juin - MyZen TV","isPartOf":{"@id":"https:\/\/www.myzen.tv\/fr\/#website"},"primaryImageOfPage":{"@id":"https:\/\/www.myzen.tv\/fr\/les-recettes-de-la-semaine-du-14-au-18-juin\/#primaryimage"},"image":{"@id":"https:\/\/www.myzen.tv\/fr\/les-recettes-de-la-semaine-du-14-au-18-juin\/#primaryimage"},"thumbnailUrl":"https:\/\/www.myzen.tv\/wp-content\/uploads\/2021\/06\/saladeria_-_salad_with_salmon_and_ginger_sauce.jpg","datePublished":"2021-06-14T07:00:00+00:00","dateModified":"2021-06-08T09:27:53+00:00","breadcrumb":{"@id":"https:\/\/www.myzen.tv\/fr\/les-recettes-de-la-semaine-du-14-au-18-juin\/#breadcrumb"},"inLanguage":"fr-FR","potentialAction":[{"@type":"ReadAction","target":["https:\/\/www.myzen.tv\/fr\/les-recettes-de-la-semaine-du-14-au-18-juin\/"]}]},{"@type":"ImageObject","inLanguage":"fr-FR","@id":"https:\/\/www.myzen.tv\/fr\/les-recettes-de-la-semaine-du-14-au-18-juin\/#primaryimage","url":"https:\/\/www.myzen.tv\/wp-content\/uploads\/2021\/06\/saladeria_-_salad_with_salmon_and_ginger_sauce.jpg","contentUrl":"https:\/\/www.myzen.tv\/wp-content\/uploads\/2021\/06\/saladeria_-_salad_with_salmon_and_ginger_sauce.jpg","width":1920,"height":1080},{"@type":"BreadcrumbList","@id":"https:\/\/www.myzen.tv\/fr\/les-recettes-de-la-semaine-du-14-au-18-juin\/#breadcrumb","itemListElement":[{"@type":"ListItem","position":1,"name":"Home","item":"https:\/\/www.myzen.tv\/fr\/"},{"@type":"ListItem","position":2,"name":"Cuisine","item":"https:\/\/www.myzen.tv\/fr\/theme\/cuisine\/"},{"@type":"ListItem","position":3,"name":"Les recettes de la semaine &#8211; du 14 au 18 juin"}]},{"@type":"WebSite","@id":"https:\/\/www.myzen.tv\/fr\/#website","url":"https:\/\/www.myzen.tv\/fr\/","name":"MyZen TV","description":"Your lifestyle and well-being channel","publisher":{"@id":"https:\/\/www.myzen.tv\/fr\/#organization"},"potentialAction":[{"@type":"SearchAction","target":{"@type":"EntryPoint","urlTemplate":"https:\/\/www.myzen.tv\/fr\/?s={search_term_string}"},"query-input":{"@type":"PropertyValueSpecification","valueRequired":true,"valueName":"search_term_string"}}],"inLanguage":"fr-FR"},{"@type":"Organization","@id":"https:\/\/www.myzen.tv\/fr\/#organization","name":"MyZen TV","url":"https:\/\/www.myzen.tv\/fr\/","logo":{"@type":"ImageObject","inLanguage":"fr-FR","@id":"https:\/\/www.myzen.tv\/fr\/#\/schema\/logo\/image\/","url":"https:\/\/www.myzen.tv\/wp-content\/uploads\/2021\/05\/cropped-ICON_MZtv-LOGO_firetv640-1-1.png","contentUrl":"https:\/\/www.myzen.tv\/wp-content\/uploads\/2021\/05\/cropped-ICON_MZtv-LOGO_firetv640-1-1.png","width":512,"height":512,"caption":"MyZen TV"},"image":{"@id":"https:\/\/www.myzen.tv\/fr\/#\/schema\/logo\/image\/"},"sameAs":["https:\/\/www.facebook.com\/myzen.tv.fr\/","https:\/\/www.instagram.com\/myzentv\/"]},{"@type":"Person","@id":"https:\/\/www.myzen.tv\/fr\/#\/schema\/person\/7dd971c60a51df9ea643a930bef7d416","name":"Coline Lehembre","url":"https:\/\/www.myzen.tv\/fr\/author\/lehembre\/"}]}},"_links":{"self":[{"href":"https:\/\/www.myzen.tv\/fr\/wp-json\/wp\/v2\/posts\/1656207","targetHints":{"allow":["GET"]}}],"collection":[{"href":"https:\/\/www.myzen.tv\/fr\/wp-json\/wp\/v2\/posts"}],"about":[{"href":"https:\/\/www.myzen.tv\/fr\/wp-json\/wp\/v2\/types\/post"}],"author":[{"embeddable":true,"href":"https:\/\/www.myzen.tv\/fr\/wp-json\/wp\/v2\/users\/5"}],"replies":[{"embeddable":true,"href":"https:\/\/www.myzen.tv\/fr\/wp-json\/wp\/v2\/comments?post=1656207"}],"version-history":[{"count":5,"href":"https:\/\/www.myzen.tv\/fr\/wp-json\/wp\/v2\/posts\/1656207\/revisions"}],"predecessor-version":[{"id":1656230,"href":"https:\/\/www.myzen.tv\/fr\/wp-json\/wp\/v2\/posts\/1656207\/revisions\/1656230"}],"wp:featuredmedia":[{"embeddable":true,"href":"https:\/\/www.myzen.tv\/fr\/wp-json\/wp\/v2\/media\/1656209"}],"wp:attachment":[{"href":"https:\/\/www.myzen.tv\/fr\/wp-json\/wp\/v2\/media?parent=1656207"}],"wp:term":[{"taxonomy":"category","embeddable":true,"href":"https:\/\/www.myzen.tv\/fr\/wp-json\/wp\/v2\/categories?post=1656207"},{"taxonomy":"post_tag","embeddable":true,"href":"https:\/\/www.myzen.tv\/fr\/wp-json\/wp\/v2\/tags?post=1656207"},{"taxonomy":"group","embeddable":true,"href":"https:\/\/www.myzen.tv\/fr\/wp-json\/wp\/v2\/group?post=1656207"},{"taxonomy":"support","embeddable":true,"href":"https:\/\/www.myzen.tv\/fr\/wp-json\/wp\/v2\/support?post=1656207"}],"curies":[{"name":"wp","href":"https:\/\/api.w.org\/{rel}","templated":true}]}}