{"id":1657152,"date":"2023-07-06T08:00:00","date_gmt":"2023-07-06T08:00:00","guid":{"rendered":"https:\/\/www.myzen.tv\/?p=1657152"},"modified":"2023-07-03T14:09:12","modified_gmt":"2023-07-03T14:09:12","slug":"comment-bien-choisir-sa-creme-solaire","status":"publish","type":"post","link":"https:\/\/www.myzen.tv\/fr\/comment-bien-choisir-sa-creme-solaire\/","title":{"rendered":"Comment bien choisir sa cr\u00e8me solaire ?"},"content":{"rendered":"\n<p>Indice de protection 50, 30 ou 20 ? C\u2019est la question que tous les Fran\u00e7ais se posent avant de partir en vacances cet \u00e9t\u00e9. <a href=\"https:\/\/www.myzen.tv\/fr\/\">MyZen TV<\/a> vous aide \u00e0 choisir la cr\u00e8me solaire qui s\u2019adapte le plus \u00e0 vos besoins.<\/p>\n\n\n\n<h2 class=\"wp-block-heading\">Attention aux UVC<\/h2>\n\n\n\n<p>Pas assez protectrice ou trop nocive pour la peau : <strong>quelle cr\u00e8me choisir <\/strong>? C\u2019est le d\u00e9bat qui revient tous les ans sur les plages ou dans les villes qui sont tr\u00e8s expos\u00e9es \u00e0 la chaleur. \u00c0 l\u2019approche de l\u2019\u00e9t\u00e9, on a tendance \u00e0 s\u2019enduire d\u2019huile de Tahiti ou de Mono\u00ef : mauvais choix.<strong> La cr\u00e8me solaire la plus efficace <\/strong>est bien s\u00fbr celle qui prot\u00e8ge contre les ultraviolets ! En effet, stopp\u00e9s par la couche d\u2019ozone, les UV-C (ultraviolets) ne traversent pas votre \u00e9piderme.<\/p>\n\n\n\n<p>Pour les enfants et les peaux fragiles, il est imp\u00e9ratif d\u2019appliquer un <strong>\u00e9cran total<\/strong> avec un facteur de protection solaire 50 (deux \u00e0 trois fois par jour). <\/p>\n\n\n\n<figure class=\"wp-block-image size-large\"><img loading=\"lazy\" decoding=\"async\" width=\"1024\" height=\"576\" src=\"https:\/\/www.myzen.tv\/wp-content\/uploads\/2023\/06\/Comment-bien-choisir-sa-cre\u0300me-solaire-_-1-1024x576.png\" alt=\"\" class=\"wp-image-1700609\" srcset=\"https:\/\/www.myzen.tv\/wp-content\/uploads\/2023\/06\/Comment-bien-choisir-sa-cre\u0300me-solaire-_-1-1024x576.png 1024w, https:\/\/www.myzen.tv\/wp-content\/uploads\/2023\/06\/Comment-bien-choisir-sa-cre\u0300me-solaire-_-1-300x169.png 300w, https:\/\/www.myzen.tv\/wp-content\/uploads\/2023\/06\/Comment-bien-choisir-sa-cre\u0300me-solaire-_-1-768x432.png 768w, https:\/\/www.myzen.tv\/wp-content\/uploads\/2023\/06\/Comment-bien-choisir-sa-cre\u0300me-solaire-_-1-1536x864.png 1536w, https:\/\/www.myzen.tv\/wp-content\/uploads\/2023\/06\/Comment-bien-choisir-sa-cre\u0300me-solaire-_-1-320x180.png 320w, https:\/\/www.myzen.tv\/wp-content\/uploads\/2023\/06\/Comment-bien-choisir-sa-cre\u0300me-solaire-_-1-235x132.png 235w, https:\/\/www.myzen.tv\/wp-content\/uploads\/2023\/06\/Comment-bien-choisir-sa-cre\u0300me-solaire-_-1-540x304.png 540w, https:\/\/www.myzen.tv\/wp-content\/uploads\/2023\/06\/Comment-bien-choisir-sa-cre\u0300me-solaire-_-1.png 1920w\" sizes=\"auto, (max-width: 1024px) 100vw, 1024px\" \/><\/figure>\n\n\n\n<h2 class=\"wp-block-heading\">Cr\u00e8me, huile ou spray ? <\/h2>\n\n\n\n<p>Pour les personnes souhaitant bronzer plus rapidement, <strong>l&rsquo;huile solaire<\/strong> peut \u00eatre votre nouvelle alli\u00e9e. Il y a quelques ann\u00e9es, celle-ci \u00e9tait contre-indiqu\u00e9e et pouvait provoquer des cancers de la peau. Aujourd&rsquo;hui, il existe des huiles solaires qui offrent une protection contre les UV et qui sont commercialis\u00e9es en pharmacie.<\/p>\n\n\n\n<p><strong>Les cr\u00e8mes en spray <\/strong>s\u00e9duisent \u00e9galement car elles permettent un dosage pr\u00e9cis de la cr\u00e8me sur votre peau. Cependant, il est important de noter qu&rsquo;elles ne sont malheureusement pas tr\u00e8s \u00e9cologiques.<\/p>\n\n\n\n<figure class=\"wp-block-image size-large\"><img loading=\"lazy\" decoding=\"async\" width=\"1024\" height=\"576\" src=\"https:\/\/www.myzen.tv\/wp-content\/uploads\/2023\/06\/Comment-bien-choisir-sa-cre\u0300me-solaire-_-1-2-1024x576.png\" alt=\"\" class=\"wp-image-1700613\" srcset=\"https:\/\/www.myzen.tv\/wp-content\/uploads\/2023\/06\/Comment-bien-choisir-sa-cre\u0300me-solaire-_-1-2-1024x576.png 1024w, https:\/\/www.myzen.tv\/wp-content\/uploads\/2023\/06\/Comment-bien-choisir-sa-cre\u0300me-solaire-_-1-2-300x169.png 300w, https:\/\/www.myzen.tv\/wp-content\/uploads\/2023\/06\/Comment-bien-choisir-sa-cre\u0300me-solaire-_-1-2-768x432.png 768w, https:\/\/www.myzen.tv\/wp-content\/uploads\/2023\/06\/Comment-bien-choisir-sa-cre\u0300me-solaire-_-1-2-1536x864.png 1536w, https:\/\/www.myzen.tv\/wp-content\/uploads\/2023\/06\/Comment-bien-choisir-sa-cre\u0300me-solaire-_-1-2-320x180.png 320w, https:\/\/www.myzen.tv\/wp-content\/uploads\/2023\/06\/Comment-bien-choisir-sa-cre\u0300me-solaire-_-1-2-235x132.png 235w, https:\/\/www.myzen.tv\/wp-content\/uploads\/2023\/06\/Comment-bien-choisir-sa-cre\u0300me-solaire-_-1-2-540x304.png 540w, https:\/\/www.myzen.tv\/wp-content\/uploads\/2023\/06\/Comment-bien-choisir-sa-cre\u0300me-solaire-_-1-2.png 1920w\" sizes=\"auto, (max-width: 1024px) 100vw, 1024px\" \/><\/figure>\n\n\n\n<h2 class=\"wp-block-heading\">Nos recommandations<\/h2>\n\n\n\n<p>En mati\u00e8re de protection, il est \u00e9galement important de faire attention aux produits que l&rsquo;on applique sur sa peau. Il est recommand\u00e9 d&rsquo;\u00e9viter les cr\u00e8mes avec une liste d&rsquo;ingr\u00e9dients trop longue. Il est pr\u00e9f\u00e9rable de privil\u00e9gier les produits vendus en pharmacies ou en grandes surfaces, car ils sont certifi\u00e9s et r\u00e9guli\u00e8rement contr\u00f4l\u00e9s.<\/p>\n\n\n\n<p>Enfin, n&rsquo;oubliez pas que la cr\u00e8me solaire doit \u00eatre trait\u00e9e comme tout autre produit cosm\u00e9tique. Il est important de la remplacer chaque ann\u00e9e afin de b\u00e9n\u00e9ficier de ses principes actifs.<\/p>\n\n\n\n<p>La r\u00e8gle d&rsquo;or est d&rsquo;utiliser une cr\u00e8me avec un indice de protection 30 minimum (l&rsquo;indice va d\u00e9pendre de votre type de peau) afin de <a href=\"https:\/\/www.myzen.tv\/fr\/5-astuces-pour-se-proteger-du-soleil-en-ete\/\">se prot\u00e9ger au mieux du soleil<\/a>.<\/p>\n\n\n\n<p>Pour plus d&rsquo;astuces bien-\u00eatre rendez-vous sur notre <a href=\"https:\/\/watch.myzen.tv\/\" target=\"_blank\" rel=\"noreferrer noopener\">plateforme de streaming<\/a>.<\/p>\n","protected":false},"excerpt":{"rendered":"<p>Indice de protection 50, 30 ou 20 ? C\u2019est la question que tous les Fran\u00e7ais se posent avant de partir en vacances cet \u00e9t\u00e9. MyZen TV vous aide \u00e0 choisir la cr\u00e8me solaire qui s\u2019adapte le plus \u00e0 vos besoins. Attention aux UVC Pas assez protectrice ou trop nocive pour la peau : quelle cr\u00e8me [&hellip;]<\/p>\n","protected":false},"author":4,"featured_media":1700611,"comment_status":"closed","ping_status":"closed","sticky":false,"template":"","format":"standard","meta":{"episode_type":"","audio_file":"","cover_image":"","cover_image_id":"","duration":"","filesize":"","date_recorded":"","explicit":"","block":"","itunes_episode_number":"","itunes_title":"","itunes_season_number":"","itunes_episode_type":"","filesize_raw":"","footnotes":""},"categories":[49],"tags":[513,525,522,524,521,523,509],"group":[319],"support":[],"class_list":["post-1657152","post","type-post","status-publish","format-standard","has-post-thumbnail","hentry","category-body-soul","tag-creme-solaire","tag-ecran-total","tag-huile-solaire","tag-indice-de-protection","tag-piscine","tag-plage","tag-soleil","group-bien-etre-sante"],"yoast_head":"<!-- This site is optimized with the Yoast SEO plugin v24.0 - https:\/\/yoast.com\/wordpress\/plugins\/seo\/ -->\n<title>Comment bien choisir sa cr\u00e8me solaire ? - MyZen TV<\/title>\n<meta name=\"description\" content=\"MyZen TV vous propose aujourd&#039;hui de vous aider \u00e0 trouver la cr\u00e8me solaire qui s\u2019adapte le plus \u00e0 vos besoins.\" \/>\n<meta name=\"robots\" content=\"index, follow, max-snippet:-1, max-image-preview:large, max-video-preview:-1\" \/>\n<link rel=\"canonical\" href=\"https:\/\/www.myzen.tv\/fr\/comment-bien-choisir-sa-creme-solaire\/\" \/>\n<meta property=\"og:locale\" content=\"fr_FR\" \/>\n<meta property=\"og:type\" content=\"article\" \/>\n<meta property=\"og:title\" content=\"Comment bien choisir sa cr\u00e8me solaire ? - MyZen TV\" \/>\n<meta property=\"og:description\" content=\"MyZen TV vous propose aujourd&#039;hui de vous aider \u00e0 trouver la cr\u00e8me solaire qui s\u2019adapte le plus \u00e0 vos besoins.\" \/>\n<meta property=\"og:url\" content=\"https:\/\/www.myzen.tv\/fr\/comment-bien-choisir-sa-creme-solaire\/\" \/>\n<meta property=\"og:site_name\" content=\"MyZen TV\" \/>\n<meta property=\"article:publisher\" content=\"https:\/\/www.facebook.com\/myzen.tv.fr\/\" \/>\n<meta property=\"article:published_time\" content=\"2023-07-06T08:00:00+00:00\" \/>\n<meta property=\"article:modified_time\" content=\"2023-07-03T14:09:12+00:00\" \/>\n<meta property=\"og:image\" content=\"https:\/\/www.myzen.tv\/wp-content\/uploads\/2021\/07\/Comment-bien-choisir-sa-cre\u0300me-solaire-_-1-1-1024x576.png\" \/>\n\t<meta property=\"og:image:width\" content=\"1024\" \/>\n\t<meta property=\"og:image:height\" content=\"576\" \/>\n\t<meta property=\"og:image:type\" content=\"image\/png\" \/>\n<meta name=\"author\" content=\"Lucas Wils\" \/>\n<meta name=\"twitter:card\" content=\"summary_large_image\" \/>\n<meta name=\"twitter:label1\" content=\"\u00c9crit par\" \/>\n\t<meta name=\"twitter:data1\" content=\"Lucas Wils\" \/>\n\t<meta name=\"twitter:label2\" content=\"Dur\u00e9e de lecture estim\u00e9e\" \/>\n\t<meta name=\"twitter:data2\" content=\"2 minutes\" \/>\n<!-- \/ Yoast SEO plugin. -->","yoast_head_json":{"title":"Comment bien choisir sa cr\u00e8me solaire ? - MyZen TV","description":"MyZen TV vous propose aujourd'hui de vous aider \u00e0 trouver la cr\u00e8me solaire qui s\u2019adapte le plus \u00e0 vos besoins.","robots":{"index":"index","follow":"follow","max-snippet":"max-snippet:-1","max-image-preview":"max-image-preview:large","max-video-preview":"max-video-preview:-1"},"canonical":"https:\/\/www.myzen.tv\/fr\/comment-bien-choisir-sa-creme-solaire\/","og_locale":"fr_FR","og_type":"article","og_title":"Comment bien choisir sa cr\u00e8me solaire ? - MyZen TV","og_description":"MyZen TV vous propose aujourd'hui de vous aider \u00e0 trouver la cr\u00e8me solaire qui s\u2019adapte le plus \u00e0 vos besoins.","og_url":"https:\/\/www.myzen.tv\/fr\/comment-bien-choisir-sa-creme-solaire\/","og_site_name":"MyZen TV","article_publisher":"https:\/\/www.facebook.com\/myzen.tv.fr\/","article_published_time":"2023-07-06T08:00:00+00:00","article_modified_time":"2023-07-03T14:09:12+00:00","og_image":[{"width":1024,"height":576,"url":"https:\/\/www.myzen.tv\/wp-content\/uploads\/2021\/07\/Comment-bien-choisir-sa-cre\u0300me-solaire-_-1-1-1024x576.png","type":"image\/png"}],"author":"Lucas Wils","twitter_card":"summary_large_image","twitter_misc":{"\u00c9crit par":"Lucas Wils","Dur\u00e9e de lecture estim\u00e9e":"2 minutes"},"schema":{"@context":"https:\/\/schema.org","@graph":[{"@type":"Article","@id":"https:\/\/www.myzen.tv\/fr\/comment-bien-choisir-sa-creme-solaire\/#article","isPartOf":{"@id":"https:\/\/www.myzen.tv\/fr\/comment-bien-choisir-sa-creme-solaire\/"},"author":{"name":"Lucas Wils","@id":"https:\/\/www.myzen.tv\/fr\/#\/schema\/person\/1bff4c7f0ebab22c92c47dcf62276ebd"},"headline":"Comment bien choisir sa cr\u00e8me solaire ?","datePublished":"2023-07-06T08:00:00+00:00","dateModified":"2023-07-03T14:09:12+00:00","mainEntityOfPage":{"@id":"https:\/\/www.myzen.tv\/fr\/comment-bien-choisir-sa-creme-solaire\/"},"wordCount":407,"publisher":{"@id":"https:\/\/www.myzen.tv\/fr\/#organization"},"image":{"@id":"https:\/\/www.myzen.tv\/fr\/comment-bien-choisir-sa-creme-solaire\/#primaryimage"},"thumbnailUrl":"https:\/\/www.myzen.tv\/wp-content\/uploads\/2021\/07\/Comment-bien-choisir-sa-cre\u0300me-solaire-_-1-1.png","keywords":["cr\u00e8me solaire","\u00e9cran total","huile solaire","indice de protection","piscine","plage","soleil"],"articleSection":["Body &amp; Soul"],"inLanguage":"fr-FR"},{"@type":"WebPage","@id":"https:\/\/www.myzen.tv\/fr\/comment-bien-choisir-sa-creme-solaire\/","url":"https:\/\/www.myzen.tv\/fr\/comment-bien-choisir-sa-creme-solaire\/","name":"Comment bien choisir sa cr\u00e8me solaire ? - MyZen TV","isPartOf":{"@id":"https:\/\/www.myzen.tv\/fr\/#website"},"primaryImageOfPage":{"@id":"https:\/\/www.myzen.tv\/fr\/comment-bien-choisir-sa-creme-solaire\/#primaryimage"},"image":{"@id":"https:\/\/www.myzen.tv\/fr\/comment-bien-choisir-sa-creme-solaire\/#primaryimage"},"thumbnailUrl":"https:\/\/www.myzen.tv\/wp-content\/uploads\/2021\/07\/Comment-bien-choisir-sa-cre\u0300me-solaire-_-1-1.png","datePublished":"2023-07-06T08:00:00+00:00","dateModified":"2023-07-03T14:09:12+00:00","description":"MyZen TV vous propose aujourd'hui de vous aider \u00e0 trouver la cr\u00e8me solaire qui s\u2019adapte le plus \u00e0 vos besoins.","breadcrumb":{"@id":"https:\/\/www.myzen.tv\/fr\/comment-bien-choisir-sa-creme-solaire\/#breadcrumb"},"inLanguage":"fr-FR","potentialAction":[{"@type":"ReadAction","target":["https:\/\/www.myzen.tv\/fr\/comment-bien-choisir-sa-creme-solaire\/"]}]},{"@type":"ImageObject","inLanguage":"fr-FR","@id":"https:\/\/www.myzen.tv\/fr\/comment-bien-choisir-sa-creme-solaire\/#primaryimage","url":"https:\/\/www.myzen.tv\/wp-content\/uploads\/2021\/07\/Comment-bien-choisir-sa-cre\u0300me-solaire-_-1-1.png","contentUrl":"https:\/\/www.myzen.tv\/wp-content\/uploads\/2021\/07\/Comment-bien-choisir-sa-cre\u0300me-solaire-_-1-1.png","width":1920,"height":1080,"caption":"Comment bien choisir sa cr\u00e8me solaire ?"},{"@type":"BreadcrumbList","@id":"https:\/\/www.myzen.tv\/fr\/comment-bien-choisir-sa-creme-solaire\/#breadcrumb","itemListElement":[{"@type":"ListItem","position":1,"name":"Home","item":"https:\/\/www.myzen.tv\/fr\/"},{"@type":"ListItem","position":2,"name":"Bien-\u00eatre et sant\u00e9","item":"https:\/\/www.myzen.tv\/fr\/theme\/bien-etre-sante\/"},{"@type":"ListItem","position":3,"name":"Comment bien choisir sa cr\u00e8me solaire ?"}]},{"@type":"WebSite","@id":"https:\/\/www.myzen.tv\/fr\/#website","url":"https:\/\/www.myzen.tv\/fr\/","name":"MyZen TV","description":"Your lifestyle and well-being channel","publisher":{"@id":"https:\/\/www.myzen.tv\/fr\/#organization"},"potentialAction":[{"@type":"SearchAction","target":{"@type":"EntryPoint","urlTemplate":"https:\/\/www.myzen.tv\/fr\/?s={search_term_string}"},"query-input":{"@type":"PropertyValueSpecification","valueRequired":true,"valueName":"search_term_string"}}],"inLanguage":"fr-FR"},{"@type":"Organization","@id":"https:\/\/www.myzen.tv\/fr\/#organization","name":"MyZen TV","url":"https:\/\/www.myzen.tv\/fr\/","logo":{"@type":"ImageObject","inLanguage":"fr-FR","@id":"https:\/\/www.myzen.tv\/fr\/#\/schema\/logo\/image\/","url":"https:\/\/www.myzen.tv\/wp-content\/uploads\/2021\/05\/cropped-ICON_MZtv-LOGO_firetv640-1-1.png","contentUrl":"https:\/\/www.myzen.tv\/wp-content\/uploads\/2021\/05\/cropped-ICON_MZtv-LOGO_firetv640-1-1.png","width":512,"height":512,"caption":"MyZen TV"},"image":{"@id":"https:\/\/www.myzen.tv\/fr\/#\/schema\/logo\/image\/"},"sameAs":["https:\/\/www.facebook.com\/myzen.tv.fr\/","https:\/\/www.instagram.com\/myzentv\/"]},{"@type":"Person","@id":"https:\/\/www.myzen.tv\/fr\/#\/schema\/person\/1bff4c7f0ebab22c92c47dcf62276ebd","name":"Lucas Wils","url":"https:\/\/www.myzen.tv\/fr\/author\/wils\/"}]}},"_links":{"self":[{"href":"https:\/\/www.myzen.tv\/fr\/wp-json\/wp\/v2\/posts\/1657152","targetHints":{"allow":["GET"]}}],"collection":[{"href":"https:\/\/www.myzen.tv\/fr\/wp-json\/wp\/v2\/posts"}],"about":[{"href":"https:\/\/www.myzen.tv\/fr\/wp-json\/wp\/v2\/types\/post"}],"author":[{"embeddable":true,"href":"https:\/\/www.myzen.tv\/fr\/wp-json\/wp\/v2\/users\/4"}],"replies":[{"embeddable":true,"href":"https:\/\/www.myzen.tv\/fr\/wp-json\/wp\/v2\/comments?post=1657152"}],"version-history":[{"count":9,"href":"https:\/\/www.myzen.tv\/fr\/wp-json\/wp\/v2\/posts\/1657152\/revisions"}],"predecessor-version":[{"id":1700721,"href":"https:\/\/www.myzen.tv\/fr\/wp-json\/wp\/v2\/posts\/1657152\/revisions\/1700721"}],"wp:featuredmedia":[{"embeddable":true,"href":"https:\/\/www.myzen.tv\/fr\/wp-json\/wp\/v2\/media\/1700611"}],"wp:attachment":[{"href":"https:\/\/www.myzen.tv\/fr\/wp-json\/wp\/v2\/media?parent=1657152"}],"wp:term":[{"taxonomy":"category","embeddable":true,"href":"https:\/\/www.myzen.tv\/fr\/wp-json\/wp\/v2\/categories?post=1657152"},{"taxonomy":"post_tag","embeddable":true,"href":"https:\/\/www.myzen.tv\/fr\/wp-json\/wp\/v2\/tags?post=1657152"},{"taxonomy":"group","embeddable":true,"href":"https:\/\/www.myzen.tv\/fr\/wp-json\/wp\/v2\/group?post=1657152"},{"taxonomy":"support","embeddable":true,"href":"https:\/\/www.myzen.tv\/fr\/wp-json\/wp\/v2\/support?post=1657152"}],"curies":[{"name":"wp","href":"https:\/\/api.w.org\/{rel}","templated":true}]}}