{"id":1658267,"date":"2021-07-01T07:00:00","date_gmt":"2021-07-01T07:00:00","guid":{"rendered":"https:\/\/www.myzen.tv\/?p=1658267"},"modified":"2021-06-23T08:03:21","modified_gmt":"2021-06-23T08:03:21","slug":"cet-ete-partez-en-voyage-avec-myzen-tv","status":"publish","type":"post","link":"https:\/\/www.myzen.tv\/fr\/cet-ete-partez-en-voyage-avec-myzen-tv\/","title":{"rendered":"Cet \u00e9t\u00e9, partez en voyage avec MyZen TV !"},"content":{"rendered":"\n<p>Pr\u00eat(e)s pour un petit <strong>tour du monde<\/strong> sans quitter votre canap\u00e9 ?  D\u00e8s le 5 juillet d\u00e9couvrez au travers de nos \u00e9missions les plus belles <strong>destinations<\/strong> o\u00f9 il fait bon vivre ! Avec un jour, une destination, rien de plus simple.<\/p>\n\n\n\n<div class=\"wp-block-image\"><figure class=\"aligncenter size-large\"><img loading=\"lazy\" decoding=\"async\" width=\"1024\" height=\"601\" src=\"https:\/\/www.myzen.tv\/wp-content\/uploads\/2021\/06\/561C9874-F3C8-4430-BE14-A6CF65F35094-1024x601.jpeg\" alt=\"\" class=\"wp-image-1658270\" srcset=\"https:\/\/www.myzen.tv\/wp-content\/uploads\/2021\/06\/561C9874-F3C8-4430-BE14-A6CF65F35094-1024x601.jpeg 1024w, https:\/\/www.myzen.tv\/wp-content\/uploads\/2021\/06\/561C9874-F3C8-4430-BE14-A6CF65F35094-300x176.jpeg 300w, https:\/\/www.myzen.tv\/wp-content\/uploads\/2021\/06\/561C9874-F3C8-4430-BE14-A6CF65F35094-768x451.jpeg 768w, https:\/\/www.myzen.tv\/wp-content\/uploads\/2021\/06\/561C9874-F3C8-4430-BE14-A6CF65F35094-1536x902.jpeg 1536w, https:\/\/www.myzen.tv\/wp-content\/uploads\/2021\/06\/561C9874-F3C8-4430-BE14-A6CF65F35094-2048x1202.jpeg 2048w, https:\/\/www.myzen.tv\/wp-content\/uploads\/2021\/06\/561C9874-F3C8-4430-BE14-A6CF65F35094-320x188.jpeg 320w, https:\/\/www.myzen.tv\/wp-content\/uploads\/2021\/06\/561C9874-F3C8-4430-BE14-A6CF65F35094-235x138.jpeg 235w, https:\/\/www.myzen.tv\/wp-content\/uploads\/2021\/06\/561C9874-F3C8-4430-BE14-A6CF65F35094-540x317.jpeg 540w\" sizes=\"auto, (max-width: 1024px) 100vw, 1024px\" \/><figcaption>A young woman reading a book while sitting on a chair at the beachhttp:\/\/195.154.178.81\/DATA\/i_collage\/pu\/shoots\/805670.jpg<\/figcaption><\/figure><\/div>\n\n\n\n<p>Chaque lundi \u00e0 19h, retrouvez une programmation sp\u00e9ciale Am\u00e9rique avec <strong>MyZen Trendy<\/strong>, <strong>Posh Pescatarian<\/strong> et <strong>Enjoying Rio<\/strong>. Retour en Europe le mardi \u00e0 19h et plus pr\u00e9cis\u00e9ment en R\u00e9publique tch\u00e8que avec <strong>Herbarium<\/strong>, en Italie avec <strong>Italia Mia<\/strong>, en Angleterre avec <strong>Chelsea Garden<\/strong> et rendez-vous pour un tour d&rsquo;horizon \u00e9cologique de l&rsquo;Europe avec <strong>Echo-logis <\/strong>! Le mercredi, sautez dans l&rsquo;avion \u00e0 la d\u00e9couverte des plus belles r\u00e9gions de la plan\u00e8te : avec <strong>Dans tes Yeux<\/strong> et <strong>Food Relay<\/strong>, faites le pleins de culture et de saveurs. Destination soleil et plages paradisiaques le jeudi avec une programmation sp\u00e9ciale Oc\u00e9anie. Retrouvez <strong>Surfing the Menu<\/strong>, <strong>Destination Happiness<\/strong> et <strong>Dream Gardens<\/strong>. Terminez la semaine avec une destination pas des moindres puisqu&rsquo;il s&rsquo;agit de l&rsquo;Asie ! <strong>Tour de Chef<\/strong>, <strong>Explore TV<\/strong>, <strong>Glamping Adventures<\/strong> et <strong>My Zen People Saison 3<\/strong> : toutes ces \u00e9missions seront l\u00e0 pour \u00e9veiller vos sens et vos consciences lors d&rsquo;un voyage sur le plus grand continent du monde.<\/p>\n\n\n\n<div class=\"wp-block-image\"><figure class=\"aligncenter size-large\"><img loading=\"lazy\" decoding=\"async\" width=\"1024\" height=\"576\" src=\"https:\/\/www.myzen.tv\/wp-content\/uploads\/2021\/06\/3B225F14-043F-47DD-8154-D782C02008BE-1024x576.jpeg\" alt=\"\" class=\"wp-image-1658272\" srcset=\"https:\/\/www.myzen.tv\/wp-content\/uploads\/2021\/06\/3B225F14-043F-47DD-8154-D782C02008BE-1024x576.jpeg 1024w, https:\/\/www.myzen.tv\/wp-content\/uploads\/2021\/06\/3B225F14-043F-47DD-8154-D782C02008BE-300x169.jpeg 300w, https:\/\/www.myzen.tv\/wp-content\/uploads\/2021\/06\/3B225F14-043F-47DD-8154-D782C02008BE-768x432.jpeg 768w, https:\/\/www.myzen.tv\/wp-content\/uploads\/2021\/06\/3B225F14-043F-47DD-8154-D782C02008BE-1536x864.jpeg 1536w, https:\/\/www.myzen.tv\/wp-content\/uploads\/2021\/06\/3B225F14-043F-47DD-8154-D782C02008BE-320x180.jpeg 320w, https:\/\/www.myzen.tv\/wp-content\/uploads\/2021\/06\/3B225F14-043F-47DD-8154-D782C02008BE-235x132.jpeg 235w, https:\/\/www.myzen.tv\/wp-content\/uploads\/2021\/06\/3B225F14-043F-47DD-8154-D782C02008BE-540x304.jpeg 540w, https:\/\/www.myzen.tv\/wp-content\/uploads\/2021\/06\/3B225F14-043F-47DD-8154-D782C02008BE.jpeg 1920w\" sizes=\"auto, (max-width: 1024px) 100vw, 1024px\" \/><\/figure><\/div>\n\n\n\n<p>Apr\u00e8s une telle semaine de voyage, on m\u00e9riterait bien un bon weekend pour se reposer&#8230; Et non, c&rsquo;est loin d&rsquo;\u00eatre fini ! MyZen TV met les bouch\u00e9es doubles chaque weekend \u00e0 20h30 en vous proposant v\u00e9ritable un tour de monde. Avec <strong>Expat<\/strong> et <strong>Une famille \u00e0 l\u2019\u00e9cole du monde<\/strong>, d\u00e9couvrez la vie de citoyens du monde qui ne s&rsquo;encombrent pas de fronti\u00e8res immat\u00e9rielles pour s&rsquo;ouvrir aux autres. <\/p>\n\n\n\n<div class=\"wp-block-image\"><figure class=\"aligncenter size-large\"><img loading=\"lazy\" decoding=\"async\" width=\"1024\" height=\"682\" src=\"https:\/\/www.myzen.tv\/wp-content\/uploads\/2021\/06\/AFAAE509-AC90-4580-A041-41E7DDB70FE1-1024x682.jpeg\" alt=\"\" class=\"wp-image-1658274\" srcset=\"https:\/\/www.myzen.tv\/wp-content\/uploads\/2021\/06\/AFAAE509-AC90-4580-A041-41E7DDB70FE1-1024x682.jpeg 1024w, https:\/\/www.myzen.tv\/wp-content\/uploads\/2021\/06\/AFAAE509-AC90-4580-A041-41E7DDB70FE1-300x200.jpeg 300w, https:\/\/www.myzen.tv\/wp-content\/uploads\/2021\/06\/AFAAE509-AC90-4580-A041-41E7DDB70FE1-768x511.jpeg 768w, https:\/\/www.myzen.tv\/wp-content\/uploads\/2021\/06\/AFAAE509-AC90-4580-A041-41E7DDB70FE1-285x190.jpeg 285w, https:\/\/www.myzen.tv\/wp-content\/uploads\/2021\/06\/AFAAE509-AC90-4580-A041-41E7DDB70FE1-210x140.jpeg 210w, https:\/\/www.myzen.tv\/wp-content\/uploads\/2021\/06\/AFAAE509-AC90-4580-A041-41E7DDB70FE1-533x355.jpeg 533w, https:\/\/www.myzen.tv\/wp-content\/uploads\/2021\/06\/AFAAE509-AC90-4580-A041-41E7DDB70FE1.jpeg 1260w\" sizes=\"auto, (max-width: 1024px) 100vw, 1024px\" \/><\/figure><\/div>\n\n\n\n<p>Rendez-vous du lundi au vendredi \u00e0 19h (UTC +2) et le weekend \u00e0 20h30 (UTC +2) pour un tour du monde, sur MyZen TV !<\/p>\n","protected":false},"excerpt":{"rendered":"<p>Pr\u00eat(e)s pour un petit tour du monde sans quitter votre canap\u00e9 ? D\u00e8s le 5 juillet d\u00e9couvrez au travers de nos \u00e9missions les plus belles destinations o\u00f9 il fait bon vivre ! Avec un jour, une destination, rien de plus simple. Chaque lundi \u00e0 19h, retrouvez une programmation sp\u00e9ciale Am\u00e9rique avec MyZen Trendy, Posh Pescatarian [&hellip;]<\/p>\n","protected":false},"author":5,"featured_media":1658272,"comment_status":"closed","ping_status":"closed","sticky":false,"template":"","format":"standard","meta":{"episode_type":"","audio_file":"","cover_image":"","cover_image_id":"","duration":"","filesize":"","date_recorded":"","explicit":"","block":"","itunes_episode_number":"","itunes_title":"","itunes_season_number":"","itunes_episode_type":"","filesize_raw":"","footnotes":""},"categories":[16],"tags":[267,130,572,573,569,566,570,173,568,266,574,567,565,571,265],"group":[318],"support":[],"class_list":["post-1658267","post","type-post","status-publish","format-standard","has-post-thumbnail","hentry","category-a-la-une","tag-chelsea-garden-fr","tag-dans-tes-yeux","tag-destination-happiness","tag-dream-gardens","tag-echo-logis","tag-enjoying-rio","tag-food-relay","tag-glamping-adventures","tag-herbarium","tag-italia-mia-fr","tag-myzen-people","tag-myzen-trendy","tag-posh-pescatarian","tag-surfing-the-menu","tag-tour-de-chef-fr","group-voyage"],"yoast_head":"<!-- This site is optimized with the Yoast SEO plugin v24.0 - https:\/\/yoast.com\/wordpress\/plugins\/seo\/ -->\n<title>Cet \u00e9t\u00e9, partez en voyage avec MyZen TV ! - MyZen TV<\/title>\n<meta name=\"robots\" content=\"index, follow, max-snippet:-1, max-image-preview:large, max-video-preview:-1\" \/>\n<link rel=\"canonical\" href=\"https:\/\/www.myzen.tv\/fr\/cet-ete-partez-en-voyage-avec-myzen-tv\/\" \/>\n<meta property=\"og:locale\" content=\"fr_FR\" \/>\n<meta property=\"og:type\" content=\"article\" \/>\n<meta property=\"og:title\" content=\"Cet \u00e9t\u00e9, partez en voyage avec MyZen TV ! - MyZen TV\" \/>\n<meta property=\"og:description\" content=\"Pr\u00eat(e)s pour un petit tour du monde sans quitter votre canap\u00e9 ? D\u00e8s le 5 juillet d\u00e9couvrez au travers de nos \u00e9missions les plus belles destinations o\u00f9 il fait bon vivre ! Avec un jour, une destination, rien de plus simple. Chaque lundi \u00e0 19h, retrouvez une programmation sp\u00e9ciale Am\u00e9rique avec MyZen Trendy, Posh Pescatarian [&hellip;]\" \/>\n<meta property=\"og:url\" content=\"https:\/\/www.myzen.tv\/fr\/cet-ete-partez-en-voyage-avec-myzen-tv\/\" \/>\n<meta property=\"og:site_name\" content=\"MyZen TV\" \/>\n<meta property=\"article:publisher\" content=\"https:\/\/www.facebook.com\/myzen.tv.fr\/\" \/>\n<meta property=\"article:published_time\" content=\"2021-07-01T07:00:00+00:00\" \/>\n<meta property=\"article:modified_time\" content=\"2021-06-23T08:03:21+00:00\" \/>\n<meta property=\"og:image\" content=\"https:\/\/www.myzen.tv\/wp-content\/uploads\/2021\/06\/3B225F14-043F-47DD-8154-D782C02008BE.jpeg\" \/>\n\t<meta property=\"og:image:width\" content=\"1920\" \/>\n\t<meta property=\"og:image:height\" content=\"1080\" \/>\n\t<meta property=\"og:image:type\" content=\"image\/jpeg\" \/>\n<meta name=\"author\" content=\"Coline Lehembre\" \/>\n<meta name=\"twitter:card\" content=\"summary_large_image\" \/>\n<meta name=\"twitter:label1\" content=\"\u00c9crit par\" \/>\n\t<meta name=\"twitter:data1\" content=\"Coline Lehembre\" \/>\n\t<meta name=\"twitter:label2\" content=\"Dur\u00e9e de lecture estim\u00e9e\" \/>\n\t<meta name=\"twitter:data2\" content=\"2 minutes\" \/>\n<!-- \/ Yoast SEO plugin. -->","yoast_head_json":{"title":"Cet \u00e9t\u00e9, partez en voyage avec MyZen TV ! - MyZen TV","robots":{"index":"index","follow":"follow","max-snippet":"max-snippet:-1","max-image-preview":"max-image-preview:large","max-video-preview":"max-video-preview:-1"},"canonical":"https:\/\/www.myzen.tv\/fr\/cet-ete-partez-en-voyage-avec-myzen-tv\/","og_locale":"fr_FR","og_type":"article","og_title":"Cet \u00e9t\u00e9, partez en voyage avec MyZen TV ! - MyZen TV","og_description":"Pr\u00eat(e)s pour un petit tour du monde sans quitter votre canap\u00e9 ? D\u00e8s le 5 juillet d\u00e9couvrez au travers de nos \u00e9missions les plus belles destinations o\u00f9 il fait bon vivre ! Avec un jour, une destination, rien de plus simple. Chaque lundi \u00e0 19h, retrouvez une programmation sp\u00e9ciale Am\u00e9rique avec MyZen Trendy, Posh Pescatarian [&hellip;]","og_url":"https:\/\/www.myzen.tv\/fr\/cet-ete-partez-en-voyage-avec-myzen-tv\/","og_site_name":"MyZen TV","article_publisher":"https:\/\/www.facebook.com\/myzen.tv.fr\/","article_published_time":"2021-07-01T07:00:00+00:00","article_modified_time":"2021-06-23T08:03:21+00:00","og_image":[{"width":1920,"height":1080,"url":"https:\/\/www.myzen.tv\/wp-content\/uploads\/2021\/06\/3B225F14-043F-47DD-8154-D782C02008BE.jpeg","type":"image\/jpeg"}],"author":"Coline Lehembre","twitter_card":"summary_large_image","twitter_misc":{"\u00c9crit par":"Coline Lehembre","Dur\u00e9e de lecture estim\u00e9e":"2 minutes"},"schema":{"@context":"https:\/\/schema.org","@graph":[{"@type":"Article","@id":"https:\/\/www.myzen.tv\/fr\/cet-ete-partez-en-voyage-avec-myzen-tv\/#article","isPartOf":{"@id":"https:\/\/www.myzen.tv\/fr\/cet-ete-partez-en-voyage-avec-myzen-tv\/"},"author":{"name":"Coline Lehembre","@id":"https:\/\/www.myzen.tv\/fr\/#\/schema\/person\/7dd971c60a51df9ea643a930bef7d416"},"headline":"Cet \u00e9t\u00e9, partez en voyage avec MyZen TV !","datePublished":"2021-07-01T07:00:00+00:00","dateModified":"2021-06-23T08:03:21+00:00","mainEntityOfPage":{"@id":"https:\/\/www.myzen.tv\/fr\/cet-ete-partez-en-voyage-avec-myzen-tv\/"},"wordCount":323,"publisher":{"@id":"https:\/\/www.myzen.tv\/fr\/#organization"},"image":{"@id":"https:\/\/www.myzen.tv\/fr\/cet-ete-partez-en-voyage-avec-myzen-tv\/#primaryimage"},"thumbnailUrl":"https:\/\/www.myzen.tv\/wp-content\/uploads\/2021\/06\/3B225F14-043F-47DD-8154-D782C02008BE.jpeg","keywords":["Chelsea Garden","Dans tes yeux","Destination Happiness","Dream Gardens","Echo-logis","Enjoying Rio","Food Relay","glamping adventures","Herbarium","Italia Mia","MyZen People","MyZen Trendy","Posh Pescatarian","Surfing the Menu","tour de chef"],"articleSection":["A la une"],"inLanguage":"fr-FR"},{"@type":"WebPage","@id":"https:\/\/www.myzen.tv\/fr\/cet-ete-partez-en-voyage-avec-myzen-tv\/","url":"https:\/\/www.myzen.tv\/fr\/cet-ete-partez-en-voyage-avec-myzen-tv\/","name":"Cet \u00e9t\u00e9, partez en voyage avec MyZen TV ! - MyZen TV","isPartOf":{"@id":"https:\/\/www.myzen.tv\/fr\/#website"},"primaryImageOfPage":{"@id":"https:\/\/www.myzen.tv\/fr\/cet-ete-partez-en-voyage-avec-myzen-tv\/#primaryimage"},"image":{"@id":"https:\/\/www.myzen.tv\/fr\/cet-ete-partez-en-voyage-avec-myzen-tv\/#primaryimage"},"thumbnailUrl":"https:\/\/www.myzen.tv\/wp-content\/uploads\/2021\/06\/3B225F14-043F-47DD-8154-D782C02008BE.jpeg","datePublished":"2021-07-01T07:00:00+00:00","dateModified":"2021-06-23T08:03:21+00:00","breadcrumb":{"@id":"https:\/\/www.myzen.tv\/fr\/cet-ete-partez-en-voyage-avec-myzen-tv\/#breadcrumb"},"inLanguage":"fr-FR","potentialAction":[{"@type":"ReadAction","target":["https:\/\/www.myzen.tv\/fr\/cet-ete-partez-en-voyage-avec-myzen-tv\/"]}]},{"@type":"ImageObject","inLanguage":"fr-FR","@id":"https:\/\/www.myzen.tv\/fr\/cet-ete-partez-en-voyage-avec-myzen-tv\/#primaryimage","url":"https:\/\/www.myzen.tv\/wp-content\/uploads\/2021\/06\/3B225F14-043F-47DD-8154-D782C02008BE.jpeg","contentUrl":"https:\/\/www.myzen.tv\/wp-content\/uploads\/2021\/06\/3B225F14-043F-47DD-8154-D782C02008BE.jpeg","width":1920,"height":1080},{"@type":"BreadcrumbList","@id":"https:\/\/www.myzen.tv\/fr\/cet-ete-partez-en-voyage-avec-myzen-tv\/#breadcrumb","itemListElement":[{"@type":"ListItem","position":1,"name":"Home","item":"https:\/\/www.myzen.tv\/fr\/"},{"@type":"ListItem","position":2,"name":"Voyage","item":"https:\/\/www.myzen.tv\/fr\/theme\/voyage\/"},{"@type":"ListItem","position":3,"name":"Cet \u00e9t\u00e9, partez en voyage avec MyZen TV !"}]},{"@type":"WebSite","@id":"https:\/\/www.myzen.tv\/fr\/#website","url":"https:\/\/www.myzen.tv\/fr\/","name":"MyZen TV","description":"Your lifestyle and well-being channel","publisher":{"@id":"https:\/\/www.myzen.tv\/fr\/#organization"},"potentialAction":[{"@type":"SearchAction","target":{"@type":"EntryPoint","urlTemplate":"https:\/\/www.myzen.tv\/fr\/?s={search_term_string}"},"query-input":{"@type":"PropertyValueSpecification","valueRequired":true,"valueName":"search_term_string"}}],"inLanguage":"fr-FR"},{"@type":"Organization","@id":"https:\/\/www.myzen.tv\/fr\/#organization","name":"MyZen TV","url":"https:\/\/www.myzen.tv\/fr\/","logo":{"@type":"ImageObject","inLanguage":"fr-FR","@id":"https:\/\/www.myzen.tv\/fr\/#\/schema\/logo\/image\/","url":"https:\/\/www.myzen.tv\/wp-content\/uploads\/2021\/05\/cropped-ICON_MZtv-LOGO_firetv640-1-1.png","contentUrl":"https:\/\/www.myzen.tv\/wp-content\/uploads\/2021\/05\/cropped-ICON_MZtv-LOGO_firetv640-1-1.png","width":512,"height":512,"caption":"MyZen TV"},"image":{"@id":"https:\/\/www.myzen.tv\/fr\/#\/schema\/logo\/image\/"},"sameAs":["https:\/\/www.facebook.com\/myzen.tv.fr\/","https:\/\/www.instagram.com\/myzentv\/"]},{"@type":"Person","@id":"https:\/\/www.myzen.tv\/fr\/#\/schema\/person\/7dd971c60a51df9ea643a930bef7d416","name":"Coline Lehembre","url":"https:\/\/www.myzen.tv\/fr\/author\/lehembre\/"}]}},"_links":{"self":[{"href":"https:\/\/www.myzen.tv\/fr\/wp-json\/wp\/v2\/posts\/1658267","targetHints":{"allow":["GET"]}}],"collection":[{"href":"https:\/\/www.myzen.tv\/fr\/wp-json\/wp\/v2\/posts"}],"about":[{"href":"https:\/\/www.myzen.tv\/fr\/wp-json\/wp\/v2\/types\/post"}],"author":[{"embeddable":true,"href":"https:\/\/www.myzen.tv\/fr\/wp-json\/wp\/v2\/users\/5"}],"replies":[{"embeddable":true,"href":"https:\/\/www.myzen.tv\/fr\/wp-json\/wp\/v2\/comments?post=1658267"}],"version-history":[{"count":3,"href":"https:\/\/www.myzen.tv\/fr\/wp-json\/wp\/v2\/posts\/1658267\/revisions"}],"predecessor-version":[{"id":1658276,"href":"https:\/\/www.myzen.tv\/fr\/wp-json\/wp\/v2\/posts\/1658267\/revisions\/1658276"}],"wp:featuredmedia":[{"embeddable":true,"href":"https:\/\/www.myzen.tv\/fr\/wp-json\/wp\/v2\/media\/1658272"}],"wp:attachment":[{"href":"https:\/\/www.myzen.tv\/fr\/wp-json\/wp\/v2\/media?parent=1658267"}],"wp:term":[{"taxonomy":"category","embeddable":true,"href":"https:\/\/www.myzen.tv\/fr\/wp-json\/wp\/v2\/categories?post=1658267"},{"taxonomy":"post_tag","embeddable":true,"href":"https:\/\/www.myzen.tv\/fr\/wp-json\/wp\/v2\/tags?post=1658267"},{"taxonomy":"group","embeddable":true,"href":"https:\/\/www.myzen.tv\/fr\/wp-json\/wp\/v2\/group?post=1658267"},{"taxonomy":"support","embeddable":true,"href":"https:\/\/www.myzen.tv\/fr\/wp-json\/wp\/v2\/support?post=1658267"}],"curies":[{"name":"wp","href":"https:\/\/api.w.org\/{rel}","templated":true}]}}