{"id":1674242,"date":"2021-09-08T05:00:00","date_gmt":"2021-09-08T05:00:00","guid":{"rendered":"https:\/\/www.myzen.tv\/?p=1674242"},"modified":"2022-06-16T09:58:55","modified_gmt":"2022-06-16T09:58:55","slug":"les-fruits-et-les-legumes-de-septembre","status":"publish","type":"post","link":"https:\/\/www.myzen.tv\/fr\/les-fruits-et-les-legumes-de-septembre\/","title":{"rendered":"Les fruits et les l\u00e9gumes de septembre"},"content":{"rendered":"\n<p>Il est important de bien conna\u00eetre ses besoins en <strong>alimentation<\/strong>, avec un choix de l\u00e9gumes et fruits vari\u00e9s. MyZen TV vous propose de d\u00e9couvrir <strong>les fruits et l\u00e9gumes<\/strong> \u00e0 d\u00e9guster dans ce mois de transition post-estival.<\/p>\n\n\n\n<h2 class=\"wp-block-heading\"><strong>Les fruits de septembre<\/strong><\/h2>\n\n\n\n\n\n<p>Voici une liste non-exhaustive de fruits \u00e0 pr\u00e9parer selon vos go\u00fbts et vos envies&nbsp;:<\/p>\n\n\n\n<ul class=\"liste-recette wp-block-list\"><li>Coing<\/li><li>Figue<\/li><li>Framboise<\/li><li>Kiwi<\/li><li>Mandarine<\/li><li>Myrtille<\/li><li>Pomme<\/li><li>Poire<\/li><li>Prune<\/li><li>Raisin<\/li><li>Tomate<\/li><\/ul>\n\n\n\n<h2 class=\"wp-block-heading\"><strong>Les l\u00e9gumes de septembre<\/strong><\/h2>\n\n\n\n<div class=\"wp-block-image\"><figure class=\"aligncenter size-large\"><img loading=\"lazy\" decoding=\"async\" width=\"1024\" height=\"683\" src=\"https:\/\/www.myzen.tv\/wp-content\/uploads\/2021\/09\/alexandr-dzyuba-fshBwBD1uCY-unsplash-1024x683.jpg\" alt=\"\" class=\"wp-image-1674247\" srcset=\"https:\/\/www.myzen.tv\/wp-content\/uploads\/2021\/09\/alexandr-dzyuba-fshBwBD1uCY-unsplash-1024x683.jpg 1024w, https:\/\/www.myzen.tv\/wp-content\/uploads\/2021\/09\/alexandr-dzyuba-fshBwBD1uCY-unsplash-300x200.jpg 300w, https:\/\/www.myzen.tv\/wp-content\/uploads\/2021\/09\/alexandr-dzyuba-fshBwBD1uCY-unsplash-768x512.jpg 768w, https:\/\/www.myzen.tv\/wp-content\/uploads\/2021\/09\/alexandr-dzyuba-fshBwBD1uCY-unsplash-1536x1024.jpg 1536w, https:\/\/www.myzen.tv\/wp-content\/uploads\/2021\/09\/alexandr-dzyuba-fshBwBD1uCY-unsplash-2048x1365.jpg 2048w, https:\/\/www.myzen.tv\/wp-content\/uploads\/2021\/09\/alexandr-dzyuba-fshBwBD1uCY-unsplash-285x190.jpg 285w, https:\/\/www.myzen.tv\/wp-content\/uploads\/2021\/09\/alexandr-dzyuba-fshBwBD1uCY-unsplash-210x140.jpg 210w, https:\/\/www.myzen.tv\/wp-content\/uploads\/2021\/09\/alexandr-dzyuba-fshBwBD1uCY-unsplash-533x355.jpg 533w\" sizes=\"auto, (max-width: 1024px) 100vw, 1024px\" \/><\/figure><\/div>\n\n\n\n<p>Si les salades sont mises en avant pendant l\u2019\u00e9t\u00e9, les soupes de l\u00e9gumes sont les stars de l\u2019<strong>automne<\/strong>&nbsp;! Voici les l\u00e9gumes de septembre&nbsp;:<\/p>\n\n\n\n<ul class=\"liste-recette wp-block-list\"><li>Betterave<\/li><li>Brocoli<\/li><li>Carotte<\/li><li>Chou<\/li><li>Pomme de terre<\/li><li>C\u00e9leri<\/li><li>Champignon de Paris<\/li><li>Potiron<\/li><li>\u00c9pinard<\/li><li>Poireau<\/li><li>Citrouille<\/li><li>Topinambour<\/li><li>Radis<\/li><li>C\u00e8pe<\/li><li>Fenouil<\/li><\/ul>\n\n\n\n<p>Et si vous n&rsquo;avez pas d&rsquo;id\u00e9es de recettes \u00e0 r\u00e9aliser avec tous ces beaux fruits et l\u00e9gumes, venez vous inspirer sur notre&nbsp;<a href=\"https:\/\/watch.myzen.tv\/\" target=\"_blank\" rel=\"noreferrer noopener\">plateforme de streaming MyZen TV<\/a>.<\/p>\n","protected":false},"excerpt":{"rendered":"<p>Il est important de bien conna\u00eetre ses besoins en alimentation, avec un choix de l\u00e9gumes et fruits vari\u00e9s. MyZen TV vous propose de d\u00e9couvrir les fruits et l\u00e9gumes \u00e0 d\u00e9guster dans ce mois de transition post-estival. Les fruits de septembre Voici une liste non-exhaustive de fruits \u00e0 pr\u00e9parer selon vos go\u00fbts et vos envies&nbsp;: Coing [&hellip;]<\/p>\n","protected":false},"author":4,"featured_media":1674246,"comment_status":"closed","ping_status":"closed","sticky":false,"template":"","format":"standard","meta":{"episode_type":"audio","audio_file":"","cover_image":"","cover_image_id":"","duration":"","filesize":"","date_recorded":"","explicit":"","block":"","itunes_episode_number":"","itunes_title":"","itunes_season_number":"","itunes_episode_type":"","filesize_raw":"","footnotes":""},"categories":[9],"tags":[689,695,692,694,137,696,691,110,111,206,690],"group":[],"support":[],"class_list":["post-1674242","post","type-post","status-publish","format-standard","has-post-thumbnail","hentry","category-body-and-soul","tag-automne","tag-champignon","tag-chataigne","tag-chou","tag-environnement","tag-epinard","tag-feuilles","tag-fruits","tag-legumes","tag-produits-bio","tag-septembre"],"yoast_head":"<!-- This site is optimized with the Yoast SEO plugin v24.0 - https:\/\/yoast.com\/wordpress\/plugins\/seo\/ -->\n<title>Les fruits et les l\u00e9gumes de septembre - MyZen TV<\/title>\n<meta name=\"robots\" content=\"index, follow, max-snippet:-1, max-image-preview:large, max-video-preview:-1\" \/>\n<link rel=\"canonical\" href=\"https:\/\/www.myzen.tv\/fr\/les-fruits-et-les-legumes-de-septembre\/\" \/>\n<meta property=\"og:locale\" content=\"fr_FR\" \/>\n<meta property=\"og:type\" content=\"article\" \/>\n<meta property=\"og:title\" content=\"Les fruits et les l\u00e9gumes de septembre - MyZen TV\" \/>\n<meta property=\"og:description\" content=\"Il est important de bien conna\u00eetre ses besoins en alimentation, avec un choix de l\u00e9gumes et fruits vari\u00e9s. MyZen TV vous propose de d\u00e9couvrir les fruits et l\u00e9gumes \u00e0 d\u00e9guster dans ce mois de transition post-estival. Les fruits de septembre Voici une liste non-exhaustive de fruits \u00e0 pr\u00e9parer selon vos go\u00fbts et vos envies&nbsp;: Coing [&hellip;]\" \/>\n<meta property=\"og:url\" content=\"https:\/\/www.myzen.tv\/fr\/les-fruits-et-les-legumes-de-septembre\/\" \/>\n<meta property=\"og:site_name\" content=\"MyZen TV\" \/>\n<meta property=\"article:publisher\" content=\"https:\/\/www.facebook.com\/myzen.tv.fr\/\" \/>\n<meta property=\"article:published_time\" content=\"2021-09-08T05:00:00+00:00\" \/>\n<meta property=\"article:modified_time\" content=\"2022-06-16T09:58:55+00:00\" \/>\n<meta property=\"og:image\" content=\"https:\/\/www.myzen.tv\/wp-content\/uploads\/2021\/09\/alex-kotomanov-BCApK6UYl3A-unsplash-scaled.jpg\" \/>\n\t<meta property=\"og:image:width\" content=\"2560\" \/>\n\t<meta property=\"og:image:height\" content=\"1707\" \/>\n\t<meta property=\"og:image:type\" content=\"image\/jpeg\" \/>\n<meta name=\"author\" content=\"Lucas Wils\" \/>\n<meta name=\"twitter:card\" content=\"summary_large_image\" \/>\n<meta name=\"twitter:label1\" content=\"\u00c9crit par\" \/>\n\t<meta name=\"twitter:data1\" content=\"Lucas Wils\" \/>\n\t<meta name=\"twitter:label2\" content=\"Dur\u00e9e de lecture estim\u00e9e\" \/>\n\t<meta name=\"twitter:data2\" content=\"2 minutes\" \/>\n<!-- \/ Yoast SEO plugin. -->","yoast_head_json":{"title":"Les fruits et les l\u00e9gumes de septembre - MyZen TV","robots":{"index":"index","follow":"follow","max-snippet":"max-snippet:-1","max-image-preview":"max-image-preview:large","max-video-preview":"max-video-preview:-1"},"canonical":"https:\/\/www.myzen.tv\/fr\/les-fruits-et-les-legumes-de-septembre\/","og_locale":"fr_FR","og_type":"article","og_title":"Les fruits et les l\u00e9gumes de septembre - MyZen TV","og_description":"Il est important de bien conna\u00eetre ses besoins en alimentation, avec un choix de l\u00e9gumes et fruits vari\u00e9s. MyZen TV vous propose de d\u00e9couvrir les fruits et l\u00e9gumes \u00e0 d\u00e9guster dans ce mois de transition post-estival. Les fruits de septembre Voici une liste non-exhaustive de fruits \u00e0 pr\u00e9parer selon vos go\u00fbts et vos envies&nbsp;: Coing [&hellip;]","og_url":"https:\/\/www.myzen.tv\/fr\/les-fruits-et-les-legumes-de-septembre\/","og_site_name":"MyZen TV","article_publisher":"https:\/\/www.facebook.com\/myzen.tv.fr\/","article_published_time":"2021-09-08T05:00:00+00:00","article_modified_time":"2022-06-16T09:58:55+00:00","og_image":[{"width":2560,"height":1707,"url":"https:\/\/www.myzen.tv\/wp-content\/uploads\/2021\/09\/alex-kotomanov-BCApK6UYl3A-unsplash-scaled.jpg","type":"image\/jpeg"}],"author":"Lucas Wils","twitter_card":"summary_large_image","twitter_misc":{"\u00c9crit par":"Lucas Wils","Dur\u00e9e de lecture estim\u00e9e":"2 minutes"},"schema":{"@context":"https:\/\/schema.org","@graph":[{"@type":"Article","@id":"https:\/\/www.myzen.tv\/fr\/les-fruits-et-les-legumes-de-septembre\/#article","isPartOf":{"@id":"https:\/\/www.myzen.tv\/fr\/les-fruits-et-les-legumes-de-septembre\/"},"author":{"name":"Lucas Wils","@id":"https:\/\/www.myzen.tv\/fr\/#\/schema\/person\/1bff4c7f0ebab22c92c47dcf62276ebd"},"headline":"Les fruits et les l\u00e9gumes de septembre","datePublished":"2021-09-08T05:00:00+00:00","dateModified":"2022-06-16T09:58:55+00:00","mainEntityOfPage":{"@id":"https:\/\/www.myzen.tv\/fr\/les-fruits-et-les-legumes-de-septembre\/"},"wordCount":165,"publisher":{"@id":"https:\/\/www.myzen.tv\/fr\/#organization"},"image":{"@id":"https:\/\/www.myzen.tv\/fr\/les-fruits-et-les-legumes-de-septembre\/#primaryimage"},"thumbnailUrl":"https:\/\/www.myzen.tv\/wp-content\/uploads\/2021\/09\/alex-kotomanov-BCApK6UYl3A-unsplash-scaled.jpg","keywords":["automne","champignon","ch\u00e2taigne","chou","environnement","\u00e9pinard","feuilles","fruits","l\u00e9gumes","produits bio","septembre"],"articleSection":["Body &amp; soul"],"inLanguage":"fr-FR"},{"@type":"WebPage","@id":"https:\/\/www.myzen.tv\/fr\/les-fruits-et-les-legumes-de-septembre\/","url":"https:\/\/www.myzen.tv\/fr\/les-fruits-et-les-legumes-de-septembre\/","name":"Les fruits et les l\u00e9gumes de septembre - MyZen TV","isPartOf":{"@id":"https:\/\/www.myzen.tv\/fr\/#website"},"primaryImageOfPage":{"@id":"https:\/\/www.myzen.tv\/fr\/les-fruits-et-les-legumes-de-septembre\/#primaryimage"},"image":{"@id":"https:\/\/www.myzen.tv\/fr\/les-fruits-et-les-legumes-de-septembre\/#primaryimage"},"thumbnailUrl":"https:\/\/www.myzen.tv\/wp-content\/uploads\/2021\/09\/alex-kotomanov-BCApK6UYl3A-unsplash-scaled.jpg","datePublished":"2021-09-08T05:00:00+00:00","dateModified":"2022-06-16T09:58:55+00:00","breadcrumb":{"@id":"https:\/\/www.myzen.tv\/fr\/les-fruits-et-les-legumes-de-septembre\/#breadcrumb"},"inLanguage":"fr-FR","potentialAction":[{"@type":"ReadAction","target":["https:\/\/www.myzen.tv\/fr\/les-fruits-et-les-legumes-de-septembre\/"]}]},{"@type":"ImageObject","inLanguage":"fr-FR","@id":"https:\/\/www.myzen.tv\/fr\/les-fruits-et-les-legumes-de-septembre\/#primaryimage","url":"https:\/\/www.myzen.tv\/wp-content\/uploads\/2021\/09\/alex-kotomanov-BCApK6UYl3A-unsplash-scaled.jpg","contentUrl":"https:\/\/www.myzen.tv\/wp-content\/uploads\/2021\/09\/alex-kotomanov-BCApK6UYl3A-unsplash-scaled.jpg","width":2560,"height":1707},{"@type":"BreadcrumbList","@id":"https:\/\/www.myzen.tv\/fr\/les-fruits-et-les-legumes-de-septembre\/#breadcrumb","itemListElement":[{"@type":"ListItem","position":1,"name":"Home","item":"https:\/\/www.myzen.tv\/fr\/"},{"@type":"ListItem","position":2,"name":"Les fruits et les l\u00e9gumes de septembre"}]},{"@type":"WebSite","@id":"https:\/\/www.myzen.tv\/fr\/#website","url":"https:\/\/www.myzen.tv\/fr\/","name":"MyZen TV","description":"Your lifestyle and well-being channel","publisher":{"@id":"https:\/\/www.myzen.tv\/fr\/#organization"},"potentialAction":[{"@type":"SearchAction","target":{"@type":"EntryPoint","urlTemplate":"https:\/\/www.myzen.tv\/fr\/?s={search_term_string}"},"query-input":{"@type":"PropertyValueSpecification","valueRequired":true,"valueName":"search_term_string"}}],"inLanguage":"fr-FR"},{"@type":"Organization","@id":"https:\/\/www.myzen.tv\/fr\/#organization","name":"MyZen TV","url":"https:\/\/www.myzen.tv\/fr\/","logo":{"@type":"ImageObject","inLanguage":"fr-FR","@id":"https:\/\/www.myzen.tv\/fr\/#\/schema\/logo\/image\/","url":"https:\/\/www.myzen.tv\/wp-content\/uploads\/2021\/05\/cropped-ICON_MZtv-LOGO_firetv640-1-1.png","contentUrl":"https:\/\/www.myzen.tv\/wp-content\/uploads\/2021\/05\/cropped-ICON_MZtv-LOGO_firetv640-1-1.png","width":512,"height":512,"caption":"MyZen TV"},"image":{"@id":"https:\/\/www.myzen.tv\/fr\/#\/schema\/logo\/image\/"},"sameAs":["https:\/\/www.facebook.com\/myzen.tv.fr\/","https:\/\/www.instagram.com\/myzentv\/"]},{"@type":"Person","@id":"https:\/\/www.myzen.tv\/fr\/#\/schema\/person\/1bff4c7f0ebab22c92c47dcf62276ebd","name":"Lucas Wils","url":"https:\/\/www.myzen.tv\/fr\/author\/wils\/"}]}},"_links":{"self":[{"href":"https:\/\/www.myzen.tv\/fr\/wp-json\/wp\/v2\/posts\/1674242","targetHints":{"allow":["GET"]}}],"collection":[{"href":"https:\/\/www.myzen.tv\/fr\/wp-json\/wp\/v2\/posts"}],"about":[{"href":"https:\/\/www.myzen.tv\/fr\/wp-json\/wp\/v2\/types\/post"}],"author":[{"embeddable":true,"href":"https:\/\/www.myzen.tv\/fr\/wp-json\/wp\/v2\/users\/4"}],"replies":[{"embeddable":true,"href":"https:\/\/www.myzen.tv\/fr\/wp-json\/wp\/v2\/comments?post=1674242"}],"version-history":[{"count":5,"href":"https:\/\/www.myzen.tv\/fr\/wp-json\/wp\/v2\/posts\/1674242\/revisions"}],"predecessor-version":[{"id":1687052,"href":"https:\/\/www.myzen.tv\/fr\/wp-json\/wp\/v2\/posts\/1674242\/revisions\/1687052"}],"wp:featuredmedia":[{"embeddable":true,"href":"https:\/\/www.myzen.tv\/fr\/wp-json\/wp\/v2\/media\/1674246"}],"wp:attachment":[{"href":"https:\/\/www.myzen.tv\/fr\/wp-json\/wp\/v2\/media?parent=1674242"}],"wp:term":[{"taxonomy":"category","embeddable":true,"href":"https:\/\/www.myzen.tv\/fr\/wp-json\/wp\/v2\/categories?post=1674242"},{"taxonomy":"post_tag","embeddable":true,"href":"https:\/\/www.myzen.tv\/fr\/wp-json\/wp\/v2\/tags?post=1674242"},{"taxonomy":"group","embeddable":true,"href":"https:\/\/www.myzen.tv\/fr\/wp-json\/wp\/v2\/group?post=1674242"},{"taxonomy":"support","embeddable":true,"href":"https:\/\/www.myzen.tv\/fr\/wp-json\/wp\/v2\/support?post=1674242"}],"curies":[{"name":"wp","href":"https:\/\/api.w.org\/{rel}","templated":true}]}}