{"id":1675363,"date":"2021-09-22T08:46:46","date_gmt":"2021-09-22T08:46:46","guid":{"rendered":"https:\/\/www.myzen.tv\/?p=1675363"},"modified":"2022-06-16T09:58:54","modified_gmt":"2022-06-16T09:58:54","slug":"portrait-de-rachel-khoo-chef-et-animatrice-a-lhonneur-sur-myzen-tv","status":"publish","type":"post","link":"https:\/\/www.myzen.tv\/fr\/portrait-de-rachel-khoo-chef-et-animatrice-a-lhonneur-sur-myzen-tv\/","title":{"rendered":"Portrait de Rachel Khoo, chef et animatrice \u00e0 l\u2019honneur sur MyZen TV"},"content":{"rendered":"\n\n\n<p>En septembre sur MyZen TV, <strong>Rachel Khoo<\/strong> vous \u00e9vade dans \u201cLa cuisine cosmopolite de Rachel Khoo\u201d. Zoom sur cette <strong>cr\u00e9atrice culinaire<\/strong> passionn\u00e9e.  <\/p>\n\n\n\n<p>N\u00e9e le 28 ao\u00fbt 1980&nbsp;\u00e0 Croydon, dans le sud de Londres,&nbsp;Rachel Khoo&nbsp;est&nbsp;d\u2019origine&nbsp;chinoise&nbsp;par son p\u00e8re&nbsp;et&nbsp;d\u2019origine autrichienne par sa m\u00e8re.&nbsp;&nbsp;<\/p>\n\n\n\n<p>A l\u2019\u00e2ge adulte, Rachel Khoo s\u2019installe \u00e0 Paris o\u00f9 elle apprend rapidement la <strong>p\u00e2tisserie<\/strong> \u00e0 l\u2019\u00e9cole \u00ab\u202fLe Cordon Bleu\u202f\u00bb. Elle travaille ensuite dans le magasin\/salon de th\u00e9 \u00ab\u202fLa Cocotte\u202f\u00bb et anime des <strong>ateliers de cuisine<\/strong>. Rachel Khoo ne perd pas la main, puisqu\u2019elle \u00e9crit deux <strong>livres de cuisine<\/strong> en fran\u00e7ais et le troisi\u00e8me en anglais\u202f: \u00ab The Little Paris Kitchen\u202f\u00bb qui deviendra une s\u00e9rie t\u00e9l\u00e9vis\u00e9e disponible sur notre <a href=\"https:\/\/watch.myzen.tv\/smartlists\/b996f22c-18c9-471c-9844-b8a8a34e9de7\" target=\"_blank\" rel=\"noreferrer noopener\">plateforme de streaming MyZen TV.<\/a>  <\/p>\n\n\n\n<p>Rachel Khoo est aussi une v\u00e9ritable entrepreneuse et femme d\u2019affaires. En f\u00e9vrier 2016, elle lance le webzine <strong>Khoollect<\/strong>, qui ressasse toutes ses exp\u00e9riences li\u00e9es \u00e0 l<strong>a gastronomie<\/strong>, au voyage, \u00e0 la mode et \u00e0 ses rencontres. Sur <a href=\"https:\/\/www.instagram.com\/khoollect\/\" target=\"_blank\" rel=\"noreferrer noopener\">le compte Instagram<\/a> du webzine, on retrouve diff\u00e9rentes id\u00e9es de recettes, des rencontres avec des personnalit\u00e9s aux parcours sp\u00e9cifiques et de beaux clich\u00e9s de plats originaux\u202f!  <\/p>\n\n\n\n<p>Envie de (re)d\u00e9couvrir les \u00e9missions de Rachel Khoo ?&nbsp;Rendez-vous&nbsp;sur notre&nbsp;<a href=\"https:\/\/watch.myzen.tv\/smartlists\/1f7a3f09-bdb0-4a64-bb80-5caf85896e83\" target=\"_blank\" rel=\"noreferrer noopener\">plateforme de streaming&nbsp;MyZen&nbsp;TV<\/a>\u202f!&nbsp;&nbsp;<\/p>\n","protected":false},"excerpt":{"rendered":"<p>En septembre sur MyZen TV, Rachel Khoo vous \u00e9vade dans \u201cLa cuisine cosmopolite de Rachel Khoo\u201d. Zoom sur cette cr\u00e9atrice culinaire passionn\u00e9e. N\u00e9e le 28 ao\u00fbt 1980&nbsp;\u00e0 Croydon, dans le sud de Londres,&nbsp;Rachel Khoo&nbsp;est&nbsp;d\u2019origine&nbsp;chinoise&nbsp;par son p\u00e8re&nbsp;et&nbsp;d\u2019origine autrichienne par sa m\u00e8re.&nbsp;&nbsp; A l\u2019\u00e2ge adulte, Rachel Khoo s\u2019installe \u00e0 Paris o\u00f9 elle apprend rapidement la p\u00e2tisserie \u00e0 [&hellip;]<\/p>\n","protected":false},"author":3,"featured_media":1675367,"comment_status":"closed","ping_status":"closed","sticky":false,"template":"","format":"standard","meta":{"episode_type":"audio","audio_file":"","cover_image":"","cover_image_id":"","duration":"","filesize":"","date_recorded":"","explicit":"","block":"","itunes_episode_number":"","itunes_title":"","itunes_season_number":"","itunes_episode_type":"","filesize_raw":"","footnotes":""},"categories":[9],"tags":[],"group":[],"support":[],"class_list":["post-1675363","post","type-post","status-publish","format-standard","has-post-thumbnail","hentry","category-body-and-soul"],"yoast_head":"<!-- This site is optimized with the Yoast SEO plugin v24.0 - https:\/\/yoast.com\/wordpress\/plugins\/seo\/ -->\n<title>Portrait de Rachel Khoo, chef et animatrice \u00e0 l\u2019honneur sur MyZen TV - MyZen TV<\/title>\n<meta name=\"robots\" content=\"index, follow, max-snippet:-1, max-image-preview:large, max-video-preview:-1\" \/>\n<link rel=\"canonical\" href=\"https:\/\/www.myzen.tv\/fr\/portrait-de-rachel-khoo-chef-et-animatrice-a-lhonneur-sur-myzen-tv\/\" \/>\n<meta property=\"og:locale\" content=\"fr_FR\" \/>\n<meta property=\"og:type\" content=\"article\" \/>\n<meta property=\"og:title\" content=\"Portrait de Rachel Khoo, chef et animatrice \u00e0 l\u2019honneur sur MyZen TV - MyZen TV\" \/>\n<meta property=\"og:description\" content=\"En septembre sur MyZen TV, Rachel Khoo vous \u00e9vade dans \u201cLa cuisine cosmopolite de Rachel Khoo\u201d. Zoom sur cette cr\u00e9atrice culinaire passionn\u00e9e. N\u00e9e le 28 ao\u00fbt 1980&nbsp;\u00e0 Croydon, dans le sud de Londres,&nbsp;Rachel Khoo&nbsp;est&nbsp;d\u2019origine&nbsp;chinoise&nbsp;par son p\u00e8re&nbsp;et&nbsp;d\u2019origine autrichienne par sa m\u00e8re.&nbsp;&nbsp; A l\u2019\u00e2ge adulte, Rachel Khoo s\u2019installe \u00e0 Paris o\u00f9 elle apprend rapidement la p\u00e2tisserie \u00e0 [&hellip;]\" \/>\n<meta property=\"og:url\" content=\"https:\/\/www.myzen.tv\/fr\/portrait-de-rachel-khoo-chef-et-animatrice-a-lhonneur-sur-myzen-tv\/\" \/>\n<meta property=\"og:site_name\" content=\"MyZen TV\" \/>\n<meta property=\"article:publisher\" content=\"https:\/\/www.facebook.com\/myzen.tv.fr\/\" \/>\n<meta property=\"article:published_time\" content=\"2021-09-22T08:46:46+00:00\" \/>\n<meta property=\"article:modified_time\" content=\"2022-06-16T09:58:54+00:00\" \/>\n<meta property=\"og:image\" content=\"https:\/\/www.myzen.tv\/wp-content\/uploads\/2021\/09\/00_02_60MB-3.-scaled.jpg\" \/>\n\t<meta property=\"og:image:width\" content=\"2560\" \/>\n\t<meta property=\"og:image:height\" content=\"1660\" \/>\n\t<meta property=\"og:image:type\" content=\"image\/jpeg\" \/>\n<meta name=\"author\" content=\"Nolwenn Vendeville\" \/>\n<meta name=\"twitter:card\" content=\"summary_large_image\" \/>\n<meta name=\"twitter:label1\" content=\"\u00c9crit par\" \/>\n\t<meta name=\"twitter:data1\" content=\"Nolwenn Vendeville\" \/>\n\t<meta name=\"twitter:label2\" content=\"Dur\u00e9e de lecture estim\u00e9e\" \/>\n\t<meta name=\"twitter:data2\" content=\"2 minutes\" \/>\n<!-- \/ Yoast SEO plugin. -->","yoast_head_json":{"title":"Portrait de Rachel Khoo, chef et animatrice \u00e0 l\u2019honneur sur MyZen TV - MyZen TV","robots":{"index":"index","follow":"follow","max-snippet":"max-snippet:-1","max-image-preview":"max-image-preview:large","max-video-preview":"max-video-preview:-1"},"canonical":"https:\/\/www.myzen.tv\/fr\/portrait-de-rachel-khoo-chef-et-animatrice-a-lhonneur-sur-myzen-tv\/","og_locale":"fr_FR","og_type":"article","og_title":"Portrait de Rachel Khoo, chef et animatrice \u00e0 l\u2019honneur sur MyZen TV - MyZen TV","og_description":"En septembre sur MyZen TV, Rachel Khoo vous \u00e9vade dans \u201cLa cuisine cosmopolite de Rachel Khoo\u201d. Zoom sur cette cr\u00e9atrice culinaire passionn\u00e9e. N\u00e9e le 28 ao\u00fbt 1980&nbsp;\u00e0 Croydon, dans le sud de Londres,&nbsp;Rachel Khoo&nbsp;est&nbsp;d\u2019origine&nbsp;chinoise&nbsp;par son p\u00e8re&nbsp;et&nbsp;d\u2019origine autrichienne par sa m\u00e8re.&nbsp;&nbsp; A l\u2019\u00e2ge adulte, Rachel Khoo s\u2019installe \u00e0 Paris o\u00f9 elle apprend rapidement la p\u00e2tisserie \u00e0 [&hellip;]","og_url":"https:\/\/www.myzen.tv\/fr\/portrait-de-rachel-khoo-chef-et-animatrice-a-lhonneur-sur-myzen-tv\/","og_site_name":"MyZen TV","article_publisher":"https:\/\/www.facebook.com\/myzen.tv.fr\/","article_published_time":"2021-09-22T08:46:46+00:00","article_modified_time":"2022-06-16T09:58:54+00:00","og_image":[{"width":2560,"height":1660,"url":"https:\/\/www.myzen.tv\/wp-content\/uploads\/2021\/09\/00_02_60MB-3.-scaled.jpg","type":"image\/jpeg"}],"author":"Nolwenn Vendeville","twitter_card":"summary_large_image","twitter_misc":{"\u00c9crit par":"Nolwenn Vendeville","Dur\u00e9e de lecture estim\u00e9e":"2 minutes"},"schema":{"@context":"https:\/\/schema.org","@graph":[{"@type":"Article","@id":"https:\/\/www.myzen.tv\/fr\/portrait-de-rachel-khoo-chef-et-animatrice-a-lhonneur-sur-myzen-tv\/#article","isPartOf":{"@id":"https:\/\/www.myzen.tv\/fr\/portrait-de-rachel-khoo-chef-et-animatrice-a-lhonneur-sur-myzen-tv\/"},"author":{"name":"Nolwenn Vendeville","@id":"https:\/\/www.myzen.tv\/fr\/#\/schema\/person\/37d1dbc19ac69ece6d6b88146242dbe0"},"headline":"Portrait de Rachel Khoo, chef et animatrice \u00e0 l\u2019honneur sur MyZen TV","datePublished":"2021-09-22T08:46:46+00:00","dateModified":"2022-06-16T09:58:54+00:00","mainEntityOfPage":{"@id":"https:\/\/www.myzen.tv\/fr\/portrait-de-rachel-khoo-chef-et-animatrice-a-lhonneur-sur-myzen-tv\/"},"wordCount":251,"publisher":{"@id":"https:\/\/www.myzen.tv\/fr\/#organization"},"image":{"@id":"https:\/\/www.myzen.tv\/fr\/portrait-de-rachel-khoo-chef-et-animatrice-a-lhonneur-sur-myzen-tv\/#primaryimage"},"thumbnailUrl":"https:\/\/www.myzen.tv\/wp-content\/uploads\/2021\/09\/00_02_60MB-3.-scaled.jpg","articleSection":["Body &amp; soul"],"inLanguage":"fr-FR"},{"@type":"WebPage","@id":"https:\/\/www.myzen.tv\/fr\/portrait-de-rachel-khoo-chef-et-animatrice-a-lhonneur-sur-myzen-tv\/","url":"https:\/\/www.myzen.tv\/fr\/portrait-de-rachel-khoo-chef-et-animatrice-a-lhonneur-sur-myzen-tv\/","name":"Portrait de Rachel Khoo, chef et animatrice \u00e0 l\u2019honneur sur MyZen TV - MyZen TV","isPartOf":{"@id":"https:\/\/www.myzen.tv\/fr\/#website"},"primaryImageOfPage":{"@id":"https:\/\/www.myzen.tv\/fr\/portrait-de-rachel-khoo-chef-et-animatrice-a-lhonneur-sur-myzen-tv\/#primaryimage"},"image":{"@id":"https:\/\/www.myzen.tv\/fr\/portrait-de-rachel-khoo-chef-et-animatrice-a-lhonneur-sur-myzen-tv\/#primaryimage"},"thumbnailUrl":"https:\/\/www.myzen.tv\/wp-content\/uploads\/2021\/09\/00_02_60MB-3.-scaled.jpg","datePublished":"2021-09-22T08:46:46+00:00","dateModified":"2022-06-16T09:58:54+00:00","breadcrumb":{"@id":"https:\/\/www.myzen.tv\/fr\/portrait-de-rachel-khoo-chef-et-animatrice-a-lhonneur-sur-myzen-tv\/#breadcrumb"},"inLanguage":"fr-FR","potentialAction":[{"@type":"ReadAction","target":["https:\/\/www.myzen.tv\/fr\/portrait-de-rachel-khoo-chef-et-animatrice-a-lhonneur-sur-myzen-tv\/"]}]},{"@type":"ImageObject","inLanguage":"fr-FR","@id":"https:\/\/www.myzen.tv\/fr\/portrait-de-rachel-khoo-chef-et-animatrice-a-lhonneur-sur-myzen-tv\/#primaryimage","url":"https:\/\/www.myzen.tv\/wp-content\/uploads\/2021\/09\/00_02_60MB-3.-scaled.jpg","contentUrl":"https:\/\/www.myzen.tv\/wp-content\/uploads\/2021\/09\/00_02_60MB-3.-scaled.jpg","width":2560,"height":1660,"caption":"Rachel Khoo"},{"@type":"BreadcrumbList","@id":"https:\/\/www.myzen.tv\/fr\/portrait-de-rachel-khoo-chef-et-animatrice-a-lhonneur-sur-myzen-tv\/#breadcrumb","itemListElement":[{"@type":"ListItem","position":1,"name":"Home","item":"https:\/\/www.myzen.tv\/fr\/"},{"@type":"ListItem","position":2,"name":"Portrait de Rachel Khoo, chef et animatrice \u00e0 l\u2019honneur sur MyZen TV"}]},{"@type":"WebSite","@id":"https:\/\/www.myzen.tv\/fr\/#website","url":"https:\/\/www.myzen.tv\/fr\/","name":"MyZen TV","description":"Your lifestyle and well-being channel","publisher":{"@id":"https:\/\/www.myzen.tv\/fr\/#organization"},"potentialAction":[{"@type":"SearchAction","target":{"@type":"EntryPoint","urlTemplate":"https:\/\/www.myzen.tv\/fr\/?s={search_term_string}"},"query-input":{"@type":"PropertyValueSpecification","valueRequired":true,"valueName":"search_term_string"}}],"inLanguage":"fr-FR"},{"@type":"Organization","@id":"https:\/\/www.myzen.tv\/fr\/#organization","name":"MyZen TV","url":"https:\/\/www.myzen.tv\/fr\/","logo":{"@type":"ImageObject","inLanguage":"fr-FR","@id":"https:\/\/www.myzen.tv\/fr\/#\/schema\/logo\/image\/","url":"https:\/\/www.myzen.tv\/wp-content\/uploads\/2021\/05\/cropped-ICON_MZtv-LOGO_firetv640-1-1.png","contentUrl":"https:\/\/www.myzen.tv\/wp-content\/uploads\/2021\/05\/cropped-ICON_MZtv-LOGO_firetv640-1-1.png","width":512,"height":512,"caption":"MyZen TV"},"image":{"@id":"https:\/\/www.myzen.tv\/fr\/#\/schema\/logo\/image\/"},"sameAs":["https:\/\/www.facebook.com\/myzen.tv.fr\/","https:\/\/www.instagram.com\/myzentv\/"]},{"@type":"Person","@id":"https:\/\/www.myzen.tv\/fr\/#\/schema\/person\/37d1dbc19ac69ece6d6b88146242dbe0","name":"Nolwenn Vendeville","url":"https:\/\/www.myzen.tv\/fr\/author\/nolwenn\/"}]}},"_links":{"self":[{"href":"https:\/\/www.myzen.tv\/fr\/wp-json\/wp\/v2\/posts\/1675363","targetHints":{"allow":["GET"]}}],"collection":[{"href":"https:\/\/www.myzen.tv\/fr\/wp-json\/wp\/v2\/posts"}],"about":[{"href":"https:\/\/www.myzen.tv\/fr\/wp-json\/wp\/v2\/types\/post"}],"author":[{"embeddable":true,"href":"https:\/\/www.myzen.tv\/fr\/wp-json\/wp\/v2\/users\/3"}],"replies":[{"embeddable":true,"href":"https:\/\/www.myzen.tv\/fr\/wp-json\/wp\/v2\/comments?post=1675363"}],"version-history":[{"count":2,"href":"https:\/\/www.myzen.tv\/fr\/wp-json\/wp\/v2\/posts\/1675363\/revisions"}],"predecessor-version":[{"id":1687048,"href":"https:\/\/www.myzen.tv\/fr\/wp-json\/wp\/v2\/posts\/1675363\/revisions\/1687048"}],"wp:featuredmedia":[{"embeddable":true,"href":"https:\/\/www.myzen.tv\/fr\/wp-json\/wp\/v2\/media\/1675367"}],"wp:attachment":[{"href":"https:\/\/www.myzen.tv\/fr\/wp-json\/wp\/v2\/media?parent=1675363"}],"wp:term":[{"taxonomy":"category","embeddable":true,"href":"https:\/\/www.myzen.tv\/fr\/wp-json\/wp\/v2\/categories?post=1675363"},{"taxonomy":"post_tag","embeddable":true,"href":"https:\/\/www.myzen.tv\/fr\/wp-json\/wp\/v2\/tags?post=1675363"},{"taxonomy":"group","embeddable":true,"href":"https:\/\/www.myzen.tv\/fr\/wp-json\/wp\/v2\/group?post=1675363"},{"taxonomy":"support","embeddable":true,"href":"https:\/\/www.myzen.tv\/fr\/wp-json\/wp\/v2\/support?post=1675363"}],"curies":[{"name":"wp","href":"https:\/\/api.w.org\/{rel}","templated":true}]}}