{"id":1675495,"date":"2021-09-24T15:38:58","date_gmt":"2021-09-24T15:38:58","guid":{"rendered":"https:\/\/www.myzen.tv\/?p=1675495"},"modified":"2022-06-16T09:58:54","modified_gmt":"2022-06-16T09:58:54","slug":"lassociation-emmaus-solidarite-ouvre-son-premier-espace-%e2%80%afbeaute-bien-etre%e2%80%af","status":"publish","type":"post","link":"https:\/\/www.myzen.tv\/fr\/lassociation-emmaus-solidarite-ouvre-son-premier-espace-%e2%80%afbeaute-bien-etre%e2%80%af\/","title":{"rendered":"L\u2019association Emma\u00fcs Solidarit\u00e9 ouvre son premier espace \u00ab\u202fBeaut\u00e9 &#038; Bien-\u00eatre\u202f\u00bb"},"content":{"rendered":"\n\n\n<p>In\u00e9dit et solidaire, la boutique parisienne en lien avec la <strong>fondation L\u2019Or\u00e9al<\/strong>, donne un nouveau souffle aux plus d\u00e9munis. Un cadre de bien-\u00eatre accessible \u00e0 tous.<\/p>\n\n\n\n<p>C\u2019est une premi\u00e8re. <strong>Emma\u00fcs<\/strong> en collaboration avec L\u2019Or\u00e9al permet aux plus d\u00e9munis d\u2019acc\u00e9der aux produits d\u2019hygi\u00e8nes et de beaut\u00e9, et de profiter d\u2019un salon de coiffure. De plus, un <strong>soin esth\u00e9tique<\/strong> peut \u00eatre r\u00e9alis\u00e9 gratuitement.  <br>L\u2019espace \u00ab\u202fBeaut\u00e9 &amp; Bien-\u00eatre\u202f\u00bb est situ\u00e9 dans le 10<sup>e<\/sup> arrondissement de Paris, en dessous d\u2019un centre d\u2019h\u00e9bergement. C\u2019est une boutique <strong>solidaire<\/strong>, dans le m\u00eame esprit qu&rsquo;Emma\u00fcs, alli\u00e9e au design d\u2019un salon de <strong>cosm\u00e9tique<\/strong> et de <strong>beaut\u00e9<\/strong>.  <\/p>\n\n\n\n<p>Dans les lignes du Figaro, le directeur de l\u2019association insiste sur le cadre \u00ab\u202fbien-\u00eatre\u202f\u00bb\u202f: \u00ab\u202fC\u2019est d\u2019abord un espace de bien-\u00eatre et d\u2019estime de soi pour les personnes en situation de pr\u00e9carit\u00e9\u202f\u00bb, explique-t-il.  Les soins individuels de l\u2019espace \u00ab\u202fBeaut\u00e9 &amp; Bien-\u00eatre\u202f\u00bb permettent d\u2019aborder des questions de sant\u00e9, souvent difficiles \u00e0 mettre sur des mots. <\/p>\n\n\n\n<p>Cet endroit atypique et solidaire se se situe au c\u0153ur de <strong>Paris<\/strong>, au 178 Quai Valmy, dans le 10<sup>e<\/sup> arrondissement. Le lieu est ouvert tous les jours sur prescription.  <\/p>\n","protected":false},"excerpt":{"rendered":"<p>In\u00e9dit et solidaire, la boutique parisienne en lien avec la fondation L\u2019Or\u00e9al, donne un nouveau souffle aux plus d\u00e9munis. Un cadre de bien-\u00eatre accessible \u00e0 tous. C\u2019est une premi\u00e8re. Emma\u00fcs en collaboration avec L\u2019Or\u00e9al permet aux plus d\u00e9munis d\u2019acc\u00e9der aux produits d\u2019hygi\u00e8nes et de beaut\u00e9, et de profiter d\u2019un salon de coiffure. De plus, un [&hellip;]<\/p>\n","protected":false},"author":3,"featured_media":1675497,"comment_status":"closed","ping_status":"closed","sticky":false,"template":"","format":"standard","meta":{"episode_type":"audio","audio_file":"","cover_image":"","cover_image_id":"","duration":"","filesize":"","date_recorded":"","explicit":"","block":"","itunes_episode_number":"","itunes_title":"","itunes_season_number":"","itunes_episode_type":"","filesize_raw":"","footnotes":""},"categories":[9],"tags":[],"group":[],"support":[],"class_list":["post-1675495","post","type-post","status-publish","format-standard","has-post-thumbnail","hentry","category-body-and-soul"],"yoast_head":"<!-- This site is optimized with the Yoast SEO plugin v24.0 - https:\/\/yoast.com\/wordpress\/plugins\/seo\/ -->\n<title>L\u2019association Emma\u00fcs Solidarit\u00e9 ouvre son premier espace \u00ab\u202fBeaut\u00e9 &amp; Bien-\u00eatre\u202f\u00bb - MyZen TV<\/title>\n<meta name=\"robots\" content=\"index, follow, max-snippet:-1, max-image-preview:large, max-video-preview:-1\" \/>\n<link rel=\"canonical\" href=\"https:\/\/www.myzen.tv\/fr\/lassociation-emmaus-solidarite-ouvre-son-premier-espace-%e2%80%afbeaute-bien-etre%e2%80%af\/\" \/>\n<meta property=\"og:locale\" content=\"fr_FR\" \/>\n<meta property=\"og:type\" content=\"article\" \/>\n<meta property=\"og:title\" content=\"L\u2019association Emma\u00fcs Solidarit\u00e9 ouvre son premier espace \u00ab\u202fBeaut\u00e9 &amp; Bien-\u00eatre\u202f\u00bb - MyZen TV\" \/>\n<meta property=\"og:description\" content=\"In\u00e9dit et solidaire, la boutique parisienne en lien avec la fondation L\u2019Or\u00e9al, donne un nouveau souffle aux plus d\u00e9munis. Un cadre de bien-\u00eatre accessible \u00e0 tous. C\u2019est une premi\u00e8re. Emma\u00fcs en collaboration avec L\u2019Or\u00e9al permet aux plus d\u00e9munis d\u2019acc\u00e9der aux produits d\u2019hygi\u00e8nes et de beaut\u00e9, et de profiter d\u2019un salon de coiffure. De plus, un [&hellip;]\" \/>\n<meta property=\"og:url\" content=\"https:\/\/www.myzen.tv\/fr\/lassociation-emmaus-solidarite-ouvre-son-premier-espace-%e2%80%afbeaute-bien-etre%e2%80%af\/\" \/>\n<meta property=\"og:site_name\" content=\"MyZen TV\" \/>\n<meta property=\"article:publisher\" content=\"https:\/\/www.facebook.com\/myzen.tv.fr\/\" \/>\n<meta property=\"article:published_time\" content=\"2021-09-24T15:38:58+00:00\" \/>\n<meta property=\"article:modified_time\" content=\"2022-06-16T09:58:54+00:00\" \/>\n<meta property=\"og:image\" content=\"https:\/\/www.myzen.tv\/wp-content\/uploads\/2021\/09\/Image1-1.jpg\" \/>\n\t<meta property=\"og:image:width\" content=\"1386\" \/>\n\t<meta property=\"og:image:height\" content=\"924\" \/>\n\t<meta property=\"og:image:type\" content=\"image\/jpeg\" \/>\n<meta name=\"author\" content=\"Nolwenn Vendeville\" \/>\n<meta name=\"twitter:card\" content=\"summary_large_image\" \/>\n<meta name=\"twitter:label1\" content=\"\u00c9crit par\" \/>\n\t<meta name=\"twitter:data1\" content=\"Nolwenn Vendeville\" \/>\n\t<meta name=\"twitter:label2\" content=\"Dur\u00e9e de lecture estim\u00e9e\" \/>\n\t<meta name=\"twitter:data2\" content=\"1 minute\" \/>\n<!-- \/ Yoast SEO plugin. -->","yoast_head_json":{"title":"L\u2019association Emma\u00fcs Solidarit\u00e9 ouvre son premier espace \u00ab\u202fBeaut\u00e9 & Bien-\u00eatre\u202f\u00bb - MyZen TV","robots":{"index":"index","follow":"follow","max-snippet":"max-snippet:-1","max-image-preview":"max-image-preview:large","max-video-preview":"max-video-preview:-1"},"canonical":"https:\/\/www.myzen.tv\/fr\/lassociation-emmaus-solidarite-ouvre-son-premier-espace-%e2%80%afbeaute-bien-etre%e2%80%af\/","og_locale":"fr_FR","og_type":"article","og_title":"L\u2019association Emma\u00fcs Solidarit\u00e9 ouvre son premier espace \u00ab\u202fBeaut\u00e9 & Bien-\u00eatre\u202f\u00bb - MyZen TV","og_description":"In\u00e9dit et solidaire, la boutique parisienne en lien avec la fondation L\u2019Or\u00e9al, donne un nouveau souffle aux plus d\u00e9munis. Un cadre de bien-\u00eatre accessible \u00e0 tous. C\u2019est une premi\u00e8re. Emma\u00fcs en collaboration avec L\u2019Or\u00e9al permet aux plus d\u00e9munis d\u2019acc\u00e9der aux produits d\u2019hygi\u00e8nes et de beaut\u00e9, et de profiter d\u2019un salon de coiffure. De plus, un [&hellip;]","og_url":"https:\/\/www.myzen.tv\/fr\/lassociation-emmaus-solidarite-ouvre-son-premier-espace-%e2%80%afbeaute-bien-etre%e2%80%af\/","og_site_name":"MyZen TV","article_publisher":"https:\/\/www.facebook.com\/myzen.tv.fr\/","article_published_time":"2021-09-24T15:38:58+00:00","article_modified_time":"2022-06-16T09:58:54+00:00","og_image":[{"width":1386,"height":924,"url":"https:\/\/www.myzen.tv\/wp-content\/uploads\/2021\/09\/Image1-1.jpg","type":"image\/jpeg"}],"author":"Nolwenn Vendeville","twitter_card":"summary_large_image","twitter_misc":{"\u00c9crit par":"Nolwenn Vendeville","Dur\u00e9e de lecture estim\u00e9e":"1 minute"},"schema":{"@context":"https:\/\/schema.org","@graph":[{"@type":"Article","@id":"https:\/\/www.myzen.tv\/fr\/lassociation-emmaus-solidarite-ouvre-son-premier-espace-%e2%80%afbeaute-bien-etre%e2%80%af\/#article","isPartOf":{"@id":"https:\/\/www.myzen.tv\/fr\/lassociation-emmaus-solidarite-ouvre-son-premier-espace-%e2%80%afbeaute-bien-etre%e2%80%af\/"},"author":{"name":"Nolwenn Vendeville","@id":"https:\/\/www.myzen.tv\/fr\/#\/schema\/person\/37d1dbc19ac69ece6d6b88146242dbe0"},"headline":"L\u2019association Emma\u00fcs Solidarit\u00e9 ouvre son premier espace \u00ab\u202fBeaut\u00e9 &#038; Bien-\u00eatre\u202f\u00bb","datePublished":"2021-09-24T15:38:58+00:00","dateModified":"2022-06-16T09:58:54+00:00","mainEntityOfPage":{"@id":"https:\/\/www.myzen.tv\/fr\/lassociation-emmaus-solidarite-ouvre-son-premier-espace-%e2%80%afbeaute-bien-etre%e2%80%af\/"},"wordCount":228,"publisher":{"@id":"https:\/\/www.myzen.tv\/fr\/#organization"},"image":{"@id":"https:\/\/www.myzen.tv\/fr\/lassociation-emmaus-solidarite-ouvre-son-premier-espace-%e2%80%afbeaute-bien-etre%e2%80%af\/#primaryimage"},"thumbnailUrl":"https:\/\/www.myzen.tv\/wp-content\/uploads\/2021\/09\/Image1-1.jpg","articleSection":["Body &amp; soul"],"inLanguage":"fr-FR"},{"@type":"WebPage","@id":"https:\/\/www.myzen.tv\/fr\/lassociation-emmaus-solidarite-ouvre-son-premier-espace-%e2%80%afbeaute-bien-etre%e2%80%af\/","url":"https:\/\/www.myzen.tv\/fr\/lassociation-emmaus-solidarite-ouvre-son-premier-espace-%e2%80%afbeaute-bien-etre%e2%80%af\/","name":"L\u2019association Emma\u00fcs Solidarit\u00e9 ouvre son premier espace \u00ab\u202fBeaut\u00e9 & Bien-\u00eatre\u202f\u00bb - MyZen TV","isPartOf":{"@id":"https:\/\/www.myzen.tv\/fr\/#website"},"primaryImageOfPage":{"@id":"https:\/\/www.myzen.tv\/fr\/lassociation-emmaus-solidarite-ouvre-son-premier-espace-%e2%80%afbeaute-bien-etre%e2%80%af\/#primaryimage"},"image":{"@id":"https:\/\/www.myzen.tv\/fr\/lassociation-emmaus-solidarite-ouvre-son-premier-espace-%e2%80%afbeaute-bien-etre%e2%80%af\/#primaryimage"},"thumbnailUrl":"https:\/\/www.myzen.tv\/wp-content\/uploads\/2021\/09\/Image1-1.jpg","datePublished":"2021-09-24T15:38:58+00:00","dateModified":"2022-06-16T09:58:54+00:00","breadcrumb":{"@id":"https:\/\/www.myzen.tv\/fr\/lassociation-emmaus-solidarite-ouvre-son-premier-espace-%e2%80%afbeaute-bien-etre%e2%80%af\/#breadcrumb"},"inLanguage":"fr-FR","potentialAction":[{"@type":"ReadAction","target":["https:\/\/www.myzen.tv\/fr\/lassociation-emmaus-solidarite-ouvre-son-premier-espace-%e2%80%afbeaute-bien-etre%e2%80%af\/"]}]},{"@type":"ImageObject","inLanguage":"fr-FR","@id":"https:\/\/www.myzen.tv\/fr\/lassociation-emmaus-solidarite-ouvre-son-premier-espace-%e2%80%afbeaute-bien-etre%e2%80%af\/#primaryimage","url":"https:\/\/www.myzen.tv\/wp-content\/uploads\/2021\/09\/Image1-1.jpg","contentUrl":"https:\/\/www.myzen.tv\/wp-content\/uploads\/2021\/09\/Image1-1.jpg","width":1386,"height":924},{"@type":"BreadcrumbList","@id":"https:\/\/www.myzen.tv\/fr\/lassociation-emmaus-solidarite-ouvre-son-premier-espace-%e2%80%afbeaute-bien-etre%e2%80%af\/#breadcrumb","itemListElement":[{"@type":"ListItem","position":1,"name":"Home","item":"https:\/\/www.myzen.tv\/fr\/"},{"@type":"ListItem","position":2,"name":"L\u2019association Emma\u00fcs Solidarit\u00e9 ouvre son premier espace \u00ab\u202fBeaut\u00e9 &#038; Bien-\u00eatre\u202f\u00bb"}]},{"@type":"WebSite","@id":"https:\/\/www.myzen.tv\/fr\/#website","url":"https:\/\/www.myzen.tv\/fr\/","name":"MyZen TV","description":"Your lifestyle and well-being channel","publisher":{"@id":"https:\/\/www.myzen.tv\/fr\/#organization"},"potentialAction":[{"@type":"SearchAction","target":{"@type":"EntryPoint","urlTemplate":"https:\/\/www.myzen.tv\/fr\/?s={search_term_string}"},"query-input":{"@type":"PropertyValueSpecification","valueRequired":true,"valueName":"search_term_string"}}],"inLanguage":"fr-FR"},{"@type":"Organization","@id":"https:\/\/www.myzen.tv\/fr\/#organization","name":"MyZen TV","url":"https:\/\/www.myzen.tv\/fr\/","logo":{"@type":"ImageObject","inLanguage":"fr-FR","@id":"https:\/\/www.myzen.tv\/fr\/#\/schema\/logo\/image\/","url":"https:\/\/www.myzen.tv\/wp-content\/uploads\/2021\/05\/cropped-ICON_MZtv-LOGO_firetv640-1-1.png","contentUrl":"https:\/\/www.myzen.tv\/wp-content\/uploads\/2021\/05\/cropped-ICON_MZtv-LOGO_firetv640-1-1.png","width":512,"height":512,"caption":"MyZen TV"},"image":{"@id":"https:\/\/www.myzen.tv\/fr\/#\/schema\/logo\/image\/"},"sameAs":["https:\/\/www.facebook.com\/myzen.tv.fr\/","https:\/\/www.instagram.com\/myzentv\/"]},{"@type":"Person","@id":"https:\/\/www.myzen.tv\/fr\/#\/schema\/person\/37d1dbc19ac69ece6d6b88146242dbe0","name":"Nolwenn Vendeville","url":"https:\/\/www.myzen.tv\/fr\/author\/nolwenn\/"}]}},"_links":{"self":[{"href":"https:\/\/www.myzen.tv\/fr\/wp-json\/wp\/v2\/posts\/1675495","targetHints":{"allow":["GET"]}}],"collection":[{"href":"https:\/\/www.myzen.tv\/fr\/wp-json\/wp\/v2\/posts"}],"about":[{"href":"https:\/\/www.myzen.tv\/fr\/wp-json\/wp\/v2\/types\/post"}],"author":[{"embeddable":true,"href":"https:\/\/www.myzen.tv\/fr\/wp-json\/wp\/v2\/users\/3"}],"replies":[{"embeddable":true,"href":"https:\/\/www.myzen.tv\/fr\/wp-json\/wp\/v2\/comments?post=1675495"}],"version-history":[{"count":2,"href":"https:\/\/www.myzen.tv\/fr\/wp-json\/wp\/v2\/posts\/1675495\/revisions"}],"predecessor-version":[{"id":1687047,"href":"https:\/\/www.myzen.tv\/fr\/wp-json\/wp\/v2\/posts\/1675495\/revisions\/1687047"}],"wp:featuredmedia":[{"embeddable":true,"href":"https:\/\/www.myzen.tv\/fr\/wp-json\/wp\/v2\/media\/1675497"}],"wp:attachment":[{"href":"https:\/\/www.myzen.tv\/fr\/wp-json\/wp\/v2\/media?parent=1675495"}],"wp:term":[{"taxonomy":"category","embeddable":true,"href":"https:\/\/www.myzen.tv\/fr\/wp-json\/wp\/v2\/categories?post=1675495"},{"taxonomy":"post_tag","embeddable":true,"href":"https:\/\/www.myzen.tv\/fr\/wp-json\/wp\/v2\/tags?post=1675495"},{"taxonomy":"group","embeddable":true,"href":"https:\/\/www.myzen.tv\/fr\/wp-json\/wp\/v2\/group?post=1675495"},{"taxonomy":"support","embeddable":true,"href":"https:\/\/www.myzen.tv\/fr\/wp-json\/wp\/v2\/support?post=1675495"}],"curies":[{"name":"wp","href":"https:\/\/api.w.org\/{rel}","templated":true}]}}