{"id":1676723,"date":"2021-10-31T04:00:00","date_gmt":"2021-10-31T04:00:00","guid":{"rendered":"https:\/\/www.myzen.tv\/?p=1676723"},"modified":"2021-11-04T15:33:51","modified_gmt":"2021-11-04T15:33:51","slug":"la-recette-de-lautomne-le-pumkin-spice-latte","status":"publish","type":"post","link":"https:\/\/www.myzen.tv\/fr\/la-recette-de-lautomne-le-pumkin-spice-latte\/","title":{"rendered":"La recette de l&rsquo;automne : le Pumpkin Spice Latte"},"content":{"rendered":"\n<h2 class=\"wp-block-heading\"><strong>Une boisson incontournable de l\u2019automne avec le produit phare de la saison\u202f: la citrouille. Pr\u00eats \u00e0 d\u00e9couvrir le&nbsp;pumpkin&nbsp;spice&nbsp;latte ?<\/strong><\/h2>\n\n\n\n<figure class=\"wp-block-image size-large\"><img loading=\"lazy\" decoding=\"async\" width=\"683\" height=\"1024\" src=\"https:\/\/www.myzen.tv\/wp-content\/uploads\/2021\/10\/heidi-kaden-JjxAasj1_uA-unsplash-683x1024.jpg\" alt=\"\" class=\"wp-image-1676726\" srcset=\"https:\/\/www.myzen.tv\/wp-content\/uploads\/2021\/10\/heidi-kaden-JjxAasj1_uA-unsplash-683x1024.jpg 683w, https:\/\/www.myzen.tv\/wp-content\/uploads\/2021\/10\/heidi-kaden-JjxAasj1_uA-unsplash-200x300.jpg 200w, https:\/\/www.myzen.tv\/wp-content\/uploads\/2021\/10\/heidi-kaden-JjxAasj1_uA-unsplash-768x1152.jpg 768w, https:\/\/www.myzen.tv\/wp-content\/uploads\/2021\/10\/heidi-kaden-JjxAasj1_uA-unsplash-1024x1536.jpg 1024w, https:\/\/www.myzen.tv\/wp-content\/uploads\/2021\/10\/heidi-kaden-JjxAasj1_uA-unsplash-1365x2048.jpg 1365w, https:\/\/www.myzen.tv\/wp-content\/uploads\/2021\/10\/heidi-kaden-JjxAasj1_uA-unsplash-127x190.jpg 127w, https:\/\/www.myzen.tv\/wp-content\/uploads\/2021\/10\/heidi-kaden-JjxAasj1_uA-unsplash-93x140.jpg 93w, https:\/\/www.myzen.tv\/wp-content\/uploads\/2021\/10\/heidi-kaden-JjxAasj1_uA-unsplash-237x355.jpg 237w, https:\/\/www.myzen.tv\/wp-content\/uploads\/2021\/10\/heidi-kaden-JjxAasj1_uA-unsplash-scaled.jpg 1707w\" sizes=\"auto, (max-width: 683px) 100vw, 683px\" \/><\/figure>\n\n\n\n<p><strong>Mais qu\u2019est-ce que c\u2019est\u202f?&nbsp;<\/strong>&nbsp;<\/p>\n\n\n\n<p>\u00c0 consommer froide ou chaude, le&nbsp;pumpkin&nbsp;spice&nbsp;latte est une&nbsp;<strong>boisson \u00e0 base de caf\u00e9<\/strong>&nbsp;se composant de&nbsp;<strong>citrouille<\/strong>, de cannelle, de noix de muscade, de clou de girofle de sucre et de cr\u00e8me fouett\u00e9e.&nbsp;<\/p>\n\n\n\n<p><strong>Le&nbsp;pumpkin&nbsp;spice&nbsp;latte se fait en deux \u00e9tapes\u2026<\/strong>&nbsp;<\/p>\n\n\n\n<p>Il ne suffit que de&nbsp;<strong>5 minutes<\/strong>&nbsp;pour pr\u00e9parer votre boisson.&nbsp;<\/p>\n\n\n\n<p>Il faut d\u2019abord&nbsp;pr\u00e9parer le<strong>&nbsp;sirop de citrouille<\/strong>&nbsp;en ajoutant de la pur\u00e9e de citrouille, du sucre en poudre, de l\u2019eau, de la cannelle en poudre et de la noix de muscade en poudre.&nbsp;<\/p>\n\n\n\n<p>La seconde \u00e9tape est&nbsp;de m\u00e9langer le&nbsp;sirop&nbsp;au&nbsp;caf\u00e9&nbsp;(et d\u2019ajouter du lait si besoin)&nbsp;puis de garnir&nbsp;avec de&nbsp;la chantilly et&nbsp;de&nbsp;la cannelle en poudre.&nbsp;<\/p>\n\n\n\n<p>Et voil\u00e0, le tour est jou\u00e9\u202f!&nbsp;Il ne vous reste plus qu\u2019\u00e0&nbsp;go\u00fbter cette boisson&nbsp;gourmande et \u00e9pic\u00e9e.<\/p>\n","protected":false},"excerpt":{"rendered":"<p>Une boisson incontournable de l\u2019automne avec le produit phare de la saison\u202f: la citrouille. Pr\u00eats \u00e0 d\u00e9couvrir le&nbsp;pumpkin&nbsp;spice&nbsp;latte ? Mais qu\u2019est-ce que c\u2019est\u202f?&nbsp;&nbsp; \u00c0 consommer froide ou chaude, le&nbsp;pumpkin&nbsp;spice&nbsp;latte est une&nbsp;boisson \u00e0 base de caf\u00e9&nbsp;se composant de&nbsp;citrouille, de cannelle, de noix de muscade, de clou de girofle de sucre et de cr\u00e8me fouett\u00e9e.&nbsp; Le&nbsp;pumpkin&nbsp;spice&nbsp;latte se [&hellip;]<\/p>\n","protected":false},"author":8,"featured_media":1676725,"comment_status":"closed","ping_status":"closed","sticky":false,"template":"","format":"standard","meta":{"episode_type":"audio","audio_file":"","cover_image":"","cover_image_id":"","duration":"","filesize":"","date_recorded":"","explicit":"","block":"","itunes_episode_number":"","itunes_title":"","itunes_season_number":"","itunes_episode_type":"","filesize_raw":"","footnotes":""},"categories":[43],"tags":[689,229],"group":[],"support":[],"class_list":["post-1676723","post","type-post","status-publish","format-standard","has-post-thumbnail","hentry","category-categorie-fr","tag-automne","tag-recette"],"yoast_head":"<!-- This site is optimized with the Yoast SEO plugin v24.0 - https:\/\/yoast.com\/wordpress\/plugins\/seo\/ -->\n<title>La recette de l&#039;automne : le Pumpkin Spice Latte - MyZen TV<\/title>\n<meta name=\"robots\" content=\"index, follow, max-snippet:-1, max-image-preview:large, max-video-preview:-1\" \/>\n<link rel=\"canonical\" href=\"https:\/\/www.myzen.tv\/fr\/la-recette-de-lautomne-le-pumkin-spice-latte\/\" \/>\n<meta property=\"og:locale\" content=\"fr_FR\" \/>\n<meta property=\"og:type\" content=\"article\" \/>\n<meta property=\"og:title\" content=\"La recette de l&#039;automne : le Pumpkin Spice Latte - MyZen TV\" \/>\n<meta property=\"og:description\" content=\"Une boisson incontournable de l\u2019automne avec le produit phare de la saison\u202f: la citrouille. Pr\u00eats \u00e0 d\u00e9couvrir le&nbsp;pumpkin&nbsp;spice&nbsp;latte ? Mais qu\u2019est-ce que c\u2019est\u202f?&nbsp;&nbsp; \u00c0 consommer froide ou chaude, le&nbsp;pumpkin&nbsp;spice&nbsp;latte est une&nbsp;boisson \u00e0 base de caf\u00e9&nbsp;se composant de&nbsp;citrouille, de cannelle, de noix de muscade, de clou de girofle de sucre et de cr\u00e8me fouett\u00e9e.&nbsp; Le&nbsp;pumpkin&nbsp;spice&nbsp;latte se [&hellip;]\" \/>\n<meta property=\"og:url\" content=\"https:\/\/www.myzen.tv\/fr\/la-recette-de-lautomne-le-pumkin-spice-latte\/\" \/>\n<meta property=\"og:site_name\" content=\"MyZen TV\" \/>\n<meta property=\"article:publisher\" content=\"https:\/\/www.facebook.com\/myzen.tv.fr\/\" \/>\n<meta property=\"article:published_time\" content=\"2021-10-31T04:00:00+00:00\" \/>\n<meta property=\"article:modified_time\" content=\"2021-11-04T15:33:51+00:00\" \/>\n<meta property=\"og:image\" content=\"https:\/\/www.myzen.tv\/wp-content\/uploads\/2021\/10\/theo-crazzolara-klHuYR3Ds6E-unsplash-scaled.jpg\" \/>\n\t<meta property=\"og:image:width\" content=\"2560\" \/>\n\t<meta property=\"og:image:height\" content=\"1724\" \/>\n\t<meta property=\"og:image:type\" content=\"image\/jpeg\" \/>\n<meta name=\"author\" content=\"Valentine Legrand\" \/>\n<meta name=\"twitter:card\" content=\"summary_large_image\" \/>\n<meta name=\"twitter:label1\" content=\"\u00c9crit par\" \/>\n\t<meta name=\"twitter:data1\" content=\"Valentine Legrand\" \/>\n\t<meta name=\"twitter:label2\" content=\"Dur\u00e9e de lecture estim\u00e9e\" \/>\n\t<meta name=\"twitter:data2\" content=\"1 minute\" \/>\n<!-- \/ Yoast SEO plugin. -->","yoast_head_json":{"title":"La recette de l'automne : le Pumpkin Spice Latte - MyZen TV","robots":{"index":"index","follow":"follow","max-snippet":"max-snippet:-1","max-image-preview":"max-image-preview:large","max-video-preview":"max-video-preview:-1"},"canonical":"https:\/\/www.myzen.tv\/fr\/la-recette-de-lautomne-le-pumkin-spice-latte\/","og_locale":"fr_FR","og_type":"article","og_title":"La recette de l'automne : le Pumpkin Spice Latte - MyZen TV","og_description":"Une boisson incontournable de l\u2019automne avec le produit phare de la saison\u202f: la citrouille. Pr\u00eats \u00e0 d\u00e9couvrir le&nbsp;pumpkin&nbsp;spice&nbsp;latte ? Mais qu\u2019est-ce que c\u2019est\u202f?&nbsp;&nbsp; \u00c0 consommer froide ou chaude, le&nbsp;pumpkin&nbsp;spice&nbsp;latte est une&nbsp;boisson \u00e0 base de caf\u00e9&nbsp;se composant de&nbsp;citrouille, de cannelle, de noix de muscade, de clou de girofle de sucre et de cr\u00e8me fouett\u00e9e.&nbsp; Le&nbsp;pumpkin&nbsp;spice&nbsp;latte se [&hellip;]","og_url":"https:\/\/www.myzen.tv\/fr\/la-recette-de-lautomne-le-pumkin-spice-latte\/","og_site_name":"MyZen TV","article_publisher":"https:\/\/www.facebook.com\/myzen.tv.fr\/","article_published_time":"2021-10-31T04:00:00+00:00","article_modified_time":"2021-11-04T15:33:51+00:00","og_image":[{"width":2560,"height":1724,"url":"https:\/\/www.myzen.tv\/wp-content\/uploads\/2021\/10\/theo-crazzolara-klHuYR3Ds6E-unsplash-scaled.jpg","type":"image\/jpeg"}],"author":"Valentine Legrand","twitter_card":"summary_large_image","twitter_misc":{"\u00c9crit par":"Valentine Legrand","Dur\u00e9e de lecture estim\u00e9e":"1 minute"},"schema":{"@context":"https:\/\/schema.org","@graph":[{"@type":"Article","@id":"https:\/\/www.myzen.tv\/fr\/la-recette-de-lautomne-le-pumkin-spice-latte\/#article","isPartOf":{"@id":"https:\/\/www.myzen.tv\/fr\/la-recette-de-lautomne-le-pumkin-spice-latte\/"},"author":{"name":"Valentine Legrand","@id":"https:\/\/www.myzen.tv\/fr\/#\/schema\/person\/ba8976f459aa0de0a454fa1d61201da2"},"headline":"La recette de l&rsquo;automne : le Pumpkin Spice Latte","datePublished":"2021-10-31T04:00:00+00:00","dateModified":"2021-11-04T15:33:51+00:00","mainEntityOfPage":{"@id":"https:\/\/www.myzen.tv\/fr\/la-recette-de-lautomne-le-pumkin-spice-latte\/"},"wordCount":219,"publisher":{"@id":"https:\/\/www.myzen.tv\/fr\/#organization"},"image":{"@id":"https:\/\/www.myzen.tv\/fr\/la-recette-de-lautomne-le-pumkin-spice-latte\/#primaryimage"},"thumbnailUrl":"https:\/\/www.myzen.tv\/wp-content\/uploads\/2021\/10\/theo-crazzolara-klHuYR3Ds6E-unsplash-scaled.jpg","keywords":["automne","recette"],"articleSection":["Cat\u00e9gorie"],"inLanguage":"fr-FR"},{"@type":"WebPage","@id":"https:\/\/www.myzen.tv\/fr\/la-recette-de-lautomne-le-pumkin-spice-latte\/","url":"https:\/\/www.myzen.tv\/fr\/la-recette-de-lautomne-le-pumkin-spice-latte\/","name":"La recette de l'automne : le Pumpkin Spice Latte - MyZen TV","isPartOf":{"@id":"https:\/\/www.myzen.tv\/fr\/#website"},"primaryImageOfPage":{"@id":"https:\/\/www.myzen.tv\/fr\/la-recette-de-lautomne-le-pumkin-spice-latte\/#primaryimage"},"image":{"@id":"https:\/\/www.myzen.tv\/fr\/la-recette-de-lautomne-le-pumkin-spice-latte\/#primaryimage"},"thumbnailUrl":"https:\/\/www.myzen.tv\/wp-content\/uploads\/2021\/10\/theo-crazzolara-klHuYR3Ds6E-unsplash-scaled.jpg","datePublished":"2021-10-31T04:00:00+00:00","dateModified":"2021-11-04T15:33:51+00:00","breadcrumb":{"@id":"https:\/\/www.myzen.tv\/fr\/la-recette-de-lautomne-le-pumkin-spice-latte\/#breadcrumb"},"inLanguage":"fr-FR","potentialAction":[{"@type":"ReadAction","target":["https:\/\/www.myzen.tv\/fr\/la-recette-de-lautomne-le-pumkin-spice-latte\/"]}]},{"@type":"ImageObject","inLanguage":"fr-FR","@id":"https:\/\/www.myzen.tv\/fr\/la-recette-de-lautomne-le-pumkin-spice-latte\/#primaryimage","url":"https:\/\/www.myzen.tv\/wp-content\/uploads\/2021\/10\/theo-crazzolara-klHuYR3Ds6E-unsplash-scaled.jpg","contentUrl":"https:\/\/www.myzen.tv\/wp-content\/uploads\/2021\/10\/theo-crazzolara-klHuYR3Ds6E-unsplash-scaled.jpg","width":2560,"height":1724},{"@type":"BreadcrumbList","@id":"https:\/\/www.myzen.tv\/fr\/la-recette-de-lautomne-le-pumkin-spice-latte\/#breadcrumb","itemListElement":[{"@type":"ListItem","position":1,"name":"Home","item":"https:\/\/www.myzen.tv\/fr\/"},{"@type":"ListItem","position":2,"name":"La recette de l&#8217;automne : le Pumpkin Spice Latte"}]},{"@type":"WebSite","@id":"https:\/\/www.myzen.tv\/fr\/#website","url":"https:\/\/www.myzen.tv\/fr\/","name":"MyZen TV","description":"Your lifestyle and well-being channel","publisher":{"@id":"https:\/\/www.myzen.tv\/fr\/#organization"},"potentialAction":[{"@type":"SearchAction","target":{"@type":"EntryPoint","urlTemplate":"https:\/\/www.myzen.tv\/fr\/?s={search_term_string}"},"query-input":{"@type":"PropertyValueSpecification","valueRequired":true,"valueName":"search_term_string"}}],"inLanguage":"fr-FR"},{"@type":"Organization","@id":"https:\/\/www.myzen.tv\/fr\/#organization","name":"MyZen TV","url":"https:\/\/www.myzen.tv\/fr\/","logo":{"@type":"ImageObject","inLanguage":"fr-FR","@id":"https:\/\/www.myzen.tv\/fr\/#\/schema\/logo\/image\/","url":"https:\/\/www.myzen.tv\/wp-content\/uploads\/2021\/05\/cropped-ICON_MZtv-LOGO_firetv640-1-1.png","contentUrl":"https:\/\/www.myzen.tv\/wp-content\/uploads\/2021\/05\/cropped-ICON_MZtv-LOGO_firetv640-1-1.png","width":512,"height":512,"caption":"MyZen TV"},"image":{"@id":"https:\/\/www.myzen.tv\/fr\/#\/schema\/logo\/image\/"},"sameAs":["https:\/\/www.facebook.com\/myzen.tv.fr\/","https:\/\/www.instagram.com\/myzentv\/"]},{"@type":"Person","@id":"https:\/\/www.myzen.tv\/fr\/#\/schema\/person\/ba8976f459aa0de0a454fa1d61201da2","name":"Valentine Legrand","url":"https:\/\/www.myzen.tv\/fr\/author\/legrand\/"}]}},"_links":{"self":[{"href":"https:\/\/www.myzen.tv\/fr\/wp-json\/wp\/v2\/posts\/1676723","targetHints":{"allow":["GET"]}}],"collection":[{"href":"https:\/\/www.myzen.tv\/fr\/wp-json\/wp\/v2\/posts"}],"about":[{"href":"https:\/\/www.myzen.tv\/fr\/wp-json\/wp\/v2\/types\/post"}],"author":[{"embeddable":true,"href":"https:\/\/www.myzen.tv\/fr\/wp-json\/wp\/v2\/users\/8"}],"replies":[{"embeddable":true,"href":"https:\/\/www.myzen.tv\/fr\/wp-json\/wp\/v2\/comments?post=1676723"}],"version-history":[{"count":6,"href":"https:\/\/www.myzen.tv\/fr\/wp-json\/wp\/v2\/posts\/1676723\/revisions"}],"predecessor-version":[{"id":1677984,"href":"https:\/\/www.myzen.tv\/fr\/wp-json\/wp\/v2\/posts\/1676723\/revisions\/1677984"}],"wp:featuredmedia":[{"embeddable":true,"href":"https:\/\/www.myzen.tv\/fr\/wp-json\/wp\/v2\/media\/1676725"}],"wp:attachment":[{"href":"https:\/\/www.myzen.tv\/fr\/wp-json\/wp\/v2\/media?parent=1676723"}],"wp:term":[{"taxonomy":"category","embeddable":true,"href":"https:\/\/www.myzen.tv\/fr\/wp-json\/wp\/v2\/categories?post=1676723"},{"taxonomy":"post_tag","embeddable":true,"href":"https:\/\/www.myzen.tv\/fr\/wp-json\/wp\/v2\/tags?post=1676723"},{"taxonomy":"group","embeddable":true,"href":"https:\/\/www.myzen.tv\/fr\/wp-json\/wp\/v2\/group?post=1676723"},{"taxonomy":"support","embeddable":true,"href":"https:\/\/www.myzen.tv\/fr\/wp-json\/wp\/v2\/support?post=1676723"}],"curies":[{"name":"wp","href":"https:\/\/api.w.org\/{rel}","templated":true}]}}