{"id":1677498,"date":"2021-10-29T10:05:38","date_gmt":"2021-10-29T10:05:38","guid":{"rendered":"https:\/\/www.myzen.tv\/?p=1677498"},"modified":"2021-10-29T13:55:58","modified_gmt":"2021-10-29T13:55:58","slug":"5-questions-a-une-dieteticienne-nutritionniste-en-centre-hospitalier","status":"publish","type":"post","link":"https:\/\/www.myzen.tv\/fr\/5-questions-a-une-dieteticienne-nutritionniste-en-centre-hospitalier\/","title":{"rendered":"5 questions \u00e0 Aurore Delerue, di\u00e9t\u00e9ticienne nutritionniste en centre hospitalier"},"content":{"rendered":"\n<p>Rencontre avec Aurore Delerue, <strong>di\u00e9t\u00e9ticienne nutritionniste <\/strong>au centre Hospitalier de La&nbsp;Bass\u00e9e, pr\u00e8s de Lille, pour&nbsp;MyZen&nbsp;TV.&nbsp;<\/p>\n\n\n\n<figure class=\"wp-block-image size-large\"><img loading=\"lazy\" decoding=\"async\" width=\"1024\" height=\"576\" src=\"https:\/\/www.myzen.tv\/wp-content\/uploads\/2021\/10\/farhad-ibrahimzade-M2P17PN_n48-unsplash-1024x576.jpg\" alt=\"\" class=\"wp-image-1677518\" srcset=\"https:\/\/www.myzen.tv\/wp-content\/uploads\/2021\/10\/farhad-ibrahimzade-M2P17PN_n48-unsplash-1024x576.jpg 1024w, https:\/\/www.myzen.tv\/wp-content\/uploads\/2021\/10\/farhad-ibrahimzade-M2P17PN_n48-unsplash-300x169.jpg 300w, https:\/\/www.myzen.tv\/wp-content\/uploads\/2021\/10\/farhad-ibrahimzade-M2P17PN_n48-unsplash-768x432.jpg 768w, https:\/\/www.myzen.tv\/wp-content\/uploads\/2021\/10\/farhad-ibrahimzade-M2P17PN_n48-unsplash-1536x864.jpg 1536w, https:\/\/www.myzen.tv\/wp-content\/uploads\/2021\/10\/farhad-ibrahimzade-M2P17PN_n48-unsplash-2048x1152.jpg 2048w, https:\/\/www.myzen.tv\/wp-content\/uploads\/2021\/10\/farhad-ibrahimzade-M2P17PN_n48-unsplash-320x180.jpg 320w, https:\/\/www.myzen.tv\/wp-content\/uploads\/2021\/10\/farhad-ibrahimzade-M2P17PN_n48-unsplash-235x132.jpg 235w, https:\/\/www.myzen.tv\/wp-content\/uploads\/2021\/10\/farhad-ibrahimzade-M2P17PN_n48-unsplash-540x304.jpg 540w\" sizes=\"auto, (max-width: 1024px) 100vw, 1024px\" \/><\/figure>\n\n\n\n<h2 class=\"wp-block-heading\"><strong>Qu\u2019est-ce qui rapproche les di\u00e9t\u00e9ticiens des nutritionnistes&nbsp;?&nbsp;<\/strong>&nbsp;<\/h2>\n\n\n\n<p>Tout d\u2019abord, le terme nutritionniste n\u2019existe pas r\u00e9ellement. Dans la profession, nous parlons de \u201cdi\u00e9t\u00e9ticien nutritionniste\u201d ou de \u201c<strong>m\u00e9decin nutritionniste<\/strong>\u201d. Tous les deux sont sp\u00e9cialis\u00e9s dans la science de l\u2019<strong>alimentation<\/strong>, des r\u00e9gimes adapt\u00e9s \u00e0 des&nbsp;pathologies comme le diab\u00e8te, l\u2019ob\u00e9sit\u00e9 et la d\u00e9nutrition. Les m\u00e9decins nutritionnistes peuvent donner des prescriptions pour ce qui va \u00eatre de l\u2019ordre du r\u00e9gime et de la prise en charge dans le centre hospitalier. Il n\u2019y a que les di\u00e9t\u00e9ticiens nutritionnistes et les m\u00e9decins nutritionnistes qui peuvent exercer l\u00e9galement dans ce secteur d\u2019activit\u00e9.&nbsp;<\/p>\n\n\n\n<h2 class=\"wp-block-heading\"><strong>C\u2019est quoi \u00eatre&nbsp;di\u00e9t\u00e9ticien&nbsp;nutritionniste\u202f?&nbsp;<\/strong>&nbsp;<\/h2>\n\n\n\n<p>Les di\u00e9t\u00e9ticiens nutritionnistes sont l\u00e0 pour adapter un r\u00e9gime et donner des conseils pour tout ce qui est probl\u00e8mes nutritionnels. Nous aidons les patients \u00e0 conserver un bon \u00e9tat nutritionnel, avec des compl\u00e9ments alimentaires ou des <strong>alimentations th\u00e9rapeutiques<\/strong>. De mon c\u00f4t\u00e9, je suis en centre hospitalier, je vois les patients qui sont hospitalis\u00e9s en EHPAD et en centre de r\u00e9\u00e9ducation.&nbsp;<\/p>\n\n\n\n<h2 class=\"wp-block-heading\"><strong>En g\u00e9n\u00e9ral, pourquoi les patients viennent ils voir un&nbsp;di\u00e9t\u00e9ticien&nbsp;nutritionniste\u202f?&nbsp;<\/strong>&nbsp;<\/h2>\n\n\n\n<p>On retrouve beaucoup de personnes en <strong>d\u00e9nutrition<\/strong>, qui pr\u00e9sente une perte de poids, ou une perte d\u2019app\u00e9tit ou encore une <strong>atrophie musculaire<\/strong>. Nous avons aussi des ob\u00e8ses ou des personnes en surpoids, des diab\u00e9tiques ou autre ayant un r\u00e9gime sp\u00e9cifique.&nbsp;<\/p>\n\n\n\n<h2 class=\"wp-block-heading\"><strong>Que faites-vous pour aider ces personnes\u202f?&nbsp;<\/strong>&nbsp;<\/h2>\n\n\n\n<p>Nous conseillons les personnes \u00e0 pratiquer du <strong>sport<\/strong>, tout en faisant un r\u00e9\u00e9quilibrage alimentaire. On suit la personne pour atteindre ses objectifs, du d\u00e9but jusqu\u2019\u00e0 la fin de la prise en charge. Le patient peut-\u00eatre amener \u00e0 voir un psychologue \u00e9galement. Apr\u00e8s, il n\u2019y a rien de magique : tout est question de qualit\u00e9 ou de quantit\u00e9 de l\u2019alimentation. Cela d\u00e9pend de la fr\u00e9quence, et c\u2019est individuel \u00e0 chaque personne.&nbsp;<\/p>\n\n\n\n<h2 class=\"wp-block-heading\"><strong>Selon vous, quel est le repas id\u00e9al\u202f?<\/strong>&nbsp;<\/h2>\n\n\n\n<p>Selon moi, un repas id\u00e9al comprend des <strong>prot\u00e9ines<\/strong> (animales ou v\u00e9g\u00e9tales), des <strong>f\u00e9culents<\/strong> et des l\u00e9gumes. Il est aussi indispensable de se faire plaisir de temps en temps : car si nous optons pour un changement brutal dans notre alimentation, cela pourrait entra\u00eener un effet yoyo et parfois m\u00eame un trop grand contr\u00f4le pourrait entra\u00eener un trouble du <strong>comportement alimentaire<\/strong>.&nbsp;<\/p>\n\n\n\n<p>Retrouvez tous nos conseils&nbsp;bien-\u00eatre&nbsp;sur notre plateforme de streaming&nbsp;MyZen&nbsp;TV\u202f!&nbsp;&nbsp;<\/p>\n","protected":false},"excerpt":{"rendered":"<p>Rencontre avec Aurore Delerue, di\u00e9t\u00e9ticienne nutritionniste au centre Hospitalier de La&nbsp;Bass\u00e9e, pr\u00e8s de Lille, pour&nbsp;MyZen&nbsp;TV.&nbsp; Qu\u2019est-ce qui rapproche les di\u00e9t\u00e9ticiens des nutritionnistes&nbsp;?&nbsp;&nbsp; Tout d\u2019abord, le terme nutritionniste n\u2019existe pas r\u00e9ellement. Dans la profession, nous parlons de \u201cdi\u00e9t\u00e9ticien nutritionniste\u201d ou de \u201cm\u00e9decin nutritionniste\u201d. Tous les deux sont sp\u00e9cialis\u00e9s dans la science de l\u2019alimentation, des r\u00e9gimes adapt\u00e9s [&hellip;]<\/p>\n","protected":false},"author":4,"featured_media":1677520,"comment_status":"closed","ping_status":"closed","sticky":false,"template":"","format":"standard","meta":{"episode_type":"audio","audio_file":"","cover_image":"","cover_image_id":"","duration":"","filesize":"","date_recorded":"","explicit":"","block":"","itunes_episode_number":"","itunes_title":"","itunes_season_number":"","itunes_episode_type":"","filesize_raw":"","footnotes":""},"categories":[49],"tags":[251,213,741,507,203,195],"group":[],"support":[],"class_list":["post-1677498","post","type-post","status-publish","format-standard","has-post-thumbnail","hentry","category-body-soul","tag-alimentation","tag-corps","tag-dietetique","tag-healthy","tag-nutrition","tag-sport"],"yoast_head":"<!-- This site is optimized with the Yoast SEO plugin v24.0 - https:\/\/yoast.com\/wordpress\/plugins\/seo\/ -->\n<title>5 questions \u00e0 Aurore Delerue, di\u00e9t\u00e9ticienne nutritionniste en centre hospitalier - MyZen TV<\/title>\n<meta name=\"robots\" content=\"index, follow, max-snippet:-1, max-image-preview:large, max-video-preview:-1\" \/>\n<link rel=\"canonical\" href=\"https:\/\/www.myzen.tv\/fr\/5-questions-a-une-dieteticienne-nutritionniste-en-centre-hospitalier\/\" \/>\n<meta property=\"og:locale\" content=\"fr_FR\" \/>\n<meta property=\"og:type\" content=\"article\" \/>\n<meta property=\"og:title\" content=\"5 questions \u00e0 Aurore Delerue, di\u00e9t\u00e9ticienne nutritionniste en centre hospitalier - MyZen TV\" \/>\n<meta property=\"og:description\" content=\"Rencontre avec Aurore Delerue, di\u00e9t\u00e9ticienne nutritionniste au centre Hospitalier de La&nbsp;Bass\u00e9e, pr\u00e8s de Lille, pour&nbsp;MyZen&nbsp;TV.&nbsp; Qu\u2019est-ce qui rapproche les di\u00e9t\u00e9ticiens des nutritionnistes&nbsp;?&nbsp;&nbsp; Tout d\u2019abord, le terme nutritionniste n\u2019existe pas r\u00e9ellement. Dans la profession, nous parlons de \u201cdi\u00e9t\u00e9ticien nutritionniste\u201d ou de \u201cm\u00e9decin nutritionniste\u201d. Tous les deux sont sp\u00e9cialis\u00e9s dans la science de l\u2019alimentation, des r\u00e9gimes adapt\u00e9s [&hellip;]\" \/>\n<meta property=\"og:url\" content=\"https:\/\/www.myzen.tv\/fr\/5-questions-a-une-dieteticienne-nutritionniste-en-centre-hospitalier\/\" \/>\n<meta property=\"og:site_name\" content=\"MyZen TV\" \/>\n<meta property=\"article:publisher\" content=\"https:\/\/www.facebook.com\/myzen.tv.fr\/\" \/>\n<meta property=\"article:published_time\" content=\"2021-10-29T10:05:38+00:00\" \/>\n<meta property=\"article:modified_time\" content=\"2021-10-29T13:55:58+00:00\" \/>\n<meta property=\"og:image\" content=\"https:\/\/www.myzen.tv\/wp-content\/uploads\/2021\/10\/farhad-ibrahimzade-M2P17PN_n48-unsplash-1-scaled.jpg\" \/>\n\t<meta property=\"og:image:width\" content=\"2560\" \/>\n\t<meta property=\"og:image:height\" content=\"1440\" \/>\n\t<meta property=\"og:image:type\" content=\"image\/jpeg\" \/>\n<meta name=\"author\" content=\"Lucas Wils\" \/>\n<meta name=\"twitter:card\" content=\"summary_large_image\" \/>\n<meta name=\"twitter:label1\" content=\"\u00c9crit par\" \/>\n\t<meta name=\"twitter:data1\" content=\"Lucas Wils\" \/>\n\t<meta name=\"twitter:label2\" content=\"Dur\u00e9e de lecture estim\u00e9e\" \/>\n\t<meta name=\"twitter:data2\" content=\"2 minutes\" \/>\n<!-- \/ Yoast SEO plugin. -->","yoast_head_json":{"title":"5 questions \u00e0 Aurore Delerue, di\u00e9t\u00e9ticienne nutritionniste en centre hospitalier - MyZen TV","robots":{"index":"index","follow":"follow","max-snippet":"max-snippet:-1","max-image-preview":"max-image-preview:large","max-video-preview":"max-video-preview:-1"},"canonical":"https:\/\/www.myzen.tv\/fr\/5-questions-a-une-dieteticienne-nutritionniste-en-centre-hospitalier\/","og_locale":"fr_FR","og_type":"article","og_title":"5 questions \u00e0 Aurore Delerue, di\u00e9t\u00e9ticienne nutritionniste en centre hospitalier - MyZen TV","og_description":"Rencontre avec Aurore Delerue, di\u00e9t\u00e9ticienne nutritionniste au centre Hospitalier de La&nbsp;Bass\u00e9e, pr\u00e8s de Lille, pour&nbsp;MyZen&nbsp;TV.&nbsp; Qu\u2019est-ce qui rapproche les di\u00e9t\u00e9ticiens des nutritionnistes&nbsp;?&nbsp;&nbsp; Tout d\u2019abord, le terme nutritionniste n\u2019existe pas r\u00e9ellement. Dans la profession, nous parlons de \u201cdi\u00e9t\u00e9ticien nutritionniste\u201d ou de \u201cm\u00e9decin nutritionniste\u201d. Tous les deux sont sp\u00e9cialis\u00e9s dans la science de l\u2019alimentation, des r\u00e9gimes adapt\u00e9s [&hellip;]","og_url":"https:\/\/www.myzen.tv\/fr\/5-questions-a-une-dieteticienne-nutritionniste-en-centre-hospitalier\/","og_site_name":"MyZen TV","article_publisher":"https:\/\/www.facebook.com\/myzen.tv.fr\/","article_published_time":"2021-10-29T10:05:38+00:00","article_modified_time":"2021-10-29T13:55:58+00:00","og_image":[{"width":2560,"height":1440,"url":"https:\/\/www.myzen.tv\/wp-content\/uploads\/2021\/10\/farhad-ibrahimzade-M2P17PN_n48-unsplash-1-scaled.jpg","type":"image\/jpeg"}],"author":"Lucas Wils","twitter_card":"summary_large_image","twitter_misc":{"\u00c9crit par":"Lucas Wils","Dur\u00e9e de lecture estim\u00e9e":"2 minutes"},"schema":{"@context":"https:\/\/schema.org","@graph":[{"@type":"Article","@id":"https:\/\/www.myzen.tv\/fr\/5-questions-a-une-dieteticienne-nutritionniste-en-centre-hospitalier\/#article","isPartOf":{"@id":"https:\/\/www.myzen.tv\/fr\/5-questions-a-une-dieteticienne-nutritionniste-en-centre-hospitalier\/"},"author":{"name":"Lucas Wils","@id":"https:\/\/www.myzen.tv\/fr\/#\/schema\/person\/1bff4c7f0ebab22c92c47dcf62276ebd"},"headline":"5 questions \u00e0 Aurore Delerue, di\u00e9t\u00e9ticienne nutritionniste en centre hospitalier","datePublished":"2021-10-29T10:05:38+00:00","dateModified":"2021-10-29T13:55:58+00:00","mainEntityOfPage":{"@id":"https:\/\/www.myzen.tv\/fr\/5-questions-a-une-dieteticienne-nutritionniste-en-centre-hospitalier\/"},"wordCount":493,"publisher":{"@id":"https:\/\/www.myzen.tv\/fr\/#organization"},"image":{"@id":"https:\/\/www.myzen.tv\/fr\/5-questions-a-une-dieteticienne-nutritionniste-en-centre-hospitalier\/#primaryimage"},"thumbnailUrl":"https:\/\/www.myzen.tv\/wp-content\/uploads\/2021\/10\/farhad-ibrahimzade-M2P17PN_n48-unsplash-1-scaled.jpg","keywords":["alimentation","corps","di\u00e9t\u00e9tique","healthy","nutrition","sport"],"articleSection":["Body &amp; Soul"],"inLanguage":"fr-FR"},{"@type":"WebPage","@id":"https:\/\/www.myzen.tv\/fr\/5-questions-a-une-dieteticienne-nutritionniste-en-centre-hospitalier\/","url":"https:\/\/www.myzen.tv\/fr\/5-questions-a-une-dieteticienne-nutritionniste-en-centre-hospitalier\/","name":"5 questions \u00e0 Aurore Delerue, di\u00e9t\u00e9ticienne nutritionniste en centre hospitalier - MyZen TV","isPartOf":{"@id":"https:\/\/www.myzen.tv\/fr\/#website"},"primaryImageOfPage":{"@id":"https:\/\/www.myzen.tv\/fr\/5-questions-a-une-dieteticienne-nutritionniste-en-centre-hospitalier\/#primaryimage"},"image":{"@id":"https:\/\/www.myzen.tv\/fr\/5-questions-a-une-dieteticienne-nutritionniste-en-centre-hospitalier\/#primaryimage"},"thumbnailUrl":"https:\/\/www.myzen.tv\/wp-content\/uploads\/2021\/10\/farhad-ibrahimzade-M2P17PN_n48-unsplash-1-scaled.jpg","datePublished":"2021-10-29T10:05:38+00:00","dateModified":"2021-10-29T13:55:58+00:00","breadcrumb":{"@id":"https:\/\/www.myzen.tv\/fr\/5-questions-a-une-dieteticienne-nutritionniste-en-centre-hospitalier\/#breadcrumb"},"inLanguage":"fr-FR","potentialAction":[{"@type":"ReadAction","target":["https:\/\/www.myzen.tv\/fr\/5-questions-a-une-dieteticienne-nutritionniste-en-centre-hospitalier\/"]}]},{"@type":"ImageObject","inLanguage":"fr-FR","@id":"https:\/\/www.myzen.tv\/fr\/5-questions-a-une-dieteticienne-nutritionniste-en-centre-hospitalier\/#primaryimage","url":"https:\/\/www.myzen.tv\/wp-content\/uploads\/2021\/10\/farhad-ibrahimzade-M2P17PN_n48-unsplash-1-scaled.jpg","contentUrl":"https:\/\/www.myzen.tv\/wp-content\/uploads\/2021\/10\/farhad-ibrahimzade-M2P17PN_n48-unsplash-1-scaled.jpg","width":2560,"height":1440},{"@type":"BreadcrumbList","@id":"https:\/\/www.myzen.tv\/fr\/5-questions-a-une-dieteticienne-nutritionniste-en-centre-hospitalier\/#breadcrumb","itemListElement":[{"@type":"ListItem","position":1,"name":"Home","item":"https:\/\/www.myzen.tv\/fr\/"},{"@type":"ListItem","position":2,"name":"5 questions \u00e0 Aurore Delerue, di\u00e9t\u00e9ticienne nutritionniste en centre hospitalier"}]},{"@type":"WebSite","@id":"https:\/\/www.myzen.tv\/fr\/#website","url":"https:\/\/www.myzen.tv\/fr\/","name":"MyZen TV","description":"Your lifestyle and well-being channel","publisher":{"@id":"https:\/\/www.myzen.tv\/fr\/#organization"},"potentialAction":[{"@type":"SearchAction","target":{"@type":"EntryPoint","urlTemplate":"https:\/\/www.myzen.tv\/fr\/?s={search_term_string}"},"query-input":{"@type":"PropertyValueSpecification","valueRequired":true,"valueName":"search_term_string"}}],"inLanguage":"fr-FR"},{"@type":"Organization","@id":"https:\/\/www.myzen.tv\/fr\/#organization","name":"MyZen TV","url":"https:\/\/www.myzen.tv\/fr\/","logo":{"@type":"ImageObject","inLanguage":"fr-FR","@id":"https:\/\/www.myzen.tv\/fr\/#\/schema\/logo\/image\/","url":"https:\/\/www.myzen.tv\/wp-content\/uploads\/2021\/05\/cropped-ICON_MZtv-LOGO_firetv640-1-1.png","contentUrl":"https:\/\/www.myzen.tv\/wp-content\/uploads\/2021\/05\/cropped-ICON_MZtv-LOGO_firetv640-1-1.png","width":512,"height":512,"caption":"MyZen TV"},"image":{"@id":"https:\/\/www.myzen.tv\/fr\/#\/schema\/logo\/image\/"},"sameAs":["https:\/\/www.facebook.com\/myzen.tv.fr\/","https:\/\/www.instagram.com\/myzentv\/"]},{"@type":"Person","@id":"https:\/\/www.myzen.tv\/fr\/#\/schema\/person\/1bff4c7f0ebab22c92c47dcf62276ebd","name":"Lucas Wils","url":"https:\/\/www.myzen.tv\/fr\/author\/wils\/"}]}},"_links":{"self":[{"href":"https:\/\/www.myzen.tv\/fr\/wp-json\/wp\/v2\/posts\/1677498","targetHints":{"allow":["GET"]}}],"collection":[{"href":"https:\/\/www.myzen.tv\/fr\/wp-json\/wp\/v2\/posts"}],"about":[{"href":"https:\/\/www.myzen.tv\/fr\/wp-json\/wp\/v2\/types\/post"}],"author":[{"embeddable":true,"href":"https:\/\/www.myzen.tv\/fr\/wp-json\/wp\/v2\/users\/4"}],"replies":[{"embeddable":true,"href":"https:\/\/www.myzen.tv\/fr\/wp-json\/wp\/v2\/comments?post=1677498"}],"version-history":[{"count":3,"href":"https:\/\/www.myzen.tv\/fr\/wp-json\/wp\/v2\/posts\/1677498\/revisions"}],"predecessor-version":[{"id":1677525,"href":"https:\/\/www.myzen.tv\/fr\/wp-json\/wp\/v2\/posts\/1677498\/revisions\/1677525"}],"wp:featuredmedia":[{"embeddable":true,"href":"https:\/\/www.myzen.tv\/fr\/wp-json\/wp\/v2\/media\/1677520"}],"wp:attachment":[{"href":"https:\/\/www.myzen.tv\/fr\/wp-json\/wp\/v2\/media?parent=1677498"}],"wp:term":[{"taxonomy":"category","embeddable":true,"href":"https:\/\/www.myzen.tv\/fr\/wp-json\/wp\/v2\/categories?post=1677498"},{"taxonomy":"post_tag","embeddable":true,"href":"https:\/\/www.myzen.tv\/fr\/wp-json\/wp\/v2\/tags?post=1677498"},{"taxonomy":"group","embeddable":true,"href":"https:\/\/www.myzen.tv\/fr\/wp-json\/wp\/v2\/group?post=1677498"},{"taxonomy":"support","embeddable":true,"href":"https:\/\/www.myzen.tv\/fr\/wp-json\/wp\/v2\/support?post=1677498"}],"curies":[{"name":"wp","href":"https:\/\/api.w.org\/{rel}","templated":true}]}}