{"id":1679541,"date":"2021-12-27T06:00:00","date_gmt":"2021-12-27T06:00:00","guid":{"rendered":"https:\/\/www.myzen.tv\/?p=1679541"},"modified":"2021-12-22T14:01:44","modified_gmt":"2021-12-22T14:01:44","slug":"recette-de-reveillon-le-risotto-poire-chataigne","status":"publish","type":"post","link":"https:\/\/www.myzen.tv\/fr\/recette-de-reveillon-le-risotto-poire-chataigne\/","title":{"rendered":"Recette de r\u00e9veillon : le risotto poire ch\u00e2taigne"},"content":{"rendered":"\n<div class=\"wp-block-image\"><figure class=\"aligncenter size-large\"><img loading=\"lazy\" decoding=\"async\" width=\"683\" height=\"1024\" src=\"https:\/\/www.myzen.tv\/wp-content\/uploads\/2021\/12\/lucas-lobak-neves-wL672yv_hss-unsplash-683x1024.jpg\" alt=\"Risotto poire \" class=\"wp-image-1679542\" srcset=\"https:\/\/www.myzen.tv\/wp-content\/uploads\/2021\/12\/lucas-lobak-neves-wL672yv_hss-unsplash-683x1024.jpg 683w, https:\/\/www.myzen.tv\/wp-content\/uploads\/2021\/12\/lucas-lobak-neves-wL672yv_hss-unsplash-200x300.jpg 200w, https:\/\/www.myzen.tv\/wp-content\/uploads\/2021\/12\/lucas-lobak-neves-wL672yv_hss-unsplash-768x1152.jpg 768w, https:\/\/www.myzen.tv\/wp-content\/uploads\/2021\/12\/lucas-lobak-neves-wL672yv_hss-unsplash-1024x1536.jpg 1024w, https:\/\/www.myzen.tv\/wp-content\/uploads\/2021\/12\/lucas-lobak-neves-wL672yv_hss-unsplash-1365x2048.jpg 1365w, https:\/\/www.myzen.tv\/wp-content\/uploads\/2021\/12\/lucas-lobak-neves-wL672yv_hss-unsplash-127x190.jpg 127w, https:\/\/www.myzen.tv\/wp-content\/uploads\/2021\/12\/lucas-lobak-neves-wL672yv_hss-unsplash-93x140.jpg 93w, https:\/\/www.myzen.tv\/wp-content\/uploads\/2021\/12\/lucas-lobak-neves-wL672yv_hss-unsplash-237x355.jpg 237w, https:\/\/www.myzen.tv\/wp-content\/uploads\/2021\/12\/lucas-lobak-neves-wL672yv_hss-unsplash-scaled.jpg 1707w\" sizes=\"auto, (max-width: 683px) 100vw, 683px\" \/><\/figure><\/div>\n\n\n\n<p>\u00c0 court d\u2019id\u00e9es pour vos plats de&nbsp;<strong>fin d\u2019ann\u00e9e<\/strong>\u202f?&nbsp;Aujourd\u2019hui&nbsp;MyZen&nbsp;TV vous propose une&nbsp;<strong>recette<\/strong>&nbsp;l\u00e9g\u00e8re et \u00e9quilibr\u00e9e \u00e0 r\u00e9aliser\u202f: le&nbsp;<strong>risotto aux poires et aux ch\u00e2taignes<\/strong>, parfait pour un repas simple pour le&nbsp;r\u00e9veillon du&nbsp;<strong>Nouvel An\u202f<\/strong>!&nbsp;&nbsp;<\/p>\n\n\n\n<p>Pour cette recette, il vous faudra&nbsp;:&nbsp;<\/p>\n\n\n\n<ul class=\"liste-recette wp-block-list\"><li>Des&nbsp;ch\u00e2taignes&nbsp;<\/li><li>Une poire&nbsp;<\/li><li>Du&nbsp;riz&nbsp;<\/li><li>Des \u00e9chalotes&nbsp;<\/li><li>Du vin blanc&nbsp;<\/li><\/ul>\n\n\n\n<ul class=\"liste-recette wp-block-list\"><li>Du beurre&nbsp;<\/li><li>Du bouillon de volaille&nbsp;<\/li><li>De&nbsp;l\u2019huile d\u2019olive<\/li><\/ul>\n\n\n\n<p>Faites revenir avec de l\u2019huile d\u2019olive les \u00e9chalotes apr\u00e8s les avoir \u00e9pluch\u00e9es et&nbsp;r\u00e9servez.&nbsp;Versez le riz et faites mijoter le tout, puis versez le vin blanc. Apr\u00e8s que le riz&nbsp;soit&nbsp;devenu translucide, versez le bouillon de volaille et laissez cuire une vingtaine de minutes.&nbsp;&nbsp;<\/p>\n\n\n\n<p>Pour les ch\u00e2taignes, rincez les ch\u00e2taignes, r\u00e9duisez-les grossi\u00e8rement en morceaux puis pelez les poires en tranches. M\u00e9langez les poires et les&nbsp;ch\u00e2taignes avec du beurre dans la sauteuse.&nbsp;<\/p>\n\n\n\n<p>Versez le tout dans une assiette, salez, poivrez. Vous pouvez \u00e9galement ajouter du parmesan. Et voil\u00e0, il ne vous reste plus qu\u2019\u00e0 d\u00e9guster.&nbsp;<strong>Bon app\u00e9tit\u202f!<\/strong>&nbsp;&nbsp;<\/p>\n","protected":false},"excerpt":{"rendered":"<p>\u00c0 court d\u2019id\u00e9es pour vos plats de&nbsp;fin d\u2019ann\u00e9e\u202f?&nbsp;Aujourd\u2019hui&nbsp;MyZen&nbsp;TV vous propose une&nbsp;recette&nbsp;l\u00e9g\u00e8re et \u00e9quilibr\u00e9e \u00e0 r\u00e9aliser\u202f: le&nbsp;risotto aux poires et aux ch\u00e2taignes, parfait pour un repas simple pour le&nbsp;r\u00e9veillon du&nbsp;Nouvel An\u202f!&nbsp;&nbsp; Pour cette recette, il vous faudra&nbsp;:&nbsp; Des&nbsp;ch\u00e2taignes&nbsp; Une poire&nbsp; Du&nbsp;riz&nbsp; Des \u00e9chalotes&nbsp; Du vin blanc&nbsp; Du beurre&nbsp; Du bouillon de volaille&nbsp; De&nbsp;l\u2019huile d\u2019olive Faites revenir [&hellip;]<\/p>\n","protected":false},"author":8,"featured_media":1679544,"comment_status":"closed","ping_status":"closed","sticky":false,"template":"","format":"standard","meta":{"episode_type":"audio","audio_file":"","cover_image":"","cover_image_id":"","duration":"","filesize":"","date_recorded":"","explicit":"","block":"","itunes_episode_number":"","itunes_title":"","itunes_season_number":"","itunes_episode_type":"","filesize_raw":"","footnotes":""},"categories":[50],"tags":[692,839,838,229,837],"group":[],"support":[],"class_list":["post-1679541","post","type-post","status-publish","format-standard","has-post-thumbnail","hentry","category-bien-etre-au-quotidien","tag-chataigne","tag-nouvel-an","tag-poire","tag-recette","tag-risotto"],"yoast_head":"<!-- This site is optimized with the Yoast SEO plugin v24.0 - https:\/\/yoast.com\/wordpress\/plugins\/seo\/ -->\n<title>Recette de r\u00e9veillon : le risotto poire ch\u00e2taigne - MyZen TV<\/title>\n<meta name=\"description\" content=\"\u00c0 court d\u2019id\u00e9es pour votre repas du nouvel an\u202f? MyZen TV vous propose une recette l\u00e9g\u00e8re \u00e0 r\u00e9aliser\u202f: le risotto aux poires et aux ch\u00e2taignes !\" \/>\n<meta name=\"robots\" content=\"index, follow, max-snippet:-1, max-image-preview:large, max-video-preview:-1\" \/>\n<link rel=\"canonical\" href=\"https:\/\/www.myzen.tv\/fr\/recette-de-reveillon-le-risotto-poire-chataigne\/\" \/>\n<meta property=\"og:locale\" content=\"fr_FR\" \/>\n<meta property=\"og:type\" content=\"article\" \/>\n<meta property=\"og:title\" content=\"Recette de r\u00e9veillon : le risotto poire ch\u00e2taigne - MyZen TV\" \/>\n<meta property=\"og:description\" content=\"\u00c0 court d\u2019id\u00e9es pour votre repas du nouvel an\u202f? MyZen TV vous propose une recette l\u00e9g\u00e8re \u00e0 r\u00e9aliser\u202f: le risotto aux poires et aux ch\u00e2taignes !\" \/>\n<meta property=\"og:url\" content=\"https:\/\/www.myzen.tv\/fr\/recette-de-reveillon-le-risotto-poire-chataigne\/\" \/>\n<meta property=\"og:site_name\" content=\"MyZen TV\" \/>\n<meta property=\"article:publisher\" content=\"https:\/\/www.facebook.com\/myzen.tv.fr\/\" \/>\n<meta property=\"article:published_time\" content=\"2021-12-27T06:00:00+00:00\" \/>\n<meta property=\"article:modified_time\" content=\"2021-12-22T14:01:44+00:00\" \/>\n<meta property=\"og:image\" content=\"https:\/\/www.myzen.tv\/wp-content\/uploads\/2021\/12\/lucas-lobak-neves-wL672yv_hss-unsplash-1-scaled.jpg\" \/>\n\t<meta property=\"og:image:width\" content=\"1707\" \/>\n\t<meta property=\"og:image:height\" content=\"2560\" \/>\n\t<meta property=\"og:image:type\" content=\"image\/jpeg\" \/>\n<meta name=\"author\" content=\"Valentine Legrand\" \/>\n<meta name=\"twitter:card\" content=\"summary_large_image\" \/>\n<meta name=\"twitter:label1\" content=\"\u00c9crit par\" \/>\n\t<meta name=\"twitter:data1\" content=\"Valentine Legrand\" \/>\n\t<meta name=\"twitter:label2\" content=\"Dur\u00e9e de lecture estim\u00e9e\" \/>\n\t<meta name=\"twitter:data2\" content=\"1 minute\" \/>\n<!-- \/ Yoast SEO plugin. -->","yoast_head_json":{"title":"Recette de r\u00e9veillon : le risotto poire ch\u00e2taigne - MyZen TV","description":"\u00c0 court d\u2019id\u00e9es pour votre repas du nouvel an\u202f? MyZen TV vous propose une recette l\u00e9g\u00e8re \u00e0 r\u00e9aliser\u202f: le risotto aux poires et aux ch\u00e2taignes !","robots":{"index":"index","follow":"follow","max-snippet":"max-snippet:-1","max-image-preview":"max-image-preview:large","max-video-preview":"max-video-preview:-1"},"canonical":"https:\/\/www.myzen.tv\/fr\/recette-de-reveillon-le-risotto-poire-chataigne\/","og_locale":"fr_FR","og_type":"article","og_title":"Recette de r\u00e9veillon : le risotto poire ch\u00e2taigne - MyZen TV","og_description":"\u00c0 court d\u2019id\u00e9es pour votre repas du nouvel an\u202f? MyZen TV vous propose une recette l\u00e9g\u00e8re \u00e0 r\u00e9aliser\u202f: le risotto aux poires et aux ch\u00e2taignes !","og_url":"https:\/\/www.myzen.tv\/fr\/recette-de-reveillon-le-risotto-poire-chataigne\/","og_site_name":"MyZen TV","article_publisher":"https:\/\/www.facebook.com\/myzen.tv.fr\/","article_published_time":"2021-12-27T06:00:00+00:00","article_modified_time":"2021-12-22T14:01:44+00:00","og_image":[{"width":1707,"height":2560,"url":"https:\/\/www.myzen.tv\/wp-content\/uploads\/2021\/12\/lucas-lobak-neves-wL672yv_hss-unsplash-1-scaled.jpg","type":"image\/jpeg"}],"author":"Valentine Legrand","twitter_card":"summary_large_image","twitter_misc":{"\u00c9crit par":"Valentine Legrand","Dur\u00e9e de lecture estim\u00e9e":"1 minute"},"schema":{"@context":"https:\/\/schema.org","@graph":[{"@type":"Article","@id":"https:\/\/www.myzen.tv\/fr\/recette-de-reveillon-le-risotto-poire-chataigne\/#article","isPartOf":{"@id":"https:\/\/www.myzen.tv\/fr\/recette-de-reveillon-le-risotto-poire-chataigne\/"},"author":{"name":"Valentine Legrand","@id":"https:\/\/www.myzen.tv\/fr\/#\/schema\/person\/ba8976f459aa0de0a454fa1d61201da2"},"headline":"Recette de r\u00e9veillon : le risotto poire ch\u00e2taigne","datePublished":"2021-12-27T06:00:00+00:00","dateModified":"2021-12-22T14:01:44+00:00","mainEntityOfPage":{"@id":"https:\/\/www.myzen.tv\/fr\/recette-de-reveillon-le-risotto-poire-chataigne\/"},"wordCount":233,"publisher":{"@id":"https:\/\/www.myzen.tv\/fr\/#organization"},"image":{"@id":"https:\/\/www.myzen.tv\/fr\/recette-de-reveillon-le-risotto-poire-chataigne\/#primaryimage"},"thumbnailUrl":"https:\/\/www.myzen.tv\/wp-content\/uploads\/2021\/12\/lucas-lobak-neves-wL672yv_hss-unsplash-1-scaled.jpg","keywords":["ch\u00e2taigne","nouvel an","poire","recette","risotto"],"articleSection":["Bien-\u00eatre au quotidien"],"inLanguage":"fr-FR"},{"@type":"WebPage","@id":"https:\/\/www.myzen.tv\/fr\/recette-de-reveillon-le-risotto-poire-chataigne\/","url":"https:\/\/www.myzen.tv\/fr\/recette-de-reveillon-le-risotto-poire-chataigne\/","name":"Recette de r\u00e9veillon : le risotto poire ch\u00e2taigne - MyZen TV","isPartOf":{"@id":"https:\/\/www.myzen.tv\/fr\/#website"},"primaryImageOfPage":{"@id":"https:\/\/www.myzen.tv\/fr\/recette-de-reveillon-le-risotto-poire-chataigne\/#primaryimage"},"image":{"@id":"https:\/\/www.myzen.tv\/fr\/recette-de-reveillon-le-risotto-poire-chataigne\/#primaryimage"},"thumbnailUrl":"https:\/\/www.myzen.tv\/wp-content\/uploads\/2021\/12\/lucas-lobak-neves-wL672yv_hss-unsplash-1-scaled.jpg","datePublished":"2021-12-27T06:00:00+00:00","dateModified":"2021-12-22T14:01:44+00:00","description":"\u00c0 court d\u2019id\u00e9es pour votre repas du nouvel an\u202f? MyZen TV vous propose une recette l\u00e9g\u00e8re \u00e0 r\u00e9aliser\u202f: le risotto aux poires et aux ch\u00e2taignes !","breadcrumb":{"@id":"https:\/\/www.myzen.tv\/fr\/recette-de-reveillon-le-risotto-poire-chataigne\/#breadcrumb"},"inLanguage":"fr-FR","potentialAction":[{"@type":"ReadAction","target":["https:\/\/www.myzen.tv\/fr\/recette-de-reveillon-le-risotto-poire-chataigne\/"]}]},{"@type":"ImageObject","inLanguage":"fr-FR","@id":"https:\/\/www.myzen.tv\/fr\/recette-de-reveillon-le-risotto-poire-chataigne\/#primaryimage","url":"https:\/\/www.myzen.tv\/wp-content\/uploads\/2021\/12\/lucas-lobak-neves-wL672yv_hss-unsplash-1-scaled.jpg","contentUrl":"https:\/\/www.myzen.tv\/wp-content\/uploads\/2021\/12\/lucas-lobak-neves-wL672yv_hss-unsplash-1-scaled.jpg","width":1707,"height":2560,"caption":"Risotto poire ch\u00e2taigne"},{"@type":"BreadcrumbList","@id":"https:\/\/www.myzen.tv\/fr\/recette-de-reveillon-le-risotto-poire-chataigne\/#breadcrumb","itemListElement":[{"@type":"ListItem","position":1,"name":"Home","item":"https:\/\/www.myzen.tv\/fr\/"},{"@type":"ListItem","position":2,"name":"Recette de r\u00e9veillon : le risotto poire ch\u00e2taigne"}]},{"@type":"WebSite","@id":"https:\/\/www.myzen.tv\/fr\/#website","url":"https:\/\/www.myzen.tv\/fr\/","name":"MyZen TV","description":"Your lifestyle and well-being channel","publisher":{"@id":"https:\/\/www.myzen.tv\/fr\/#organization"},"potentialAction":[{"@type":"SearchAction","target":{"@type":"EntryPoint","urlTemplate":"https:\/\/www.myzen.tv\/fr\/?s={search_term_string}"},"query-input":{"@type":"PropertyValueSpecification","valueRequired":true,"valueName":"search_term_string"}}],"inLanguage":"fr-FR"},{"@type":"Organization","@id":"https:\/\/www.myzen.tv\/fr\/#organization","name":"MyZen TV","url":"https:\/\/www.myzen.tv\/fr\/","logo":{"@type":"ImageObject","inLanguage":"fr-FR","@id":"https:\/\/www.myzen.tv\/fr\/#\/schema\/logo\/image\/","url":"https:\/\/www.myzen.tv\/wp-content\/uploads\/2021\/05\/cropped-ICON_MZtv-LOGO_firetv640-1-1.png","contentUrl":"https:\/\/www.myzen.tv\/wp-content\/uploads\/2021\/05\/cropped-ICON_MZtv-LOGO_firetv640-1-1.png","width":512,"height":512,"caption":"MyZen TV"},"image":{"@id":"https:\/\/www.myzen.tv\/fr\/#\/schema\/logo\/image\/"},"sameAs":["https:\/\/www.facebook.com\/myzen.tv.fr\/","https:\/\/www.instagram.com\/myzentv\/"]},{"@type":"Person","@id":"https:\/\/www.myzen.tv\/fr\/#\/schema\/person\/ba8976f459aa0de0a454fa1d61201da2","name":"Valentine Legrand","url":"https:\/\/www.myzen.tv\/fr\/author\/legrand\/"}]}},"_links":{"self":[{"href":"https:\/\/www.myzen.tv\/fr\/wp-json\/wp\/v2\/posts\/1679541","targetHints":{"allow":["GET"]}}],"collection":[{"href":"https:\/\/www.myzen.tv\/fr\/wp-json\/wp\/v2\/posts"}],"about":[{"href":"https:\/\/www.myzen.tv\/fr\/wp-json\/wp\/v2\/types\/post"}],"author":[{"embeddable":true,"href":"https:\/\/www.myzen.tv\/fr\/wp-json\/wp\/v2\/users\/8"}],"replies":[{"embeddable":true,"href":"https:\/\/www.myzen.tv\/fr\/wp-json\/wp\/v2\/comments?post=1679541"}],"version-history":[{"count":3,"href":"https:\/\/www.myzen.tv\/fr\/wp-json\/wp\/v2\/posts\/1679541\/revisions"}],"predecessor-version":[{"id":1679592,"href":"https:\/\/www.myzen.tv\/fr\/wp-json\/wp\/v2\/posts\/1679541\/revisions\/1679592"}],"wp:featuredmedia":[{"embeddable":true,"href":"https:\/\/www.myzen.tv\/fr\/wp-json\/wp\/v2\/media\/1679544"}],"wp:attachment":[{"href":"https:\/\/www.myzen.tv\/fr\/wp-json\/wp\/v2\/media?parent=1679541"}],"wp:term":[{"taxonomy":"category","embeddable":true,"href":"https:\/\/www.myzen.tv\/fr\/wp-json\/wp\/v2\/categories?post=1679541"},{"taxonomy":"post_tag","embeddable":true,"href":"https:\/\/www.myzen.tv\/fr\/wp-json\/wp\/v2\/tags?post=1679541"},{"taxonomy":"group","embeddable":true,"href":"https:\/\/www.myzen.tv\/fr\/wp-json\/wp\/v2\/group?post=1679541"},{"taxonomy":"support","embeddable":true,"href":"https:\/\/www.myzen.tv\/fr\/wp-json\/wp\/v2\/support?post=1679541"}],"curies":[{"name":"wp","href":"https:\/\/api.w.org\/{rel}","templated":true}]}}