{"id":1680154,"date":"2022-01-10T15:37:58","date_gmt":"2022-01-10T15:37:58","guid":{"rendered":"https:\/\/www.myzen.tv\/?p=1680154"},"modified":"2022-06-16T09:58:38","modified_gmt":"2022-06-16T09:58:38","slug":"huiles-vegetales-les-indispensables-de-lhiver","status":"publish","type":"post","link":"https:\/\/www.myzen.tv\/fr\/huiles-vegetales-les-indispensables-de-lhiver\/","title":{"rendered":"Huiles v\u00e9g\u00e9tales : les indispensables de l\u2019hiver"},"content":{"rendered":"\n\n\n<p>L\u2019hiver, votre <a href=\"https:\/\/www.myzen.tv\/fr\/4-astuces-pour-prendre-soin-de-sa-peau-en-hiver\/\">peau<\/a> est agress\u00e9e de tous les c\u00f4t\u00e9s. Comment rem\u00e9dier \u00e0 cela&nbsp;? Nous avons la solution&nbsp;: en utilisant des <strong>huiles v\u00e9g\u00e9tales<\/strong>&nbsp;! Connues pour leurs diff\u00e9rentes <strong>vertus<\/strong>, elles feront des miracles sur votre peau agress\u00e9e et deviendront vos meilleurs amis. C\u2019est parti pour une s\u00e9lection de cinq huiles v\u00e9g\u00e9tales \u00e0 se procurer d\u2019urgence pour <a href=\"https:\/\/www.myzen.tv\/fr\/comment-preparer-son-corps-a-lhiver\/\">l\u2019hiver<\/a>.<\/p>\n\n\n\n<h2 class=\"wp-block-heading\">L\u2019utilisation des huiles v\u00e9g\u00e9tales<\/h2>\n\n\n\n<p>L\u2019utilisation des huiles v\u00e9g\u00e9tales est simple&nbsp;: elles sont \u00e0 appliquer directement sur le corps en tant qu\u2019huile ou dans les cheveux en tant que masque.<\/p>\n\n\n\n<h2 class=\"wp-block-heading\">1) L\u2019huile de macadamia<\/h2>\n\n\n\n<div class=\"wp-block-image\"><figure class=\"aligncenter size-large\"><img loading=\"lazy\" decoding=\"async\" width=\"1024\" height=\"1024\" src=\"https:\/\/www.myzen.tv\/wp-content\/uploads\/2022\/01\/mockup-graphics-QOpX1O-Mcew-unsplash-1024x1024.jpg\" alt=\"Noix de macadamia\" class=\"wp-image-1680157\" srcset=\"https:\/\/www.myzen.tv\/wp-content\/uploads\/2022\/01\/mockup-graphics-QOpX1O-Mcew-unsplash-1024x1024.jpg 1024w, https:\/\/www.myzen.tv\/wp-content\/uploads\/2022\/01\/mockup-graphics-QOpX1O-Mcew-unsplash-300x300.jpg 300w, https:\/\/www.myzen.tv\/wp-content\/uploads\/2022\/01\/mockup-graphics-QOpX1O-Mcew-unsplash-150x150.jpg 150w, https:\/\/www.myzen.tv\/wp-content\/uploads\/2022\/01\/mockup-graphics-QOpX1O-Mcew-unsplash-768x768.jpg 768w, https:\/\/www.myzen.tv\/wp-content\/uploads\/2022\/01\/mockup-graphics-QOpX1O-Mcew-unsplash-1536x1536.jpg 1536w, https:\/\/www.myzen.tv\/wp-content\/uploads\/2022\/01\/mockup-graphics-QOpX1O-Mcew-unsplash-2048x2048.jpg 2048w, https:\/\/www.myzen.tv\/wp-content\/uploads\/2022\/01\/mockup-graphics-QOpX1O-Mcew-unsplash-190x190.jpg 190w, https:\/\/www.myzen.tv\/wp-content\/uploads\/2022\/01\/mockup-graphics-QOpX1O-Mcew-unsplash-140x140.jpg 140w, https:\/\/www.myzen.tv\/wp-content\/uploads\/2022\/01\/mockup-graphics-QOpX1O-Mcew-unsplash-355x355.jpg 355w\" sizes=\"auto, (max-width: 1024px) 100vw, 1024px\" \/><\/figure><\/div>\n\n\n\n<p>Extraite de la noix de macadamia, l\u2019<strong>huile de macadamia<\/strong> poss\u00e8de des vertus r\u00e9paratrices et nourrissantes. Elle est id\u00e9ale pour les peaux s\u00e8ches, sensibles et fragilis\u00e9es par le froid. En plus d\u2019\u00eatre ultra nourrissante, elle p\u00e9n\u00e8tre imm\u00e9diatement dans la peau lorsqu\u2019on l\u2019applique et ne laisse pas de fini gras. Parfaite pour s\u2019hydrater le corps pendant l\u2019hiver.<\/p>\n\n\n\n<h2 class=\"wp-block-heading\">2) L\u2019huile d\u2019argan<\/h2>\n\n\n\n<div class=\"wp-block-image\"><figure class=\"aligncenter size-large\"><img loading=\"lazy\" decoding=\"async\" width=\"1024\" height=\"768\" src=\"https:\/\/www.myzen.tv\/wp-content\/uploads\/2022\/01\/hafida-abousalih-KYKjCEypbgc-unsplash-1024x768.jpg\" alt=\"Argab \" class=\"wp-image-1680160\" srcset=\"https:\/\/www.myzen.tv\/wp-content\/uploads\/2022\/01\/hafida-abousalih-KYKjCEypbgc-unsplash-1024x768.jpg 1024w, https:\/\/www.myzen.tv\/wp-content\/uploads\/2022\/01\/hafida-abousalih-KYKjCEypbgc-unsplash-300x225.jpg 300w, https:\/\/www.myzen.tv\/wp-content\/uploads\/2022\/01\/hafida-abousalih-KYKjCEypbgc-unsplash-768x576.jpg 768w, https:\/\/www.myzen.tv\/wp-content\/uploads\/2022\/01\/hafida-abousalih-KYKjCEypbgc-unsplash-1536x1152.jpg 1536w, https:\/\/www.myzen.tv\/wp-content\/uploads\/2022\/01\/hafida-abousalih-KYKjCEypbgc-unsplash-2048x1536.jpg 2048w, https:\/\/www.myzen.tv\/wp-content\/uploads\/2022\/01\/hafida-abousalih-KYKjCEypbgc-unsplash-253x190.jpg 253w, https:\/\/www.myzen.tv\/wp-content\/uploads\/2022\/01\/hafida-abousalih-KYKjCEypbgc-unsplash-187x140.jpg 187w, https:\/\/www.myzen.tv\/wp-content\/uploads\/2022\/01\/hafida-abousalih-KYKjCEypbgc-unsplash-473x355.jpg 473w\" sizes=\"auto, (max-width: 1024px) 100vw, 1024px\" \/><\/figure><\/div>\n\n\n\n<p>L\u2019<strong>huile d\u2019argan<\/strong> est tr\u00e8s riche en vitamines et en antioxydants. Si vous avez une peau mature, elle est faite pour vous&nbsp;! Ses vertus r\u00e9g\u00e9n\u00e9rantes et nourrissantes offrent une <strong>seconde jeunesse<\/strong> \u00e0 votre peau&nbsp;: \u00e9clat et souplesse sont au rendez-vous. Pendant l\u2019hiver, elle apaise et r\u00e9pare les rougeurs, ger\u00e7ures que le froid peut laisser sur votre corps. Le must-have de l\u2019hiver&nbsp;!<\/p>\n\n\n\n<h2 class=\"wp-block-heading\">3) Le beurre de karit\u00e9<\/h2>\n\n\n\n<figure class=\"wp-block-image size-large\"><img loading=\"lazy\" decoding=\"async\" width=\"1024\" height=\"790\" src=\"https:\/\/www.myzen.tv\/wp-content\/uploads\/2022\/01\/c189-1024x790.jpeg\" alt=\"\" class=\"wp-image-1680166\" srcset=\"https:\/\/www.myzen.tv\/wp-content\/uploads\/2022\/01\/c189-1024x790.jpeg 1024w, https:\/\/www.myzen.tv\/wp-content\/uploads\/2022\/01\/c189-300x232.jpeg 300w, https:\/\/www.myzen.tv\/wp-content\/uploads\/2022\/01\/c189-768x593.jpeg 768w, https:\/\/www.myzen.tv\/wp-content\/uploads\/2022\/01\/c189-246x190.jpeg 246w, https:\/\/www.myzen.tv\/wp-content\/uploads\/2022\/01\/c189-181x140.jpeg 181w, https:\/\/www.myzen.tv\/wp-content\/uploads\/2022\/01\/c189-460x355.jpeg 460w, https:\/\/www.myzen.tv\/wp-content\/uploads\/2022\/01\/c189.jpeg 1140w\" sizes=\"auto, (max-width: 1024px) 100vw, 1024px\" \/><\/figure>\n\n\n\n<p>Le<strong> beurre de karit\u00e9<\/strong> est le baume qu\u2019il faut absolument avoir pour l\u2019hiver. Il a toutes les vertus n\u00e9cessaires pour affronter l\u2019hiver&nbsp;: protecteur, assouplissant, nourrissant et r\u00e9parateur. Le beurre de karit\u00e9 est multifonction&nbsp;: il prot\u00e8ge les<strong> peaux fragiles<\/strong>, apaise les rougeurs et les irritations, cicatrice les peaux s\u00e8ches. Id\u00e9al pour la <strong>peau<\/strong>, mais \u00e9galement pour les <strong>cheveux<\/strong>, qui retrouveront la sant\u00e9&nbsp;!<\/p>\n\n\n\n<h2 class=\"wp-block-heading\">4) L\u2019huile de cranberry<\/h2>\n\n\n\n<div class=\"wp-block-image\"><figure class=\"aligncenter size-large\"><img loading=\"lazy\" decoding=\"async\" width=\"1024\" height=\"666\" src=\"https:\/\/www.myzen.tv\/wp-content\/uploads\/2022\/01\/rasa-kasparaviciene-0TFxOkhFt14-unsplash-1024x666.jpg\" alt=\"Cranberries\" class=\"wp-image-1680162\" srcset=\"https:\/\/www.myzen.tv\/wp-content\/uploads\/2022\/01\/rasa-kasparaviciene-0TFxOkhFt14-unsplash-1024x666.jpg 1024w, https:\/\/www.myzen.tv\/wp-content\/uploads\/2022\/01\/rasa-kasparaviciene-0TFxOkhFt14-unsplash-300x195.jpg 300w, https:\/\/www.myzen.tv\/wp-content\/uploads\/2022\/01\/rasa-kasparaviciene-0TFxOkhFt14-unsplash-768x500.jpg 768w, https:\/\/www.myzen.tv\/wp-content\/uploads\/2022\/01\/rasa-kasparaviciene-0TFxOkhFt14-unsplash-1536x1000.jpg 1536w, https:\/\/www.myzen.tv\/wp-content\/uploads\/2022\/01\/rasa-kasparaviciene-0TFxOkhFt14-unsplash-2048x1333.jpg 2048w, https:\/\/www.myzen.tv\/wp-content\/uploads\/2022\/01\/rasa-kasparaviciene-0TFxOkhFt14-unsplash-292x190.jpg 292w, https:\/\/www.myzen.tv\/wp-content\/uploads\/2022\/01\/rasa-kasparaviciene-0TFxOkhFt14-unsplash-215x140.jpg 215w, https:\/\/www.myzen.tv\/wp-content\/uploads\/2022\/01\/rasa-kasparaviciene-0TFxOkhFt14-unsplash-540x351.jpg 540w\" sizes=\"auto, (max-width: 1024px) 100vw, 1024px\" \/><\/figure><\/div>\n\n\n\n<p>L\u2019huile parfaite pour prot\u00e9ger toute la journ\u00e9e la peau de la pollution, du froid, des UV du soleil. Riche en <strong>antioxydants<\/strong>, elle apaise les peaux irrit\u00e9es, sensibles et ass\u00e9ch\u00e9es durant l\u2019hiver. En r\u00e9g\u00e9n\u00e9rant la barri\u00e8re cutan\u00e9e de la peau, vous serez totalement arm\u00e9e pour affronter le froid de l\u2019hiver. A appliquer le matin pour une protection totale&nbsp;!<\/p>\n\n\n\n<h2 class=\"wp-block-heading\">5) L\u2019huile d\u2019avocat<\/h2>\n\n\n\n<figure class=\"wp-block-image size-large\"><img loading=\"lazy\" decoding=\"async\" width=\"1024\" height=\"683\" src=\"https:\/\/www.myzen.tv\/wp-content\/uploads\/2022\/01\/art-rachen-QNJCo4B7SHQ-unsplash-1024x683.jpg\" alt=\"Avocats\" class=\"wp-image-1680164\" srcset=\"https:\/\/www.myzen.tv\/wp-content\/uploads\/2022\/01\/art-rachen-QNJCo4B7SHQ-unsplash-1024x683.jpg 1024w, https:\/\/www.myzen.tv\/wp-content\/uploads\/2022\/01\/art-rachen-QNJCo4B7SHQ-unsplash-300x200.jpg 300w, https:\/\/www.myzen.tv\/wp-content\/uploads\/2022\/01\/art-rachen-QNJCo4B7SHQ-unsplash-768x512.jpg 768w, https:\/\/www.myzen.tv\/wp-content\/uploads\/2022\/01\/art-rachen-QNJCo4B7SHQ-unsplash-1536x1024.jpg 1536w, https:\/\/www.myzen.tv\/wp-content\/uploads\/2022\/01\/art-rachen-QNJCo4B7SHQ-unsplash-2048x1365.jpg 2048w, https:\/\/www.myzen.tv\/wp-content\/uploads\/2022\/01\/art-rachen-QNJCo4B7SHQ-unsplash-285x190.jpg 285w, https:\/\/www.myzen.tv\/wp-content\/uploads\/2022\/01\/art-rachen-QNJCo4B7SHQ-unsplash-210x140.jpg 210w, https:\/\/www.myzen.tv\/wp-content\/uploads\/2022\/01\/art-rachen-QNJCo4B7SHQ-unsplash-533x355.jpg 533w\" sizes=\"auto, (max-width: 1024px) 100vw, 1024px\" \/><\/figure>\n\n\n\n<p>Extraite de la pulpe de fruit, l\u2019huile d\u2019avocat r\u00e9pare en profondeur la peau sensibilis\u00e9e pendant l\u2019hiver. Gr\u00e2ce \u00e0 ses vertus nourrissantes et assouplissantes, adieu les ger\u00e7ures et la <strong>peau s\u00e8che<\/strong>&nbsp;! En plus de s\u2019utiliser pour le corps, elle s\u2019utilise \u00e9galement pour les <strong>cheveux<\/strong>&nbsp;: vos cheveux fragilis\u00e9s, ternes et cassants seront r\u00e9par\u00e9s et nourris en profondeur.<\/p>\n\n\n\n<p>Rendez-vous sur notre <a href=\"https:\/\/watch.myzen.tv\/smartlists\/5d2a7c26-6b51-41df-948c-53a0e086c22e\" target=\"_blank\" rel=\"noreferrer noopener\">plateforme de streaming MyZen TV<\/a> pour d\u00e9couvrir encore plus de programmes bien-\u00eatre.<\/p>\n","protected":false},"excerpt":{"rendered":"<p>L\u2019hiver, votre peau est agress\u00e9e de tous les c\u00f4t\u00e9s. Comment rem\u00e9dier \u00e0 cela&nbsp;? Nous avons la solution&nbsp;: en utilisant des huiles v\u00e9g\u00e9tales&nbsp;! Connues pour leurs diff\u00e9rentes vertus, elles feront des miracles sur votre peau agress\u00e9e et deviendront vos meilleurs amis. C\u2019est parti pour une s\u00e9lection de cinq huiles v\u00e9g\u00e9tales \u00e0 se procurer d\u2019urgence pour l\u2019hiver. [&hellip;]<\/p>\n","protected":false},"author":8,"featured_media":1680170,"comment_status":"closed","ping_status":"closed","sticky":false,"template":"","format":"standard","meta":{"episode_type":"audio","audio_file":"","cover_image":"","cover_image_id":"","duration":"","filesize":"","date_recorded":"","explicit":"","block":"","itunes_episode_number":"","itunes_title":"","itunes_season_number":"","itunes_episode_type":"","filesize_raw":"","footnotes":""},"categories":[9],"tags":[727,885,813],"group":[],"support":[],"class_list":["post-1680154","post","type-post","status-publish","format-standard","has-post-thumbnail","hentry","category-body-and-soul","tag-hiver","tag-huiles-vegetales","tag-prendre-soin-de-sa-peau"],"yoast_head":"<!-- This site is optimized with the Yoast SEO plugin v24.0 - https:\/\/yoast.com\/wordpress\/plugins\/seo\/ -->\n<title>Huiles v\u00e9g\u00e9tales : les indispensables de l\u2019hiver - MyZen TV<\/title>\n<meta name=\"description\" content=\"Les huiles v\u00e9g\u00e9tales sont indispensables l&#039;hiver pour votre peau. D\u00e9couvrez notre s\u00e9lection de cinq huiles v\u00e9g\u00e9tales \u00e0 se procurer d\u2019urgence pour l\u2019hiver.\" \/>\n<meta name=\"robots\" content=\"index, follow, max-snippet:-1, max-image-preview:large, max-video-preview:-1\" \/>\n<link rel=\"canonical\" href=\"https:\/\/www.myzen.tv\/fr\/huiles-vegetales-les-indispensables-de-lhiver\/\" \/>\n<meta property=\"og:locale\" content=\"fr_FR\" \/>\n<meta property=\"og:type\" content=\"article\" \/>\n<meta property=\"og:title\" content=\"Huiles v\u00e9g\u00e9tales : les indispensables de l\u2019hiver - MyZen TV\" \/>\n<meta property=\"og:description\" content=\"Les huiles v\u00e9g\u00e9tales sont indispensables l&#039;hiver pour votre peau. D\u00e9couvrez notre s\u00e9lection de cinq huiles v\u00e9g\u00e9tales \u00e0 se procurer d\u2019urgence pour l\u2019hiver.\" \/>\n<meta property=\"og:url\" content=\"https:\/\/www.myzen.tv\/fr\/huiles-vegetales-les-indispensables-de-lhiver\/\" \/>\n<meta property=\"og:site_name\" content=\"MyZen TV\" \/>\n<meta property=\"article:publisher\" content=\"https:\/\/www.facebook.com\/myzen.tv.fr\/\" \/>\n<meta property=\"article:published_time\" content=\"2022-01-10T15:37:58+00:00\" \/>\n<meta property=\"article:modified_time\" content=\"2022-06-16T09:58:38+00:00\" \/>\n<meta property=\"og:image\" content=\"https:\/\/www.myzen.tv\/wp-content\/uploads\/2022\/01\/towfiqu-barbhuiya-jbjmimlaC-U-unsplash-1-scaled.jpg\" \/>\n\t<meta property=\"og:image:width\" content=\"2560\" \/>\n\t<meta property=\"og:image:height\" content=\"1708\" \/>\n\t<meta property=\"og:image:type\" content=\"image\/jpeg\" \/>\n<meta name=\"author\" content=\"Valentine Legrand\" \/>\n<meta name=\"twitter:card\" content=\"summary_large_image\" \/>\n<meta name=\"twitter:label1\" content=\"\u00c9crit par\" \/>\n\t<meta name=\"twitter:data1\" content=\"Valentine Legrand\" \/>\n\t<meta name=\"twitter:label2\" content=\"Dur\u00e9e de lecture estim\u00e9e\" \/>\n\t<meta name=\"twitter:data2\" content=\"4 minutes\" \/>\n<!-- \/ Yoast SEO plugin. -->","yoast_head_json":{"title":"Huiles v\u00e9g\u00e9tales : les indispensables de l\u2019hiver - MyZen TV","description":"Les huiles v\u00e9g\u00e9tales sont indispensables l'hiver pour votre peau. D\u00e9couvrez notre s\u00e9lection de cinq huiles v\u00e9g\u00e9tales \u00e0 se procurer d\u2019urgence pour l\u2019hiver.","robots":{"index":"index","follow":"follow","max-snippet":"max-snippet:-1","max-image-preview":"max-image-preview:large","max-video-preview":"max-video-preview:-1"},"canonical":"https:\/\/www.myzen.tv\/fr\/huiles-vegetales-les-indispensables-de-lhiver\/","og_locale":"fr_FR","og_type":"article","og_title":"Huiles v\u00e9g\u00e9tales : les indispensables de l\u2019hiver - MyZen TV","og_description":"Les huiles v\u00e9g\u00e9tales sont indispensables l'hiver pour votre peau. D\u00e9couvrez notre s\u00e9lection de cinq huiles v\u00e9g\u00e9tales \u00e0 se procurer d\u2019urgence pour l\u2019hiver.","og_url":"https:\/\/www.myzen.tv\/fr\/huiles-vegetales-les-indispensables-de-lhiver\/","og_site_name":"MyZen TV","article_publisher":"https:\/\/www.facebook.com\/myzen.tv.fr\/","article_published_time":"2022-01-10T15:37:58+00:00","article_modified_time":"2022-06-16T09:58:38+00:00","og_image":[{"width":2560,"height":1708,"url":"https:\/\/www.myzen.tv\/wp-content\/uploads\/2022\/01\/towfiqu-barbhuiya-jbjmimlaC-U-unsplash-1-scaled.jpg","type":"image\/jpeg"}],"author":"Valentine Legrand","twitter_card":"summary_large_image","twitter_misc":{"\u00c9crit par":"Valentine Legrand","Dur\u00e9e de lecture estim\u00e9e":"4 minutes"},"schema":{"@context":"https:\/\/schema.org","@graph":[{"@type":"Article","@id":"https:\/\/www.myzen.tv\/fr\/huiles-vegetales-les-indispensables-de-lhiver\/#article","isPartOf":{"@id":"https:\/\/www.myzen.tv\/fr\/huiles-vegetales-les-indispensables-de-lhiver\/"},"author":{"name":"Valentine Legrand","@id":"https:\/\/www.myzen.tv\/fr\/#\/schema\/person\/ba8976f459aa0de0a454fa1d61201da2"},"headline":"Huiles v\u00e9g\u00e9tales : les indispensables de l\u2019hiver","datePublished":"2022-01-10T15:37:58+00:00","dateModified":"2022-06-16T09:58:38+00:00","mainEntityOfPage":{"@id":"https:\/\/www.myzen.tv\/fr\/huiles-vegetales-les-indispensables-de-lhiver\/"},"wordCount":507,"publisher":{"@id":"https:\/\/www.myzen.tv\/fr\/#organization"},"image":{"@id":"https:\/\/www.myzen.tv\/fr\/huiles-vegetales-les-indispensables-de-lhiver\/#primaryimage"},"thumbnailUrl":"https:\/\/www.myzen.tv\/wp-content\/uploads\/2022\/01\/towfiqu-barbhuiya-jbjmimlaC-U-unsplash-1-scaled.jpg","keywords":["hiver","Huiles v\u00e9g\u00e9tales","prendre soin de sa peau"],"articleSection":["Body &amp; soul"],"inLanguage":"fr-FR"},{"@type":"WebPage","@id":"https:\/\/www.myzen.tv\/fr\/huiles-vegetales-les-indispensables-de-lhiver\/","url":"https:\/\/www.myzen.tv\/fr\/huiles-vegetales-les-indispensables-de-lhiver\/","name":"Huiles v\u00e9g\u00e9tales : les indispensables de l\u2019hiver - MyZen TV","isPartOf":{"@id":"https:\/\/www.myzen.tv\/fr\/#website"},"primaryImageOfPage":{"@id":"https:\/\/www.myzen.tv\/fr\/huiles-vegetales-les-indispensables-de-lhiver\/#primaryimage"},"image":{"@id":"https:\/\/www.myzen.tv\/fr\/huiles-vegetales-les-indispensables-de-lhiver\/#primaryimage"},"thumbnailUrl":"https:\/\/www.myzen.tv\/wp-content\/uploads\/2022\/01\/towfiqu-barbhuiya-jbjmimlaC-U-unsplash-1-scaled.jpg","datePublished":"2022-01-10T15:37:58+00:00","dateModified":"2022-06-16T09:58:38+00:00","description":"Les huiles v\u00e9g\u00e9tales sont indispensables l'hiver pour votre peau. D\u00e9couvrez notre s\u00e9lection de cinq huiles v\u00e9g\u00e9tales \u00e0 se procurer d\u2019urgence pour l\u2019hiver.","breadcrumb":{"@id":"https:\/\/www.myzen.tv\/fr\/huiles-vegetales-les-indispensables-de-lhiver\/#breadcrumb"},"inLanguage":"fr-FR","potentialAction":[{"@type":"ReadAction","target":["https:\/\/www.myzen.tv\/fr\/huiles-vegetales-les-indispensables-de-lhiver\/"]}]},{"@type":"ImageObject","inLanguage":"fr-FR","@id":"https:\/\/www.myzen.tv\/fr\/huiles-vegetales-les-indispensables-de-lhiver\/#primaryimage","url":"https:\/\/www.myzen.tv\/wp-content\/uploads\/2022\/01\/towfiqu-barbhuiya-jbjmimlaC-U-unsplash-1-scaled.jpg","contentUrl":"https:\/\/www.myzen.tv\/wp-content\/uploads\/2022\/01\/towfiqu-barbhuiya-jbjmimlaC-U-unsplash-1-scaled.jpg","width":2560,"height":1708,"caption":"S\u00e9rum et pot d'huile v\u00e9g\u00e9tale"},{"@type":"BreadcrumbList","@id":"https:\/\/www.myzen.tv\/fr\/huiles-vegetales-les-indispensables-de-lhiver\/#breadcrumb","itemListElement":[{"@type":"ListItem","position":1,"name":"Home","item":"https:\/\/www.myzen.tv\/fr\/"},{"@type":"ListItem","position":2,"name":"Huiles v\u00e9g\u00e9tales : les indispensables de l\u2019hiver"}]},{"@type":"WebSite","@id":"https:\/\/www.myzen.tv\/fr\/#website","url":"https:\/\/www.myzen.tv\/fr\/","name":"MyZen TV","description":"Your lifestyle and well-being channel","publisher":{"@id":"https:\/\/www.myzen.tv\/fr\/#organization"},"potentialAction":[{"@type":"SearchAction","target":{"@type":"EntryPoint","urlTemplate":"https:\/\/www.myzen.tv\/fr\/?s={search_term_string}"},"query-input":{"@type":"PropertyValueSpecification","valueRequired":true,"valueName":"search_term_string"}}],"inLanguage":"fr-FR"},{"@type":"Organization","@id":"https:\/\/www.myzen.tv\/fr\/#organization","name":"MyZen TV","url":"https:\/\/www.myzen.tv\/fr\/","logo":{"@type":"ImageObject","inLanguage":"fr-FR","@id":"https:\/\/www.myzen.tv\/fr\/#\/schema\/logo\/image\/","url":"https:\/\/www.myzen.tv\/wp-content\/uploads\/2021\/05\/cropped-ICON_MZtv-LOGO_firetv640-1-1.png","contentUrl":"https:\/\/www.myzen.tv\/wp-content\/uploads\/2021\/05\/cropped-ICON_MZtv-LOGO_firetv640-1-1.png","width":512,"height":512,"caption":"MyZen TV"},"image":{"@id":"https:\/\/www.myzen.tv\/fr\/#\/schema\/logo\/image\/"},"sameAs":["https:\/\/www.facebook.com\/myzen.tv.fr\/","https:\/\/www.instagram.com\/myzentv\/"]},{"@type":"Person","@id":"https:\/\/www.myzen.tv\/fr\/#\/schema\/person\/ba8976f459aa0de0a454fa1d61201da2","name":"Valentine Legrand","url":"https:\/\/www.myzen.tv\/fr\/author\/legrand\/"}]}},"_links":{"self":[{"href":"https:\/\/www.myzen.tv\/fr\/wp-json\/wp\/v2\/posts\/1680154","targetHints":{"allow":["GET"]}}],"collection":[{"href":"https:\/\/www.myzen.tv\/fr\/wp-json\/wp\/v2\/posts"}],"about":[{"href":"https:\/\/www.myzen.tv\/fr\/wp-json\/wp\/v2\/types\/post"}],"author":[{"embeddable":true,"href":"https:\/\/www.myzen.tv\/fr\/wp-json\/wp\/v2\/users\/8"}],"replies":[{"embeddable":true,"href":"https:\/\/www.myzen.tv\/fr\/wp-json\/wp\/v2\/comments?post=1680154"}],"version-history":[{"count":5,"href":"https:\/\/www.myzen.tv\/fr\/wp-json\/wp\/v2\/posts\/1680154\/revisions"}],"predecessor-version":[{"id":1687005,"href":"https:\/\/www.myzen.tv\/fr\/wp-json\/wp\/v2\/posts\/1680154\/revisions\/1687005"}],"wp:featuredmedia":[{"embeddable":true,"href":"https:\/\/www.myzen.tv\/fr\/wp-json\/wp\/v2\/media\/1680170"}],"wp:attachment":[{"href":"https:\/\/www.myzen.tv\/fr\/wp-json\/wp\/v2\/media?parent=1680154"}],"wp:term":[{"taxonomy":"category","embeddable":true,"href":"https:\/\/www.myzen.tv\/fr\/wp-json\/wp\/v2\/categories?post=1680154"},{"taxonomy":"post_tag","embeddable":true,"href":"https:\/\/www.myzen.tv\/fr\/wp-json\/wp\/v2\/tags?post=1680154"},{"taxonomy":"group","embeddable":true,"href":"https:\/\/www.myzen.tv\/fr\/wp-json\/wp\/v2\/group?post=1680154"},{"taxonomy":"support","embeddable":true,"href":"https:\/\/www.myzen.tv\/fr\/wp-json\/wp\/v2\/support?post=1680154"}],"curies":[{"name":"wp","href":"https:\/\/api.w.org\/{rel}","templated":true}]}}