{"id":1682725,"date":"2023-03-01T06:00:00","date_gmt":"2023-03-01T06:00:00","guid":{"rendered":"https:\/\/www.myzen.tv\/?p=1682725"},"modified":"2023-03-27T14:08:39","modified_gmt":"2023-03-27T14:08:39","slug":"les-fruits-et-legumes-de-mars","status":"publish","type":"post","link":"https:\/\/www.myzen.tv\/fr\/les-fruits-et-legumes-de-mars\/","title":{"rendered":"Les fruits et l\u00e9gumes du mois de mars"},"content":{"rendered":"\n<p>Le printemps est enfin l\u00e0. L&rsquo;occasion est parfaite pour faire le plein de vitamines. M\u00eame si les soupes sont excellentes pour la sant\u00e9, on vous propose aujourd&rsquo;hui des fruits et des l\u00e9gumes \u00e0 d\u00e9guster en entr\u00e9e ou en dessert. C\u2019est parti pour vous faire d\u00e9couvrir<strong> les&nbsp;fruits et l\u00e9gumes du mois du mois de mars&nbsp;<\/strong>!<\/p>\n\n\n\n<figure class=\"wp-block-image size-large\"><img loading=\"lazy\" decoding=\"async\" width=\"1024\" height=\"683\" src=\"https:\/\/www.myzen.tv\/wp-content\/uploads\/2022\/03\/fruits-et-le\u0301gumes-mars-1-1024x683.jpg\" alt=\"fruits et l\u00e9gumes du mois de mars\" class=\"wp-image-1683139\" srcset=\"https:\/\/www.myzen.tv\/wp-content\/uploads\/2022\/03\/fruits-et-le\u0301gumes-mars-1-1024x683.jpg 1024w, https:\/\/www.myzen.tv\/wp-content\/uploads\/2022\/03\/fruits-et-le\u0301gumes-mars-1-300x200.jpg 300w, https:\/\/www.myzen.tv\/wp-content\/uploads\/2022\/03\/fruits-et-le\u0301gumes-mars-1-768x512.jpg 768w, https:\/\/www.myzen.tv\/wp-content\/uploads\/2022\/03\/fruits-et-le\u0301gumes-mars-1-1536x1024.jpg 1536w, https:\/\/www.myzen.tv\/wp-content\/uploads\/2022\/03\/fruits-et-le\u0301gumes-mars-1-2048x1365.jpg 2048w, https:\/\/www.myzen.tv\/wp-content\/uploads\/2022\/03\/fruits-et-le\u0301gumes-mars-1-285x190.jpg 285w, https:\/\/www.myzen.tv\/wp-content\/uploads\/2022\/03\/fruits-et-le\u0301gumes-mars-1-210x140.jpg 210w, https:\/\/www.myzen.tv\/wp-content\/uploads\/2022\/03\/fruits-et-le\u0301gumes-mars-1-533x355.jpg 533w\" sizes=\"auto, (max-width: 1024px) 100vw, 1024px\" \/><\/figure>\n\n\n\n<h2 class=\"wp-block-heading\">Les fruits <\/h2>\n\n\n\n<p>Voici une liste non-exhaustive des <strong>fruits<\/strong> du mois de mars&nbsp;:<\/p>\n\n\n\n<ul class=\"liste-recette wp-block-list\"><li><a href=\"https:\/\/www.myzen.tv\/fr\/oeuf-poche-et-croutons-davocat\/\">Avocat<\/a> <\/li><li>Citron<\/li><li>Grenade<\/li><li>Poire<\/li><li>Pomelo <\/li><li>Ananas<\/li><li>Banane<\/li><li>Pomme<\/li><li>Orange <\/li><li>Kiwi<\/li><\/ul>\n\n\n\n<figure class=\"wp-block-gallery has-nested-images columns-default is-cropped wp-block-gallery-1 is-layout-flex wp-block-gallery-is-layout-flex\">\n<figure class=\"wp-block-image size-large\"><img loading=\"lazy\" decoding=\"async\" width=\"682\" height=\"1024\" data-id=\"1682752\" src=\"https:\/\/www.myzen.tv\/wp-content\/uploads\/2022\/03\/ananas-3-682x1024.jpg\" alt=\"\" class=\"wp-image-1682752\" srcset=\"https:\/\/www.myzen.tv\/wp-content\/uploads\/2022\/03\/ananas-3-682x1024.jpg 682w, https:\/\/www.myzen.tv\/wp-content\/uploads\/2022\/03\/ananas-3-200x300.jpg 200w, https:\/\/www.myzen.tv\/wp-content\/uploads\/2022\/03\/ananas-3-768x1153.jpg 768w, https:\/\/www.myzen.tv\/wp-content\/uploads\/2022\/03\/ananas-3-1023x1536.jpg 1023w, https:\/\/www.myzen.tv\/wp-content\/uploads\/2022\/03\/ananas-3-1365x2048.jpg 1365w, https:\/\/www.myzen.tv\/wp-content\/uploads\/2022\/03\/ananas-3-127x190.jpg 127w, https:\/\/www.myzen.tv\/wp-content\/uploads\/2022\/03\/ananas-3-93x140.jpg 93w, https:\/\/www.myzen.tv\/wp-content\/uploads\/2022\/03\/ananas-3-237x355.jpg 237w, https:\/\/www.myzen.tv\/wp-content\/uploads\/2022\/03\/ananas-3-scaled.jpg 1706w\" sizes=\"auto, (max-width: 682px) 100vw, 682px\" \/><\/figure>\n\n\n\n<figure class=\"wp-block-image size-large\"><img loading=\"lazy\" decoding=\"async\" width=\"1024\" height=\"767\" data-id=\"1682760\" src=\"https:\/\/www.myzen.tv\/wp-content\/uploads\/2022\/03\/avocat-3-1024x767.jpg\" alt=\"fruits et l\u00e9gumes du mois de mars\" class=\"wp-image-1682760\" srcset=\"https:\/\/www.myzen.tv\/wp-content\/uploads\/2022\/03\/avocat-3-1024x767.jpg 1024w, https:\/\/www.myzen.tv\/wp-content\/uploads\/2022\/03\/avocat-3-300x225.jpg 300w, https:\/\/www.myzen.tv\/wp-content\/uploads\/2022\/03\/avocat-3-768x575.jpg 768w, https:\/\/www.myzen.tv\/wp-content\/uploads\/2022\/03\/avocat-3-1536x1151.jpg 1536w, https:\/\/www.myzen.tv\/wp-content\/uploads\/2022\/03\/avocat-3-2048x1534.jpg 2048w, https:\/\/www.myzen.tv\/wp-content\/uploads\/2022\/03\/avocat-3-254x190.jpg 254w, https:\/\/www.myzen.tv\/wp-content\/uploads\/2022\/03\/avocat-3-187x140.jpg 187w, https:\/\/www.myzen.tv\/wp-content\/uploads\/2022\/03\/avocat-3-474x355.jpg 474w\" sizes=\"auto, (max-width: 1024px) 100vw, 1024px\" \/><\/figure>\n\n\n\n<figure class=\"wp-block-image size-large\"><img loading=\"lazy\" decoding=\"async\" width=\"688\" height=\"1024\" data-id=\"1682756\" src=\"https:\/\/www.myzen.tv\/wp-content\/uploads\/2022\/03\/banane-1-688x1024.jpg\" alt=\"\" class=\"wp-image-1682756\" srcset=\"https:\/\/www.myzen.tv\/wp-content\/uploads\/2022\/03\/banane-1-688x1024.jpg 688w, https:\/\/www.myzen.tv\/wp-content\/uploads\/2022\/03\/banane-1-202x300.jpg 202w, https:\/\/www.myzen.tv\/wp-content\/uploads\/2022\/03\/banane-1-768x1143.jpg 768w, https:\/\/www.myzen.tv\/wp-content\/uploads\/2022\/03\/banane-1-1032x1536.jpg 1032w, https:\/\/www.myzen.tv\/wp-content\/uploads\/2022\/03\/banane-1-1376x2048.jpg 1376w, https:\/\/www.myzen.tv\/wp-content\/uploads\/2022\/03\/banane-1-128x190.jpg 128w, https:\/\/www.myzen.tv\/wp-content\/uploads\/2022\/03\/banane-1-94x140.jpg 94w, https:\/\/www.myzen.tv\/wp-content\/uploads\/2022\/03\/banane-1-239x355.jpg 239w, https:\/\/www.myzen.tv\/wp-content\/uploads\/2022\/03\/banane-1-scaled.jpg 1720w\" sizes=\"auto, (max-width: 688px) 100vw, 688px\" \/><\/figure>\n<\/figure>\n\n\n\n<h2 class=\"wp-block-heading\">Les l\u00e9gumes du mois de mars<\/h2>\n\n\n\n<p>Envie de savoir quels sont les <strong>l\u00e9gumes<\/strong> qui sont de saison en mars ? <strong>MyZen TV <\/strong>vous pr\u00e9sente les principaux : <\/p>\n\n\n\n<ul class=\"liste-recette wp-block-list\"><li><a href=\"https:\/\/www.myzen.tv\/fr\/program\/episode\/12222-smoothie-vert-aux-carottes-et-a-la-mangue-s00-e90\">Carotte<\/a><\/li><li>Chou fleur<\/li><li>Choux<\/li><li>Choux de Bruxelles<\/li><li>Rutabaga<\/li><li>Patate douce<\/li><li>Poireau<\/li><li>\u00c9pinard <\/li><li>Navet <\/li><li>Radis <\/li><li>C\u00e9leri-rave<\/li><li>Pomme de terre<\/li><li>Beterrave <\/li><li>Topinambour <\/li><li>Chou Kale<\/li><li>Artichaut <\/li><li>Endive <\/li><\/ul>\n\n\n\n<figure class=\"wp-block-gallery has-nested-images columns-default is-cropped wp-block-gallery-2 is-layout-flex wp-block-gallery-is-layout-flex\">\n<figure class=\"wp-block-image size-large\"><img loading=\"lazy\" decoding=\"async\" width=\"678\" height=\"1024\" data-id=\"1682744\" src=\"https:\/\/www.myzen.tv\/wp-content\/uploads\/2022\/03\/choux-1-1-678x1024.jpg\" alt=\"fruits et l\u00e9gumes du mois de mars\" class=\"wp-image-1682744\" srcset=\"https:\/\/www.myzen.tv\/wp-content\/uploads\/2022\/03\/choux-1-1-678x1024.jpg 678w, https:\/\/www.myzen.tv\/wp-content\/uploads\/2022\/03\/choux-1-1-199x300.jpg 199w, https:\/\/www.myzen.tv\/wp-content\/uploads\/2022\/03\/choux-1-1-768x1160.jpg 768w, https:\/\/www.myzen.tv\/wp-content\/uploads\/2022\/03\/choux-1-1-1017x1536.jpg 1017w, https:\/\/www.myzen.tv\/wp-content\/uploads\/2022\/03\/choux-1-1-1356x2048.jpg 1356w, https:\/\/www.myzen.tv\/wp-content\/uploads\/2022\/03\/choux-1-1-126x190.jpg 126w, https:\/\/www.myzen.tv\/wp-content\/uploads\/2022\/03\/choux-1-1-93x140.jpg 93w, https:\/\/www.myzen.tv\/wp-content\/uploads\/2022\/03\/choux-1-1-235x355.jpg 235w, https:\/\/www.myzen.tv\/wp-content\/uploads\/2022\/03\/choux-1-1-scaled.jpg 1696w\" sizes=\"auto, (max-width: 678px) 100vw, 678px\" \/><\/figure>\n\n\n\n<figure class=\"wp-block-image size-large\"><img loading=\"lazy\" decoding=\"async\" width=\"683\" height=\"1024\" data-id=\"1682748\" src=\"https:\/\/www.myzen.tv\/wp-content\/uploads\/2022\/03\/navet-683x1024.jpg\" alt=\"fruits et l\u00e9gumes du mois de mars\" class=\"wp-image-1682748\" srcset=\"https:\/\/www.myzen.tv\/wp-content\/uploads\/2022\/03\/navet-683x1024.jpg 683w, https:\/\/www.myzen.tv\/wp-content\/uploads\/2022\/03\/navet-200x300.jpg 200w, https:\/\/www.myzen.tv\/wp-content\/uploads\/2022\/03\/navet-768x1152.jpg 768w, https:\/\/www.myzen.tv\/wp-content\/uploads\/2022\/03\/navet-1024x1536.jpg 1024w, https:\/\/www.myzen.tv\/wp-content\/uploads\/2022\/03\/navet-1365x2048.jpg 1365w, https:\/\/www.myzen.tv\/wp-content\/uploads\/2022\/03\/navet-127x190.jpg 127w, https:\/\/www.myzen.tv\/wp-content\/uploads\/2022\/03\/navet-93x140.jpg 93w, https:\/\/www.myzen.tv\/wp-content\/uploads\/2022\/03\/navet-237x355.jpg 237w, https:\/\/www.myzen.tv\/wp-content\/uploads\/2022\/03\/navet-scaled.jpg 1707w\" sizes=\"auto, (max-width: 683px) 100vw, 683px\" \/><\/figure>\n\n\n\n<figure class=\"wp-block-image size-large\"><img loading=\"lazy\" decoding=\"async\" width=\"768\" height=\"1024\" data-id=\"1683141\" src=\"https:\/\/www.myzen.tv\/wp-content\/uploads\/2022\/03\/e\u0301pinards-2-768x1024.jpg\" alt=\"fruits et l\u00e9gumes du mois de mars\" class=\"wp-image-1683141\" srcset=\"https:\/\/www.myzen.tv\/wp-content\/uploads\/2022\/03\/e\u0301pinards-2-768x1024.jpg 768w, https:\/\/www.myzen.tv\/wp-content\/uploads\/2022\/03\/e\u0301pinards-2-225x300.jpg 225w, https:\/\/www.myzen.tv\/wp-content\/uploads\/2022\/03\/e\u0301pinards-2-1152x1536.jpg 1152w, https:\/\/www.myzen.tv\/wp-content\/uploads\/2022\/03\/e\u0301pinards-2-1536x2048.jpg 1536w, https:\/\/www.myzen.tv\/wp-content\/uploads\/2022\/03\/e\u0301pinards-2-143x190.jpg 143w, https:\/\/www.myzen.tv\/wp-content\/uploads\/2022\/03\/e\u0301pinards-2-105x140.jpg 105w, https:\/\/www.myzen.tv\/wp-content\/uploads\/2022\/03\/e\u0301pinards-2-266x355.jpg 266w, https:\/\/www.myzen.tv\/wp-content\/uploads\/2022\/03\/e\u0301pinards-2-scaled.jpg 1920w\" sizes=\"auto, (max-width: 768px) 100vw, 768px\" \/><\/figure>\n<\/figure>\n\n\n\n<p>Vous connaissez \u00e0 pr\u00e9sent les fruits et l\u00e9gumes du mois de mars.<\/p>\n\n\n\n<p>D\u00e9couvrez toutes nos id\u00e9es recettes sur notre&nbsp;<a href=\"https:\/\/watch.myzen.tv\/\" target=\"_blank\" rel=\"noreferrer noopener\">plateforme de streaming MyZen TV<\/a>.<\/p>\n","protected":false},"excerpt":{"rendered":"<p>Le printemps est enfin l\u00e0. L&rsquo;occasion est parfaite pour faire le plein de vitamines. M\u00eame si les soupes sont excellentes pour la sant\u00e9, on vous propose aujourd&rsquo;hui des fruits et des l\u00e9gumes \u00e0 d\u00e9guster en entr\u00e9e ou en dessert. C\u2019est parti pour vous faire d\u00e9couvrir les&nbsp;fruits et l\u00e9gumes du mois du mois de mars&nbsp;! Les [&hellip;]<\/p>\n","protected":false},"author":12,"featured_media":1698294,"comment_status":"closed","ping_status":"closed","sticky":false,"template":"","format":"standard","meta":{"episode_type":"","audio_file":"","cover_image":"","cover_image_id":"","duration":"","filesize":"","date_recorded":"","explicit":"","block":"","itunes_episode_number":"","itunes_title":"","itunes_season_number":"","itunes_episode_type":"","filesize_raw":"","footnotes":""},"categories":[16],"tags":[129,110,815,111,1290,999,455],"group":[],"support":[],"class_list":["post-1682725","post","type-post","status-publish","format-standard","has-post-thumbnail","hentry","category-a-la-une","tag-bien-etre","tag-fruits","tag-fruits-et-legumes","tag-legumes","tag-les-fruits-et-legumes-du-mois-de-mars","tag-mars","tag-sante"],"yoast_head":"<!-- This site is optimized with the Yoast SEO plugin v24.0 - https:\/\/yoast.com\/wordpress\/plugins\/seo\/ -->\n<title>Les fruits et l\u00e9gumes du mois de mars - MyZen TV<\/title>\n<meta name=\"description\" content=\"C\u2019est parti pour vous faire d\u00e9couvrir les fruits et l\u00e9gumes du mois de mars ! L&#039;occasion parfaite pour faire le plein de vitamines\" \/>\n<meta name=\"robots\" content=\"index, follow, max-snippet:-1, max-image-preview:large, max-video-preview:-1\" \/>\n<link rel=\"canonical\" href=\"https:\/\/www.myzen.tv\/fr\/les-fruits-et-legumes-de-mars\/\" \/>\n<meta property=\"og:locale\" content=\"fr_FR\" \/>\n<meta property=\"og:type\" content=\"article\" \/>\n<meta property=\"og:title\" content=\"Les fruits et l\u00e9gumes du mois de mars - MyZen TV\" \/>\n<meta property=\"og:description\" content=\"C\u2019est parti pour vous faire d\u00e9couvrir les fruits et l\u00e9gumes du mois de mars ! L&#039;occasion parfaite pour faire le plein de vitamines\" \/>\n<meta property=\"og:url\" content=\"https:\/\/www.myzen.tv\/fr\/les-fruits-et-legumes-de-mars\/\" \/>\n<meta property=\"og:site_name\" content=\"MyZen TV\" \/>\n<meta property=\"article:publisher\" content=\"https:\/\/www.facebook.com\/myzen.tv.fr\/\" \/>\n<meta property=\"article:published_time\" content=\"2023-03-01T06:00:00+00:00\" \/>\n<meta property=\"article:modified_time\" content=\"2023-03-27T14:08:39+00:00\" \/>\n<meta property=\"og:image\" content=\"https:\/\/www.myzen.tv\/wp-content\/uploads\/2022\/03\/fruits-et-le\u0301gumes-du-mois-de-mars-1-1024x576.png\" \/>\n\t<meta property=\"og:image:width\" content=\"1024\" \/>\n\t<meta property=\"og:image:height\" content=\"576\" \/>\n\t<meta property=\"og:image:type\" content=\"image\/png\" \/>\n<meta name=\"author\" content=\"Gabrielle Cattier\" \/>\n<meta name=\"twitter:card\" content=\"summary_large_image\" \/>\n<meta name=\"twitter:label1\" content=\"\u00c9crit par\" \/>\n\t<meta name=\"twitter:data1\" content=\"Gabrielle Cattier\" \/>\n<!-- \/ Yoast SEO plugin. -->","yoast_head_json":{"title":"Les fruits et l\u00e9gumes du mois de mars - MyZen TV","description":"C\u2019est parti pour vous faire d\u00e9couvrir les fruits et l\u00e9gumes du mois de mars ! L'occasion parfaite pour faire le plein de vitamines","robots":{"index":"index","follow":"follow","max-snippet":"max-snippet:-1","max-image-preview":"max-image-preview:large","max-video-preview":"max-video-preview:-1"},"canonical":"https:\/\/www.myzen.tv\/fr\/les-fruits-et-legumes-de-mars\/","og_locale":"fr_FR","og_type":"article","og_title":"Les fruits et l\u00e9gumes du mois de mars - MyZen TV","og_description":"C\u2019est parti pour vous faire d\u00e9couvrir les fruits et l\u00e9gumes du mois de mars ! L'occasion parfaite pour faire le plein de vitamines","og_url":"https:\/\/www.myzen.tv\/fr\/les-fruits-et-legumes-de-mars\/","og_site_name":"MyZen TV","article_publisher":"https:\/\/www.facebook.com\/myzen.tv.fr\/","article_published_time":"2023-03-01T06:00:00+00:00","article_modified_time":"2023-03-27T14:08:39+00:00","og_image":[{"width":1024,"height":576,"url":"https:\/\/www.myzen.tv\/wp-content\/uploads\/2022\/03\/fruits-et-le\u0301gumes-du-mois-de-mars-1-1024x576.png","type":"image\/png"}],"author":"Gabrielle Cattier","twitter_card":"summary_large_image","twitter_misc":{"\u00c9crit par":"Gabrielle Cattier"},"schema":{"@context":"https:\/\/schema.org","@graph":[{"@type":"Article","@id":"https:\/\/www.myzen.tv\/fr\/les-fruits-et-legumes-de-mars\/#article","isPartOf":{"@id":"https:\/\/www.myzen.tv\/fr\/les-fruits-et-legumes-de-mars\/"},"author":{"name":"Gabrielle Cattier","@id":"https:\/\/www.myzen.tv\/fr\/#\/schema\/person\/60c38aefd5fdad55ca411a73751f70bb"},"headline":"Les fruits et l\u00e9gumes du mois de mars","datePublished":"2023-03-01T06:00:00+00:00","dateModified":"2023-03-27T14:08:39+00:00","mainEntityOfPage":{"@id":"https:\/\/www.myzen.tv\/fr\/les-fruits-et-legumes-de-mars\/"},"wordCount":176,"publisher":{"@id":"https:\/\/www.myzen.tv\/fr\/#organization"},"image":{"@id":"https:\/\/www.myzen.tv\/fr\/les-fruits-et-legumes-de-mars\/#primaryimage"},"thumbnailUrl":"https:\/\/www.myzen.tv\/wp-content\/uploads\/2022\/03\/fruits-et-le\u0301gumes-du-mois-de-mars-1.png","keywords":["bien-\u00eatre","fruits","fruits et l\u00e9gumes","l\u00e9gumes","Les fruits et l\u00e9gumes du mois de mars","mars","sant\u00e9"],"articleSection":["A la une"],"inLanguage":"fr-FR"},{"@type":"WebPage","@id":"https:\/\/www.myzen.tv\/fr\/les-fruits-et-legumes-de-mars\/","url":"https:\/\/www.myzen.tv\/fr\/les-fruits-et-legumes-de-mars\/","name":"Les fruits et l\u00e9gumes du mois de mars - MyZen TV","isPartOf":{"@id":"https:\/\/www.myzen.tv\/fr\/#website"},"primaryImageOfPage":{"@id":"https:\/\/www.myzen.tv\/fr\/les-fruits-et-legumes-de-mars\/#primaryimage"},"image":{"@id":"https:\/\/www.myzen.tv\/fr\/les-fruits-et-legumes-de-mars\/#primaryimage"},"thumbnailUrl":"https:\/\/www.myzen.tv\/wp-content\/uploads\/2022\/03\/fruits-et-le\u0301gumes-du-mois-de-mars-1.png","datePublished":"2023-03-01T06:00:00+00:00","dateModified":"2023-03-27T14:08:39+00:00","description":"C\u2019est parti pour vous faire d\u00e9couvrir les fruits et l\u00e9gumes du mois de mars ! L'occasion parfaite pour faire le plein de vitamines","breadcrumb":{"@id":"https:\/\/www.myzen.tv\/fr\/les-fruits-et-legumes-de-mars\/#breadcrumb"},"inLanguage":"fr-FR","potentialAction":[{"@type":"ReadAction","target":["https:\/\/www.myzen.tv\/fr\/les-fruits-et-legumes-de-mars\/"]}]},{"@type":"ImageObject","inLanguage":"fr-FR","@id":"https:\/\/www.myzen.tv\/fr\/les-fruits-et-legumes-de-mars\/#primaryimage","url":"https:\/\/www.myzen.tv\/wp-content\/uploads\/2022\/03\/fruits-et-le\u0301gumes-du-mois-de-mars-1.png","contentUrl":"https:\/\/www.myzen.tv\/wp-content\/uploads\/2022\/03\/fruits-et-le\u0301gumes-du-mois-de-mars-1.png","width":1920,"height":1080,"caption":"fruits et l\u00e9gumes du mois de mars"},{"@type":"BreadcrumbList","@id":"https:\/\/www.myzen.tv\/fr\/les-fruits-et-legumes-de-mars\/#breadcrumb","itemListElement":[{"@type":"ListItem","position":1,"name":"Home","item":"https:\/\/www.myzen.tv\/fr\/"},{"@type":"ListItem","position":2,"name":"Les fruits et l\u00e9gumes du mois de mars"}]},{"@type":"WebSite","@id":"https:\/\/www.myzen.tv\/fr\/#website","url":"https:\/\/www.myzen.tv\/fr\/","name":"MyZen TV","description":"Your lifestyle and well-being channel","publisher":{"@id":"https:\/\/www.myzen.tv\/fr\/#organization"},"potentialAction":[{"@type":"SearchAction","target":{"@type":"EntryPoint","urlTemplate":"https:\/\/www.myzen.tv\/fr\/?s={search_term_string}"},"query-input":{"@type":"PropertyValueSpecification","valueRequired":true,"valueName":"search_term_string"}}],"inLanguage":"fr-FR"},{"@type":"Organization","@id":"https:\/\/www.myzen.tv\/fr\/#organization","name":"MyZen TV","url":"https:\/\/www.myzen.tv\/fr\/","logo":{"@type":"ImageObject","inLanguage":"fr-FR","@id":"https:\/\/www.myzen.tv\/fr\/#\/schema\/logo\/image\/","url":"https:\/\/www.myzen.tv\/wp-content\/uploads\/2021\/05\/cropped-ICON_MZtv-LOGO_firetv640-1-1.png","contentUrl":"https:\/\/www.myzen.tv\/wp-content\/uploads\/2021\/05\/cropped-ICON_MZtv-LOGO_firetv640-1-1.png","width":512,"height":512,"caption":"MyZen TV"},"image":{"@id":"https:\/\/www.myzen.tv\/fr\/#\/schema\/logo\/image\/"},"sameAs":["https:\/\/www.facebook.com\/myzen.tv.fr\/","https:\/\/www.instagram.com\/myzentv\/"]},{"@type":"Person","@id":"https:\/\/www.myzen.tv\/fr\/#\/schema\/person\/60c38aefd5fdad55ca411a73751f70bb","name":"Gabrielle Cattier","url":"https:\/\/www.myzen.tv\/fr\/author\/gabrielle-cattier\/"}]}},"_links":{"self":[{"href":"https:\/\/www.myzen.tv\/fr\/wp-json\/wp\/v2\/posts\/1682725","targetHints":{"allow":["GET"]}}],"collection":[{"href":"https:\/\/www.myzen.tv\/fr\/wp-json\/wp\/v2\/posts"}],"about":[{"href":"https:\/\/www.myzen.tv\/fr\/wp-json\/wp\/v2\/types\/post"}],"author":[{"embeddable":true,"href":"https:\/\/www.myzen.tv\/fr\/wp-json\/wp\/v2\/users\/12"}],"replies":[{"embeddable":true,"href":"https:\/\/www.myzen.tv\/fr\/wp-json\/wp\/v2\/comments?post=1682725"}],"version-history":[{"count":7,"href":"https:\/\/www.myzen.tv\/fr\/wp-json\/wp\/v2\/posts\/1682725\/revisions"}],"predecessor-version":[{"id":1698579,"href":"https:\/\/www.myzen.tv\/fr\/wp-json\/wp\/v2\/posts\/1682725\/revisions\/1698579"}],"wp:featuredmedia":[{"embeddable":true,"href":"https:\/\/www.myzen.tv\/fr\/wp-json\/wp\/v2\/media\/1698294"}],"wp:attachment":[{"href":"https:\/\/www.myzen.tv\/fr\/wp-json\/wp\/v2\/media?parent=1682725"}],"wp:term":[{"taxonomy":"category","embeddable":true,"href":"https:\/\/www.myzen.tv\/fr\/wp-json\/wp\/v2\/categories?post=1682725"},{"taxonomy":"post_tag","embeddable":true,"href":"https:\/\/www.myzen.tv\/fr\/wp-json\/wp\/v2\/tags?post=1682725"},{"taxonomy":"group","embeddable":true,"href":"https:\/\/www.myzen.tv\/fr\/wp-json\/wp\/v2\/group?post=1682725"},{"taxonomy":"support","embeddable":true,"href":"https:\/\/www.myzen.tv\/fr\/wp-json\/wp\/v2\/support?post=1682725"}],"curies":[{"name":"wp","href":"https:\/\/api.w.org\/{rel}","templated":true}]}}