{"id":1683368,"date":"2023-03-02T07:00:00","date_gmt":"2023-03-02T07:00:00","guid":{"rendered":"https:\/\/www.myzen.tv\/?p=1683368"},"modified":"2023-02-28T10:56:07","modified_gmt":"2023-02-28T10:56:07","slug":"ou-partir-en-voyage-au-printemps","status":"publish","type":"post","link":"https:\/\/www.myzen.tv\/fr\/ou-partir-en-voyage-au-printemps\/","title":{"rendered":"O\u00f9 partir en voyage au printemps ?"},"content":{"rendered":"\n<p>Le soleil revient progressivement, les arbres fleurissent et les temp\u00e9ratures redeviennent agr\u00e9ables. Le printemps est la saison parfaite pour voyager dans des conditions climatiques, souvent cl\u00e9mentes. Mais le printemps regorge davantage que l&rsquo;on retrouve sur les prix, mais \u00e9galement sur l&rsquo;afflux de touristes. O\u00f9 partir en voyage au printemps ? Ainsi, <a href=\"https:\/\/www.myzen.tv\/\">MyZen TV<\/a> vous propose de d\u00e9couvrir <strong>3 destinations de vacances printani\u00e8res.<\/strong><\/p>\n\n\n\n<h2 class=\"wp-block-heading\">La Sicile<\/h2>\n\n\n\n<figure class=\"wp-block-image size-large\"><img loading=\"lazy\" decoding=\"async\" width=\"1024\" height=\"576\" src=\"https:\/\/www.myzen.tv\/wp-content\/uploads\/2023\/01\/6-activite\u0301s-indispensables-a\u0300-faire-en-Italie-Sicile-1024x576.jpg\" alt=\"Paysage Sicilien\" class=\"wp-image-1696330\" srcset=\"https:\/\/www.myzen.tv\/wp-content\/uploads\/2023\/01\/6-activite\u0301s-indispensables-a\u0300-faire-en-Italie-Sicile-1024x576.jpg 1024w, https:\/\/www.myzen.tv\/wp-content\/uploads\/2023\/01\/6-activite\u0301s-indispensables-a\u0300-faire-en-Italie-Sicile-300x169.jpg 300w, https:\/\/www.myzen.tv\/wp-content\/uploads\/2023\/01\/6-activite\u0301s-indispensables-a\u0300-faire-en-Italie-Sicile-768x432.jpg 768w, https:\/\/www.myzen.tv\/wp-content\/uploads\/2023\/01\/6-activite\u0301s-indispensables-a\u0300-faire-en-Italie-Sicile-1536x864.jpg 1536w, https:\/\/www.myzen.tv\/wp-content\/uploads\/2023\/01\/6-activite\u0301s-indispensables-a\u0300-faire-en-Italie-Sicile-320x180.jpg 320w, https:\/\/www.myzen.tv\/wp-content\/uploads\/2023\/01\/6-activite\u0301s-indispensables-a\u0300-faire-en-Italie-Sicile-235x132.jpg 235w, https:\/\/www.myzen.tv\/wp-content\/uploads\/2023\/01\/6-activite\u0301s-indispensables-a\u0300-faire-en-Italie-Sicile-540x304.jpg 540w, https:\/\/www.myzen.tv\/wp-content\/uploads\/2023\/01\/6-activite\u0301s-indispensables-a\u0300-faire-en-Italie-Sicile.jpg 1920w\" sizes=\"auto, (max-width: 1024px) 100vw, 1024px\" \/><figcaption>Paysage Sicilien<\/figcaption><\/figure>\n\n\n\n<p>Profitez du soleil et de la chaleur de la Sicile sans pour autant vous confronter \u00e0 l&rsquo;afflux de touristes. Les paysages de la plus grande \u00eele de M\u00e9diterran\u00e9e vous laisseront sans voix. En effet, d\u00e9couvrez la splendeur de Taormine et sa vue plongeante sur une mer bleue d&rsquo;azur.<\/p>\n\n\n\n<h2 class=\"wp-block-heading\">La c\u00f4te d&rsquo;Azur<\/h2>\n\n\n\n<figure class=\"wp-block-image size-large\"><img loading=\"lazy\" decoding=\"async\" width=\"1024\" height=\"576\" src=\"https:\/\/www.myzen.tv\/wp-content\/uploads\/2023\/02\/My-project-1-83-1024x576.jpg\" alt=\"C\u00f4te d&#039;Azur\" class=\"wp-image-1697218\" srcset=\"https:\/\/www.myzen.tv\/wp-content\/uploads\/2023\/02\/My-project-1-83-1024x576.jpg 1024w, https:\/\/www.myzen.tv\/wp-content\/uploads\/2023\/02\/My-project-1-83-300x169.jpg 300w, https:\/\/www.myzen.tv\/wp-content\/uploads\/2023\/02\/My-project-1-83-768x432.jpg 768w, https:\/\/www.myzen.tv\/wp-content\/uploads\/2023\/02\/My-project-1-83-1536x864.jpg 1536w, https:\/\/www.myzen.tv\/wp-content\/uploads\/2023\/02\/My-project-1-83-320x180.jpg 320w, https:\/\/www.myzen.tv\/wp-content\/uploads\/2023\/02\/My-project-1-83-235x132.jpg 235w, https:\/\/www.myzen.tv\/wp-content\/uploads\/2023\/02\/My-project-1-83-540x304.jpg 540w, https:\/\/www.myzen.tv\/wp-content\/uploads\/2023\/02\/My-project-1-83.jpg 1920w\" sizes=\"auto, (max-width: 1024px) 100vw, 1024px\" \/><figcaption>C\u00f4te d&rsquo;Azur<\/figcaption><\/figure>\n\n\n\n<p>On reste sur les bords de la M\u00e9diterran\u00e9e en vous proposant de d\u00e9couvrir la C\u00f4te d&rsquo;Azur d\u00e9peupl\u00e9e des touristes. En effet, il n&rsquo;y a pas une meilleure p\u00e9riode pour arpenter les Alpes-Maritimes de Th\u00e9oule-sur-Mer \u00e0 la fronti\u00e8re avec le Var, jusqu&rsquo;\u00e0 Menton, derni\u00e8re municipalit\u00e9 fran\u00e7aise avant l&rsquo;Italie. Ainsi, avant le festival de Cannes, profitez du charme des villes et villages de la C\u00f4te d&rsquo;Azur sans pour autant \u00eatre d\u00e9rang\u00e9 par la foule.<\/p>\n\n\n\n<h2 class=\"wp-block-heading\">Barcelone<\/h2>\n\n\n\n<figure class=\"wp-block-image size-large\"><img loading=\"lazy\" decoding=\"async\" width=\"1024\" height=\"682\" src=\"https:\/\/www.myzen.tv\/wp-content\/uploads\/2022\/02\/barcelone-1024x682.jpg\" alt=\"barcelone\" class=\"wp-image-1682632\" srcset=\"https:\/\/www.myzen.tv\/wp-content\/uploads\/2022\/02\/barcelone-1024x682.jpg 1024w, https:\/\/www.myzen.tv\/wp-content\/uploads\/2022\/02\/barcelone-300x200.jpg 300w, https:\/\/www.myzen.tv\/wp-content\/uploads\/2022\/02\/barcelone-768x512.jpg 768w, https:\/\/www.myzen.tv\/wp-content\/uploads\/2022\/02\/barcelone-1536x1023.jpg 1536w, https:\/\/www.myzen.tv\/wp-content\/uploads\/2022\/02\/barcelone-2048x1364.jpg 2048w, https:\/\/www.myzen.tv\/wp-content\/uploads\/2022\/02\/barcelone-285x190.jpg 285w, https:\/\/www.myzen.tv\/wp-content\/uploads\/2022\/02\/barcelone-210x140.jpg 210w, https:\/\/www.myzen.tv\/wp-content\/uploads\/2022\/02\/barcelone-533x355.jpg 533w\" sizes=\"auto, (max-width: 1024px) 100vw, 1024px\" \/><figcaption>Barcelone<\/figcaption><\/figure>\n\n\n\n<p>La ville de <strong><a href=\"https:\/\/www.myzen.tv\/fr\/program\/episode\/12655-barcelone-s00-e10\">Barcelone<\/a><\/strong>, situ\u00e9e \u00e0 l&rsquo;est du pays, est la deuxi\u00e8me ville la plus visit\u00e9e d&rsquo;Espagne. Et ce n&rsquo;est pas un hasard au vu de toute la richesse dont cette ville regorge. On y retrouve beaucoup d&rsquo;architecture, d&rsquo;art, de gastronomie&#8230; Ses monuments phares sont <strong>La Sagrada Fam\u00edlia <\/strong>et le magnifique <strong>Parc G\u00fcell <\/strong>o\u00f9 vous pourrez vous promener et admirer ses mosa\u00efques color\u00e9es. La liste de joyaux architecturaux dont regorge la ville est longue, la visiter est donc un incontournable lors de votre voyage \u00e0 Espagne. Vous pourrez \u00e9galement vous rendre \u00e0 la <strong>plage<\/strong> <strong>de<\/strong> <strong>Barceloneta<\/strong> si vous souhaitez profiter d&rsquo;un bon bain de soleil.  <\/p>\n\n\n\n<p>Vous savez maintenant <strong>o\u00f9 partir en voyage au printemps<\/strong> !<\/p>\n\n\n\n<p>Rendez-vous sur notre <strong><a href=\"https:\/\/watch.myzen.tv\/\" target=\"_blank\" rel=\"noreferrer noopener\">plateforme de streaming<\/a><\/strong> pour d\u00e9couvrir toutes nos destinations voyages<\/p>\n","protected":false},"excerpt":{"rendered":"<p>Le soleil revient progressivement, les arbres fleurissent et les temp\u00e9ratures redeviennent agr\u00e9ables. Le printemps est la saison parfaite pour voyager dans des conditions climatiques, souvent cl\u00e9mentes. Mais le printemps regorge davantage que l&rsquo;on retrouve sur les prix, mais \u00e9galement sur l&rsquo;afflux de touristes. O\u00f9 partir en voyage au printemps ? Ainsi, MyZen TV vous propose [&hellip;]<\/p>\n","protected":false},"author":12,"featured_media":1697235,"comment_status":"closed","ping_status":"closed","sticky":false,"template":"","format":"standard","meta":{"episode_type":"","audio_file":"","cover_image":"","cover_image_id":"","duration":"","filesize":"","date_recorded":"","explicit":"","block":"","itunes_episode_number":"","itunes_title":"","itunes_season_number":"","itunes_episode_type":"","filesize_raw":"","footnotes":""},"categories":[1],"tags":[180],"group":[],"support":[],"class_list":["post-1683368","post","type-post","status-publish","format-standard","has-post-thumbnail","hentry","category-uncategorized","tag-voyage"],"yoast_head":"<!-- This site is optimized with the Yoast SEO plugin v24.0 - https:\/\/yoast.com\/wordpress\/plugins\/seo\/ -->\n<title>O\u00f9 partir en voyage au printemps ? - MyZen TV<\/title>\n<meta name=\"description\" content=\"Ou\u0300 partir en voyage au printemps ? MyZen TV vous propose de d\u00e9couvrir 3 destinations de vacances printani\u00e8res.\" \/>\n<meta name=\"robots\" content=\"index, follow, max-snippet:-1, max-image-preview:large, max-video-preview:-1\" \/>\n<link rel=\"canonical\" href=\"https:\/\/www.myzen.tv\/fr\/ou-partir-en-voyage-au-printemps\/\" \/>\n<meta property=\"og:locale\" content=\"fr_FR\" \/>\n<meta property=\"og:type\" content=\"article\" \/>\n<meta property=\"og:title\" content=\"O\u00f9 partir en voyage au printemps ? - MyZen TV\" \/>\n<meta property=\"og:description\" content=\"Ou\u0300 partir en voyage au printemps ? MyZen TV vous propose de d\u00e9couvrir 3 destinations de vacances printani\u00e8res.\" \/>\n<meta property=\"og:url\" content=\"https:\/\/www.myzen.tv\/fr\/ou-partir-en-voyage-au-printemps\/\" \/>\n<meta property=\"og:site_name\" content=\"MyZen TV\" \/>\n<meta property=\"article:publisher\" content=\"https:\/\/www.facebook.com\/myzen.tv.fr\/\" \/>\n<meta property=\"article:published_time\" content=\"2023-03-02T07:00:00+00:00\" \/>\n<meta property=\"article:modified_time\" content=\"2023-02-28T10:56:07+00:00\" \/>\n<meta property=\"og:image\" content=\"https:\/\/www.myzen.tv\/wp-content\/uploads\/2023\/02\/Ou\u0300-partir-en-voyage-au-printemps-_-1.jpg\" \/>\n\t<meta property=\"og:image:width\" content=\"1920\" \/>\n\t<meta property=\"og:image:height\" content=\"1080\" \/>\n\t<meta property=\"og:image:type\" content=\"image\/jpeg\" \/>\n<meta name=\"author\" content=\"Gabrielle Cattier\" \/>\n<meta name=\"twitter:card\" content=\"summary_large_image\" \/>\n<meta name=\"twitter:label1\" content=\"\u00c9crit par\" \/>\n\t<meta name=\"twitter:data1\" content=\"Gabrielle Cattier\" \/>\n\t<meta name=\"twitter:label2\" content=\"Dur\u00e9e de lecture estim\u00e9e\" \/>\n\t<meta name=\"twitter:data2\" content=\"2 minutes\" \/>\n<!-- \/ Yoast SEO plugin. -->","yoast_head_json":{"title":"O\u00f9 partir en voyage au printemps ? - MyZen TV","description":"Ou\u0300 partir en voyage au printemps ? MyZen TV vous propose de d\u00e9couvrir 3 destinations de vacances printani\u00e8res.","robots":{"index":"index","follow":"follow","max-snippet":"max-snippet:-1","max-image-preview":"max-image-preview:large","max-video-preview":"max-video-preview:-1"},"canonical":"https:\/\/www.myzen.tv\/fr\/ou-partir-en-voyage-au-printemps\/","og_locale":"fr_FR","og_type":"article","og_title":"O\u00f9 partir en voyage au printemps ? - MyZen TV","og_description":"Ou\u0300 partir en voyage au printemps ? MyZen TV vous propose de d\u00e9couvrir 3 destinations de vacances printani\u00e8res.","og_url":"https:\/\/www.myzen.tv\/fr\/ou-partir-en-voyage-au-printemps\/","og_site_name":"MyZen TV","article_publisher":"https:\/\/www.facebook.com\/myzen.tv.fr\/","article_published_time":"2023-03-02T07:00:00+00:00","article_modified_time":"2023-02-28T10:56:07+00:00","og_image":[{"width":1920,"height":1080,"url":"https:\/\/www.myzen.tv\/wp-content\/uploads\/2023\/02\/Ou\u0300-partir-en-voyage-au-printemps-_-1.jpg","type":"image\/jpeg"}],"author":"Gabrielle Cattier","twitter_card":"summary_large_image","twitter_misc":{"\u00c9crit par":"Gabrielle Cattier","Dur\u00e9e de lecture estim\u00e9e":"2 minutes"},"schema":{"@context":"https:\/\/schema.org","@graph":[{"@type":"Article","@id":"https:\/\/www.myzen.tv\/fr\/ou-partir-en-voyage-au-printemps\/#article","isPartOf":{"@id":"https:\/\/www.myzen.tv\/fr\/ou-partir-en-voyage-au-printemps\/"},"author":{"name":"Gabrielle Cattier","@id":"https:\/\/www.myzen.tv\/fr\/#\/schema\/person\/60c38aefd5fdad55ca411a73751f70bb"},"headline":"O\u00f9 partir en voyage au printemps ?","datePublished":"2023-03-02T07:00:00+00:00","dateModified":"2023-02-28T10:56:07+00:00","mainEntityOfPage":{"@id":"https:\/\/www.myzen.tv\/fr\/ou-partir-en-voyage-au-printemps\/"},"wordCount":349,"publisher":{"@id":"https:\/\/www.myzen.tv\/fr\/#organization"},"image":{"@id":"https:\/\/www.myzen.tv\/fr\/ou-partir-en-voyage-au-printemps\/#primaryimage"},"thumbnailUrl":"https:\/\/www.myzen.tv\/wp-content\/uploads\/2023\/02\/Ou\u0300-partir-en-voyage-au-printemps-_-1.jpg","keywords":["voyage"],"articleSection":["Uncategorized"],"inLanguage":"fr-FR"},{"@type":"WebPage","@id":"https:\/\/www.myzen.tv\/fr\/ou-partir-en-voyage-au-printemps\/","url":"https:\/\/www.myzen.tv\/fr\/ou-partir-en-voyage-au-printemps\/","name":"O\u00f9 partir en voyage au printemps ? - MyZen TV","isPartOf":{"@id":"https:\/\/www.myzen.tv\/fr\/#website"},"primaryImageOfPage":{"@id":"https:\/\/www.myzen.tv\/fr\/ou-partir-en-voyage-au-printemps\/#primaryimage"},"image":{"@id":"https:\/\/www.myzen.tv\/fr\/ou-partir-en-voyage-au-printemps\/#primaryimage"},"thumbnailUrl":"https:\/\/www.myzen.tv\/wp-content\/uploads\/2023\/02\/Ou\u0300-partir-en-voyage-au-printemps-_-1.jpg","datePublished":"2023-03-02T07:00:00+00:00","dateModified":"2023-02-28T10:56:07+00:00","description":"Ou\u0300 partir en voyage au printemps ? MyZen TV vous propose de d\u00e9couvrir 3 destinations de vacances printani\u00e8res.","breadcrumb":{"@id":"https:\/\/www.myzen.tv\/fr\/ou-partir-en-voyage-au-printemps\/#breadcrumb"},"inLanguage":"fr-FR","potentialAction":[{"@type":"ReadAction","target":["https:\/\/www.myzen.tv\/fr\/ou-partir-en-voyage-au-printemps\/"]}]},{"@type":"ImageObject","inLanguage":"fr-FR","@id":"https:\/\/www.myzen.tv\/fr\/ou-partir-en-voyage-au-printemps\/#primaryimage","url":"https:\/\/www.myzen.tv\/wp-content\/uploads\/2023\/02\/Ou\u0300-partir-en-voyage-au-printemps-_-1.jpg","contentUrl":"https:\/\/www.myzen.tv\/wp-content\/uploads\/2023\/02\/Ou\u0300-partir-en-voyage-au-printemps-_-1.jpg","width":1920,"height":1080,"caption":"Ou\u0300 partir en voyage au printemps _-1"},{"@type":"BreadcrumbList","@id":"https:\/\/www.myzen.tv\/fr\/ou-partir-en-voyage-au-printemps\/#breadcrumb","itemListElement":[{"@type":"ListItem","position":1,"name":"Home","item":"https:\/\/www.myzen.tv\/fr\/"},{"@type":"ListItem","position":2,"name":"O\u00f9 partir en voyage au printemps ?"}]},{"@type":"WebSite","@id":"https:\/\/www.myzen.tv\/fr\/#website","url":"https:\/\/www.myzen.tv\/fr\/","name":"MyZen TV","description":"Your lifestyle and well-being channel","publisher":{"@id":"https:\/\/www.myzen.tv\/fr\/#organization"},"potentialAction":[{"@type":"SearchAction","target":{"@type":"EntryPoint","urlTemplate":"https:\/\/www.myzen.tv\/fr\/?s={search_term_string}"},"query-input":{"@type":"PropertyValueSpecification","valueRequired":true,"valueName":"search_term_string"}}],"inLanguage":"fr-FR"},{"@type":"Organization","@id":"https:\/\/www.myzen.tv\/fr\/#organization","name":"MyZen TV","url":"https:\/\/www.myzen.tv\/fr\/","logo":{"@type":"ImageObject","inLanguage":"fr-FR","@id":"https:\/\/www.myzen.tv\/fr\/#\/schema\/logo\/image\/","url":"https:\/\/www.myzen.tv\/wp-content\/uploads\/2021\/05\/cropped-ICON_MZtv-LOGO_firetv640-1-1.png","contentUrl":"https:\/\/www.myzen.tv\/wp-content\/uploads\/2021\/05\/cropped-ICON_MZtv-LOGO_firetv640-1-1.png","width":512,"height":512,"caption":"MyZen TV"},"image":{"@id":"https:\/\/www.myzen.tv\/fr\/#\/schema\/logo\/image\/"},"sameAs":["https:\/\/www.facebook.com\/myzen.tv.fr\/","https:\/\/www.instagram.com\/myzentv\/"]},{"@type":"Person","@id":"https:\/\/www.myzen.tv\/fr\/#\/schema\/person\/60c38aefd5fdad55ca411a73751f70bb","name":"Gabrielle Cattier","url":"https:\/\/www.myzen.tv\/fr\/author\/gabrielle-cattier\/"}]}},"_links":{"self":[{"href":"https:\/\/www.myzen.tv\/fr\/wp-json\/wp\/v2\/posts\/1683368","targetHints":{"allow":["GET"]}}],"collection":[{"href":"https:\/\/www.myzen.tv\/fr\/wp-json\/wp\/v2\/posts"}],"about":[{"href":"https:\/\/www.myzen.tv\/fr\/wp-json\/wp\/v2\/types\/post"}],"author":[{"embeddable":true,"href":"https:\/\/www.myzen.tv\/fr\/wp-json\/wp\/v2\/users\/12"}],"replies":[{"embeddable":true,"href":"https:\/\/www.myzen.tv\/fr\/wp-json\/wp\/v2\/comments?post=1683368"}],"version-history":[{"count":4,"href":"https:\/\/www.myzen.tv\/fr\/wp-json\/wp\/v2\/posts\/1683368\/revisions"}],"predecessor-version":[{"id":1697249,"href":"https:\/\/www.myzen.tv\/fr\/wp-json\/wp\/v2\/posts\/1683368\/revisions\/1697249"}],"wp:featuredmedia":[{"embeddable":true,"href":"https:\/\/www.myzen.tv\/fr\/wp-json\/wp\/v2\/media\/1697235"}],"wp:attachment":[{"href":"https:\/\/www.myzen.tv\/fr\/wp-json\/wp\/v2\/media?parent=1683368"}],"wp:term":[{"taxonomy":"category","embeddable":true,"href":"https:\/\/www.myzen.tv\/fr\/wp-json\/wp\/v2\/categories?post=1683368"},{"taxonomy":"post_tag","embeddable":true,"href":"https:\/\/www.myzen.tv\/fr\/wp-json\/wp\/v2\/tags?post=1683368"},{"taxonomy":"group","embeddable":true,"href":"https:\/\/www.myzen.tv\/fr\/wp-json\/wp\/v2\/group?post=1683368"},{"taxonomy":"support","embeddable":true,"href":"https:\/\/www.myzen.tv\/fr\/wp-json\/wp\/v2\/support?post=1683368"}],"curies":[{"name":"wp","href":"https:\/\/api.w.org\/{rel}","templated":true}]}}