{"id":1684385,"date":"2022-04-01T03:00:00","date_gmt":"2022-04-01T03:00:00","guid":{"rendered":"https:\/\/www.myzen.tv\/?p=1684385"},"modified":"2022-03-31T08:09:17","modified_gmt":"2022-03-31T08:09:17","slug":"en-avril-cuisinez-avec-myzen-tv","status":"publish","type":"post","link":"https:\/\/www.myzen.tv\/fr\/en-avril-cuisinez-avec-myzen-tv\/","title":{"rendered":"En avril, cuisinez avec MyZen TV !"},"content":{"rendered":"\n<figure class=\"wp-block-image size-large is-resized\"><img loading=\"lazy\" decoding=\"async\" src=\"https:\/\/www.myzen.tv\/wp-content\/uploads\/2022\/03\/tf-avril.png\" alt=\"\" class=\"wp-image-1684386\" width=\"799\" height=\"230\" srcset=\"https:\/\/www.myzen.tv\/wp-content\/uploads\/2022\/03\/tf-avril.png 658w, https:\/\/www.myzen.tv\/wp-content\/uploads\/2022\/03\/tf-avril-300x86.png 300w, https:\/\/www.myzen.tv\/wp-content\/uploads\/2022\/03\/tf-avril-320x92.png 320w, https:\/\/www.myzen.tv\/wp-content\/uploads\/2022\/03\/tf-avril-235x68.png 235w, https:\/\/www.myzen.tv\/wp-content\/uploads\/2022\/03\/tf-avril-540x155.png 540w\" sizes=\"auto, (max-width: 799px) 100vw, 799px\" \/><\/figure>\n\n\n\n<p>En avril, MyZen TV met \u00e0 l&rsquo;honneur la cuisine et le fait-maison. L&rsquo;occasion parfaite pour d\u00e9couvrir de nouvelles recettes et se r\u00e9galer autour de bons petits plats !<\/p>\n\n\n\n<h2 class=\"wp-block-heading\">La cuisine de Babette <\/h2>\n\n\n\n<figure class=\"wp-block-image size-large\"><img loading=\"lazy\" decoding=\"async\" width=\"800\" height=\"450\" src=\"https:\/\/www.myzen.tv\/wp-content\/uploads\/2022\/03\/babette.png\" alt=\"\" class=\"wp-image-1684388\" srcset=\"https:\/\/www.myzen.tv\/wp-content\/uploads\/2022\/03\/babette.png 800w, https:\/\/www.myzen.tv\/wp-content\/uploads\/2022\/03\/babette-300x169.png 300w, https:\/\/www.myzen.tv\/wp-content\/uploads\/2022\/03\/babette-768x432.png 768w, https:\/\/www.myzen.tv\/wp-content\/uploads\/2022\/03\/babette-320x180.png 320w, https:\/\/www.myzen.tv\/wp-content\/uploads\/2022\/03\/babette-235x132.png 235w, https:\/\/www.myzen.tv\/wp-content\/uploads\/2022\/03\/babette-540x304.png 540w\" sizes=\"auto, (max-width: 800px) 100vw, 800px\" \/><\/figure>\n\n\n\n<p><strong>A partir du 5 avril, tous les mardis \u00e0 19h25<\/strong><\/p>\n\n\n\n<p>L&rsquo;experte des saveurs cr\u00e9oles,&nbsp;<strong>Babette de Rozi\u00e8res<\/strong>, nous livre tous ses secrets depuis l&rsquo;Ile Maurice, un v\u00e9ritable voyage gustatif dans l&rsquo;assiette pour une&nbsp;<strong>cuisine go\u00fbteuse<\/strong>&nbsp;avec des produits du monde. Dans son style toujours direct qui donne le sourire aux l\u00e8vres et l&rsquo;eau \u00e0 la bouche, Babette nous livre des&nbsp;<strong>recettes simples<\/strong>, des anecdotes et des astuces pour \u00e9veiller toutes les papilles.<\/p>\n\n\n\n<h2 class=\"wp-block-heading\">La v\u00e9rit\u00e9 \u00e0 propos de&#8230;<\/h2>\n\n\n\n<figure class=\"wp-block-image size-large\"><img loading=\"lazy\" decoding=\"async\" width=\"800\" height=\"450\" src=\"https:\/\/www.myzen.tv\/wp-content\/uploads\/2022\/03\/fb131ae8-53a5-3906-8a4d-9d93e413b3e7.jpg\" alt=\"\" class=\"wp-image-1684390\" srcset=\"https:\/\/www.myzen.tv\/wp-content\/uploads\/2022\/03\/fb131ae8-53a5-3906-8a4d-9d93e413b3e7.jpg 800w, https:\/\/www.myzen.tv\/wp-content\/uploads\/2022\/03\/fb131ae8-53a5-3906-8a4d-9d93e413b3e7-300x169.jpg 300w, https:\/\/www.myzen.tv\/wp-content\/uploads\/2022\/03\/fb131ae8-53a5-3906-8a4d-9d93e413b3e7-768x432.jpg 768w, https:\/\/www.myzen.tv\/wp-content\/uploads\/2022\/03\/fb131ae8-53a5-3906-8a4d-9d93e413b3e7-320x180.jpg 320w, https:\/\/www.myzen.tv\/wp-content\/uploads\/2022\/03\/fb131ae8-53a5-3906-8a4d-9d93e413b3e7-235x132.jpg 235w, https:\/\/www.myzen.tv\/wp-content\/uploads\/2022\/03\/fb131ae8-53a5-3906-8a4d-9d93e413b3e7-540x304.jpg 540w\" sizes=\"auto, (max-width: 800px) 100vw, 800px\" \/><\/figure>\n\n\n\n<p><strong>Les vendredis 1<sup>er<\/sup>, 8 et 15 avril \u00e0 18h30<\/strong><\/p>\n\n\n\n<p>Cette s\u00e9rie documentaire produite par la&nbsp;<strong>BBC<\/strong>&nbsp;vous propose de faire le point sur les&nbsp;<strong>croyances populaires<\/strong>&nbsp;dans le domaine de la sant\u00e9. Le sommeil, le sucre, le stress et bien d\u2019autres th\u00e9matiques seront pass\u00e9s au microscope par des&nbsp;<strong>experts<\/strong>&nbsp;et journalistes qui s\u2019attaquent aux probl\u00e8mes qui nous concernent tous.<\/p>\n\n\n\n<div class=\"wp-block-media-text alignwide is-stacked-on-mobile\"><figure class=\"wp-block-media-text__media\"><img loading=\"lazy\" decoding=\"async\" width=\"800\" height=\"600\" src=\"https:\/\/www.myzen.tv\/wp-content\/uploads\/2022\/03\/e0dcbfb7-9dd5-f371-40b6-69d8f6ec9f11.jpg\" alt=\"\" class=\"wp-image-1684392 size-full\" srcset=\"https:\/\/www.myzen.tv\/wp-content\/uploads\/2022\/03\/e0dcbfb7-9dd5-f371-40b6-69d8f6ec9f11.jpg 800w, https:\/\/www.myzen.tv\/wp-content\/uploads\/2022\/03\/e0dcbfb7-9dd5-f371-40b6-69d8f6ec9f11-300x225.jpg 300w, https:\/\/www.myzen.tv\/wp-content\/uploads\/2022\/03\/e0dcbfb7-9dd5-f371-40b6-69d8f6ec9f11-768x576.jpg 768w, https:\/\/www.myzen.tv\/wp-content\/uploads\/2022\/03\/e0dcbfb7-9dd5-f371-40b6-69d8f6ec9f11-253x190.jpg 253w, https:\/\/www.myzen.tv\/wp-content\/uploads\/2022\/03\/e0dcbfb7-9dd5-f371-40b6-69d8f6ec9f11-187x140.jpg 187w, https:\/\/www.myzen.tv\/wp-content\/uploads\/2022\/03\/e0dcbfb7-9dd5-f371-40b6-69d8f6ec9f11-473x355.jpg 473w\" sizes=\"auto, (max-width: 800px) 100vw, 800px\" \/><\/figure><div class=\"wp-block-media-text__content\">\n<h3 class=\"wp-block-heading\">La m\u00e9nopause<\/h3>\n\n\n\n<p><strong>Vendredi 1<sup>er<\/sup>&nbsp;avril<\/strong><\/p>\n\n\n\n<p>La pr\u00e9sentatrice Mariella Frostrup se lance dans une qu\u00eate pour en apprendre plus sur la m\u00e9nopause et ses impacts pour les femmes d&rsquo;aujourd&rsquo;hui.<\/p>\n<\/div><\/div>\n\n\n\n<div class=\"wp-block-media-text alignwide has-media-on-the-right is-stacked-on-mobile\"><figure class=\"wp-block-media-text__media\"><img loading=\"lazy\" decoding=\"async\" width=\"800\" height=\"600\" src=\"https:\/\/www.myzen.tv\/wp-content\/uploads\/2022\/03\/eec397ad-0774-bf43-216a-e4ced3c30b7e.jpeg\" alt=\"\" class=\"wp-image-1684396 size-full\" srcset=\"https:\/\/www.myzen.tv\/wp-content\/uploads\/2022\/03\/eec397ad-0774-bf43-216a-e4ced3c30b7e.jpeg 800w, https:\/\/www.myzen.tv\/wp-content\/uploads\/2022\/03\/eec397ad-0774-bf43-216a-e4ced3c30b7e-300x225.jpeg 300w, https:\/\/www.myzen.tv\/wp-content\/uploads\/2022\/03\/eec397ad-0774-bf43-216a-e4ced3c30b7e-768x576.jpeg 768w, https:\/\/www.myzen.tv\/wp-content\/uploads\/2022\/03\/eec397ad-0774-bf43-216a-e4ced3c30b7e-253x190.jpeg 253w, https:\/\/www.myzen.tv\/wp-content\/uploads\/2022\/03\/eec397ad-0774-bf43-216a-e4ced3c30b7e-187x140.jpeg 187w, https:\/\/www.myzen.tv\/wp-content\/uploads\/2022\/03\/eec397ad-0774-bf43-216a-e4ced3c30b7e-473x355.jpeg 473w\" sizes=\"auto, (max-width: 800px) 100vw, 800px\" \/><\/figure><div class=\"wp-block-media-text__content\">\n<h3 class=\"wp-block-heading\">Les cosm\u00e9tiques<\/h3>\n\n\n\n<p><strong>Vendredi 8 avril<\/strong><\/p>\n\n\n\n<p>Cette enqu\u00eate fascinante nous r\u00e9v\u00e8le ce qui se cache derri\u00e8re les cr\u00e8mes et les potions qui pr\u00e9tendent lutter contre le processus de vieillissement, nous allons vous aider \u00e0 distinguer le vrai du faux de ces produits miracles.<\/p>\n<\/div><\/div>\n\n\n\n<div class=\"wp-block-media-text alignwide is-stacked-on-mobile\"><figure class=\"wp-block-media-text__media\"><img loading=\"lazy\" decoding=\"async\" width=\"800\" height=\"600\" src=\"https:\/\/www.myzen.tv\/wp-content\/uploads\/2022\/03\/096e2f51-b770-1765-916e-76b4f74e1186.jpg\" alt=\"\" class=\"wp-image-1684398 size-full\" srcset=\"https:\/\/www.myzen.tv\/wp-content\/uploads\/2022\/03\/096e2f51-b770-1765-916e-76b4f74e1186.jpg 800w, https:\/\/www.myzen.tv\/wp-content\/uploads\/2022\/03\/096e2f51-b770-1765-916e-76b4f74e1186-300x225.jpg 300w, https:\/\/www.myzen.tv\/wp-content\/uploads\/2022\/03\/096e2f51-b770-1765-916e-76b4f74e1186-768x576.jpg 768w, https:\/\/www.myzen.tv\/wp-content\/uploads\/2022\/03\/096e2f51-b770-1765-916e-76b4f74e1186-253x190.jpg 253w, https:\/\/www.myzen.tv\/wp-content\/uploads\/2022\/03\/096e2f51-b770-1765-916e-76b4f74e1186-187x140.jpg 187w, https:\/\/www.myzen.tv\/wp-content\/uploads\/2022\/03\/096e2f51-b770-1765-916e-76b4f74e1186-473x355.jpg 473w\" sizes=\"auto, (max-width: 800px) 100vw, 800px\" \/><\/figure><div class=\"wp-block-media-text__content\">\n<h3 class=\"wp-block-heading\">Le syst\u00e8me immunitaire<\/h3>\n\n\n\n<p><strong>Vendredi 15&nbsp;avril<\/strong><\/p>\n\n\n\n<p>Des experts du domaine nous r\u00e9v\u00e8lent les bases du syst\u00e8me immunitaire, comment on peut l&rsquo;am\u00e9liorer avec les bons gestes mais aussi une nouvelle science fascinante<\/p>\n<\/div><\/div>\n\n\n\n<h2 class=\"wp-block-heading\">L&rsquo;instant bien-\u00eatre : \u00e0 table ! <\/h2>\n\n\n\n<figure class=\"wp-block-image size-large\"><img loading=\"lazy\" decoding=\"async\" width=\"800\" height=\"450\" src=\"https:\/\/www.myzen.tv\/wp-content\/uploads\/2022\/03\/9a2dc804-8e44-3889-d15b-854185ee9333.jpg\" alt=\"\" class=\"wp-image-1684400\" srcset=\"https:\/\/www.myzen.tv\/wp-content\/uploads\/2022\/03\/9a2dc804-8e44-3889-d15b-854185ee9333.jpg 800w, https:\/\/www.myzen.tv\/wp-content\/uploads\/2022\/03\/9a2dc804-8e44-3889-d15b-854185ee9333-300x169.jpg 300w, https:\/\/www.myzen.tv\/wp-content\/uploads\/2022\/03\/9a2dc804-8e44-3889-d15b-854185ee9333-768x432.jpg 768w, https:\/\/www.myzen.tv\/wp-content\/uploads\/2022\/03\/9a2dc804-8e44-3889-d15b-854185ee9333-320x180.jpg 320w, https:\/\/www.myzen.tv\/wp-content\/uploads\/2022\/03\/9a2dc804-8e44-3889-d15b-854185ee9333-235x132.jpg 235w, https:\/\/www.myzen.tv\/wp-content\/uploads\/2022\/03\/9a2dc804-8e44-3889-d15b-854185ee9333-540x304.jpg 540w\" sizes=\"auto, (max-width: 800px) 100vw, 800px\" \/><\/figure>\n\n\n\n<p><strong>D\u00e8s le 10 avril, tous les dimanches de 16h30 \u00e0 18h00<\/strong><\/p>\n\n\n\n<p>Prenez du temps pour vous en d\u00e9couvrant notre nouveau rendez-vous hebdomadaire :&nbsp;<strong>L\u2019instant bien-\u00eatre<\/strong>. L\u2019occasion de d\u00e9couvrir ou red\u00e9couvrir nos programmes sous un angle diff\u00e9rent ! En avril, MyZen TV vous propose une&nbsp;<strong>s\u00e9lection sp\u00e9ciale \u201c\u00c0 table<\/strong>\u201d.<\/p>\n\n\n\n<p>Au programme :<\/p>\n\n\n\n<ul class=\"wp-block-list\"><li>Entrez dans le monde de&nbsp;<strong>Jasmine et Melissa Hemsley<\/strong>, deux s\u0153urs passionn\u00e9es de cuisine, et tout particuli\u00e8rement de nourriture saine.<\/li><li>Cette ann\u00e9e,&nbsp;<strong>Herbarium<\/strong>&nbsp;met encore plus l\u2019accent sur l\u2019authenticit\u00e9 et la nourriture saine.<\/li><li>Entour\u00e9e de ses proches et de ses invit\u00e9s passionn\u00e9s de bonnes tables,&nbsp;<strong>Luana Belmondo<\/strong>&nbsp;nous invite dans sa cuisine pour r\u00e9aliser de savoureuses recettes de saison.<\/li><li>Loin de sa zone de confort,&nbsp;<strong>Poh<\/strong>&nbsp;se rel\u00e8ve les manches et donne un coup de main \u00e0 ceux qui utilisent la cuisine comme outil pour gu\u00e9rir, inspirer et changer les vies autour d\u2019eux.<\/li><li><strong>Rachel Khoo<\/strong>, cr\u00e9atrice culinaire passionn\u00e9e, vous invite \u00e0 d\u00e9couvrir son univers \u00e0 Paris en vous emmenant dans une belle et surprenante aventure culinaire.<\/li><li>Suivez la belle&nbsp;<strong>Luana Belmondo et son fils Alessandro<\/strong>&nbsp;dans un voyage culinaire \u00e0 Rome sur les traces de son enfance.<\/li><\/ul>\n\n\n\n<div class=\"wp-block-media-text alignwide is-stacked-on-mobile has-black-color has-text-color\"><figure class=\"wp-block-media-text__media\"><img loading=\"lazy\" decoding=\"async\" width=\"1080\" height=\"1080\" src=\"https:\/\/www.myzen.tv\/wp-content\/uploads\/2022\/03\/f6093676-9cee-951f-4d69-9c441359975e.jpg\" alt=\"\" class=\"wp-image-1684402 size-full\" srcset=\"https:\/\/www.myzen.tv\/wp-content\/uploads\/2022\/03\/f6093676-9cee-951f-4d69-9c441359975e.jpg 1080w, https:\/\/www.myzen.tv\/wp-content\/uploads\/2022\/03\/f6093676-9cee-951f-4d69-9c441359975e-300x300.jpg 300w, https:\/\/www.myzen.tv\/wp-content\/uploads\/2022\/03\/f6093676-9cee-951f-4d69-9c441359975e-1024x1024.jpg 1024w, https:\/\/www.myzen.tv\/wp-content\/uploads\/2022\/03\/f6093676-9cee-951f-4d69-9c441359975e-150x150.jpg 150w, https:\/\/www.myzen.tv\/wp-content\/uploads\/2022\/03\/f6093676-9cee-951f-4d69-9c441359975e-768x768.jpg 768w, https:\/\/www.myzen.tv\/wp-content\/uploads\/2022\/03\/f6093676-9cee-951f-4d69-9c441359975e-190x190.jpg 190w, https:\/\/www.myzen.tv\/wp-content\/uploads\/2022\/03\/f6093676-9cee-951f-4d69-9c441359975e-140x140.jpg 140w, https:\/\/www.myzen.tv\/wp-content\/uploads\/2022\/03\/f6093676-9cee-951f-4d69-9c441359975e-355x355.jpg 355w\" sizes=\"auto, (max-width: 1080px) 100vw, 1080px\" \/><\/figure><div class=\"wp-block-media-text__content\">\n<h2 class=\"wp-block-heading\">Pastateca<\/h2>\n\n\n\n<p><strong>Tous les jours \u00e0 12h00 et 18h25<\/strong><\/p>\n\n\n\n<p>Sortez des sentiers battus et rajoutez un peu de fun dans vos p\u00e2tes avec notre s\u00e9lection sp\u00e9ciale \u00ab Pastateca \u00bb !<\/p>\n<\/div><\/div>\n\n\n\n<div class=\"wp-block-media-text alignwide has-media-on-the-right is-stacked-on-mobile\"><figure class=\"wp-block-media-text__media\"><img loading=\"lazy\" decoding=\"async\" width=\"1024\" height=\"1024\" src=\"https:\/\/www.myzen.tv\/wp-content\/uploads\/2022\/03\/cb814992-bf1a-13f9-087e-7e7016b4217c-1024x1024.jpg\" alt=\"\" class=\"wp-image-1684404 size-full\" srcset=\"https:\/\/www.myzen.tv\/wp-content\/uploads\/2022\/03\/cb814992-bf1a-13f9-087e-7e7016b4217c-1024x1024.jpg 1024w, https:\/\/www.myzen.tv\/wp-content\/uploads\/2022\/03\/cb814992-bf1a-13f9-087e-7e7016b4217c-300x300.jpg 300w, https:\/\/www.myzen.tv\/wp-content\/uploads\/2022\/03\/cb814992-bf1a-13f9-087e-7e7016b4217c-150x150.jpg 150w, https:\/\/www.myzen.tv\/wp-content\/uploads\/2022\/03\/cb814992-bf1a-13f9-087e-7e7016b4217c-768x768.jpg 768w, https:\/\/www.myzen.tv\/wp-content\/uploads\/2022\/03\/cb814992-bf1a-13f9-087e-7e7016b4217c-190x190.jpg 190w, https:\/\/www.myzen.tv\/wp-content\/uploads\/2022\/03\/cb814992-bf1a-13f9-087e-7e7016b4217c-140x140.jpg 140w, https:\/\/www.myzen.tv\/wp-content\/uploads\/2022\/03\/cb814992-bf1a-13f9-087e-7e7016b4217c-355x355.jpg 355w, https:\/\/www.myzen.tv\/wp-content\/uploads\/2022\/03\/cb814992-bf1a-13f9-087e-7e7016b4217c.jpg 1080w\" sizes=\"auto, (max-width: 1024px) 100vw, 1024px\" \/><\/figure><div class=\"wp-block-media-text__content\">\n<h2 class=\"wp-block-heading\">Recettes asiatiques <\/h2>\n\n\n\n<p><strong>Tous les jours \u00e0 12h00 et 18h25<\/strong><\/p>\n\n\n\n<p>Revisitez la gastronomie asiatique avec une s\u00e9lection de recettes qui vous mettrons l&rsquo;eau \u00e0 la bouche !<\/p>\n<\/div><\/div>\n\n\n\n<div class=\"wp-block-media-text alignwide is-stacked-on-mobile\"><figure class=\"wp-block-media-text__media\"><img loading=\"lazy\" decoding=\"async\" width=\"1024\" height=\"1024\" src=\"https:\/\/www.myzen.tv\/wp-content\/uploads\/2022\/03\/33348ee6-d8bc-011e-1ff9-57880a212e7e-1024x1024.jpg\" alt=\"\" class=\"wp-image-1684406 size-full\" srcset=\"https:\/\/www.myzen.tv\/wp-content\/uploads\/2022\/03\/33348ee6-d8bc-011e-1ff9-57880a212e7e-1024x1024.jpg 1024w, https:\/\/www.myzen.tv\/wp-content\/uploads\/2022\/03\/33348ee6-d8bc-011e-1ff9-57880a212e7e-300x300.jpg 300w, https:\/\/www.myzen.tv\/wp-content\/uploads\/2022\/03\/33348ee6-d8bc-011e-1ff9-57880a212e7e-150x150.jpg 150w, https:\/\/www.myzen.tv\/wp-content\/uploads\/2022\/03\/33348ee6-d8bc-011e-1ff9-57880a212e7e-768x768.jpg 768w, https:\/\/www.myzen.tv\/wp-content\/uploads\/2022\/03\/33348ee6-d8bc-011e-1ff9-57880a212e7e-190x190.jpg 190w, https:\/\/www.myzen.tv\/wp-content\/uploads\/2022\/03\/33348ee6-d8bc-011e-1ff9-57880a212e7e-140x140.jpg 140w, https:\/\/www.myzen.tv\/wp-content\/uploads\/2022\/03\/33348ee6-d8bc-011e-1ff9-57880a212e7e-355x355.jpg 355w, https:\/\/www.myzen.tv\/wp-content\/uploads\/2022\/03\/33348ee6-d8bc-011e-1ff9-57880a212e7e.jpg 1080w\" sizes=\"auto, (max-width: 1024px) 100vw, 1024px\" \/><\/figure><div class=\"wp-block-media-text__content\">\n<h2 class=\"wp-block-heading\">Delicious morning<\/h2>\n\n\n\n<p><strong>Tous les jours \u00e0 12h00 et 18h25<\/strong><\/p>\n\n\n\n<p>Pas besoin d&rsquo;attendre le week-end pour se faire plaisir, nos s\u00e9lections pour un brunch gourmand vous tendent les bras !&nbsp;<\/p>\n<\/div><\/div>\n\n\n\n<h2 class=\"wp-block-heading\">Nouveaux exercices de fitness : anti-cellulite ! <\/h2>\n\n\n\n<figure class=\"wp-block-image size-large\"><img loading=\"lazy\" decoding=\"async\" width=\"800\" height=\"450\" src=\"https:\/\/www.myzen.tv\/wp-content\/uploads\/2022\/03\/92539d1a-0627-40df-9cfd-9c11ac40b7e8.jpg\" alt=\"\" class=\"wp-image-1684408\" srcset=\"https:\/\/www.myzen.tv\/wp-content\/uploads\/2022\/03\/92539d1a-0627-40df-9cfd-9c11ac40b7e8.jpg 800w, https:\/\/www.myzen.tv\/wp-content\/uploads\/2022\/03\/92539d1a-0627-40df-9cfd-9c11ac40b7e8-300x169.jpg 300w, https:\/\/www.myzen.tv\/wp-content\/uploads\/2022\/03\/92539d1a-0627-40df-9cfd-9c11ac40b7e8-768x432.jpg 768w, https:\/\/www.myzen.tv\/wp-content\/uploads\/2022\/03\/92539d1a-0627-40df-9cfd-9c11ac40b7e8-320x180.jpg 320w, https:\/\/www.myzen.tv\/wp-content\/uploads\/2022\/03\/92539d1a-0627-40df-9cfd-9c11ac40b7e8-235x132.jpg 235w, https:\/\/www.myzen.tv\/wp-content\/uploads\/2022\/03\/92539d1a-0627-40df-9cfd-9c11ac40b7e8-540x304.jpg 540w\" sizes=\"auto, (max-width: 800px) 100vw, 800px\" \/><\/figure>\n\n\n\n<p><strong>D\u00e8s le 2&nbsp;avril, tous les samedis \u00e0 17h15<\/strong><\/p>\n\n\n\n<p>Ce programme vous propose un&nbsp;<strong>entra\u00eenement complet du corps<\/strong>&nbsp;pour rester en forme et vous muscler. Abdos, fessiers, cuisses, dos\u2026 Il y a des exercices pour tout le monde et pour chaque partie du corps que vous souhaitez travailler. Cela vous permettra de&nbsp;<strong>soulager votre stress de la vie quotidienne<\/strong>&nbsp;et vous sentir mieux dans votre corps.<\/p>\n\n\n\n<h2 class=\"wp-block-heading\">R\u00e9cr\u00e9ations<\/h2>\n\n\n\n<figure class=\"wp-block-image size-large\"><img loading=\"lazy\" decoding=\"async\" width=\"800\" height=\"450\" src=\"https:\/\/www.myzen.tv\/wp-content\/uploads\/2022\/03\/86e14085-ae3a-fe09-d86d-59f7532e34b2.jpg\" alt=\"\" class=\"wp-image-1684410\" srcset=\"https:\/\/www.myzen.tv\/wp-content\/uploads\/2022\/03\/86e14085-ae3a-fe09-d86d-59f7532e34b2.jpg 800w, https:\/\/www.myzen.tv\/wp-content\/uploads\/2022\/03\/86e14085-ae3a-fe09-d86d-59f7532e34b2-300x169.jpg 300w, https:\/\/www.myzen.tv\/wp-content\/uploads\/2022\/03\/86e14085-ae3a-fe09-d86d-59f7532e34b2-768x432.jpg 768w, https:\/\/www.myzen.tv\/wp-content\/uploads\/2022\/03\/86e14085-ae3a-fe09-d86d-59f7532e34b2-320x180.jpg 320w, https:\/\/www.myzen.tv\/wp-content\/uploads\/2022\/03\/86e14085-ae3a-fe09-d86d-59f7532e34b2-235x132.jpg 235w, https:\/\/www.myzen.tv\/wp-content\/uploads\/2022\/03\/86e14085-ae3a-fe09-d86d-59f7532e34b2-540x304.jpg 540w\" sizes=\"auto, (max-width: 800px) 100vw, 800px\" \/><\/figure>\n\n\n\n<p><strong>Tous les week-end \u00e0 13h50<\/strong><\/p>\n\n\n\n<p><strong>R\u00e9Cr\u00e9ations<\/strong>, c\u2019est une&nbsp;<strong>collection d\u2019ateliers vid\u00e9o<\/strong>&nbsp;dans lesquels un artiste explore sa discipline de cr\u00e9ation et la transmet aux petits\u2026 Comme aux plus grands ! Dans chaque s\u00e9rie d\u2019ateliers, un artiste pr\u00e9sente sa d\u00e9marche par la pratique. Les mises en \u0153uvre sont accessibles \u00e0 tous, sans \u00e9quipement sp\u00e9cialis\u00e9, ni apprentissage pr\u00e9alable. D\u00e9couvrez les ateliers de :&nbsp;<\/p>\n\n\n\n<ul class=\"wp-block-list\"><li>Patsy Van Roost et son projet Empatsy, art public;<\/li><li>K Goldstein et son projet BigBangBoum, danse, chor\u00e9graphie et vid\u00e9o;<\/li><li>Andr\u00e9 Pappathomas et son projet De bouche \u00e0 oreille, exploration vocale et sonore;<\/li><\/ul>\n\n\n\n<p>Avec la collection R\u00e9Cr\u00e9ations, les \u00e9crans sont au service de la cr\u00e9ativit\u00e9 et de la participation active des enfants et des adultes qui les accompagnent. Ils cr\u00e9ent des moments uniques \u00e0 partager en famille, \u00e0 l\u2019\u00e9cole ou entre amis. R\u00e9Cr\u00e9ations, c\u2019est la cr\u00e9ation en action !<\/p>\n\n\n\n<p>Pour (re)voir nos programmes en replay, rendez-vous sur notre&nbsp;<a href=\"http:\/\/watch.myzen.tv\/\" target=\"_blank\" rel=\"noreferrer noopener\">plateforme de streaming MyZen TV<\/a><\/p>\n","protected":false},"excerpt":{"rendered":"<p>En avril, MyZen TV met \u00e0 l&rsquo;honneur la cuisine et le fait-maison. L&rsquo;occasion parfaite pour d\u00e9couvrir de nouvelles recettes et se r\u00e9galer autour de bons petits plats ! La cuisine de Babette A partir du 5 avril, tous les mardis \u00e0 19h25 L&rsquo;experte des saveurs cr\u00e9oles,&nbsp;Babette de Rozi\u00e8res, nous livre tous ses secrets depuis l&rsquo;Ile [&hellip;]<\/p>\n","protected":false},"author":12,"featured_media":1684389,"comment_status":"closed","ping_status":"closed","sticky":false,"template":"","format":"standard","meta":{"episode_type":"","audio_file":"","cover_image":"","cover_image_id":"","duration":"","filesize":"","date_recorded":"","explicit":"","block":"","itunes_episode_number":"","itunes_title":"","itunes_season_number":"","itunes_episode_type":"","filesize_raw":"","footnotes":""},"categories":[16,29,50,49,43,52,51],"tags":[187,1107,846],"group":[319,314,315,317],"support":[],"class_list":["post-1684385","post","type-post","status-publish","format-standard","has-post-thumbnail","hentry","category-a-la-une","category-a-ne-pas-rater","category-bien-etre-au-quotidien","category-body-soul","category-categorie-fr","category-changements-de-vie","category-evasion","tag-cuisine","tag-inedit","tag-programmes","group-bien-etre-sante","group-cuisine","group-remise-en-forme","group-changement-de-vie"],"yoast_head":"<!-- This site is optimized with the Yoast SEO plugin v24.0 - https:\/\/yoast.com\/wordpress\/plugins\/seo\/ -->\n<title>En avril, cuisinez avec MyZen TV ! - MyZen TV<\/title>\n<meta name=\"description\" content=\"En avril, MyZen TV met \u00e0 l&#039;honneur la cuisine et le fait-maison. L&#039;occasion parfaite pour d\u00e9couvrir de nouvelles recettes et se r\u00e9galer autour de bons petits plats !\" \/>\n<meta name=\"robots\" content=\"index, follow, max-snippet:-1, max-image-preview:large, max-video-preview:-1\" \/>\n<link rel=\"canonical\" href=\"https:\/\/www.myzen.tv\/fr\/en-avril-cuisinez-avec-myzen-tv\/\" \/>\n<meta property=\"og:locale\" content=\"fr_FR\" \/>\n<meta property=\"og:type\" content=\"article\" \/>\n<meta property=\"og:title\" content=\"En avril, cuisinez avec MyZen TV ! - MyZen TV\" \/>\n<meta property=\"og:description\" content=\"En avril, MyZen TV met \u00e0 l&#039;honneur la cuisine et le fait-maison. L&#039;occasion parfaite pour d\u00e9couvrir de nouvelles recettes et se r\u00e9galer autour de bons petits plats !\" \/>\n<meta property=\"og:url\" content=\"https:\/\/www.myzen.tv\/fr\/en-avril-cuisinez-avec-myzen-tv\/\" \/>\n<meta property=\"og:site_name\" content=\"MyZen TV\" \/>\n<meta property=\"article:publisher\" content=\"https:\/\/www.facebook.com\/myzen.tv.fr\/\" \/>\n<meta property=\"article:published_time\" content=\"2022-04-01T03:00:00+00:00\" \/>\n<meta property=\"article:modified_time\" content=\"2022-03-31T08:09:17+00:00\" \/>\n<meta property=\"og:image\" content=\"https:\/\/www.myzen.tv\/wp-content\/uploads\/2022\/03\/babette-e1648714108507.png\" \/>\n\t<meta property=\"og:image:width\" content=\"800\" \/>\n\t<meta property=\"og:image:height\" content=\"386\" \/>\n\t<meta property=\"og:image:type\" content=\"image\/png\" \/>\n<meta name=\"author\" content=\"Gabrielle Cattier\" \/>\n<meta name=\"twitter:card\" content=\"summary_large_image\" \/>\n<meta name=\"twitter:label1\" content=\"\u00c9crit par\" \/>\n\t<meta name=\"twitter:data1\" content=\"Gabrielle Cattier\" \/>\n\t<meta name=\"twitter:label2\" content=\"Dur\u00e9e de lecture estim\u00e9e\" \/>\n\t<meta name=\"twitter:data2\" content=\"6 minutes\" \/>\n<!-- \/ Yoast SEO plugin. -->","yoast_head_json":{"title":"En avril, cuisinez avec MyZen TV ! - MyZen TV","description":"En avril, MyZen TV met \u00e0 l'honneur la cuisine et le fait-maison. L'occasion parfaite pour d\u00e9couvrir de nouvelles recettes et se r\u00e9galer autour de bons petits plats !","robots":{"index":"index","follow":"follow","max-snippet":"max-snippet:-1","max-image-preview":"max-image-preview:large","max-video-preview":"max-video-preview:-1"},"canonical":"https:\/\/www.myzen.tv\/fr\/en-avril-cuisinez-avec-myzen-tv\/","og_locale":"fr_FR","og_type":"article","og_title":"En avril, cuisinez avec MyZen TV ! - MyZen TV","og_description":"En avril, MyZen TV met \u00e0 l'honneur la cuisine et le fait-maison. L'occasion parfaite pour d\u00e9couvrir de nouvelles recettes et se r\u00e9galer autour de bons petits plats !","og_url":"https:\/\/www.myzen.tv\/fr\/en-avril-cuisinez-avec-myzen-tv\/","og_site_name":"MyZen TV","article_publisher":"https:\/\/www.facebook.com\/myzen.tv.fr\/","article_published_time":"2022-04-01T03:00:00+00:00","article_modified_time":"2022-03-31T08:09:17+00:00","og_image":[{"width":800,"height":386,"url":"https:\/\/www.myzen.tv\/wp-content\/uploads\/2022\/03\/babette-e1648714108507.png","type":"image\/png"}],"author":"Gabrielle Cattier","twitter_card":"summary_large_image","twitter_misc":{"\u00c9crit par":"Gabrielle Cattier","Dur\u00e9e de lecture estim\u00e9e":"6 minutes"},"schema":{"@context":"https:\/\/schema.org","@graph":[{"@type":"Article","@id":"https:\/\/www.myzen.tv\/fr\/en-avril-cuisinez-avec-myzen-tv\/#article","isPartOf":{"@id":"https:\/\/www.myzen.tv\/fr\/en-avril-cuisinez-avec-myzen-tv\/"},"author":{"name":"Gabrielle Cattier","@id":"https:\/\/www.myzen.tv\/fr\/#\/schema\/person\/60c38aefd5fdad55ca411a73751f70bb"},"headline":"En avril, cuisinez avec MyZen TV !","datePublished":"2022-04-01T03:00:00+00:00","dateModified":"2022-03-31T08:09:17+00:00","mainEntityOfPage":{"@id":"https:\/\/www.myzen.tv\/fr\/en-avril-cuisinez-avec-myzen-tv\/"},"wordCount":858,"publisher":{"@id":"https:\/\/www.myzen.tv\/fr\/#organization"},"image":{"@id":"https:\/\/www.myzen.tv\/fr\/en-avril-cuisinez-avec-myzen-tv\/#primaryimage"},"thumbnailUrl":"https:\/\/www.myzen.tv\/wp-content\/uploads\/2022\/03\/babette-e1648714108507.png","keywords":["cuisine","in\u00e9dit","programmes"],"articleSection":["A la une","\u00c0 ne pas rater","Bien-\u00eatre au quotidien","Body &amp; Soul","Cat\u00e9gorie","Changements de vie","\u00c9vasion"],"inLanguage":"fr-FR"},{"@type":"WebPage","@id":"https:\/\/www.myzen.tv\/fr\/en-avril-cuisinez-avec-myzen-tv\/","url":"https:\/\/www.myzen.tv\/fr\/en-avril-cuisinez-avec-myzen-tv\/","name":"En avril, cuisinez avec MyZen TV ! - MyZen TV","isPartOf":{"@id":"https:\/\/www.myzen.tv\/fr\/#website"},"primaryImageOfPage":{"@id":"https:\/\/www.myzen.tv\/fr\/en-avril-cuisinez-avec-myzen-tv\/#primaryimage"},"image":{"@id":"https:\/\/www.myzen.tv\/fr\/en-avril-cuisinez-avec-myzen-tv\/#primaryimage"},"thumbnailUrl":"https:\/\/www.myzen.tv\/wp-content\/uploads\/2022\/03\/babette-e1648714108507.png","datePublished":"2022-04-01T03:00:00+00:00","dateModified":"2022-03-31T08:09:17+00:00","description":"En avril, MyZen TV met \u00e0 l'honneur la cuisine et le fait-maison. L'occasion parfaite pour d\u00e9couvrir de nouvelles recettes et se r\u00e9galer autour de bons petits plats !","breadcrumb":{"@id":"https:\/\/www.myzen.tv\/fr\/en-avril-cuisinez-avec-myzen-tv\/#breadcrumb"},"inLanguage":"fr-FR","potentialAction":[{"@type":"ReadAction","target":["https:\/\/www.myzen.tv\/fr\/en-avril-cuisinez-avec-myzen-tv\/"]}]},{"@type":"ImageObject","inLanguage":"fr-FR","@id":"https:\/\/www.myzen.tv\/fr\/en-avril-cuisinez-avec-myzen-tv\/#primaryimage","url":"https:\/\/www.myzen.tv\/wp-content\/uploads\/2022\/03\/babette-e1648714108507.png","contentUrl":"https:\/\/www.myzen.tv\/wp-content\/uploads\/2022\/03\/babette-e1648714108507.png","width":800,"height":386},{"@type":"BreadcrumbList","@id":"https:\/\/www.myzen.tv\/fr\/en-avril-cuisinez-avec-myzen-tv\/#breadcrumb","itemListElement":[{"@type":"ListItem","position":1,"name":"Home","item":"https:\/\/www.myzen.tv\/fr\/"},{"@type":"ListItem","position":2,"name":"Fitness et Yoga","item":"https:\/\/www.myzen.tv\/fr\/theme\/remise-en-forme\/"},{"@type":"ListItem","position":3,"name":"En avril, cuisinez avec MyZen TV !"}]},{"@type":"WebSite","@id":"https:\/\/www.myzen.tv\/fr\/#website","url":"https:\/\/www.myzen.tv\/fr\/","name":"MyZen TV","description":"Your lifestyle and well-being channel","publisher":{"@id":"https:\/\/www.myzen.tv\/fr\/#organization"},"potentialAction":[{"@type":"SearchAction","target":{"@type":"EntryPoint","urlTemplate":"https:\/\/www.myzen.tv\/fr\/?s={search_term_string}"},"query-input":{"@type":"PropertyValueSpecification","valueRequired":true,"valueName":"search_term_string"}}],"inLanguage":"fr-FR"},{"@type":"Organization","@id":"https:\/\/www.myzen.tv\/fr\/#organization","name":"MyZen TV","url":"https:\/\/www.myzen.tv\/fr\/","logo":{"@type":"ImageObject","inLanguage":"fr-FR","@id":"https:\/\/www.myzen.tv\/fr\/#\/schema\/logo\/image\/","url":"https:\/\/www.myzen.tv\/wp-content\/uploads\/2021\/05\/cropped-ICON_MZtv-LOGO_firetv640-1-1.png","contentUrl":"https:\/\/www.myzen.tv\/wp-content\/uploads\/2021\/05\/cropped-ICON_MZtv-LOGO_firetv640-1-1.png","width":512,"height":512,"caption":"MyZen TV"},"image":{"@id":"https:\/\/www.myzen.tv\/fr\/#\/schema\/logo\/image\/"},"sameAs":["https:\/\/www.facebook.com\/myzen.tv.fr\/","https:\/\/www.instagram.com\/myzentv\/"]},{"@type":"Person","@id":"https:\/\/www.myzen.tv\/fr\/#\/schema\/person\/60c38aefd5fdad55ca411a73751f70bb","name":"Gabrielle Cattier","url":"https:\/\/www.myzen.tv\/fr\/author\/gabrielle-cattier\/"}]}},"_links":{"self":[{"href":"https:\/\/www.myzen.tv\/fr\/wp-json\/wp\/v2\/posts\/1684385","targetHints":{"allow":["GET"]}}],"collection":[{"href":"https:\/\/www.myzen.tv\/fr\/wp-json\/wp\/v2\/posts"}],"about":[{"href":"https:\/\/www.myzen.tv\/fr\/wp-json\/wp\/v2\/types\/post"}],"author":[{"embeddable":true,"href":"https:\/\/www.myzen.tv\/fr\/wp-json\/wp\/v2\/users\/12"}],"replies":[{"embeddable":true,"href":"https:\/\/www.myzen.tv\/fr\/wp-json\/wp\/v2\/comments?post=1684385"}],"version-history":[{"count":7,"href":"https:\/\/www.myzen.tv\/fr\/wp-json\/wp\/v2\/posts\/1684385\/revisions"}],"predecessor-version":[{"id":1684438,"href":"https:\/\/www.myzen.tv\/fr\/wp-json\/wp\/v2\/posts\/1684385\/revisions\/1684438"}],"wp:featuredmedia":[{"embeddable":true,"href":"https:\/\/www.myzen.tv\/fr\/wp-json\/wp\/v2\/media\/1684389"}],"wp:attachment":[{"href":"https:\/\/www.myzen.tv\/fr\/wp-json\/wp\/v2\/media?parent=1684385"}],"wp:term":[{"taxonomy":"category","embeddable":true,"href":"https:\/\/www.myzen.tv\/fr\/wp-json\/wp\/v2\/categories?post=1684385"},{"taxonomy":"post_tag","embeddable":true,"href":"https:\/\/www.myzen.tv\/fr\/wp-json\/wp\/v2\/tags?post=1684385"},{"taxonomy":"group","embeddable":true,"href":"https:\/\/www.myzen.tv\/fr\/wp-json\/wp\/v2\/group?post=1684385"},{"taxonomy":"support","embeddable":true,"href":"https:\/\/www.myzen.tv\/fr\/wp-json\/wp\/v2\/support?post=1684385"}],"curies":[{"name":"wp","href":"https:\/\/api.w.org\/{rel}","templated":true}]}}