{"id":1684844,"date":"2022-04-15T06:00:00","date_gmt":"2022-04-15T06:00:00","guid":{"rendered":"https:\/\/www.myzen.tv\/?p=1684844"},"modified":"2023-02-01T13:46:39","modified_gmt":"2023-02-01T13:46:39","slug":"recette-parfait-au-citron","status":"publish","type":"post","link":"https:\/\/www.myzen.tv\/fr\/recette-parfait-au-citron\/","title":{"rendered":"Parfait au citron"},"content":{"rendered":"\n<p>En ce mois d\u00e9di\u00e9 \u00e0 la cuisine sur <strong>MyZen TV<\/strong>, retrouvez les recettes de <strong>Luana Belmondo<\/strong>. L&rsquo;\u00e9mission<strong> Luana Cuisine<\/strong> est disponible d\u00e8s maintenant sur <a href=\"https:\/\/watch.myzen.tv\/smartlists\/luana-cuisine-12-episodes\">notre plateforme de streaming MyZen TV<\/a>.<\/p>\n\n\n\n<h2 class=\"wp-block-heading\">La recette du jour : Parfait au citron <\/h2>\n\n\n\n<h3 class=\"wp-block-heading\">Ingr\u00e9dients pour 4 personnes : <\/h3>\n\n\n\n<ul class=\"liste-recette wp-block-list\"><li>4 citrons bio<\/li><li>50 g de beurre<\/li><li>4 \u0153ufs<\/li><li>200 g de sucre en poudre<\/li><li>4 feuilles de g\u00e9latine<\/li><li>33 cl de cr\u00e8me liquide enti\u00e8re bien froide<\/li><li>150 g de chocolat blanc<\/li><li>100 g de pur\u00e9e de noisettes (magasin bio)<\/li><li>100 g de cr\u00eapes dentelle (+ pour la d\u00e9co)<\/li><li>1 gousse de vanille<\/li><\/ul>\n\n\n\n<h3 class=\"wp-block-heading\">Recette : <\/h3>\n\n\n\n<ol class=\"tache-recette wp-block-list\"><li>R\u00e9hydratez la g\u00e9latine dans de l\u2019eau froide.<\/li><li>Dans une casserole, faites fondre le beurre avec le sucre et le jus des citrons press\u00e9s. Ajoutez les \u0153ufs et portez \u00e0 \u00e9bullition sans cesser de fouetter.<\/li><li>Hors du feu, ajoutez les feuilles de g\u00e9latine essor\u00e9es et laissez refroidir \u00e0 temp\u00e9rature ambiante.<\/li><li>Montez la cr\u00e8me liquide en chantilly avec les graines de vanille pr\u00e9lev\u00e9es puis ajoutez-la \u00e0 la pr\u00e9paration refroidie.<\/li><li>Coupez le chocolat en morceaux, ajoutez la pur\u00e9e de noisettes et faites fondre le tout au micro-onde.<\/li><li>\u00c9miettez les cr\u00eapes dentelles, r\u00e9servez-les.<\/li><li>Dans des verrines, versez le chocolat-pralin\u00e9 au fond, parsemez d\u2019un peu de cr\u00eape dentelle puis ajoutez \u00e0 l\u2019aide d\u2019une poche \u00e0 douille, la cr\u00e8me au citron. Entreposez au frais, d\u00e9corez au dernier moment avec le reste des cr\u00eapes dentelle.<\/li><\/ol>\n","protected":false},"excerpt":{"rendered":"<p>En ce mois d\u00e9di\u00e9 \u00e0 la cuisine sur MyZen TV, retrouvez les recettes de Luana Belmondo. L&rsquo;\u00e9mission Luana Cuisine est disponible d\u00e8s maintenant sur notre plateforme de streaming MyZen TV. La recette du jour : Parfait au citron Ingr\u00e9dients pour 4 personnes : 4 citrons bio 50 g de beurre 4 \u0153ufs 200 g de [&hellip;]<\/p>\n","protected":false},"author":12,"featured_media":1684846,"comment_status":"closed","ping_status":"closed","sticky":false,"template":"","format":"standard","meta":{"episode_type":"","audio_file":"","cover_image":"","cover_image_id":"","duration":"","filesize":"","date_recorded":"","explicit":"","block":"","itunes_episode_number":"","itunes_title":"","itunes_season_number":"","itunes_episode_type":"","filesize_raw":"","footnotes":""},"categories":[16,9,1269],"tags":[187,891,229],"group":[314],"support":[1270],"class_list":["post-1684844","post","type-post","status-publish","format-standard","has-post-thumbnail","hentry","category-a-la-une","category-body-and-soul","category-recettes","tag-cuisine","tag-luana-cuisine","tag-recette","group-cuisine","support-recette"],"yoast_head":"<!-- This site is optimized with the Yoast SEO plugin v24.0 - https:\/\/yoast.com\/wordpress\/plugins\/seo\/ -->\n<title>Parfait au citron - MyZen TV<\/title>\n<meta name=\"description\" content=\"En ce mois d\u00e9di\u00e9 \u00e0 la cuisine sur MyZen TV, retrouvez les recettes de Luana Belmondo.\" \/>\n<meta name=\"robots\" content=\"index, follow, max-snippet:-1, max-image-preview:large, max-video-preview:-1\" \/>\n<link rel=\"canonical\" href=\"https:\/\/www.myzen.tv\/fr\/recette-parfait-au-citron\/\" \/>\n<meta property=\"og:locale\" content=\"fr_FR\" \/>\n<meta property=\"og:type\" content=\"article\" \/>\n<meta property=\"og:title\" content=\"Parfait au citron - MyZen TV\" \/>\n<meta property=\"og:description\" content=\"En ce mois d\u00e9di\u00e9 \u00e0 la cuisine sur MyZen TV, retrouvez les recettes de Luana Belmondo.\" \/>\n<meta property=\"og:url\" content=\"https:\/\/www.myzen.tv\/fr\/recette-parfait-au-citron\/\" \/>\n<meta property=\"og:site_name\" content=\"MyZen TV\" \/>\n<meta property=\"article:publisher\" content=\"https:\/\/www.facebook.com\/myzen.tv.fr\/\" \/>\n<meta property=\"article:published_time\" content=\"2022-04-15T06:00:00+00:00\" \/>\n<meta property=\"article:modified_time\" content=\"2023-02-01T13:46:39+00:00\" \/>\n<meta property=\"og:image\" content=\"https:\/\/www.myzen.tv\/wp-content\/uploads\/2022\/04\/Luanas-Kitchen-S.2E.18.jpg\" \/>\n\t<meta property=\"og:image:width\" content=\"1920\" \/>\n\t<meta property=\"og:image:height\" content=\"1080\" \/>\n\t<meta property=\"og:image:type\" content=\"image\/jpeg\" \/>\n<meta name=\"author\" content=\"Gabrielle Cattier\" \/>\n<meta name=\"twitter:card\" content=\"summary_large_image\" \/>\n<meta name=\"twitter:label1\" content=\"\u00c9crit par\" \/>\n\t<meta name=\"twitter:data1\" content=\"Gabrielle Cattier\" \/>\n\t<meta name=\"twitter:label2\" content=\"Dur\u00e9e de lecture estim\u00e9e\" \/>\n\t<meta name=\"twitter:data2\" content=\"1 minute\" \/>\n<!-- \/ Yoast SEO plugin. -->","yoast_head_json":{"title":"Parfait au citron - MyZen TV","description":"En ce mois d\u00e9di\u00e9 \u00e0 la cuisine sur MyZen TV, retrouvez les recettes de Luana Belmondo.","robots":{"index":"index","follow":"follow","max-snippet":"max-snippet:-1","max-image-preview":"max-image-preview:large","max-video-preview":"max-video-preview:-1"},"canonical":"https:\/\/www.myzen.tv\/fr\/recette-parfait-au-citron\/","og_locale":"fr_FR","og_type":"article","og_title":"Parfait au citron - MyZen TV","og_description":"En ce mois d\u00e9di\u00e9 \u00e0 la cuisine sur MyZen TV, retrouvez les recettes de Luana Belmondo.","og_url":"https:\/\/www.myzen.tv\/fr\/recette-parfait-au-citron\/","og_site_name":"MyZen TV","article_publisher":"https:\/\/www.facebook.com\/myzen.tv.fr\/","article_published_time":"2022-04-15T06:00:00+00:00","article_modified_time":"2023-02-01T13:46:39+00:00","og_image":[{"width":1920,"height":1080,"url":"https:\/\/www.myzen.tv\/wp-content\/uploads\/2022\/04\/Luanas-Kitchen-S.2E.18.jpg","type":"image\/jpeg"}],"author":"Gabrielle Cattier","twitter_card":"summary_large_image","twitter_misc":{"\u00c9crit par":"Gabrielle Cattier","Dur\u00e9e de lecture estim\u00e9e":"1 minute"},"schema":{"@context":"https:\/\/schema.org","@graph":[{"@type":"Article","@id":"https:\/\/www.myzen.tv\/fr\/recette-parfait-au-citron\/#article","isPartOf":{"@id":"https:\/\/www.myzen.tv\/fr\/recette-parfait-au-citron\/"},"author":{"name":"Gabrielle Cattier","@id":"https:\/\/www.myzen.tv\/fr\/#\/schema\/person\/60c38aefd5fdad55ca411a73751f70bb"},"headline":"Parfait au citron","datePublished":"2022-04-15T06:00:00+00:00","dateModified":"2023-02-01T13:46:39+00:00","mainEntityOfPage":{"@id":"https:\/\/www.myzen.tv\/fr\/recette-parfait-au-citron\/"},"wordCount":239,"publisher":{"@id":"https:\/\/www.myzen.tv\/fr\/#organization"},"image":{"@id":"https:\/\/www.myzen.tv\/fr\/recette-parfait-au-citron\/#primaryimage"},"thumbnailUrl":"https:\/\/www.myzen.tv\/wp-content\/uploads\/2022\/04\/Luanas-Kitchen-S.2E.18.jpg","keywords":["cuisine","Luana Cuisine","recette"],"articleSection":["A la une","Body &amp; soul","Recettes"],"inLanguage":"fr-FR"},{"@type":"WebPage","@id":"https:\/\/www.myzen.tv\/fr\/recette-parfait-au-citron\/","url":"https:\/\/www.myzen.tv\/fr\/recette-parfait-au-citron\/","name":"Parfait au citron - MyZen TV","isPartOf":{"@id":"https:\/\/www.myzen.tv\/fr\/#website"},"primaryImageOfPage":{"@id":"https:\/\/www.myzen.tv\/fr\/recette-parfait-au-citron\/#primaryimage"},"image":{"@id":"https:\/\/www.myzen.tv\/fr\/recette-parfait-au-citron\/#primaryimage"},"thumbnailUrl":"https:\/\/www.myzen.tv\/wp-content\/uploads\/2022\/04\/Luanas-Kitchen-S.2E.18.jpg","datePublished":"2022-04-15T06:00:00+00:00","dateModified":"2023-02-01T13:46:39+00:00","description":"En ce mois d\u00e9di\u00e9 \u00e0 la cuisine sur MyZen TV, retrouvez les recettes de Luana Belmondo.","breadcrumb":{"@id":"https:\/\/www.myzen.tv\/fr\/recette-parfait-au-citron\/#breadcrumb"},"inLanguage":"fr-FR","potentialAction":[{"@type":"ReadAction","target":["https:\/\/www.myzen.tv\/fr\/recette-parfait-au-citron\/"]}]},{"@type":"ImageObject","inLanguage":"fr-FR","@id":"https:\/\/www.myzen.tv\/fr\/recette-parfait-au-citron\/#primaryimage","url":"https:\/\/www.myzen.tv\/wp-content\/uploads\/2022\/04\/Luanas-Kitchen-S.2E.18.jpg","contentUrl":"https:\/\/www.myzen.tv\/wp-content\/uploads\/2022\/04\/Luanas-Kitchen-S.2E.18.jpg","width":1920,"height":1080},{"@type":"BreadcrumbList","@id":"https:\/\/www.myzen.tv\/fr\/recette-parfait-au-citron\/#breadcrumb","itemListElement":[{"@type":"ListItem","position":1,"name":"Home","item":"https:\/\/www.myzen.tv\/fr\/"},{"@type":"ListItem","position":2,"name":"Cuisine","item":"https:\/\/www.myzen.tv\/fr\/theme\/cuisine\/"},{"@type":"ListItem","position":3,"name":"Parfait au citron"}]},{"@type":"WebSite","@id":"https:\/\/www.myzen.tv\/fr\/#website","url":"https:\/\/www.myzen.tv\/fr\/","name":"MyZen TV","description":"Your lifestyle and well-being channel","publisher":{"@id":"https:\/\/www.myzen.tv\/fr\/#organization"},"potentialAction":[{"@type":"SearchAction","target":{"@type":"EntryPoint","urlTemplate":"https:\/\/www.myzen.tv\/fr\/?s={search_term_string}"},"query-input":{"@type":"PropertyValueSpecification","valueRequired":true,"valueName":"search_term_string"}}],"inLanguage":"fr-FR"},{"@type":"Organization","@id":"https:\/\/www.myzen.tv\/fr\/#organization","name":"MyZen TV","url":"https:\/\/www.myzen.tv\/fr\/","logo":{"@type":"ImageObject","inLanguage":"fr-FR","@id":"https:\/\/www.myzen.tv\/fr\/#\/schema\/logo\/image\/","url":"https:\/\/www.myzen.tv\/wp-content\/uploads\/2021\/05\/cropped-ICON_MZtv-LOGO_firetv640-1-1.png","contentUrl":"https:\/\/www.myzen.tv\/wp-content\/uploads\/2021\/05\/cropped-ICON_MZtv-LOGO_firetv640-1-1.png","width":512,"height":512,"caption":"MyZen TV"},"image":{"@id":"https:\/\/www.myzen.tv\/fr\/#\/schema\/logo\/image\/"},"sameAs":["https:\/\/www.facebook.com\/myzen.tv.fr\/","https:\/\/www.instagram.com\/myzentv\/"]},{"@type":"Person","@id":"https:\/\/www.myzen.tv\/fr\/#\/schema\/person\/60c38aefd5fdad55ca411a73751f70bb","name":"Gabrielle Cattier","url":"https:\/\/www.myzen.tv\/fr\/author\/gabrielle-cattier\/"}]}},"_links":{"self":[{"href":"https:\/\/www.myzen.tv\/fr\/wp-json\/wp\/v2\/posts\/1684844","targetHints":{"allow":["GET"]}}],"collection":[{"href":"https:\/\/www.myzen.tv\/fr\/wp-json\/wp\/v2\/posts"}],"about":[{"href":"https:\/\/www.myzen.tv\/fr\/wp-json\/wp\/v2\/types\/post"}],"author":[{"embeddable":true,"href":"https:\/\/www.myzen.tv\/fr\/wp-json\/wp\/v2\/users\/12"}],"replies":[{"embeddable":true,"href":"https:\/\/www.myzen.tv\/fr\/wp-json\/wp\/v2\/comments?post=1684844"}],"version-history":[{"count":5,"href":"https:\/\/www.myzen.tv\/fr\/wp-json\/wp\/v2\/posts\/1684844\/revisions"}],"predecessor-version":[{"id":1696885,"href":"https:\/\/www.myzen.tv\/fr\/wp-json\/wp\/v2\/posts\/1684844\/revisions\/1696885"}],"wp:featuredmedia":[{"embeddable":true,"href":"https:\/\/www.myzen.tv\/fr\/wp-json\/wp\/v2\/media\/1684846"}],"wp:attachment":[{"href":"https:\/\/www.myzen.tv\/fr\/wp-json\/wp\/v2\/media?parent=1684844"}],"wp:term":[{"taxonomy":"category","embeddable":true,"href":"https:\/\/www.myzen.tv\/fr\/wp-json\/wp\/v2\/categories?post=1684844"},{"taxonomy":"post_tag","embeddable":true,"href":"https:\/\/www.myzen.tv\/fr\/wp-json\/wp\/v2\/tags?post=1684844"},{"taxonomy":"group","embeddable":true,"href":"https:\/\/www.myzen.tv\/fr\/wp-json\/wp\/v2\/group?post=1684844"},{"taxonomy":"support","embeddable":true,"href":"https:\/\/www.myzen.tv\/fr\/wp-json\/wp\/v2\/support?post=1684844"}],"curies":[{"name":"wp","href":"https:\/\/api.w.org\/{rel}","templated":true}]}}