{"id":1685557,"date":"2022-05-01T06:00:00","date_gmt":"2022-05-01T06:00:00","guid":{"rendered":"https:\/\/www.myzen.tv\/?p=1685557"},"modified":"2022-06-16T09:58:16","modified_gmt":"2022-06-16T09:58:16","slug":"en-mai-passez-du-salon-au-jardin-sur-myzen-tv","status":"publish","type":"post","link":"https:\/\/www.myzen.tv\/fr\/en-mai-passez-du-salon-au-jardin-sur-myzen-tv\/","title":{"rendered":"En mai, passez du salon au jardin sur MyZen TV !"},"content":{"rendered":"\n\n\n<p>En mai, <strong>MyZen TV<\/strong> met \u00e0 l&rsquo;honneur la maison &amp; le jardinage. L&rsquo;occasion de d\u00e9couvrir de nouvelles astuces pour les beaux jours qui arrivent.<br><br>Au programme :&nbsp;&nbsp;<\/p>\n\n\n\n<ul class=\"wp-block-list\"><li><span style=\"font-family: -apple-system, BlinkMacSystemFont, &quot;Segoe UI&quot;, Roboto, Oxygen-Sans, Ubuntu, Cantarell, &quot;Helvetica Neue&quot;, sans-serif;\">Dream Gardens &#8211; Saison 3<\/span><\/li><li>The Food Files<\/li><li>Vivre loin du monde<\/li><li>Chelsea Garden<\/li><li>Nouveaux exercices de fitness : Entrainement pour un Dos Fort !<\/li><li>L\u2019Instant Bien-\u00eatre : In\/Out<\/li><li>Ava &amp; Natalie, l\u2019histoire de \u201cSheLift\u201d<\/li><\/ul>\n\n\n\n<h2 class=\"wp-block-heading\">Dream Garden &#8211; Saison 3<\/h2>\n\n\n\n<figure class=\"wp-block-image size-large\"><img loading=\"lazy\" decoding=\"async\" width=\"800\" height=\"450\" src=\"https:\/\/www.myzen.tv\/wp-content\/uploads\/2022\/04\/4e9ac8b3-0a8f-085c-1968-6da7ea06715c.jpg\" alt=\"\" class=\"wp-image-1685560\" srcset=\"https:\/\/www.myzen.tv\/wp-content\/uploads\/2022\/04\/4e9ac8b3-0a8f-085c-1968-6da7ea06715c.jpg 800w, https:\/\/www.myzen.tv\/wp-content\/uploads\/2022\/04\/4e9ac8b3-0a8f-085c-1968-6da7ea06715c-300x169.jpg 300w, https:\/\/www.myzen.tv\/wp-content\/uploads\/2022\/04\/4e9ac8b3-0a8f-085c-1968-6da7ea06715c-768x432.jpg 768w, https:\/\/www.myzen.tv\/wp-content\/uploads\/2022\/04\/4e9ac8b3-0a8f-085c-1968-6da7ea06715c-320x180.jpg 320w, https:\/\/www.myzen.tv\/wp-content\/uploads\/2022\/04\/4e9ac8b3-0a8f-085c-1968-6da7ea06715c-235x132.jpg 235w, https:\/\/www.myzen.tv\/wp-content\/uploads\/2022\/04\/4e9ac8b3-0a8f-085c-1968-6da7ea06715c-540x304.jpg 540w\" sizes=\"auto, (max-width: 800px) 100vw, 800px\" \/><\/figure>\n\n\n\n<p><strong>D\u00e8s le 4 mai, tous les mercredis \u00e0 18h30<\/strong><\/p>\n\n\n\n<p><strong>Dream Gardens<\/strong> est de retour pour une<strong> troisi\u00e8me saison<\/strong> plus spectaculaire que jamais ! <strong>Michael McCoy<\/strong>, l\u2019un des plus importants paysagistes australiens, nous guide \u00e0 travers l\u2019\u00e9volution de huit jardins diff\u00e9rents. De la phase de design en passant par la construction jusqu\u2019au magnifique r\u00e9sultat final. Il revient aussi sur quelques sites de la saison pr\u00e9c\u00e9dente pour en observer l\u2019\u00e9volution \u00e0 travers le temps. Des arri\u00e8re-cours des grandes villes aux propri\u00e9t\u00e9s gigantesques de l\u2019arri\u00e8re-pays. <strong>L\u2019\u00e9ventail des jardins \u00e0 explorer<\/strong> nous rappellera que les australiens ne sont pas r\u00e9put\u00e9s pour compter parmi les meilleurs paysagistes du monde sans raison, et que pour concr\u00e9tiser son r\u00eave, rien n\u2019est jamais trop beau !<\/p>\n\n\n\n<h2 class=\"wp-block-heading\">The food files<\/h2>\n\n\n\n<figure class=\"wp-block-image size-large\"><img loading=\"lazy\" decoding=\"async\" width=\"800\" height=\"450\" src=\"https:\/\/www.myzen.tv\/wp-content\/uploads\/2022\/04\/5dbc4b1e-0cb4-6ad2-a09c-983565ede46b.jpg\" alt=\"\" class=\"wp-image-1685562\" srcset=\"https:\/\/www.myzen.tv\/wp-content\/uploads\/2022\/04\/5dbc4b1e-0cb4-6ad2-a09c-983565ede46b.jpg 800w, https:\/\/www.myzen.tv\/wp-content\/uploads\/2022\/04\/5dbc4b1e-0cb4-6ad2-a09c-983565ede46b-300x169.jpg 300w, https:\/\/www.myzen.tv\/wp-content\/uploads\/2022\/04\/5dbc4b1e-0cb4-6ad2-a09c-983565ede46b-768x432.jpg 768w, https:\/\/www.myzen.tv\/wp-content\/uploads\/2022\/04\/5dbc4b1e-0cb4-6ad2-a09c-983565ede46b-320x180.jpg 320w, https:\/\/www.myzen.tv\/wp-content\/uploads\/2022\/04\/5dbc4b1e-0cb4-6ad2-a09c-983565ede46b-235x132.jpg 235w, https:\/\/www.myzen.tv\/wp-content\/uploads\/2022\/04\/5dbc4b1e-0cb4-6ad2-a09c-983565ede46b-540x304.jpg 540w\" sizes=\"auto, (max-width: 800px) 100vw, 800px\" \/><\/figure>\n\n\n\n<p><strong>D\u00e8s le 10 mai, tous les mardis \u00e0 18h30<\/strong><\/p>\n\n\n\n<p><strong>Nikki Muller<\/strong>, sp\u00e9cialiste de la sant\u00e9 et de l\u2019alimentation, enqu\u00eate sur <strong>les bienfaits et les risques<\/strong> qu\u2019ont nos aliments pr\u00e9f\u00e9r\u00e9s sur notre sant\u00e9. Elle explore les origines de chaque aliment et dissipe les nombreux mythes de la <strong>nutrition<\/strong>. Avec l&rsquo;aide d&rsquo;\u00e9minents scientifiques, m\u00e9decins et nutritionnistes, Nikki d\u00e9mystifie la science, elle nous traduit les \u00e9tiquettes et nous explique les processus de production alimentaire. Gr\u00e2ce \u00e0 une <strong>s\u00e9rie d&rsquo;exp\u00e9riences scientifiques<\/strong> amusantes et de tests de go\u00fbt, nous d\u00e9couvrirons tout sur nos produits du quotidien comme le contenu r\u00e9el d\u2019un jus de fruit, mais aussi le c\u00f4t\u00e9 addictif du chocolat, et les bienfaits pour la sant\u00e9 du curry et des \u00e9pices. Amusants, informatifs et engageants, nos d\u00e9tectives alimentaires r\u00e9pondront \u00e0 toutes vos questions sur la nourriture et vous aideront \u00e0 choisir quoi manger et quoi \u00e9viter !<\/p>\n\n\n\n<h2 class=\"wp-block-heading\">Vivre loin du monde<\/h2>\n\n\n\n<figure class=\"wp-block-image size-large\"><img loading=\"lazy\" decoding=\"async\" width=\"800\" height=\"450\" src=\"https:\/\/www.myzen.tv\/wp-content\/uploads\/2022\/04\/a2368808-dec0-78c1-6b99-fe67f0e39cb0.jpg\" alt=\"\" class=\"wp-image-1685564\" srcset=\"https:\/\/www.myzen.tv\/wp-content\/uploads\/2022\/04\/a2368808-dec0-78c1-6b99-fe67f0e39cb0.jpg 800w, https:\/\/www.myzen.tv\/wp-content\/uploads\/2022\/04\/a2368808-dec0-78c1-6b99-fe67f0e39cb0-300x169.jpg 300w, https:\/\/www.myzen.tv\/wp-content\/uploads\/2022\/04\/a2368808-dec0-78c1-6b99-fe67f0e39cb0-768x432.jpg 768w, https:\/\/www.myzen.tv\/wp-content\/uploads\/2022\/04\/a2368808-dec0-78c1-6b99-fe67f0e39cb0-320x180.jpg 320w, https:\/\/www.myzen.tv\/wp-content\/uploads\/2022\/04\/a2368808-dec0-78c1-6b99-fe67f0e39cb0-235x132.jpg 235w, https:\/\/www.myzen.tv\/wp-content\/uploads\/2022\/04\/a2368808-dec0-78c1-6b99-fe67f0e39cb0-540x304.jpg 540w\" sizes=\"auto, (max-width: 800px) 100vw, 800px\" \/><\/figure>\n\n\n\n<p><strong>D\u00e8s le 5 mai, tous les jeudis \u00e0 18h30<\/strong><\/p>\n\n\n\n<p>Nous r\u00eavons tous parfois d&rsquo;abandonner notre travail et de nous \u00e9loigner de l&rsquo;agitation de la vie moderne. Certaines personnes sautent le pas et poussent leur d\u00e9sir de s&rsquo;\u00e9vader \u00e0 l&rsquo;extr\u00eame. Dans chaque \u00e9pisode,&nbsp;<strong>Ben Fogle<\/strong>&nbsp;rencontre des personnes qui ont \u00e9lu domicile dans certains des endroits les plus recul\u00e9s du monde, \u00e0 la d\u00e9couverte de leur nouveau mode de vie.<\/p>\n\n\n\n<div class=\"wp-block-media-text alignwide is-stacked-on-mobile\"><figure class=\"wp-block-media-text__media\"><img loading=\"lazy\" decoding=\"async\" width=\"711\" height=\"1024\" src=\"https:\/\/www.myzen.tv\/wp-content\/uploads\/2022\/04\/80897813-78e5-f924-ca99-172a0eaa34cf-711x1024.jpg\" alt=\"\" class=\"wp-image-1685567 size-full\" srcset=\"https:\/\/www.myzen.tv\/wp-content\/uploads\/2022\/04\/80897813-78e5-f924-ca99-172a0eaa34cf-711x1024.jpg 711w, https:\/\/www.myzen.tv\/wp-content\/uploads\/2022\/04\/80897813-78e5-f924-ca99-172a0eaa34cf-208x300.jpg 208w, https:\/\/www.myzen.tv\/wp-content\/uploads\/2022\/04\/80897813-78e5-f924-ca99-172a0eaa34cf-132x190.jpg 132w, https:\/\/www.myzen.tv\/wp-content\/uploads\/2022\/04\/80897813-78e5-f924-ca99-172a0eaa34cf-97x140.jpg 97w, https:\/\/www.myzen.tv\/wp-content\/uploads\/2022\/04\/80897813-78e5-f924-ca99-172a0eaa34cf-247x355.jpg 247w, https:\/\/www.myzen.tv\/wp-content\/uploads\/2022\/04\/80897813-78e5-f924-ca99-172a0eaa34cf.jpg 750w\" sizes=\"auto, (max-width: 711px) 100vw, 711px\" \/><\/figure><div class=\"wp-block-media-text__content\">\n<h2 class=\"wp-block-heading\">Nouveaux exercices de fitness : entrainement pour un dos fort !<\/h2>\n\n\n\n<p><strong>D\u00e8s le 7 mai, tous les samedis \u00e0 9h00 &#8211; IN\u00c9DIT<\/strong><\/p>\n\n\n\n<p>Ce programme vous propose un entra\u00eenement complet du corps pour rester en forme et vous muscler. Abdos, fessiers, cuisses, dos\u2026 Il y a des exercices pour tout le monde et pour chaque partie du corps que vous souhaitez travailler. Cela vous permettra de soulager votre stress de la vie quotidienne et vous sentir mieux dans votre corps.<\/p>\n<\/div><\/div>\n\n\n\n<div class=\"wp-block-media-text alignwide has-media-on-the-right is-stacked-on-mobile\"><figure class=\"wp-block-media-text__media\"><img loading=\"lazy\" decoding=\"async\" width=\"289\" height=\"450\" src=\"https:\/\/www.myzen.tv\/wp-content\/uploads\/2022\/04\/bf32d8b1-6b41-9aed-aebb-39a7a0ae5292.jpg\" alt=\"\" class=\"wp-image-1685568 size-full\" srcset=\"https:\/\/www.myzen.tv\/wp-content\/uploads\/2022\/04\/bf32d8b1-6b41-9aed-aebb-39a7a0ae5292.jpg 289w, https:\/\/www.myzen.tv\/wp-content\/uploads\/2022\/04\/bf32d8b1-6b41-9aed-aebb-39a7a0ae5292-193x300.jpg 193w, https:\/\/www.myzen.tv\/wp-content\/uploads\/2022\/04\/bf32d8b1-6b41-9aed-aebb-39a7a0ae5292-122x190.jpg 122w, https:\/\/www.myzen.tv\/wp-content\/uploads\/2022\/04\/bf32d8b1-6b41-9aed-aebb-39a7a0ae5292-90x140.jpg 90w, https:\/\/www.myzen.tv\/wp-content\/uploads\/2022\/04\/bf32d8b1-6b41-9aed-aebb-39a7a0ae5292-228x355.jpg 228w\" sizes=\"auto, (max-width: 289px) 100vw, 289px\" \/><\/figure><div class=\"wp-block-media-text__content\">\n<h2 class=\"wp-block-heading\">Chelsea Garden <\/h2>\n\n\n\n<p><strong>D\u00e8s le 6 mai, tous les vendredis \u00e0 18h30<\/strong><\/p>\n\n\n\n<p>Bas\u00e9e \u00e0 deux pas de Londres, Le \u00ab <strong>RHS Chelsea Flower Show<\/strong>\u201d est l\u2019exposition de jardins am\u00e9nag\u00e9s la plus r\u00e9put\u00e9e au monde. Pour le centenaire de la manifestation florale, une \u00e9quipe de volontaires australiens men\u00e9e par le paysagiste&nbsp;<strong>Phillip Johnson<\/strong>&nbsp;s\u2019attaque \u00e0 un projet ultra-ambitieux : repartir avec la m\u00e9daille convoit\u00e9e du \u00ab <strong>Best in Show<\/strong>\u00ab , la r\u00e9compense supr\u00eame du concours -et de la discipline. Aucune \u00e9quipe australienne n\u2019est jamais parvenue \u00e0 la remporter. Seront-ils les premiers en un si\u00e8cle de comp\u00e9tition ? D\u00e9couvrez la r\u00e9ponse dans cette mini-s\u00e9rie remplie de designs floraux magnifiques et d\u2019invit\u00e9s prestigieux !<\/p>\n<\/div><\/div>\n\n\n\n<div class=\"wp-block-media-text alignwide is-stacked-on-mobile\"><figure class=\"wp-block-media-text__media\"><img loading=\"lazy\" decoding=\"async\" width=\"683\" height=\"1024\" src=\"https:\/\/www.myzen.tv\/wp-content\/uploads\/2022\/04\/92a204ce-0de4-9f6f-0474-afff13da5792-683x1024.jpg\" alt=\"\" class=\"wp-image-1685570 size-full\" srcset=\"https:\/\/www.myzen.tv\/wp-content\/uploads\/2022\/04\/92a204ce-0de4-9f6f-0474-afff13da5792-683x1024.jpg 683w, https:\/\/www.myzen.tv\/wp-content\/uploads\/2022\/04\/92a204ce-0de4-9f6f-0474-afff13da5792-200x300.jpg 200w, https:\/\/www.myzen.tv\/wp-content\/uploads\/2022\/04\/92a204ce-0de4-9f6f-0474-afff13da5792-127x190.jpg 127w, https:\/\/www.myzen.tv\/wp-content\/uploads\/2022\/04\/92a204ce-0de4-9f6f-0474-afff13da5792-93x140.jpg 93w, https:\/\/www.myzen.tv\/wp-content\/uploads\/2022\/04\/92a204ce-0de4-9f6f-0474-afff13da5792-237x355.jpg 237w, https:\/\/www.myzen.tv\/wp-content\/uploads\/2022\/04\/92a204ce-0de4-9f6f-0474-afff13da5792.jpg 750w\" sizes=\"auto, (max-width: 683px) 100vw, 683px\" \/><\/figure><div class=\"wp-block-media-text__content\">\n<h2 class=\"wp-block-heading\">Ava &amp; Natalie, l&rsquo;histoire de \u00ab Shelift \u00bb<\/h2>\n\n\n\n<p><strong>Jeudi 12 mai \u00e0 19h20 &#8211; IN\u00c9DIT<\/strong><\/p>\n\n\n\n<p>Suivez&nbsp;<strong>Natalie Colapietro<\/strong>, 25 ans, photographe de mariage impertinente du Massachusetts, n\u00e9e sans son bras gauche, et<strong>&nbsp;Ava Garnett<\/strong>, pr\u00e9-adolescente originaire de Staten Island, souffrant de douleurs chroniques, r\u00e9sultat d&rsquo;une mutation g\u00e9n\u00e9tique appel\u00e9e Nail Patella qui affecte ses membres, ses reins, ses yeux, ses ongles et sa rotule. Les deux filles se rencontrent gr\u00e2ce \u00e0 \u201c<strong>SheLift<\/strong>\u201d, un camp con\u00e7u pour renforcer la confiance des filles vivant avec des diff\u00e9rences physiques.<\/p>\n<\/div><\/div>\n\n\n\n<h2 class=\"wp-block-heading\">L&rsquo;instant bien-\u00eatre : IN\/OUT<\/h2>\n\n\n\n<figure class=\"wp-block-image size-large\"><img loading=\"lazy\" decoding=\"async\" width=\"800\" height=\"450\" src=\"https:\/\/www.myzen.tv\/wp-content\/uploads\/2022\/04\/7b211c3e-fe8d-e376-e87b-1d3c474a513f.jpg\" alt=\"\" class=\"wp-image-1685572\" srcset=\"https:\/\/www.myzen.tv\/wp-content\/uploads\/2022\/04\/7b211c3e-fe8d-e376-e87b-1d3c474a513f.jpg 800w, https:\/\/www.myzen.tv\/wp-content\/uploads\/2022\/04\/7b211c3e-fe8d-e376-e87b-1d3c474a513f-300x169.jpg 300w, https:\/\/www.myzen.tv\/wp-content\/uploads\/2022\/04\/7b211c3e-fe8d-e376-e87b-1d3c474a513f-768x432.jpg 768w, https:\/\/www.myzen.tv\/wp-content\/uploads\/2022\/04\/7b211c3e-fe8d-e376-e87b-1d3c474a513f-320x180.jpg 320w, https:\/\/www.myzen.tv\/wp-content\/uploads\/2022\/04\/7b211c3e-fe8d-e376-e87b-1d3c474a513f-235x132.jpg 235w, https:\/\/www.myzen.tv\/wp-content\/uploads\/2022\/04\/7b211c3e-fe8d-e376-e87b-1d3c474a513f-540x304.jpg 540w\" sizes=\"auto, (max-width: 800px) 100vw, 800px\" \/><\/figure>\n\n\n\n<p><strong>D\u00e8s le 8 mai, tous les dimanches de 16h30 \u00e0 18h00<\/strong><\/p>\n\n\n\n<p>Prenez du temps pour vous en d\u00e9couvrant notre nouveau rendez-vous hebdomadaire :&nbsp;<strong>L\u2019instant bien-\u00eatre<\/strong>. L\u2019occasion de d\u00e9couvrir ou red\u00e9couvrir nos programmes sous un angle diff\u00e9rent ! En mai, MyZen TV vous propose une s\u00e9lection sp\u00e9ciale&nbsp;<strong>\u201cIn\/Out<\/strong>\u201d &#8211; du salon au jardin.<\/p>\n\n\n\n<p>Au programme :&nbsp;<\/p>\n\n\n\n<ul class=\"wp-block-list\"><li>Le meilleur de l\u2019artisanat fran\u00e7ais est \u00e0 d\u00e9couvrir dans&nbsp;<strong>Version Fran\u00e7aise<\/strong>.<\/li><li>Des id\u00e9es d\u00e9cos pour repenser son int\u00e9rieur avec les tutoriels de&nbsp;<strong>Fa\u00eetes comme chez eux<\/strong>.<\/li><li>Trouvez l\u2019inspiration en regardant les astuces \u00e0 la fois d\u00e9co et design que ces familles ont install\u00e9es dans leur int\u00e9rieur avec<strong>&nbsp;Les Tribus de Constance<\/strong>.<\/li><li>Recyclez vos vieux meubles et donnez-leur une seconde vie avec&nbsp;<strong>Meublez votre maison pour rien avec Kirstie<\/strong>.<\/li><li>D\u00e9couvrez le portrait de David Jeannerot, ancien directeur artistique dans l\u2019univers de la mode qui a abandonn\u00e9 sa carri\u00e8re pour devenir un fleuriste urbain hors norme dans&nbsp;<strong>My Zen People<\/strong>.<\/li><li>Les astuces horticoles des meilleurs paysagistes d\u2019Australie sont l\u00e0 pour vous accompagner dans&nbsp;<strong>Dream Gardens<\/strong>.<\/li><li>La campagne s\u2019invite en ville avec la v\u00e9g\u00e9talisation de l\u2019espace urbain dans&nbsp;<strong>Les Toits de Paris<\/strong>, des jardins extraordinaires.<\/li><\/ul>\n\n\n\n<p>Pour (re)voir nos programmes en replay, rendez-vous sur notre&nbsp;<a href=\"http:\/\/watch.myzen.tv\/\" target=\"_blank\" rel=\"noreferrer noopener\">plateforme de streaming MyZen TV<\/a><\/p>\n","protected":false},"excerpt":{"rendered":"<p>En mai, MyZen TV met \u00e0 l&rsquo;honneur la maison &amp; le jardinage. L&rsquo;occasion de d\u00e9couvrir de nouvelles astuces pour les beaux jours qui arrivent. Au programme :&nbsp;&nbsp; Dream Gardens &#8211; Saison 3 The Food Files Vivre loin du monde Chelsea Garden Nouveaux exercices de fitness : Entrainement pour un Dos Fort ! L\u2019Instant Bien-\u00eatre : [&hellip;]<\/p>\n","protected":false},"author":12,"featured_media":1685559,"comment_status":"closed","ping_status":"closed","sticky":false,"template":"","format":"standard","meta":{"episode_type":"","audio_file":"","cover_image":"","cover_image_id":"","duration":"","filesize":"","date_recorded":"","explicit":"","block":"","itunes_episode_number":"","itunes_title":"","itunes_season_number":"","itunes_episode_type":"","filesize_raw":"","footnotes":""},"categories":[9],"tags":[207,230,846,997],"group":[319,314,315,317,316,318],"support":[],"class_list":["post-1685557","post","type-post","status-publish","format-standard","has-post-thumbnail","hentry","category-body-and-soul","tag-jardinage","tag-mai","tag-programmes","tag-temps-fort","group-bien-etre-sante","group-cuisine","group-remise-en-forme","group-changement-de-vie","group-maison-jardin","group-voyage"],"yoast_head":"<!-- This site is optimized with the Yoast SEO plugin v24.0 - https:\/\/yoast.com\/wordpress\/plugins\/seo\/ -->\n<title>En mai, passez du salon au jardin sur MyZen TV ! - MyZen TV<\/title>\n<meta name=\"description\" content=\"En mai, MyZen TV met \u00e0 l&#039;honneur la maison &amp; le jardinage. L&#039;occasion de d\u00e9couvrir de nouvelles astuces pour les beaux jours qui arrivent.\" \/>\n<meta name=\"robots\" content=\"index, follow, max-snippet:-1, max-image-preview:large, max-video-preview:-1\" \/>\n<link rel=\"canonical\" href=\"https:\/\/www.myzen.tv\/fr\/en-mai-passez-du-salon-au-jardin-sur-myzen-tv\/\" \/>\n<meta property=\"og:locale\" content=\"fr_FR\" \/>\n<meta property=\"og:type\" content=\"article\" \/>\n<meta property=\"og:title\" content=\"En mai, passez du salon au jardin sur MyZen TV ! - MyZen TV\" \/>\n<meta property=\"og:description\" content=\"En mai, MyZen TV met \u00e0 l&#039;honneur la maison &amp; le jardinage. L&#039;occasion de d\u00e9couvrir de nouvelles astuces pour les beaux jours qui arrivent.\" \/>\n<meta property=\"og:url\" content=\"https:\/\/www.myzen.tv\/fr\/en-mai-passez-du-salon-au-jardin-sur-myzen-tv\/\" \/>\n<meta property=\"og:site_name\" content=\"MyZen TV\" \/>\n<meta property=\"article:publisher\" content=\"https:\/\/www.facebook.com\/myzen.tv.fr\/\" \/>\n<meta property=\"article:published_time\" content=\"2022-05-01T06:00:00+00:00\" \/>\n<meta property=\"article:modified_time\" content=\"2022-06-16T09:58:16+00:00\" \/>\n<meta property=\"og:image\" content=\"https:\/\/www.myzen.tv\/wp-content\/uploads\/2022\/04\/pexels-cottonbro-4505166-scaled.jpg\" \/>\n\t<meta property=\"og:image:width\" content=\"2560\" \/>\n\t<meta property=\"og:image:height\" content=\"1707\" \/>\n\t<meta property=\"og:image:type\" content=\"image\/jpeg\" \/>\n<meta name=\"author\" content=\"Gabrielle Cattier\" \/>\n<meta name=\"twitter:card\" content=\"summary_large_image\" \/>\n<meta name=\"twitter:label1\" content=\"\u00c9crit par\" \/>\n\t<meta name=\"twitter:data1\" content=\"Gabrielle Cattier\" \/>\n\t<meta name=\"twitter:label2\" content=\"Dur\u00e9e de lecture estim\u00e9e\" \/>\n\t<meta name=\"twitter:data2\" content=\"6 minutes\" \/>\n<!-- \/ Yoast SEO plugin. -->","yoast_head_json":{"title":"En mai, passez du salon au jardin sur MyZen TV ! - MyZen TV","description":"En mai, MyZen TV met \u00e0 l'honneur la maison & le jardinage. L'occasion de d\u00e9couvrir de nouvelles astuces pour les beaux jours qui arrivent.","robots":{"index":"index","follow":"follow","max-snippet":"max-snippet:-1","max-image-preview":"max-image-preview:large","max-video-preview":"max-video-preview:-1"},"canonical":"https:\/\/www.myzen.tv\/fr\/en-mai-passez-du-salon-au-jardin-sur-myzen-tv\/","og_locale":"fr_FR","og_type":"article","og_title":"En mai, passez du salon au jardin sur MyZen TV ! - MyZen TV","og_description":"En mai, MyZen TV met \u00e0 l'honneur la maison & le jardinage. L'occasion de d\u00e9couvrir de nouvelles astuces pour les beaux jours qui arrivent.","og_url":"https:\/\/www.myzen.tv\/fr\/en-mai-passez-du-salon-au-jardin-sur-myzen-tv\/","og_site_name":"MyZen TV","article_publisher":"https:\/\/www.facebook.com\/myzen.tv.fr\/","article_published_time":"2022-05-01T06:00:00+00:00","article_modified_time":"2022-06-16T09:58:16+00:00","og_image":[{"width":2560,"height":1707,"url":"https:\/\/www.myzen.tv\/wp-content\/uploads\/2022\/04\/pexels-cottonbro-4505166-scaled.jpg","type":"image\/jpeg"}],"author":"Gabrielle Cattier","twitter_card":"summary_large_image","twitter_misc":{"\u00c9crit par":"Gabrielle Cattier","Dur\u00e9e de lecture estim\u00e9e":"6 minutes"},"schema":{"@context":"https:\/\/schema.org","@graph":[{"@type":"Article","@id":"https:\/\/www.myzen.tv\/fr\/en-mai-passez-du-salon-au-jardin-sur-myzen-tv\/#article","isPartOf":{"@id":"https:\/\/www.myzen.tv\/fr\/en-mai-passez-du-salon-au-jardin-sur-myzen-tv\/"},"author":{"name":"Gabrielle Cattier","@id":"https:\/\/www.myzen.tv\/fr\/#\/schema\/person\/60c38aefd5fdad55ca411a73751f70bb"},"headline":"En mai, passez du salon au jardin sur MyZen TV !","datePublished":"2022-05-01T06:00:00+00:00","dateModified":"2022-06-16T09:58:16+00:00","mainEntityOfPage":{"@id":"https:\/\/www.myzen.tv\/fr\/en-mai-passez-du-salon-au-jardin-sur-myzen-tv\/"},"wordCount":981,"publisher":{"@id":"https:\/\/www.myzen.tv\/fr\/#organization"},"image":{"@id":"https:\/\/www.myzen.tv\/fr\/en-mai-passez-du-salon-au-jardin-sur-myzen-tv\/#primaryimage"},"thumbnailUrl":"https:\/\/www.myzen.tv\/wp-content\/uploads\/2022\/04\/pexels-cottonbro-4505166-scaled.jpg","keywords":["jardinage","mai","programmes","temps fort"],"articleSection":["Body &amp; soul"],"inLanguage":"fr-FR"},{"@type":"WebPage","@id":"https:\/\/www.myzen.tv\/fr\/en-mai-passez-du-salon-au-jardin-sur-myzen-tv\/","url":"https:\/\/www.myzen.tv\/fr\/en-mai-passez-du-salon-au-jardin-sur-myzen-tv\/","name":"En mai, passez du salon au jardin sur MyZen TV ! - MyZen TV","isPartOf":{"@id":"https:\/\/www.myzen.tv\/fr\/#website"},"primaryImageOfPage":{"@id":"https:\/\/www.myzen.tv\/fr\/en-mai-passez-du-salon-au-jardin-sur-myzen-tv\/#primaryimage"},"image":{"@id":"https:\/\/www.myzen.tv\/fr\/en-mai-passez-du-salon-au-jardin-sur-myzen-tv\/#primaryimage"},"thumbnailUrl":"https:\/\/www.myzen.tv\/wp-content\/uploads\/2022\/04\/pexels-cottonbro-4505166-scaled.jpg","datePublished":"2022-05-01T06:00:00+00:00","dateModified":"2022-06-16T09:58:16+00:00","description":"En mai, MyZen TV met \u00e0 l'honneur la maison & le jardinage. L'occasion de d\u00e9couvrir de nouvelles astuces pour les beaux jours qui arrivent.","breadcrumb":{"@id":"https:\/\/www.myzen.tv\/fr\/en-mai-passez-du-salon-au-jardin-sur-myzen-tv\/#breadcrumb"},"inLanguage":"fr-FR","potentialAction":[{"@type":"ReadAction","target":["https:\/\/www.myzen.tv\/fr\/en-mai-passez-du-salon-au-jardin-sur-myzen-tv\/"]}]},{"@type":"ImageObject","inLanguage":"fr-FR","@id":"https:\/\/www.myzen.tv\/fr\/en-mai-passez-du-salon-au-jardin-sur-myzen-tv\/#primaryimage","url":"https:\/\/www.myzen.tv\/wp-content\/uploads\/2022\/04\/pexels-cottonbro-4505166-scaled.jpg","contentUrl":"https:\/\/www.myzen.tv\/wp-content\/uploads\/2022\/04\/pexels-cottonbro-4505166-scaled.jpg","width":2560,"height":1707},{"@type":"BreadcrumbList","@id":"https:\/\/www.myzen.tv\/fr\/en-mai-passez-du-salon-au-jardin-sur-myzen-tv\/#breadcrumb","itemListElement":[{"@type":"ListItem","position":1,"name":"Home","item":"https:\/\/www.myzen.tv\/fr\/"},{"@type":"ListItem","position":2,"name":"Bien-\u00eatre et sant\u00e9","item":"https:\/\/www.myzen.tv\/fr\/theme\/bien-etre-sante\/"},{"@type":"ListItem","position":3,"name":"En mai, passez du salon au jardin sur MyZen TV !"}]},{"@type":"WebSite","@id":"https:\/\/www.myzen.tv\/fr\/#website","url":"https:\/\/www.myzen.tv\/fr\/","name":"MyZen TV","description":"Your lifestyle and well-being channel","publisher":{"@id":"https:\/\/www.myzen.tv\/fr\/#organization"},"potentialAction":[{"@type":"SearchAction","target":{"@type":"EntryPoint","urlTemplate":"https:\/\/www.myzen.tv\/fr\/?s={search_term_string}"},"query-input":{"@type":"PropertyValueSpecification","valueRequired":true,"valueName":"search_term_string"}}],"inLanguage":"fr-FR"},{"@type":"Organization","@id":"https:\/\/www.myzen.tv\/fr\/#organization","name":"MyZen TV","url":"https:\/\/www.myzen.tv\/fr\/","logo":{"@type":"ImageObject","inLanguage":"fr-FR","@id":"https:\/\/www.myzen.tv\/fr\/#\/schema\/logo\/image\/","url":"https:\/\/www.myzen.tv\/wp-content\/uploads\/2021\/05\/cropped-ICON_MZtv-LOGO_firetv640-1-1.png","contentUrl":"https:\/\/www.myzen.tv\/wp-content\/uploads\/2021\/05\/cropped-ICON_MZtv-LOGO_firetv640-1-1.png","width":512,"height":512,"caption":"MyZen TV"},"image":{"@id":"https:\/\/www.myzen.tv\/fr\/#\/schema\/logo\/image\/"},"sameAs":["https:\/\/www.facebook.com\/myzen.tv.fr\/","https:\/\/www.instagram.com\/myzentv\/"]},{"@type":"Person","@id":"https:\/\/www.myzen.tv\/fr\/#\/schema\/person\/60c38aefd5fdad55ca411a73751f70bb","name":"Gabrielle Cattier","url":"https:\/\/www.myzen.tv\/fr\/author\/gabrielle-cattier\/"}]}},"_links":{"self":[{"href":"https:\/\/www.myzen.tv\/fr\/wp-json\/wp\/v2\/posts\/1685557","targetHints":{"allow":["GET"]}}],"collection":[{"href":"https:\/\/www.myzen.tv\/fr\/wp-json\/wp\/v2\/posts"}],"about":[{"href":"https:\/\/www.myzen.tv\/fr\/wp-json\/wp\/v2\/types\/post"}],"author":[{"embeddable":true,"href":"https:\/\/www.myzen.tv\/fr\/wp-json\/wp\/v2\/users\/12"}],"replies":[{"embeddable":true,"href":"https:\/\/www.myzen.tv\/fr\/wp-json\/wp\/v2\/comments?post=1685557"}],"version-history":[{"count":4,"href":"https:\/\/www.myzen.tv\/fr\/wp-json\/wp\/v2\/posts\/1685557\/revisions"}],"predecessor-version":[{"id":1686947,"href":"https:\/\/www.myzen.tv\/fr\/wp-json\/wp\/v2\/posts\/1685557\/revisions\/1686947"}],"wp:featuredmedia":[{"embeddable":true,"href":"https:\/\/www.myzen.tv\/fr\/wp-json\/wp\/v2\/media\/1685559"}],"wp:attachment":[{"href":"https:\/\/www.myzen.tv\/fr\/wp-json\/wp\/v2\/media?parent=1685557"}],"wp:term":[{"taxonomy":"category","embeddable":true,"href":"https:\/\/www.myzen.tv\/fr\/wp-json\/wp\/v2\/categories?post=1685557"},{"taxonomy":"post_tag","embeddable":true,"href":"https:\/\/www.myzen.tv\/fr\/wp-json\/wp\/v2\/tags?post=1685557"},{"taxonomy":"group","embeddable":true,"href":"https:\/\/www.myzen.tv\/fr\/wp-json\/wp\/v2\/group?post=1685557"},{"taxonomy":"support","embeddable":true,"href":"https:\/\/www.myzen.tv\/fr\/wp-json\/wp\/v2\/support?post=1685557"}],"curies":[{"name":"wp","href":"https:\/\/api.w.org\/{rel}","templated":true}]}}