{"id":1685803,"date":"2022-05-12T06:00:00","date_gmt":"2022-05-12T06:00:00","guid":{"rendered":"https:\/\/www.myzen.tv\/?p=1685803"},"modified":"2022-06-16T09:58:14","modified_gmt":"2022-06-16T09:58:14","slug":"les-bienfaits-des-herbes-aromatiques-sur-le-corps","status":"publish","type":"post","link":"https:\/\/www.myzen.tv\/fr\/les-bienfaits-des-herbes-aromatiques-sur-le-corps\/","title":{"rendered":"Les bienfaits des herbes aromatiques sur le corps"},"content":{"rendered":"\n\n\n<p>Il en existe une vari\u00e9t\u00e9 impressionnante. En plus de ravir nos papilles, les herbes aromatiques poss\u00e8dent des vertus exceptionnelles pour notre corps. On zoom sur une partie d&rsquo;entre elles. On pourra d\u00e9couvrir ce qu&rsquo;elles ont \u00e0 nous apporter. <\/p>\n\n\n\n<h2 class=\"wp-block-heading\">L&rsquo;aneth<\/h2>\n\n\n\n<figure class=\"wp-block-image size-large\"><img loading=\"lazy\" decoding=\"async\" width=\"1024\" height=\"683\" src=\"https:\/\/www.myzen.tv\/wp-content\/uploads\/2022\/05\/pexels-karolina-grabowska-4198113-1024x683.jpg\" alt=\"\" class=\"wp-image-1685806\" srcset=\"https:\/\/www.myzen.tv\/wp-content\/uploads\/2022\/05\/pexels-karolina-grabowska-4198113-1024x683.jpg 1024w, https:\/\/www.myzen.tv\/wp-content\/uploads\/2022\/05\/pexels-karolina-grabowska-4198113-300x200.jpg 300w, https:\/\/www.myzen.tv\/wp-content\/uploads\/2022\/05\/pexels-karolina-grabowska-4198113-768x512.jpg 768w, https:\/\/www.myzen.tv\/wp-content\/uploads\/2022\/05\/pexels-karolina-grabowska-4198113-1536x1024.jpg 1536w, https:\/\/www.myzen.tv\/wp-content\/uploads\/2022\/05\/pexels-karolina-grabowska-4198113-2048x1365.jpg 2048w, https:\/\/www.myzen.tv\/wp-content\/uploads\/2022\/05\/pexels-karolina-grabowska-4198113-285x190.jpg 285w, https:\/\/www.myzen.tv\/wp-content\/uploads\/2022\/05\/pexels-karolina-grabowska-4198113-210x140.jpg 210w, https:\/\/www.myzen.tv\/wp-content\/uploads\/2022\/05\/pexels-karolina-grabowska-4198113-533x355.jpg 533w\" sizes=\"auto, (max-width: 1024px) 100vw, 1024px\" \/><\/figure>\n\n\n\n<ul class=\"wp-block-list\"><li>L&rsquo;aneth a des vertus diur\u00e9tiques, c&rsquo;est \u00e0 dire qu&rsquo;elle favorise la formation puis l&rsquo;\u00e9limination des urines. <\/li><li>Elle soulage \u00e9galement les troubles digestifs, puisqu&rsquo;elle est anti-spasmodique. Elle va donc r\u00e9duire les maux de ventre, les ballonnements, les flatulences ou encore les naus\u00e9es. <\/li><li>Riche en vitamine B9, elle permet de cr\u00e9er plus de globules blancs et rouges dans le sang. Cette vitamine renforce aussi le syst\u00e8me immunitaire. <\/li><li>Prot\u00e8ge le corps contre les virus et bact\u00e9ries, notamment la grippe ou les rhumes. <\/li><li>Elle est anti-inflammatoire. <\/li><li>Elle est antioxydante, joue un r\u00f4le essentiel contre le stress oxydatif qui ab\u00eeme les cellules. <\/li><\/ul>\n\n\n\n<h2 class=\"wp-block-heading\">Le basilic<\/h2>\n\n\n\n<figure class=\"wp-block-image size-large\"><img loading=\"lazy\" decoding=\"async\" width=\"1024\" height=\"684\" src=\"https:\/\/www.myzen.tv\/wp-content\/uploads\/2022\/05\/pexels-monicore-1391505-1024x684.jpg\" alt=\"\" class=\"wp-image-1685808\" srcset=\"https:\/\/www.myzen.tv\/wp-content\/uploads\/2022\/05\/pexels-monicore-1391505-1024x684.jpg 1024w, https:\/\/www.myzen.tv\/wp-content\/uploads\/2022\/05\/pexels-monicore-1391505-300x200.jpg 300w, https:\/\/www.myzen.tv\/wp-content\/uploads\/2022\/05\/pexels-monicore-1391505-768x513.jpg 768w, https:\/\/www.myzen.tv\/wp-content\/uploads\/2022\/05\/pexels-monicore-1391505-1536x1025.jpg 1536w, https:\/\/www.myzen.tv\/wp-content\/uploads\/2022\/05\/pexels-monicore-1391505-2048x1367.jpg 2048w, https:\/\/www.myzen.tv\/wp-content\/uploads\/2022\/05\/pexels-monicore-1391505-285x190.jpg 285w, https:\/\/www.myzen.tv\/wp-content\/uploads\/2022\/05\/pexels-monicore-1391505-210x140.jpg 210w, https:\/\/www.myzen.tv\/wp-content\/uploads\/2022\/05\/pexels-monicore-1391505-532x355.jpg 532w\" sizes=\"auto, (max-width: 1024px) 100vw, 1024px\" \/><\/figure>\n\n\n\n<ul class=\"wp-block-list\"><li>Le basilic a des vertus apaisantes, autant sur le corps que sur le moral, il diminue le stress. <\/li><li>Il aide \u00e0 lutter contre les troubles digestifs : contre les ballonnements, les spasmes&#8230;<\/li><li>Il contient diff\u00e9rentes vitamines dont la vitamine A, B et C, ainsi que du fer. <\/li><li>Contient \u00e9norm\u00e9ment de vitamine K, qui favorise la coagulation du sang et est b\u00e9n\u00e9fique pour les os. <\/li><li>Il poss\u00e8de des vertus bact\u00e9ricides et augmenterait notamment les vertus anti-bact\u00e9riennes de certains m\u00e9dicaments. <\/li><li>Il contient de l&rsquo;acide rosmarinique, qui lui conf\u00e8re de puissantes propri\u00e9t\u00e9s antioxydantes. <\/li><\/ul>\n\n\n\n<h2 class=\"wp-block-heading\">La ciboulette <\/h2>\n\n\n\n<figure class=\"wp-block-image size-large\"><img loading=\"lazy\" decoding=\"async\" width=\"1024\" height=\"683\" src=\"https:\/\/www.myzen.tv\/wp-content\/uploads\/2022\/05\/pexels-karolina-grabowska-4202257-1024x683.jpg\" alt=\"\" class=\"wp-image-1685810\" srcset=\"https:\/\/www.myzen.tv\/wp-content\/uploads\/2022\/05\/pexels-karolina-grabowska-4202257-1024x683.jpg 1024w, https:\/\/www.myzen.tv\/wp-content\/uploads\/2022\/05\/pexels-karolina-grabowska-4202257-300x200.jpg 300w, https:\/\/www.myzen.tv\/wp-content\/uploads\/2022\/05\/pexels-karolina-grabowska-4202257-768x512.jpg 768w, https:\/\/www.myzen.tv\/wp-content\/uploads\/2022\/05\/pexels-karolina-grabowska-4202257-1536x1024.jpg 1536w, https:\/\/www.myzen.tv\/wp-content\/uploads\/2022\/05\/pexels-karolina-grabowska-4202257-2048x1365.jpg 2048w, https:\/\/www.myzen.tv\/wp-content\/uploads\/2022\/05\/pexels-karolina-grabowska-4202257-285x190.jpg 285w, https:\/\/www.myzen.tv\/wp-content\/uploads\/2022\/05\/pexels-karolina-grabowska-4202257-210x140.jpg 210w, https:\/\/www.myzen.tv\/wp-content\/uploads\/2022\/05\/pexels-karolina-grabowska-4202257-533x355.jpg 533w\" sizes=\"auto, (max-width: 1024px) 100vw, 1024px\" \/><\/figure>\n\n\n\n<ul class=\"wp-block-list\"><li>La ciboulette est riche en antioxydants gr\u00e2ce \u00e0 la b\u00eata-carot\u00e8ne qu&rsquo;elle poss\u00e8de. Elle permet ainsi de lutter contre les maladies cardio-vasculaires et le vieillissement des cellules. <\/li><li>Renforce le syst\u00e8me immunitaire gr\u00e2ce \u00e0 la vitamine C. <\/li><li>Elle am\u00e9liore la digestion. <\/li><li>Et favorise la circulation sanguine. <\/li><\/ul>\n\n\n\n<h2 class=\"wp-block-heading\">Le persil <\/h2>\n\n\n\n<figure class=\"wp-block-image size-large\"><img loading=\"lazy\" decoding=\"async\" width=\"1024\" height=\"768\" src=\"https:\/\/www.myzen.tv\/wp-content\/uploads\/2022\/05\/mostafa-agami-ROLioAWYkhM-unsplash-1024x768.jpg\" alt=\"\" class=\"wp-image-1685814\" srcset=\"https:\/\/www.myzen.tv\/wp-content\/uploads\/2022\/05\/mostafa-agami-ROLioAWYkhM-unsplash-1024x768.jpg 1024w, https:\/\/www.myzen.tv\/wp-content\/uploads\/2022\/05\/mostafa-agami-ROLioAWYkhM-unsplash-300x225.jpg 300w, https:\/\/www.myzen.tv\/wp-content\/uploads\/2022\/05\/mostafa-agami-ROLioAWYkhM-unsplash-768x576.jpg 768w, https:\/\/www.myzen.tv\/wp-content\/uploads\/2022\/05\/mostafa-agami-ROLioAWYkhM-unsplash-1536x1152.jpg 1536w, https:\/\/www.myzen.tv\/wp-content\/uploads\/2022\/05\/mostafa-agami-ROLioAWYkhM-unsplash-2048x1536.jpg 2048w, https:\/\/www.myzen.tv\/wp-content\/uploads\/2022\/05\/mostafa-agami-ROLioAWYkhM-unsplash-253x190.jpg 253w, https:\/\/www.myzen.tv\/wp-content\/uploads\/2022\/05\/mostafa-agami-ROLioAWYkhM-unsplash-187x140.jpg 187w, https:\/\/www.myzen.tv\/wp-content\/uploads\/2022\/05\/mostafa-agami-ROLioAWYkhM-unsplash-473x355.jpg 473w\" sizes=\"auto, (max-width: 1024px) 100vw, 1024px\" \/><\/figure>\n\n\n\n<ul class=\"wp-block-list\"><li>Le persil est tr\u00e8s riche en antioxydants. On retrouve des flavono\u00efdes, lut\u00e9ine et b\u00eata-carot\u00e8ne, qui luttent contre le vieillissement des cellules et contre certains cancers. <\/li><li>Il contient diff\u00e9rentes vitamines dont la vitamine C, B et K. <\/li><li>Il poss\u00e8de \u00e9galement diff\u00e9rents min\u00e9raux tels que du fer et du calcium. <\/li><li>Permet de lutter contre les d\u00e9sagr\u00e9ments digestifs : soulage la digestion et \u00e9vite les flatulences. <\/li><li>Il aide \u00e0 r\u00e9guler les menstruations. <\/li><li>Il est diur\u00e9tique, aide \u00e0 \u00e9liminer les urines. <\/li><li>Gr\u00e2ce \u00e0 la chlorophylle que le persil contient, il permet d&rsquo;assainir la bouche et ainsi de lutter contre la mauvaise haleine. <\/li><\/ul>\n\n\n\n<h2 class=\"wp-block-heading\">Le romarin<\/h2>\n\n\n\n<figure class=\"wp-block-image size-large\"><img loading=\"lazy\" decoding=\"async\" width=\"1024\" height=\"683\" src=\"https:\/\/www.myzen.tv\/wp-content\/uploads\/2022\/05\/jocelyn-morales-9AOZGBEqyOs-unsplash-1024x683.jpg\" alt=\"\" class=\"wp-image-1685816\" srcset=\"https:\/\/www.myzen.tv\/wp-content\/uploads\/2022\/05\/jocelyn-morales-9AOZGBEqyOs-unsplash-1024x683.jpg 1024w, https:\/\/www.myzen.tv\/wp-content\/uploads\/2022\/05\/jocelyn-morales-9AOZGBEqyOs-unsplash-300x200.jpg 300w, https:\/\/www.myzen.tv\/wp-content\/uploads\/2022\/05\/jocelyn-morales-9AOZGBEqyOs-unsplash-768x512.jpg 768w, https:\/\/www.myzen.tv\/wp-content\/uploads\/2022\/05\/jocelyn-morales-9AOZGBEqyOs-unsplash-1536x1024.jpg 1536w, https:\/\/www.myzen.tv\/wp-content\/uploads\/2022\/05\/jocelyn-morales-9AOZGBEqyOs-unsplash-2048x1365.jpg 2048w, https:\/\/www.myzen.tv\/wp-content\/uploads\/2022\/05\/jocelyn-morales-9AOZGBEqyOs-unsplash-285x190.jpg 285w, https:\/\/www.myzen.tv\/wp-content\/uploads\/2022\/05\/jocelyn-morales-9AOZGBEqyOs-unsplash-210x140.jpg 210w, https:\/\/www.myzen.tv\/wp-content\/uploads\/2022\/05\/jocelyn-morales-9AOZGBEqyOs-unsplash-533x355.jpg 533w\" sizes=\"auto, (max-width: 1024px) 100vw, 1024px\" \/><\/figure>\n\n\n\n<ul class=\"wp-block-list\"><li>Il permet de soulager les probl\u00e8mes digestifs (ballonnement, crampes&#8230;).<\/li><li>Il tonifie et d\u00e9toxifie le foie. <\/li><li>Le romarin permet de lutter contre les calculs r\u00e9naux. <\/li><li>Il aide \u00e0 am\u00e9liorer le sommeil et lutter les insomnies. <\/li><li>Permet de r\u00e9duire le stress. <\/li><li>Il d\u00e9tox le corps. <\/li><li><span style=\"font-family: -apple-system, BlinkMacSystemFont, &quot;Segoe UI&quot;, Roboto, Oxygen-Sans, Ubuntu, Cantarell, &quot;Helvetica Neue&quot;, sans-serif;\">Le romarin est \u00e9galement antiseptiqu<\/span>e, il permet entre autre de soigner les aphtes. <\/li><li>Il permet de d\u00e9gager les voies respiratoires. <\/li><\/ul>\n\n\n\n<h2 class=\"wp-block-heading\">Le thym <\/h2>\n\n\n\n<figure class=\"wp-block-image size-large\"><img loading=\"lazy\" decoding=\"async\" width=\"1024\" height=\"683\" src=\"https:\/\/www.myzen.tv\/wp-content\/uploads\/2022\/05\/pexels-karolina-grabowska-4198139-1024x683.jpg\" alt=\"\" class=\"wp-image-1685818\" srcset=\"https:\/\/www.myzen.tv\/wp-content\/uploads\/2022\/05\/pexels-karolina-grabowska-4198139-1024x683.jpg 1024w, https:\/\/www.myzen.tv\/wp-content\/uploads\/2022\/05\/pexels-karolina-grabowska-4198139-300x200.jpg 300w, https:\/\/www.myzen.tv\/wp-content\/uploads\/2022\/05\/pexels-karolina-grabowska-4198139-768x512.jpg 768w, https:\/\/www.myzen.tv\/wp-content\/uploads\/2022\/05\/pexels-karolina-grabowska-4198139-1536x1024.jpg 1536w, https:\/\/www.myzen.tv\/wp-content\/uploads\/2022\/05\/pexels-karolina-grabowska-4198139-2048x1365.jpg 2048w, https:\/\/www.myzen.tv\/wp-content\/uploads\/2022\/05\/pexels-karolina-grabowska-4198139-285x190.jpg 285w, https:\/\/www.myzen.tv\/wp-content\/uploads\/2022\/05\/pexels-karolina-grabowska-4198139-210x140.jpg 210w, https:\/\/www.myzen.tv\/wp-content\/uploads\/2022\/05\/pexels-karolina-grabowska-4198139-532x355.jpg 532w\" sizes=\"auto, (max-width: 1024px) 100vw, 1024px\" \/><\/figure>\n\n\n\n<ul class=\"wp-block-list\"><li>Il est antiseptique gr\u00e2ce au ph\u00e9nol, anti-bact\u00e9rien et cicatrisant. <\/li><li>Il est d&rsquo;une grand efficacit\u00e9 contre la toux et soulage les bronches. <\/li><li>Le thym est tr\u00e8s fortement antioxydant. <\/li><li>Il contient \u00e9norm\u00e9ment de vitamine K ce qui favorise la coagulation du sang. Et cela est b\u00e9n\u00e9fique \u00e9galement pour les os.<\/li><li>Il permet de lutter contre les ballonnements et les gaz pr\u00e9sents dans l&rsquo;estomac. <\/li><\/ul>\n\n\n\n<p>D\u00e9couvrez nos plats \u00e0 cuisiner et nos conseils bien-\u00eatre sur <a href=\"https:\/\/www.myzen.tv\/fr\/\">notre plateforme de streaming MyZen TV<\/a> !<\/p>\n","protected":false},"excerpt":{"rendered":"<p>Il en existe une vari\u00e9t\u00e9 impressionnante. En plus de ravir nos papilles, les herbes aromatiques poss\u00e8dent des vertus exceptionnelles pour notre corps. On zoom sur une partie d&rsquo;entre elles. On pourra d\u00e9couvrir ce qu&rsquo;elles ont \u00e0 nous apporter. L&rsquo;aneth L&rsquo;aneth a des vertus diur\u00e9tiques, c&rsquo;est \u00e0 dire qu&rsquo;elle favorise la formation puis l&rsquo;\u00e9limination des urines. [&hellip;]<\/p>\n","protected":false},"author":12,"featured_media":1685805,"comment_status":"closed","ping_status":"closed","sticky":false,"template":"","format":"standard","meta":{"episode_type":"","audio_file":"","cover_image":"","cover_image_id":"","duration":"","filesize":"","date_recorded":"","explicit":"","block":"","itunes_episode_number":"","itunes_title":"","itunes_season_number":"","itunes_episode_type":"","filesize_raw":"","footnotes":""},"categories":[9],"tags":[129,1148,1097,164,455],"group":[319,314],"support":[],"class_list":["post-1685803","post","type-post","status-publish","format-standard","has-post-thumbnail","hentry","category-body-and-soul","tag-bien-etre","tag-herbes-aromatiques","tag-jardin","tag-nature","tag-sante","group-bien-etre-sante","group-cuisine"],"yoast_head":"<!-- This site is optimized with the Yoast SEO plugin v24.0 - https:\/\/yoast.com\/wordpress\/plugins\/seo\/ -->\n<title>Les bienfaits des herbes aromatiques sur le corps - MyZen TV<\/title>\n<meta name=\"description\" content=\"Il en existe une vari\u00e9t\u00e9 impressionnante. En plus de ravir nos papilles gr\u00e2ce \u00e0 leurs go\u00fbts propre \u00e0 chacune, les herbes aromatiques poss\u00e8dent \u00e9galement des vertus exceptionnelles pour notre corps.\" \/>\n<meta name=\"robots\" content=\"index, follow, max-snippet:-1, max-image-preview:large, max-video-preview:-1\" \/>\n<link rel=\"canonical\" href=\"https:\/\/www.myzen.tv\/fr\/les-bienfaits-des-herbes-aromatiques-sur-le-corps\/\" \/>\n<meta property=\"og:locale\" content=\"fr_FR\" \/>\n<meta property=\"og:type\" content=\"article\" \/>\n<meta property=\"og:title\" content=\"Les bienfaits des herbes aromatiques sur le corps - MyZen TV\" \/>\n<meta property=\"og:description\" content=\"Il en existe une vari\u00e9t\u00e9 impressionnante. En plus de ravir nos papilles gr\u00e2ce \u00e0 leurs go\u00fbts propre \u00e0 chacune, les herbes aromatiques poss\u00e8dent \u00e9galement des vertus exceptionnelles pour notre corps.\" \/>\n<meta property=\"og:url\" content=\"https:\/\/www.myzen.tv\/fr\/les-bienfaits-des-herbes-aromatiques-sur-le-corps\/\" \/>\n<meta property=\"og:site_name\" content=\"MyZen TV\" \/>\n<meta property=\"article:publisher\" content=\"https:\/\/www.facebook.com\/myzen.tv.fr\/\" \/>\n<meta property=\"article:published_time\" content=\"2022-05-12T06:00:00+00:00\" \/>\n<meta property=\"article:modified_time\" content=\"2022-06-16T09:58:14+00:00\" \/>\n<meta property=\"og:image\" content=\"https:\/\/www.myzen.tv\/wp-content\/uploads\/2022\/05\/pexels-alleksana-4113898-scaled.jpg\" \/>\n\t<meta property=\"og:image:width\" content=\"2560\" \/>\n\t<meta property=\"og:image:height\" content=\"1930\" \/>\n\t<meta property=\"og:image:type\" content=\"image\/jpeg\" \/>\n<meta name=\"author\" content=\"Gabrielle Cattier\" \/>\n<meta name=\"twitter:card\" content=\"summary_large_image\" \/>\n<meta name=\"twitter:label1\" content=\"\u00c9crit par\" \/>\n\t<meta name=\"twitter:data1\" content=\"Gabrielle Cattier\" \/>\n\t<meta name=\"twitter:label2\" content=\"Dur\u00e9e de lecture estim\u00e9e\" \/>\n\t<meta name=\"twitter:data2\" content=\"4 minutes\" \/>\n<!-- \/ Yoast SEO plugin. -->","yoast_head_json":{"title":"Les bienfaits des herbes aromatiques sur le corps - MyZen TV","description":"Il en existe une vari\u00e9t\u00e9 impressionnante. En plus de ravir nos papilles gr\u00e2ce \u00e0 leurs go\u00fbts propre \u00e0 chacune, les herbes aromatiques poss\u00e8dent \u00e9galement des vertus exceptionnelles pour notre corps.","robots":{"index":"index","follow":"follow","max-snippet":"max-snippet:-1","max-image-preview":"max-image-preview:large","max-video-preview":"max-video-preview:-1"},"canonical":"https:\/\/www.myzen.tv\/fr\/les-bienfaits-des-herbes-aromatiques-sur-le-corps\/","og_locale":"fr_FR","og_type":"article","og_title":"Les bienfaits des herbes aromatiques sur le corps - MyZen TV","og_description":"Il en existe une vari\u00e9t\u00e9 impressionnante. En plus de ravir nos papilles gr\u00e2ce \u00e0 leurs go\u00fbts propre \u00e0 chacune, les herbes aromatiques poss\u00e8dent \u00e9galement des vertus exceptionnelles pour notre corps.","og_url":"https:\/\/www.myzen.tv\/fr\/les-bienfaits-des-herbes-aromatiques-sur-le-corps\/","og_site_name":"MyZen TV","article_publisher":"https:\/\/www.facebook.com\/myzen.tv.fr\/","article_published_time":"2022-05-12T06:00:00+00:00","article_modified_time":"2022-06-16T09:58:14+00:00","og_image":[{"width":2560,"height":1930,"url":"https:\/\/www.myzen.tv\/wp-content\/uploads\/2022\/05\/pexels-alleksana-4113898-scaled.jpg","type":"image\/jpeg"}],"author":"Gabrielle Cattier","twitter_card":"summary_large_image","twitter_misc":{"\u00c9crit par":"Gabrielle Cattier","Dur\u00e9e de lecture estim\u00e9e":"4 minutes"},"schema":{"@context":"https:\/\/schema.org","@graph":[{"@type":"Article","@id":"https:\/\/www.myzen.tv\/fr\/les-bienfaits-des-herbes-aromatiques-sur-le-corps\/#article","isPartOf":{"@id":"https:\/\/www.myzen.tv\/fr\/les-bienfaits-des-herbes-aromatiques-sur-le-corps\/"},"author":{"name":"Gabrielle Cattier","@id":"https:\/\/www.myzen.tv\/fr\/#\/schema\/person\/60c38aefd5fdad55ca411a73751f70bb"},"headline":"Les bienfaits des herbes aromatiques sur le corps","datePublished":"2022-05-12T06:00:00+00:00","dateModified":"2022-06-16T09:58:14+00:00","mainEntityOfPage":{"@id":"https:\/\/www.myzen.tv\/fr\/les-bienfaits-des-herbes-aromatiques-sur-le-corps\/"},"wordCount":576,"publisher":{"@id":"https:\/\/www.myzen.tv\/fr\/#organization"},"image":{"@id":"https:\/\/www.myzen.tv\/fr\/les-bienfaits-des-herbes-aromatiques-sur-le-corps\/#primaryimage"},"thumbnailUrl":"https:\/\/www.myzen.tv\/wp-content\/uploads\/2022\/05\/pexels-alleksana-4113898-scaled.jpg","keywords":["bien-\u00eatre","herbes aromatiques","jardin","nature","sant\u00e9"],"articleSection":["Body &amp; soul"],"inLanguage":"fr-FR"},{"@type":"WebPage","@id":"https:\/\/www.myzen.tv\/fr\/les-bienfaits-des-herbes-aromatiques-sur-le-corps\/","url":"https:\/\/www.myzen.tv\/fr\/les-bienfaits-des-herbes-aromatiques-sur-le-corps\/","name":"Les bienfaits des herbes aromatiques sur le corps - MyZen TV","isPartOf":{"@id":"https:\/\/www.myzen.tv\/fr\/#website"},"primaryImageOfPage":{"@id":"https:\/\/www.myzen.tv\/fr\/les-bienfaits-des-herbes-aromatiques-sur-le-corps\/#primaryimage"},"image":{"@id":"https:\/\/www.myzen.tv\/fr\/les-bienfaits-des-herbes-aromatiques-sur-le-corps\/#primaryimage"},"thumbnailUrl":"https:\/\/www.myzen.tv\/wp-content\/uploads\/2022\/05\/pexels-alleksana-4113898-scaled.jpg","datePublished":"2022-05-12T06:00:00+00:00","dateModified":"2022-06-16T09:58:14+00:00","description":"Il en existe une vari\u00e9t\u00e9 impressionnante. En plus de ravir nos papilles gr\u00e2ce \u00e0 leurs go\u00fbts propre \u00e0 chacune, les herbes aromatiques poss\u00e8dent \u00e9galement des vertus exceptionnelles pour notre corps.","breadcrumb":{"@id":"https:\/\/www.myzen.tv\/fr\/les-bienfaits-des-herbes-aromatiques-sur-le-corps\/#breadcrumb"},"inLanguage":"fr-FR","potentialAction":[{"@type":"ReadAction","target":["https:\/\/www.myzen.tv\/fr\/les-bienfaits-des-herbes-aromatiques-sur-le-corps\/"]}]},{"@type":"ImageObject","inLanguage":"fr-FR","@id":"https:\/\/www.myzen.tv\/fr\/les-bienfaits-des-herbes-aromatiques-sur-le-corps\/#primaryimage","url":"https:\/\/www.myzen.tv\/wp-content\/uploads\/2022\/05\/pexels-alleksana-4113898-scaled.jpg","contentUrl":"https:\/\/www.myzen.tv\/wp-content\/uploads\/2022\/05\/pexels-alleksana-4113898-scaled.jpg","width":2560,"height":1930},{"@type":"BreadcrumbList","@id":"https:\/\/www.myzen.tv\/fr\/les-bienfaits-des-herbes-aromatiques-sur-le-corps\/#breadcrumb","itemListElement":[{"@type":"ListItem","position":1,"name":"Home","item":"https:\/\/www.myzen.tv\/fr\/"},{"@type":"ListItem","position":2,"name":"Cuisine","item":"https:\/\/www.myzen.tv\/fr\/theme\/cuisine\/"},{"@type":"ListItem","position":3,"name":"Les bienfaits des herbes aromatiques sur le corps"}]},{"@type":"WebSite","@id":"https:\/\/www.myzen.tv\/fr\/#website","url":"https:\/\/www.myzen.tv\/fr\/","name":"MyZen TV","description":"Your lifestyle and well-being channel","publisher":{"@id":"https:\/\/www.myzen.tv\/fr\/#organization"},"potentialAction":[{"@type":"SearchAction","target":{"@type":"EntryPoint","urlTemplate":"https:\/\/www.myzen.tv\/fr\/?s={search_term_string}"},"query-input":{"@type":"PropertyValueSpecification","valueRequired":true,"valueName":"search_term_string"}}],"inLanguage":"fr-FR"},{"@type":"Organization","@id":"https:\/\/www.myzen.tv\/fr\/#organization","name":"MyZen TV","url":"https:\/\/www.myzen.tv\/fr\/","logo":{"@type":"ImageObject","inLanguage":"fr-FR","@id":"https:\/\/www.myzen.tv\/fr\/#\/schema\/logo\/image\/","url":"https:\/\/www.myzen.tv\/wp-content\/uploads\/2021\/05\/cropped-ICON_MZtv-LOGO_firetv640-1-1.png","contentUrl":"https:\/\/www.myzen.tv\/wp-content\/uploads\/2021\/05\/cropped-ICON_MZtv-LOGO_firetv640-1-1.png","width":512,"height":512,"caption":"MyZen TV"},"image":{"@id":"https:\/\/www.myzen.tv\/fr\/#\/schema\/logo\/image\/"},"sameAs":["https:\/\/www.facebook.com\/myzen.tv.fr\/","https:\/\/www.instagram.com\/myzentv\/"]},{"@type":"Person","@id":"https:\/\/www.myzen.tv\/fr\/#\/schema\/person\/60c38aefd5fdad55ca411a73751f70bb","name":"Gabrielle Cattier","url":"https:\/\/www.myzen.tv\/fr\/author\/gabrielle-cattier\/"}]}},"_links":{"self":[{"href":"https:\/\/www.myzen.tv\/fr\/wp-json\/wp\/v2\/posts\/1685803","targetHints":{"allow":["GET"]}}],"collection":[{"href":"https:\/\/www.myzen.tv\/fr\/wp-json\/wp\/v2\/posts"}],"about":[{"href":"https:\/\/www.myzen.tv\/fr\/wp-json\/wp\/v2\/types\/post"}],"author":[{"embeddable":true,"href":"https:\/\/www.myzen.tv\/fr\/wp-json\/wp\/v2\/users\/12"}],"replies":[{"embeddable":true,"href":"https:\/\/www.myzen.tv\/fr\/wp-json\/wp\/v2\/comments?post=1685803"}],"version-history":[{"count":5,"href":"https:\/\/www.myzen.tv\/fr\/wp-json\/wp\/v2\/posts\/1685803\/revisions"}],"predecessor-version":[{"id":1686942,"href":"https:\/\/www.myzen.tv\/fr\/wp-json\/wp\/v2\/posts\/1685803\/revisions\/1686942"}],"wp:featuredmedia":[{"embeddable":true,"href":"https:\/\/www.myzen.tv\/fr\/wp-json\/wp\/v2\/media\/1685805"}],"wp:attachment":[{"href":"https:\/\/www.myzen.tv\/fr\/wp-json\/wp\/v2\/media?parent=1685803"}],"wp:term":[{"taxonomy":"category","embeddable":true,"href":"https:\/\/www.myzen.tv\/fr\/wp-json\/wp\/v2\/categories?post=1685803"},{"taxonomy":"post_tag","embeddable":true,"href":"https:\/\/www.myzen.tv\/fr\/wp-json\/wp\/v2\/tags?post=1685803"},{"taxonomy":"group","embeddable":true,"href":"https:\/\/www.myzen.tv\/fr\/wp-json\/wp\/v2\/group?post=1685803"},{"taxonomy":"support","embeddable":true,"href":"https:\/\/www.myzen.tv\/fr\/wp-json\/wp\/v2\/support?post=1685803"}],"curies":[{"name":"wp","href":"https:\/\/api.w.org\/{rel}","templated":true}]}}