{"id":1685936,"date":"2022-05-14T06:02:00","date_gmt":"2022-05-14T06:02:00","guid":{"rendered":"https:\/\/www.myzen.tv\/?p=1685936"},"modified":"2022-06-16T09:58:12","modified_gmt":"2022-06-16T09:58:12","slug":"8-inspirations-pour-votre-terrasse","status":"publish","type":"post","link":"https:\/\/www.myzen.tv\/fr\/8-inspirations-pour-votre-terrasse\/","title":{"rendered":"8 inspirations pour votre terrasse"},"content":{"rendered":"\n<p>En ce mois d\u00e9di\u00e9 au jardin sur<strong> MyZen TV<\/strong>, nous vous proposons <strong>8 id\u00e9es et inspirations pour une terrasse agr\u00e9able. <\/strong>Vous pourrez en profiter lors des belles journ\u00e9e d&rsquo;\u00e9t\u00e9.  <\/p>\n\n\n\n<h2 class=\"wp-block-heading\">1. Une terrasse totalement en bois pour un esprit chalet  <\/h2>\n\n\n\n\n\n<h2 class=\"wp-block-heading\">2. Un petit cocon au milieu de la verdure <\/h2>\n\n\n\n<figure class=\"wp-block-image size-large\"><img loading=\"lazy\" decoding=\"async\" width=\"1024\" height=\"744\" src=\"https:\/\/www.myzen.tv\/wp-content\/uploads\/2022\/05\/robin-wersich-Q0IrpWQIMR4-unsplash-1024x744.jpg\" alt=\"\" class=\"wp-image-1685939\" srcset=\"https:\/\/www.myzen.tv\/wp-content\/uploads\/2022\/05\/robin-wersich-Q0IrpWQIMR4-unsplash-1024x744.jpg 1024w, https:\/\/www.myzen.tv\/wp-content\/uploads\/2022\/05\/robin-wersich-Q0IrpWQIMR4-unsplash-300x218.jpg 300w, https:\/\/www.myzen.tv\/wp-content\/uploads\/2022\/05\/robin-wersich-Q0IrpWQIMR4-unsplash-768x558.jpg 768w, https:\/\/www.myzen.tv\/wp-content\/uploads\/2022\/05\/robin-wersich-Q0IrpWQIMR4-unsplash-1536x1115.jpg 1536w, https:\/\/www.myzen.tv\/wp-content\/uploads\/2022\/05\/robin-wersich-Q0IrpWQIMR4-unsplash-2048x1487.jpg 2048w, https:\/\/www.myzen.tv\/wp-content\/uploads\/2022\/05\/robin-wersich-Q0IrpWQIMR4-unsplash-262x190.jpg 262w, https:\/\/www.myzen.tv\/wp-content\/uploads\/2022\/05\/robin-wersich-Q0IrpWQIMR4-unsplash-193x140.jpg 193w, https:\/\/www.myzen.tv\/wp-content\/uploads\/2022\/05\/robin-wersich-Q0IrpWQIMR4-unsplash-489x355.jpg 489w\" sizes=\"auto, (max-width: 1024px) 100vw, 1024px\" \/><\/figure>\n\n\n\n<h2 class=\"wp-block-heading\">3. Une chaise suspendue apporte du charme \u00e0 votre terrasse<\/h2>\n\n\n\n<figure class=\"wp-block-image size-large\"><img loading=\"lazy\" decoding=\"async\" width=\"1024\" height=\"1004\" src=\"https:\/\/www.myzen.tv\/wp-content\/uploads\/2022\/05\/pexels-rachel-claire-4577687-1-1024x1004.jpg\" alt=\"\" class=\"wp-image-1685943\" srcset=\"https:\/\/www.myzen.tv\/wp-content\/uploads\/2022\/05\/pexels-rachel-claire-4577687-1-1024x1004.jpg 1024w, https:\/\/www.myzen.tv\/wp-content\/uploads\/2022\/05\/pexels-rachel-claire-4577687-1-300x294.jpg 300w, https:\/\/www.myzen.tv\/wp-content\/uploads\/2022\/05\/pexels-rachel-claire-4577687-1-768x753.jpg 768w, https:\/\/www.myzen.tv\/wp-content\/uploads\/2022\/05\/pexels-rachel-claire-4577687-1-1536x1507.jpg 1536w, https:\/\/www.myzen.tv\/wp-content\/uploads\/2022\/05\/pexels-rachel-claire-4577687-1-194x190.jpg 194w, https:\/\/www.myzen.tv\/wp-content\/uploads\/2022\/05\/pexels-rachel-claire-4577687-1-143x140.jpg 143w, https:\/\/www.myzen.tv\/wp-content\/uploads\/2022\/05\/pexels-rachel-claire-4577687-1-362x355.jpg 362w, https:\/\/www.myzen.tv\/wp-content\/uploads\/2022\/05\/pexels-rachel-claire-4577687-1.jpg 1728w\" sizes=\"auto, (max-width: 1024px) 100vw, 1024px\" \/><\/figure>\n\n\n\n<h2 class=\"wp-block-heading\">4. Recycler d&rsquo;anciens meubles d&rsquo;int\u00e9rieur pour l&rsquo;ext\u00e9rieur, une id\u00e9e ing\u00e9nieuse pour un c\u00f4t\u00e9 guinguette <\/h2>\n\n\n\n<figure class=\"wp-block-image size-large is-resized\"><img loading=\"lazy\" decoding=\"async\" src=\"https:\/\/www.myzen.tv\/wp-content\/uploads\/2022\/05\/luis-villafranca-9ZHT-zqklPg-unsplash-1024x768.jpg\" alt=\"\" class=\"wp-image-1685945\" width=\"837\" height=\"628\" srcset=\"https:\/\/www.myzen.tv\/wp-content\/uploads\/2022\/05\/luis-villafranca-9ZHT-zqklPg-unsplash-1024x768.jpg 1024w, https:\/\/www.myzen.tv\/wp-content\/uploads\/2022\/05\/luis-villafranca-9ZHT-zqklPg-unsplash-300x225.jpg 300w, https:\/\/www.myzen.tv\/wp-content\/uploads\/2022\/05\/luis-villafranca-9ZHT-zqklPg-unsplash-768x576.jpg 768w, https:\/\/www.myzen.tv\/wp-content\/uploads\/2022\/05\/luis-villafranca-9ZHT-zqklPg-unsplash-1536x1152.jpg 1536w, https:\/\/www.myzen.tv\/wp-content\/uploads\/2022\/05\/luis-villafranca-9ZHT-zqklPg-unsplash-2048x1536.jpg 2048w, https:\/\/www.myzen.tv\/wp-content\/uploads\/2022\/05\/luis-villafranca-9ZHT-zqklPg-unsplash-253x190.jpg 253w, https:\/\/www.myzen.tv\/wp-content\/uploads\/2022\/05\/luis-villafranca-9ZHT-zqklPg-unsplash-187x140.jpg 187w, https:\/\/www.myzen.tv\/wp-content\/uploads\/2022\/05\/luis-villafranca-9ZHT-zqklPg-unsplash-473x355.jpg 473w\" sizes=\"auto, (max-width: 837px) 100vw, 837px\" \/><\/figure>\n\n\n\n<h2 class=\"wp-block-heading\">5. R\u00e9chauffez votre terrasse avec une ambiance Am\u00e9rique latine ! <\/h2>\n\n\n\n<figure class=\"wp-block-image size-large is-resized\"><img loading=\"lazy\" decoding=\"async\" src=\"https:\/\/www.myzen.tv\/wp-content\/uploads\/2022\/05\/pexels-gotta-be-worth-it-919278-716x1024.jpg\" alt=\"\" class=\"wp-image-1685947\" width=\"838\" height=\"1198\" srcset=\"https:\/\/www.myzen.tv\/wp-content\/uploads\/2022\/05\/pexels-gotta-be-worth-it-919278-716x1024.jpg 716w, https:\/\/www.myzen.tv\/wp-content\/uploads\/2022\/05\/pexels-gotta-be-worth-it-919278-210x300.jpg 210w, https:\/\/www.myzen.tv\/wp-content\/uploads\/2022\/05\/pexels-gotta-be-worth-it-919278-768x1098.jpg 768w, https:\/\/www.myzen.tv\/wp-content\/uploads\/2022\/05\/pexels-gotta-be-worth-it-919278-1074x1536.jpg 1074w, https:\/\/www.myzen.tv\/wp-content\/uploads\/2022\/05\/pexels-gotta-be-worth-it-919278-1432x2048.jpg 1432w, https:\/\/www.myzen.tv\/wp-content\/uploads\/2022\/05\/pexels-gotta-be-worth-it-919278-133x190.jpg 133w, https:\/\/www.myzen.tv\/wp-content\/uploads\/2022\/05\/pexels-gotta-be-worth-it-919278-98x140.jpg 98w, https:\/\/www.myzen.tv\/wp-content\/uploads\/2022\/05\/pexels-gotta-be-worth-it-919278-248x355.jpg 248w, https:\/\/www.myzen.tv\/wp-content\/uploads\/2022\/05\/pexels-gotta-be-worth-it-919278-scaled.jpg 1790w\" sizes=\"auto, (max-width: 838px) 100vw, 838px\" \/><\/figure>\n\n\n\n<h2 class=\"wp-block-heading\">6. Un hamac pour des siestes les longues journ\u00e9es d&rsquo;\u00e9t\u00e9 <\/h2>\n\n\n\n<figure class=\"wp-block-image size-large is-resized\"><img loading=\"lazy\" decoding=\"async\" src=\"https:\/\/www.myzen.tv\/wp-content\/uploads\/2022\/05\/pexels-rachel-claire-4577191-683x1024.jpg\" alt=\"\" class=\"wp-image-1685949\" width=\"835\" height=\"1252\" srcset=\"https:\/\/www.myzen.tv\/wp-content\/uploads\/2022\/05\/pexels-rachel-claire-4577191-683x1024.jpg 683w, https:\/\/www.myzen.tv\/wp-content\/uploads\/2022\/05\/pexels-rachel-claire-4577191-200x300.jpg 200w, https:\/\/www.myzen.tv\/wp-content\/uploads\/2022\/05\/pexels-rachel-claire-4577191-768x1152.jpg 768w, https:\/\/www.myzen.tv\/wp-content\/uploads\/2022\/05\/pexels-rachel-claire-4577191-1024x1536.jpg 1024w, https:\/\/www.myzen.tv\/wp-content\/uploads\/2022\/05\/pexels-rachel-claire-4577191-1365x2048.jpg 1365w, https:\/\/www.myzen.tv\/wp-content\/uploads\/2022\/05\/pexels-rachel-claire-4577191-127x190.jpg 127w, https:\/\/www.myzen.tv\/wp-content\/uploads\/2022\/05\/pexels-rachel-claire-4577191-93x140.jpg 93w, https:\/\/www.myzen.tv\/wp-content\/uploads\/2022\/05\/pexels-rachel-claire-4577191-237x355.jpg 237w, https:\/\/www.myzen.tv\/wp-content\/uploads\/2022\/05\/pexels-rachel-claire-4577191-scaled.jpg 1707w\" sizes=\"auto, (max-width: 835px) 100vw, 835px\" \/><\/figure>\n\n\n\n<h2 class=\"wp-block-heading\">7. Une terrasse sobre et \u00e9pur\u00e9e est parfois juste ce qu&rsquo;il nous faut<\/h2>\n\n\n\n<figure class=\"wp-block-image size-large\"><img loading=\"lazy\" decoding=\"async\" width=\"1024\" height=\"768\" src=\"https:\/\/www.myzen.tv\/wp-content\/uploads\/2022\/05\/collov-home-design-qMfjjGHEtSs-unsplash-1024x768.jpg\" alt=\"\" class=\"wp-image-1685951\" srcset=\"https:\/\/www.myzen.tv\/wp-content\/uploads\/2022\/05\/collov-home-design-qMfjjGHEtSs-unsplash-1024x768.jpg 1024w, https:\/\/www.myzen.tv\/wp-content\/uploads\/2022\/05\/collov-home-design-qMfjjGHEtSs-unsplash-300x225.jpg 300w, https:\/\/www.myzen.tv\/wp-content\/uploads\/2022\/05\/collov-home-design-qMfjjGHEtSs-unsplash-768x576.jpg 768w, https:\/\/www.myzen.tv\/wp-content\/uploads\/2022\/05\/collov-home-design-qMfjjGHEtSs-unsplash-1536x1152.jpg 1536w, https:\/\/www.myzen.tv\/wp-content\/uploads\/2022\/05\/collov-home-design-qMfjjGHEtSs-unsplash-2048x1536.jpg 2048w, https:\/\/www.myzen.tv\/wp-content\/uploads\/2022\/05\/collov-home-design-qMfjjGHEtSs-unsplash-253x190.jpg 253w, https:\/\/www.myzen.tv\/wp-content\/uploads\/2022\/05\/collov-home-design-qMfjjGHEtSs-unsplash-187x140.jpg 187w, https:\/\/www.myzen.tv\/wp-content\/uploads\/2022\/05\/collov-home-design-qMfjjGHEtSs-unsplash-473x355.jpg 473w\" sizes=\"auto, (max-width: 1024px) 100vw, 1024px\" \/><\/figure>\n\n\n\n<h2 class=\"wp-block-heading\">8. Donnez une ambiance paillote \u00e0 votre terrasse ! <\/h2>\n\n\n\n<figure class=\"wp-block-image size-large is-resized\"><img loading=\"lazy\" decoding=\"async\" src=\"https:\/\/www.myzen.tv\/wp-content\/uploads\/2022\/05\/sonnie-hiles-iANAdaNu7mg-unsplash-683x1024.jpg\" alt=\"\" class=\"wp-image-1685953\" width=\"837\" height=\"1255\" srcset=\"https:\/\/www.myzen.tv\/wp-content\/uploads\/2022\/05\/sonnie-hiles-iANAdaNu7mg-unsplash-683x1024.jpg 683w, https:\/\/www.myzen.tv\/wp-content\/uploads\/2022\/05\/sonnie-hiles-iANAdaNu7mg-unsplash-200x300.jpg 200w, https:\/\/www.myzen.tv\/wp-content\/uploads\/2022\/05\/sonnie-hiles-iANAdaNu7mg-unsplash-768x1152.jpg 768w, https:\/\/www.myzen.tv\/wp-content\/uploads\/2022\/05\/sonnie-hiles-iANAdaNu7mg-unsplash-1024x1536.jpg 1024w, https:\/\/www.myzen.tv\/wp-content\/uploads\/2022\/05\/sonnie-hiles-iANAdaNu7mg-unsplash-1365x2048.jpg 1365w, https:\/\/www.myzen.tv\/wp-content\/uploads\/2022\/05\/sonnie-hiles-iANAdaNu7mg-unsplash-127x190.jpg 127w, https:\/\/www.myzen.tv\/wp-content\/uploads\/2022\/05\/sonnie-hiles-iANAdaNu7mg-unsplash-93x140.jpg 93w, https:\/\/www.myzen.tv\/wp-content\/uploads\/2022\/05\/sonnie-hiles-iANAdaNu7mg-unsplash-237x355.jpg 237w, https:\/\/www.myzen.tv\/wp-content\/uploads\/2022\/05\/sonnie-hiles-iANAdaNu7mg-unsplash-scaled.jpg 1706w\" sizes=\"auto, (max-width: 837px) 100vw, 837px\" \/><\/figure>\n\n\n\n<p>Envie de conna\u00eetre des conseils pour transformer votre jardin ? Rendez-vous sur notre <a href=\"https:\/\/watch.myzen.tv\/smartlists\/dream-gardens\" target=\"_blank\" rel=\"noreferrer noopener\">plateforme de streaming MyZen TV.<\/a><\/p>\n","protected":false},"excerpt":{"rendered":"<p>En ce mois d\u00e9di\u00e9 au jardin sur MyZen TV, nous vous proposons 8 id\u00e9es et inspirations pour une terrasse agr\u00e9able. Vous pourrez en profiter lors des belles journ\u00e9e d&rsquo;\u00e9t\u00e9. 1. Une terrasse totalement en bois pour un esprit chalet 2. Un petit cocon au milieu de la verdure 3. Une chaise suspendue apporte du charme [&hellip;]<\/p>\n","protected":false},"author":12,"featured_media":1685938,"comment_status":"closed","ping_status":"closed","sticky":false,"template":"","format":"standard","meta":{"episode_type":"","audio_file":"","cover_image":"","cover_image_id":"","duration":"","filesize":"","date_recorded":"","explicit":"","block":"","itunes_episode_number":"","itunes_title":"","itunes_season_number":"","itunes_episode_type":"","filesize_raw":"","footnotes":""},"categories":[9],"tags":[129,68,1097,1153,164,1152],"group":[316],"support":[],"class_list":["post-1685936","post","type-post","status-publish","format-standard","has-post-thumbnail","hentry","category-body-and-soul","tag-bien-etre","tag-decoration","tag-jardin","tag-maison","tag-nature","tag-terasse","group-maison-jardin"],"yoast_head":"<!-- This site is optimized with the Yoast SEO plugin v24.0 - https:\/\/yoast.com\/wordpress\/plugins\/seo\/ -->\n<title>8 inspirations pour votre terrasse - MyZen TV<\/title>\n<meta name=\"description\" content=\"En ce mois d\u00e9di\u00e9 au jardin sur MyZen TV, nous vous proposons 8 id\u00e9es et inspirations pour une terrasse agr\u00e9able sur laquelle profiter des belles journ\u00e9e d&#039;\u00e9t\u00e9.\" \/>\n<meta name=\"robots\" content=\"index, follow, max-snippet:-1, max-image-preview:large, max-video-preview:-1\" \/>\n<link rel=\"canonical\" href=\"https:\/\/www.myzen.tv\/fr\/8-inspirations-pour-votre-terrasse\/\" \/>\n<meta property=\"og:locale\" content=\"fr_FR\" \/>\n<meta property=\"og:type\" content=\"article\" \/>\n<meta property=\"og:title\" content=\"8 inspirations pour votre terrasse - MyZen TV\" \/>\n<meta property=\"og:description\" content=\"En ce mois d\u00e9di\u00e9 au jardin sur MyZen TV, nous vous proposons 8 id\u00e9es et inspirations pour une terrasse agr\u00e9able sur laquelle profiter des belles journ\u00e9e d&#039;\u00e9t\u00e9.\" \/>\n<meta property=\"og:url\" content=\"https:\/\/www.myzen.tv\/fr\/8-inspirations-pour-votre-terrasse\/\" \/>\n<meta property=\"og:site_name\" content=\"MyZen TV\" \/>\n<meta property=\"article:publisher\" content=\"https:\/\/www.facebook.com\/myzen.tv.fr\/\" \/>\n<meta property=\"article:published_time\" content=\"2022-05-14T06:02:00+00:00\" \/>\n<meta property=\"article:modified_time\" content=\"2022-06-16T09:58:12+00:00\" \/>\n<meta property=\"og:image\" content=\"https:\/\/www.myzen.tv\/wp-content\/uploads\/2022\/05\/jonathan-cooper-5eW9AG8Me9o-unsplash-scaled.jpg\" \/>\n\t<meta property=\"og:image:width\" content=\"2339\" \/>\n\t<meta property=\"og:image:height\" content=\"2560\" \/>\n\t<meta property=\"og:image:type\" content=\"image\/jpeg\" \/>\n<meta name=\"author\" content=\"Gabrielle Cattier\" \/>\n<meta name=\"twitter:card\" content=\"summary_large_image\" \/>\n<meta name=\"twitter:label1\" content=\"\u00c9crit par\" \/>\n\t<meta name=\"twitter:data1\" content=\"Gabrielle Cattier\" \/>\n\t<meta name=\"twitter:label2\" content=\"Dur\u00e9e de lecture estim\u00e9e\" \/>\n\t<meta name=\"twitter:data2\" content=\"3 minutes\" \/>\n<!-- \/ Yoast SEO plugin. -->","yoast_head_json":{"title":"8 inspirations pour votre terrasse - MyZen TV","description":"En ce mois d\u00e9di\u00e9 au jardin sur MyZen TV, nous vous proposons 8 id\u00e9es et inspirations pour une terrasse agr\u00e9able sur laquelle profiter des belles journ\u00e9e d'\u00e9t\u00e9.","robots":{"index":"index","follow":"follow","max-snippet":"max-snippet:-1","max-image-preview":"max-image-preview:large","max-video-preview":"max-video-preview:-1"},"canonical":"https:\/\/www.myzen.tv\/fr\/8-inspirations-pour-votre-terrasse\/","og_locale":"fr_FR","og_type":"article","og_title":"8 inspirations pour votre terrasse - MyZen TV","og_description":"En ce mois d\u00e9di\u00e9 au jardin sur MyZen TV, nous vous proposons 8 id\u00e9es et inspirations pour une terrasse agr\u00e9able sur laquelle profiter des belles journ\u00e9e d'\u00e9t\u00e9.","og_url":"https:\/\/www.myzen.tv\/fr\/8-inspirations-pour-votre-terrasse\/","og_site_name":"MyZen TV","article_publisher":"https:\/\/www.facebook.com\/myzen.tv.fr\/","article_published_time":"2022-05-14T06:02:00+00:00","article_modified_time":"2022-06-16T09:58:12+00:00","og_image":[{"width":2339,"height":2560,"url":"https:\/\/www.myzen.tv\/wp-content\/uploads\/2022\/05\/jonathan-cooper-5eW9AG8Me9o-unsplash-scaled.jpg","type":"image\/jpeg"}],"author":"Gabrielle Cattier","twitter_card":"summary_large_image","twitter_misc":{"\u00c9crit par":"Gabrielle Cattier","Dur\u00e9e de lecture estim\u00e9e":"3 minutes"},"schema":{"@context":"https:\/\/schema.org","@graph":[{"@type":"Article","@id":"https:\/\/www.myzen.tv\/fr\/8-inspirations-pour-votre-terrasse\/#article","isPartOf":{"@id":"https:\/\/www.myzen.tv\/fr\/8-inspirations-pour-votre-terrasse\/"},"author":{"name":"Gabrielle Cattier","@id":"https:\/\/www.myzen.tv\/fr\/#\/schema\/person\/60c38aefd5fdad55ca411a73751f70bb"},"headline":"8 inspirations pour votre terrasse","datePublished":"2022-05-14T06:02:00+00:00","dateModified":"2022-06-16T09:58:12+00:00","mainEntityOfPage":{"@id":"https:\/\/www.myzen.tv\/fr\/8-inspirations-pour-votre-terrasse\/"},"wordCount":138,"publisher":{"@id":"https:\/\/www.myzen.tv\/fr\/#organization"},"image":{"@id":"https:\/\/www.myzen.tv\/fr\/8-inspirations-pour-votre-terrasse\/#primaryimage"},"thumbnailUrl":"https:\/\/www.myzen.tv\/wp-content\/uploads\/2022\/05\/jonathan-cooper-5eW9AG8Me9o-unsplash-scaled.jpg","keywords":["bien-\u00eatre","d\u00e9coration","jardin","maison","nature","terasse"],"articleSection":["Body &amp; soul"],"inLanguage":"fr-FR"},{"@type":"WebPage","@id":"https:\/\/www.myzen.tv\/fr\/8-inspirations-pour-votre-terrasse\/","url":"https:\/\/www.myzen.tv\/fr\/8-inspirations-pour-votre-terrasse\/","name":"8 inspirations pour votre terrasse - MyZen TV","isPartOf":{"@id":"https:\/\/www.myzen.tv\/fr\/#website"},"primaryImageOfPage":{"@id":"https:\/\/www.myzen.tv\/fr\/8-inspirations-pour-votre-terrasse\/#primaryimage"},"image":{"@id":"https:\/\/www.myzen.tv\/fr\/8-inspirations-pour-votre-terrasse\/#primaryimage"},"thumbnailUrl":"https:\/\/www.myzen.tv\/wp-content\/uploads\/2022\/05\/jonathan-cooper-5eW9AG8Me9o-unsplash-scaled.jpg","datePublished":"2022-05-14T06:02:00+00:00","dateModified":"2022-06-16T09:58:12+00:00","description":"En ce mois d\u00e9di\u00e9 au jardin sur MyZen TV, nous vous proposons 8 id\u00e9es et inspirations pour une terrasse agr\u00e9able sur laquelle profiter des belles journ\u00e9e d'\u00e9t\u00e9.","breadcrumb":{"@id":"https:\/\/www.myzen.tv\/fr\/8-inspirations-pour-votre-terrasse\/#breadcrumb"},"inLanguage":"fr-FR","potentialAction":[{"@type":"ReadAction","target":["https:\/\/www.myzen.tv\/fr\/8-inspirations-pour-votre-terrasse\/"]}]},{"@type":"ImageObject","inLanguage":"fr-FR","@id":"https:\/\/www.myzen.tv\/fr\/8-inspirations-pour-votre-terrasse\/#primaryimage","url":"https:\/\/www.myzen.tv\/wp-content\/uploads\/2022\/05\/jonathan-cooper-5eW9AG8Me9o-unsplash-scaled.jpg","contentUrl":"https:\/\/www.myzen.tv\/wp-content\/uploads\/2022\/05\/jonathan-cooper-5eW9AG8Me9o-unsplash-scaled.jpg","width":2339,"height":2560},{"@type":"BreadcrumbList","@id":"https:\/\/www.myzen.tv\/fr\/8-inspirations-pour-votre-terrasse\/#breadcrumb","itemListElement":[{"@type":"ListItem","position":1,"name":"Home","item":"https:\/\/www.myzen.tv\/fr\/"},{"@type":"ListItem","position":2,"name":"Maison &amp; Jardin","item":"https:\/\/www.myzen.tv\/fr\/theme\/maison-jardin\/"},{"@type":"ListItem","position":3,"name":"8 inspirations pour votre terrasse"}]},{"@type":"WebSite","@id":"https:\/\/www.myzen.tv\/fr\/#website","url":"https:\/\/www.myzen.tv\/fr\/","name":"MyZen TV","description":"Your lifestyle and well-being channel","publisher":{"@id":"https:\/\/www.myzen.tv\/fr\/#organization"},"potentialAction":[{"@type":"SearchAction","target":{"@type":"EntryPoint","urlTemplate":"https:\/\/www.myzen.tv\/fr\/?s={search_term_string}"},"query-input":{"@type":"PropertyValueSpecification","valueRequired":true,"valueName":"search_term_string"}}],"inLanguage":"fr-FR"},{"@type":"Organization","@id":"https:\/\/www.myzen.tv\/fr\/#organization","name":"MyZen TV","url":"https:\/\/www.myzen.tv\/fr\/","logo":{"@type":"ImageObject","inLanguage":"fr-FR","@id":"https:\/\/www.myzen.tv\/fr\/#\/schema\/logo\/image\/","url":"https:\/\/www.myzen.tv\/wp-content\/uploads\/2021\/05\/cropped-ICON_MZtv-LOGO_firetv640-1-1.png","contentUrl":"https:\/\/www.myzen.tv\/wp-content\/uploads\/2021\/05\/cropped-ICON_MZtv-LOGO_firetv640-1-1.png","width":512,"height":512,"caption":"MyZen TV"},"image":{"@id":"https:\/\/www.myzen.tv\/fr\/#\/schema\/logo\/image\/"},"sameAs":["https:\/\/www.facebook.com\/myzen.tv.fr\/","https:\/\/www.instagram.com\/myzentv\/"]},{"@type":"Person","@id":"https:\/\/www.myzen.tv\/fr\/#\/schema\/person\/60c38aefd5fdad55ca411a73751f70bb","name":"Gabrielle Cattier","url":"https:\/\/www.myzen.tv\/fr\/author\/gabrielle-cattier\/"}]}},"_links":{"self":[{"href":"https:\/\/www.myzen.tv\/fr\/wp-json\/wp\/v2\/posts\/1685936","targetHints":{"allow":["GET"]}}],"collection":[{"href":"https:\/\/www.myzen.tv\/fr\/wp-json\/wp\/v2\/posts"}],"about":[{"href":"https:\/\/www.myzen.tv\/fr\/wp-json\/wp\/v2\/types\/post"}],"author":[{"embeddable":true,"href":"https:\/\/www.myzen.tv\/fr\/wp-json\/wp\/v2\/users\/12"}],"replies":[{"embeddable":true,"href":"https:\/\/www.myzen.tv\/fr\/wp-json\/wp\/v2\/comments?post=1685936"}],"version-history":[{"count":6,"href":"https:\/\/www.myzen.tv\/fr\/wp-json\/wp\/v2\/posts\/1685936\/revisions"}],"predecessor-version":[{"id":1686940,"href":"https:\/\/www.myzen.tv\/fr\/wp-json\/wp\/v2\/posts\/1685936\/revisions\/1686940"}],"wp:featuredmedia":[{"embeddable":true,"href":"https:\/\/www.myzen.tv\/fr\/wp-json\/wp\/v2\/media\/1685938"}],"wp:attachment":[{"href":"https:\/\/www.myzen.tv\/fr\/wp-json\/wp\/v2\/media?parent=1685936"}],"wp:term":[{"taxonomy":"category","embeddable":true,"href":"https:\/\/www.myzen.tv\/fr\/wp-json\/wp\/v2\/categories?post=1685936"},{"taxonomy":"post_tag","embeddable":true,"href":"https:\/\/www.myzen.tv\/fr\/wp-json\/wp\/v2\/tags?post=1685936"},{"taxonomy":"group","embeddable":true,"href":"https:\/\/www.myzen.tv\/fr\/wp-json\/wp\/v2\/group?post=1685936"},{"taxonomy":"support","embeddable":true,"href":"https:\/\/www.myzen.tv\/fr\/wp-json\/wp\/v2\/support?post=1685936"}],"curies":[{"name":"wp","href":"https:\/\/api.w.org\/{rel}","templated":true}]}}