{"id":1686529,"date":"2022-06-10T06:00:00","date_gmt":"2022-06-10T06:00:00","guid":{"rendered":"https:\/\/www.myzen.tv\/?p=1686529"},"modified":"2023-03-29T11:48:21","modified_gmt":"2023-03-29T11:48:21","slug":"4-postures-de-yoga-a-faire-au-reveil","status":"publish","type":"post","link":"https:\/\/www.myzen.tv\/fr\/4-postures-de-yoga-a-faire-au-reveil\/","title":{"rendered":"4 postures de yoga \u00e0 faire au r\u00e9veil"},"content":{"rendered":"\n<p>Nous vous avons s\u00e9lectionn\u00e9 <strong>4 postures de yoga<\/strong> \u00e0 faire au r\u00e9veil, afin de commencer la journ\u00e9e du bon pied, de fa\u00e7on <strong>sereine<\/strong> et <strong>positive<\/strong>. Ces 4 postures vont vous permettre de vous \u00e9tirer, <strong>d&rsquo;\u00e9vacuer votre stress et votre fatigue<\/strong>. Une belle fa\u00e7on d&rsquo;avoir un <strong>r\u00e9veil dynamique<\/strong> pour \u00eatre en forme toute la journ\u00e9e. <\/p>\n\n\n\n<h2 class=\"wp-block-heading\">La posture Padmasana <\/h2>\n\n\n\n<figure class=\"wp-block-image size-large\"><img loading=\"lazy\" decoding=\"async\" width=\"879\" height=\"1024\" src=\"https:\/\/www.myzen.tv\/wp-content\/uploads\/2022\/06\/pexels-elina-fairytale-3822583-879x1024.jpg\" alt=\"\" class=\"wp-image-1686546\" srcset=\"https:\/\/www.myzen.tv\/wp-content\/uploads\/2022\/06\/pexels-elina-fairytale-3822583-879x1024.jpg 879w, https:\/\/www.myzen.tv\/wp-content\/uploads\/2022\/06\/pexels-elina-fairytale-3822583-257x300.jpg 257w, https:\/\/www.myzen.tv\/wp-content\/uploads\/2022\/06\/pexels-elina-fairytale-3822583-768x895.jpg 768w, https:\/\/www.myzen.tv\/wp-content\/uploads\/2022\/06\/pexels-elina-fairytale-3822583-1318x1536.jpg 1318w, https:\/\/www.myzen.tv\/wp-content\/uploads\/2022\/06\/pexels-elina-fairytale-3822583-1757x2048.jpg 1757w, https:\/\/www.myzen.tv\/wp-content\/uploads\/2022\/06\/pexels-elina-fairytale-3822583-163x190.jpg 163w, https:\/\/www.myzen.tv\/wp-content\/uploads\/2022\/06\/pexels-elina-fairytale-3822583-120x140.jpg 120w, https:\/\/www.myzen.tv\/wp-content\/uploads\/2022\/06\/pexels-elina-fairytale-3822583-305x355.jpg 305w\" sizes=\"auto, (max-width: 879px) 100vw, 879px\" \/><\/figure>\n\n\n\n<p>Cette position permet <strong>d\u2019\u00e9tirer les hanches<\/strong>, la <strong>colonne vert\u00e9brale<\/strong> et les <strong>\u00e9paules<\/strong>.&nbsp;<\/p>\n\n\n\n<h2 class=\"wp-block-heading\">La posture Uttanasana<\/h2>\n\n\n\n<figure class=\"wp-block-image size-large\"><img loading=\"lazy\" decoding=\"async\" width=\"1024\" height=\"948\" src=\"https:\/\/www.myzen.tv\/wp-content\/uploads\/2022\/06\/pexels-elina-fairytale-3822088-1024x948.jpg\" alt=\"\" class=\"wp-image-1686540\" srcset=\"https:\/\/www.myzen.tv\/wp-content\/uploads\/2022\/06\/pexels-elina-fairytale-3822088-1024x948.jpg 1024w, https:\/\/www.myzen.tv\/wp-content\/uploads\/2022\/06\/pexels-elina-fairytale-3822088-300x278.jpg 300w, https:\/\/www.myzen.tv\/wp-content\/uploads\/2022\/06\/pexels-elina-fairytale-3822088-768x711.jpg 768w, https:\/\/www.myzen.tv\/wp-content\/uploads\/2022\/06\/pexels-elina-fairytale-3822088-1536x1422.jpg 1536w, https:\/\/www.myzen.tv\/wp-content\/uploads\/2022\/06\/pexels-elina-fairytale-3822088-2048x1896.jpg 2048w, https:\/\/www.myzen.tv\/wp-content\/uploads\/2022\/06\/pexels-elina-fairytale-3822088-205x190.jpg 205w, https:\/\/www.myzen.tv\/wp-content\/uploads\/2022\/06\/pexels-elina-fairytale-3822088-151x140.jpg 151w, https:\/\/www.myzen.tv\/wp-content\/uploads\/2022\/06\/pexels-elina-fairytale-3822088-383x355.jpg 383w\" sizes=\"auto, (max-width: 1024px) 100vw, 1024px\" \/><\/figure>\n\n\n\n<p>Aussi appel\u00e9e \u00ab&nbsp;<em>La pince debout<\/em>&nbsp;\u00bb, cette position perme<strong>t d\u2019\u00e9tirer le dos<\/strong> et <strong>l\u2019arri\u00e8re des<\/strong> <strong>jambes<\/strong>. Elle vient \u00e9vacuer les tensions accumul\u00e9es dans le corps, et permet d\u2019oxyg\u00e9ner le cerveau car vous avez la t\u00eate en bas.&nbsp;<\/p>\n\n\n\n<h2 class=\"wp-block-heading\">La posture Balasana<\/h2>\n\n\n\n<figure class=\"wp-block-image size-large\"><img loading=\"lazy\" decoding=\"async\" width=\"1024\" height=\"683\" src=\"https:\/\/www.myzen.tv\/wp-content\/uploads\/2022\/06\/pexels-elina-fairytale-3822164-1-1024x683.jpg\" alt=\"\" class=\"wp-image-1686542\" srcset=\"https:\/\/www.myzen.tv\/wp-content\/uploads\/2022\/06\/pexels-elina-fairytale-3822164-1-1024x683.jpg 1024w, https:\/\/www.myzen.tv\/wp-content\/uploads\/2022\/06\/pexels-elina-fairytale-3822164-1-300x200.jpg 300w, https:\/\/www.myzen.tv\/wp-content\/uploads\/2022\/06\/pexels-elina-fairytale-3822164-1-768x512.jpg 768w, https:\/\/www.myzen.tv\/wp-content\/uploads\/2022\/06\/pexels-elina-fairytale-3822164-1-1536x1024.jpg 1536w, https:\/\/www.myzen.tv\/wp-content\/uploads\/2022\/06\/pexels-elina-fairytale-3822164-1-2048x1365.jpg 2048w, https:\/\/www.myzen.tv\/wp-content\/uploads\/2022\/06\/pexels-elina-fairytale-3822164-1-285x190.jpg 285w, https:\/\/www.myzen.tv\/wp-content\/uploads\/2022\/06\/pexels-elina-fairytale-3822164-1-210x140.jpg 210w, https:\/\/www.myzen.tv\/wp-content\/uploads\/2022\/06\/pexels-elina-fairytale-3822164-1-533x355.jpg 533w\" sizes=\"auto, (max-width: 1024px) 100vw, 1024px\" \/><\/figure>\n\n\n\n<p>La <a href=\"https:\/\/www.myzen.tv\/fr\/5-postures-de-yoga-pour-bien-dormir\/\">posture de l\u2019enfant<\/a> va permettre<strong> d\u2019\u00e9tirer le bas de votre dos <\/strong>ainsi que vos <strong>cuisses<\/strong>. Elle est \u00e9galement b\u00e9n\u00e9fique pour l\u2019appareil digestif car elle va stimuler, tonifier et masser vos organes.&nbsp;<\/p>\n\n\n\n<h2 class=\"wp-block-heading\">La posture Adho Mukha Svanasana<\/h2>\n\n\n\n<figure class=\"wp-block-image size-large\"><img loading=\"lazy\" decoding=\"async\" width=\"1024\" height=\"683\" src=\"https:\/\/www.myzen.tv\/wp-content\/uploads\/2022\/06\/pexels-elina-fairytale-3822118-1024x683.jpg\" alt=\"\" class=\"wp-image-1686544\" srcset=\"https:\/\/www.myzen.tv\/wp-content\/uploads\/2022\/06\/pexels-elina-fairytale-3822118-1024x683.jpg 1024w, https:\/\/www.myzen.tv\/wp-content\/uploads\/2022\/06\/pexels-elina-fairytale-3822118-300x200.jpg 300w, https:\/\/www.myzen.tv\/wp-content\/uploads\/2022\/06\/pexels-elina-fairytale-3822118-768x512.jpg 768w, https:\/\/www.myzen.tv\/wp-content\/uploads\/2022\/06\/pexels-elina-fairytale-3822118-1536x1024.jpg 1536w, https:\/\/www.myzen.tv\/wp-content\/uploads\/2022\/06\/pexels-elina-fairytale-3822118-2048x1365.jpg 2048w, https:\/\/www.myzen.tv\/wp-content\/uploads\/2022\/06\/pexels-elina-fairytale-3822118-285x190.jpg 285w, https:\/\/www.myzen.tv\/wp-content\/uploads\/2022\/06\/pexels-elina-fairytale-3822118-210x140.jpg 210w, https:\/\/www.myzen.tv\/wp-content\/uploads\/2022\/06\/pexels-elina-fairytale-3822118-533x355.jpg 533w\" sizes=\"auto, (max-width: 1024px) 100vw, 1024px\" \/><\/figure>\n\n\n\n<p>Le chien t\u00eate en bas permet <strong>d\u2019\u00e9tirer le dos<\/strong>, les <strong>\u00e9paules<\/strong> et la <strong>colonne vert\u00e9brale<\/strong>.&nbsp;<\/p>\n\n\n\n<p>Alors, que pensez-vous de ces postures de yoga \u00e0 faire au r\u00e9veil ? Retrouvez tous nos programmes d\u00e9di\u00e9s au yoga sur notre <a href=\"https:\/\/watch.myzen.tv\/\" target=\"_blank\" rel=\"noreferrer noopener\">plateforme de streaming MyZen TV<\/a>. <\/p>\n","protected":false},"excerpt":{"rendered":"<p>Nous vous avons s\u00e9lectionn\u00e9 4 postures de yoga \u00e0 faire au r\u00e9veil, afin de commencer la journ\u00e9e du bon pied, de fa\u00e7on sereine et positive. Ces 4 postures vont vous permettre de vous \u00e9tirer, d&rsquo;\u00e9vacuer votre stress et votre fatigue. Une belle fa\u00e7on d&rsquo;avoir un r\u00e9veil dynamique pour \u00eatre en forme toute la journ\u00e9e. La [&hellip;]<\/p>\n","protected":false},"author":12,"featured_media":1686535,"comment_status":"closed","ping_status":"closed","sticky":false,"template":"","format":"standard","meta":{"episode_type":"","audio_file":"","cover_image":"","cover_image_id":"","duration":"","filesize":"","date_recorded":"","explicit":"","block":"","itunes_episode_number":"","itunes_title":"","itunes_season_number":"","itunes_episode_type":"","filesize_raw":"","footnotes":""},"categories":[9],"tags":[129,1186,710,60],"group":[319,315],"support":[],"class_list":["post-1686529","post","type-post","status-publish","format-standard","has-post-thumbnail","hentry","category-body-and-soul","tag-bien-etre","tag-morning-routine","tag-reveil","tag-yoga","group-bien-etre-sante","group-remise-en-forme"],"yoast_head":"<!-- This site is optimized with the Yoast SEO plugin v24.0 - https:\/\/yoast.com\/wordpress\/plugins\/seo\/ -->\n<title>4 postures de yoga \u00e0 faire au r\u00e9veil - MyZen TV<\/title>\n<meta name=\"description\" content=\"Aujourd&#039;hui , MyZen TV vous a s\u00e9lectionn\u00e9 4 postures de yoga \u00e0 faire au r\u00e9veil et \u00e0 int\u00e9grer \u00e0 votre routine matinale.\" \/>\n<meta name=\"robots\" content=\"index, follow, max-snippet:-1, max-image-preview:large, max-video-preview:-1\" \/>\n<link rel=\"canonical\" href=\"https:\/\/www.myzen.tv\/fr\/4-postures-de-yoga-a-faire-au-reveil\/\" \/>\n<meta property=\"og:locale\" content=\"fr_FR\" \/>\n<meta property=\"og:type\" content=\"article\" \/>\n<meta property=\"og:title\" content=\"4 postures de yoga \u00e0 faire au r\u00e9veil - MyZen TV\" \/>\n<meta property=\"og:description\" content=\"Aujourd&#039;hui , MyZen TV vous a s\u00e9lectionn\u00e9 4 postures de yoga \u00e0 faire au r\u00e9veil et \u00e0 int\u00e9grer \u00e0 votre routine matinale.\" \/>\n<meta property=\"og:url\" content=\"https:\/\/www.myzen.tv\/fr\/4-postures-de-yoga-a-faire-au-reveil\/\" \/>\n<meta property=\"og:site_name\" content=\"MyZen TV\" \/>\n<meta property=\"article:publisher\" content=\"https:\/\/www.facebook.com\/myzen.tv.fr\/\" \/>\n<meta property=\"article:published_time\" content=\"2022-06-10T06:00:00+00:00\" \/>\n<meta property=\"article:modified_time\" content=\"2023-03-29T11:48:21+00:00\" \/>\n<meta property=\"og:image\" content=\"https:\/\/www.myzen.tv\/wp-content\/uploads\/2022\/06\/pexels-andrea-piacquadio-3791634-scaled.jpg\" \/>\n\t<meta property=\"og:image:width\" content=\"2560\" \/>\n\t<meta property=\"og:image:height\" content=\"1707\" \/>\n\t<meta property=\"og:image:type\" content=\"image\/jpeg\" \/>\n<meta name=\"author\" content=\"Gabrielle Cattier\" \/>\n<meta name=\"twitter:card\" content=\"summary_large_image\" \/>\n<meta name=\"twitter:label1\" content=\"\u00c9crit par\" \/>\n\t<meta name=\"twitter:data1\" content=\"Gabrielle Cattier\" \/>\n\t<meta name=\"twitter:label2\" content=\"Dur\u00e9e de lecture estim\u00e9e\" \/>\n\t<meta name=\"twitter:data2\" content=\"2 minutes\" \/>\n<!-- \/ Yoast SEO plugin. -->","yoast_head_json":{"title":"4 postures de yoga \u00e0 faire au r\u00e9veil - MyZen TV","description":"Aujourd'hui , MyZen TV vous a s\u00e9lectionn\u00e9 4 postures de yoga \u00e0 faire au r\u00e9veil et \u00e0 int\u00e9grer \u00e0 votre routine matinale.","robots":{"index":"index","follow":"follow","max-snippet":"max-snippet:-1","max-image-preview":"max-image-preview:large","max-video-preview":"max-video-preview:-1"},"canonical":"https:\/\/www.myzen.tv\/fr\/4-postures-de-yoga-a-faire-au-reveil\/","og_locale":"fr_FR","og_type":"article","og_title":"4 postures de yoga \u00e0 faire au r\u00e9veil - MyZen TV","og_description":"Aujourd'hui , MyZen TV vous a s\u00e9lectionn\u00e9 4 postures de yoga \u00e0 faire au r\u00e9veil et \u00e0 int\u00e9grer \u00e0 votre routine matinale.","og_url":"https:\/\/www.myzen.tv\/fr\/4-postures-de-yoga-a-faire-au-reveil\/","og_site_name":"MyZen TV","article_publisher":"https:\/\/www.facebook.com\/myzen.tv.fr\/","article_published_time":"2022-06-10T06:00:00+00:00","article_modified_time":"2023-03-29T11:48:21+00:00","og_image":[{"width":2560,"height":1707,"url":"https:\/\/www.myzen.tv\/wp-content\/uploads\/2022\/06\/pexels-andrea-piacquadio-3791634-scaled.jpg","type":"image\/jpeg"}],"author":"Gabrielle Cattier","twitter_card":"summary_large_image","twitter_misc":{"\u00c9crit par":"Gabrielle Cattier","Dur\u00e9e de lecture estim\u00e9e":"2 minutes"},"schema":{"@context":"https:\/\/schema.org","@graph":[{"@type":"Article","@id":"https:\/\/www.myzen.tv\/fr\/4-postures-de-yoga-a-faire-au-reveil\/#article","isPartOf":{"@id":"https:\/\/www.myzen.tv\/fr\/4-postures-de-yoga-a-faire-au-reveil\/"},"author":{"name":"Gabrielle Cattier","@id":"https:\/\/www.myzen.tv\/fr\/#\/schema\/person\/60c38aefd5fdad55ca411a73751f70bb"},"headline":"4 postures de yoga \u00e0 faire au r\u00e9veil","datePublished":"2022-06-10T06:00:00+00:00","dateModified":"2023-03-29T11:48:21+00:00","mainEntityOfPage":{"@id":"https:\/\/www.myzen.tv\/fr\/4-postures-de-yoga-a-faire-au-reveil\/"},"wordCount":227,"publisher":{"@id":"https:\/\/www.myzen.tv\/fr\/#organization"},"image":{"@id":"https:\/\/www.myzen.tv\/fr\/4-postures-de-yoga-a-faire-au-reveil\/#primaryimage"},"thumbnailUrl":"https:\/\/www.myzen.tv\/wp-content\/uploads\/2022\/06\/pexels-andrea-piacquadio-3791634-scaled.jpg","keywords":["bien-\u00eatre","morning routine","r\u00e9veil","Yoga"],"articleSection":["Body &amp; soul"],"inLanguage":"fr-FR"},{"@type":"WebPage","@id":"https:\/\/www.myzen.tv\/fr\/4-postures-de-yoga-a-faire-au-reveil\/","url":"https:\/\/www.myzen.tv\/fr\/4-postures-de-yoga-a-faire-au-reveil\/","name":"4 postures de yoga \u00e0 faire au r\u00e9veil - MyZen TV","isPartOf":{"@id":"https:\/\/www.myzen.tv\/fr\/#website"},"primaryImageOfPage":{"@id":"https:\/\/www.myzen.tv\/fr\/4-postures-de-yoga-a-faire-au-reveil\/#primaryimage"},"image":{"@id":"https:\/\/www.myzen.tv\/fr\/4-postures-de-yoga-a-faire-au-reveil\/#primaryimage"},"thumbnailUrl":"https:\/\/www.myzen.tv\/wp-content\/uploads\/2022\/06\/pexels-andrea-piacquadio-3791634-scaled.jpg","datePublished":"2022-06-10T06:00:00+00:00","dateModified":"2023-03-29T11:48:21+00:00","description":"Aujourd'hui , MyZen TV vous a s\u00e9lectionn\u00e9 4 postures de yoga \u00e0 faire au r\u00e9veil et \u00e0 int\u00e9grer \u00e0 votre routine matinale.","breadcrumb":{"@id":"https:\/\/www.myzen.tv\/fr\/4-postures-de-yoga-a-faire-au-reveil\/#breadcrumb"},"inLanguage":"fr-FR","potentialAction":[{"@type":"ReadAction","target":["https:\/\/www.myzen.tv\/fr\/4-postures-de-yoga-a-faire-au-reveil\/"]}]},{"@type":"ImageObject","inLanguage":"fr-FR","@id":"https:\/\/www.myzen.tv\/fr\/4-postures-de-yoga-a-faire-au-reveil\/#primaryimage","url":"https:\/\/www.myzen.tv\/wp-content\/uploads\/2022\/06\/pexels-andrea-piacquadio-3791634-scaled.jpg","contentUrl":"https:\/\/www.myzen.tv\/wp-content\/uploads\/2022\/06\/pexels-andrea-piacquadio-3791634-scaled.jpg","width":2560,"height":1707},{"@type":"BreadcrumbList","@id":"https:\/\/www.myzen.tv\/fr\/4-postures-de-yoga-a-faire-au-reveil\/#breadcrumb","itemListElement":[{"@type":"ListItem","position":1,"name":"Home","item":"https:\/\/www.myzen.tv\/fr\/"},{"@type":"ListItem","position":2,"name":"Fitness et Yoga","item":"https:\/\/www.myzen.tv\/fr\/theme\/remise-en-forme\/"},{"@type":"ListItem","position":3,"name":"4 postures de yoga \u00e0 faire au r\u00e9veil"}]},{"@type":"WebSite","@id":"https:\/\/www.myzen.tv\/fr\/#website","url":"https:\/\/www.myzen.tv\/fr\/","name":"MyZen TV","description":"Your lifestyle and well-being channel","publisher":{"@id":"https:\/\/www.myzen.tv\/fr\/#organization"},"potentialAction":[{"@type":"SearchAction","target":{"@type":"EntryPoint","urlTemplate":"https:\/\/www.myzen.tv\/fr\/?s={search_term_string}"},"query-input":{"@type":"PropertyValueSpecification","valueRequired":true,"valueName":"search_term_string"}}],"inLanguage":"fr-FR"},{"@type":"Organization","@id":"https:\/\/www.myzen.tv\/fr\/#organization","name":"MyZen TV","url":"https:\/\/www.myzen.tv\/fr\/","logo":{"@type":"ImageObject","inLanguage":"fr-FR","@id":"https:\/\/www.myzen.tv\/fr\/#\/schema\/logo\/image\/","url":"https:\/\/www.myzen.tv\/wp-content\/uploads\/2021\/05\/cropped-ICON_MZtv-LOGO_firetv640-1-1.png","contentUrl":"https:\/\/www.myzen.tv\/wp-content\/uploads\/2021\/05\/cropped-ICON_MZtv-LOGO_firetv640-1-1.png","width":512,"height":512,"caption":"MyZen TV"},"image":{"@id":"https:\/\/www.myzen.tv\/fr\/#\/schema\/logo\/image\/"},"sameAs":["https:\/\/www.facebook.com\/myzen.tv.fr\/","https:\/\/www.instagram.com\/myzentv\/"]},{"@type":"Person","@id":"https:\/\/www.myzen.tv\/fr\/#\/schema\/person\/60c38aefd5fdad55ca411a73751f70bb","name":"Gabrielle Cattier","url":"https:\/\/www.myzen.tv\/fr\/author\/gabrielle-cattier\/"}]}},"_links":{"self":[{"href":"https:\/\/www.myzen.tv\/fr\/wp-json\/wp\/v2\/posts\/1686529","targetHints":{"allow":["GET"]}}],"collection":[{"href":"https:\/\/www.myzen.tv\/fr\/wp-json\/wp\/v2\/posts"}],"about":[{"href":"https:\/\/www.myzen.tv\/fr\/wp-json\/wp\/v2\/types\/post"}],"author":[{"embeddable":true,"href":"https:\/\/www.myzen.tv\/fr\/wp-json\/wp\/v2\/users\/12"}],"replies":[{"embeddable":true,"href":"https:\/\/www.myzen.tv\/fr\/wp-json\/wp\/v2\/comments?post=1686529"}],"version-history":[{"count":6,"href":"https:\/\/www.myzen.tv\/fr\/wp-json\/wp\/v2\/posts\/1686529\/revisions"}],"predecessor-version":[{"id":1698643,"href":"https:\/\/www.myzen.tv\/fr\/wp-json\/wp\/v2\/posts\/1686529\/revisions\/1698643"}],"wp:featuredmedia":[{"embeddable":true,"href":"https:\/\/www.myzen.tv\/fr\/wp-json\/wp\/v2\/media\/1686535"}],"wp:attachment":[{"href":"https:\/\/www.myzen.tv\/fr\/wp-json\/wp\/v2\/media?parent=1686529"}],"wp:term":[{"taxonomy":"category","embeddable":true,"href":"https:\/\/www.myzen.tv\/fr\/wp-json\/wp\/v2\/categories?post=1686529"},{"taxonomy":"post_tag","embeddable":true,"href":"https:\/\/www.myzen.tv\/fr\/wp-json\/wp\/v2\/tags?post=1686529"},{"taxonomy":"group","embeddable":true,"href":"https:\/\/www.myzen.tv\/fr\/wp-json\/wp\/v2\/group?post=1686529"},{"taxonomy":"support","embeddable":true,"href":"https:\/\/www.myzen.tv\/fr\/wp-json\/wp\/v2\/support?post=1686529"}],"curies":[{"name":"wp","href":"https:\/\/api.w.org\/{rel}","templated":true}]}}