{"id":1687135,"date":"2022-06-27T06:00:00","date_gmt":"2022-06-27T06:00:00","guid":{"rendered":"https:\/\/www.myzen.tv\/?p=1687135"},"modified":"2022-06-23T13:12:40","modified_gmt":"2022-06-23T13:12:40","slug":"8-gestes-a-appliquer-dans-sa-salle-de-bain","status":"publish","type":"post","link":"https:\/\/www.myzen.tv\/fr\/8-gestes-a-appliquer-dans-sa-salle-de-bain\/","title":{"rendered":"8 gestes \u00e0 appliquer dans sa salle de bain pour prot\u00e9ger la plan\u00e8te"},"content":{"rendered":"\n<p>Apr\u00e8s nos conseils sur <a href=\"https:\/\/www.myzen.tv\/fr\/10-gestes-ecologiques-simples-a-appliquer-dans-la-cuisine-pour-proteger-la-planete\">les gestes simples \u00e0 appliquer dans sa cuisine pour prot\u00e9ger la plan\u00e8te<\/a><strong><em>,<\/em><\/strong> place aux conseils \u00e0 appliquer dans votre salle de bain. En effet, la salle de bain compte parmi les pi\u00e8ces de la maison qui pollue le plus. <strong>MyZen TV<\/strong> vous propose donc aujourd\u2019hui ses <strong>8 conseils \u00e9colos pour la salle de bain afin de prot\u00e9ger la plan\u00e8te<\/strong>. <\/p>\n\n\n\n<h2 class=\"wp-block-heading\">1. Utiliser une brosse \u00e0 dents en bambou <\/h2>\n\n\n\n<figure class=\"wp-block-image size-large\"><img loading=\"lazy\" decoding=\"async\" width=\"1024\" height=\"962\" src=\"https:\/\/www.myzen.tv\/wp-content\/uploads\/2022\/06\/sara-groblechner-7TgbRVEYdYY-unsplash-1024x962.jpg\" alt=\"\" class=\"wp-image-1687153\" srcset=\"https:\/\/www.myzen.tv\/wp-content\/uploads\/2022\/06\/sara-groblechner-7TgbRVEYdYY-unsplash-1024x962.jpg 1024w, https:\/\/www.myzen.tv\/wp-content\/uploads\/2022\/06\/sara-groblechner-7TgbRVEYdYY-unsplash-300x282.jpg 300w, https:\/\/www.myzen.tv\/wp-content\/uploads\/2022\/06\/sara-groblechner-7TgbRVEYdYY-unsplash-768x721.jpg 768w, https:\/\/www.myzen.tv\/wp-content\/uploads\/2022\/06\/sara-groblechner-7TgbRVEYdYY-unsplash-1536x1442.jpg 1536w, https:\/\/www.myzen.tv\/wp-content\/uploads\/2022\/06\/sara-groblechner-7TgbRVEYdYY-unsplash-2048x1923.jpg 2048w, https:\/\/www.myzen.tv\/wp-content\/uploads\/2022\/06\/sara-groblechner-7TgbRVEYdYY-unsplash-202x190.jpg 202w, https:\/\/www.myzen.tv\/wp-content\/uploads\/2022\/06\/sara-groblechner-7TgbRVEYdYY-unsplash-149x140.jpg 149w, https:\/\/www.myzen.tv\/wp-content\/uploads\/2022\/06\/sara-groblechner-7TgbRVEYdYY-unsplash-378x355.jpg 378w\" sizes=\"auto, (max-width: 1024px) 100vw, 1024px\" \/><\/figure>\n\n\n\n<p>Le premier geste \u00e9cologique que nous vous proposons est de remplacer votre brosse \u00e0 dents classique par une brosse \u00e0 dents en bambou. En effet, les brosses \u00e0 dents en plastique ne sont pas recyclables. Quant au bambou, c\u2019est une mati\u00e8re premi\u00e8re recyclable, qui ne n\u00e9cessite que peu d\u2019eau et pas de pesticide pour \u00eatre cultiv\u00e9. De plus, une fois us\u00e9e, vous pourrez mettre le manche de la brosse \u00e0 dents dans votre compost. Enfin, n\u2019h\u00e9sitez pas \u00e0 \u00e9galement troquer votre dentifrice classique contre un dentifrice solide achet\u00e9 en boutique \u00e9co-responsable.  <\/p>\n\n\n\n<h2 class=\"wp-block-heading\">2. Banir les cotons jetables ! Vive les cotons lavables <\/h2>\n\n\n\n<figure class=\"wp-block-image size-large\"><img loading=\"lazy\" decoding=\"async\" width=\"1024\" height=\"683\" src=\"https:\/\/www.myzen.tv\/wp-content\/uploads\/2022\/06\/ecopanda-cklPUTpgbI4-unsplash-1024x683.jpg\" alt=\"\" class=\"wp-image-1687156\" srcset=\"https:\/\/www.myzen.tv\/wp-content\/uploads\/2022\/06\/ecopanda-cklPUTpgbI4-unsplash-1024x683.jpg 1024w, https:\/\/www.myzen.tv\/wp-content\/uploads\/2022\/06\/ecopanda-cklPUTpgbI4-unsplash-300x200.jpg 300w, https:\/\/www.myzen.tv\/wp-content\/uploads\/2022\/06\/ecopanda-cklPUTpgbI4-unsplash-768x512.jpg 768w, https:\/\/www.myzen.tv\/wp-content\/uploads\/2022\/06\/ecopanda-cklPUTpgbI4-unsplash-1536x1024.jpg 1536w, https:\/\/www.myzen.tv\/wp-content\/uploads\/2022\/06\/ecopanda-cklPUTpgbI4-unsplash-2048x1365.jpg 2048w, https:\/\/www.myzen.tv\/wp-content\/uploads\/2022\/06\/ecopanda-cklPUTpgbI4-unsplash-285x190.jpg 285w, https:\/\/www.myzen.tv\/wp-content\/uploads\/2022\/06\/ecopanda-cklPUTpgbI4-unsplash-210x140.jpg 210w, https:\/\/www.myzen.tv\/wp-content\/uploads\/2022\/06\/ecopanda-cklPUTpgbI4-unsplash-533x355.jpg 533w\" sizes=\"auto, (max-width: 1024px) 100vw, 1024px\" \/><\/figure>\n\n\n\n<p>Que cela soit pour vous d\u00e9maquiller ou appliquer des produits, il existe d\u00e9sormais des cotons lavables et r\u00e9utilisables en coton biologique. En effet, les disques de coton classiques sont tr\u00e8s polluant pour la plan\u00e8te puisque la culture du coton demande \u00e9norm\u00e9ment de ressources environnementales. Les cotons lavables s\u2019utilisent comme des cotons classiques, il suffit de les passer \u00e0 la machine \u00e0 laver. <\/p>\n\n\n\n<h2 class=\"wp-block-heading\">3. Troquer son gel douche contre un savon solide <\/h2>\n\n\n\n<figure class=\"wp-block-image size-large\"><img loading=\"lazy\" decoding=\"async\" width=\"1024\" height=\"683\" src=\"https:\/\/www.myzen.tv\/wp-content\/uploads\/2022\/06\/aurelia-dubois-6J0MUsmS4fQ-unsplash-1024x683.jpg\" alt=\"\" class=\"wp-image-1687158\" srcset=\"https:\/\/www.myzen.tv\/wp-content\/uploads\/2022\/06\/aurelia-dubois-6J0MUsmS4fQ-unsplash-1024x683.jpg 1024w, https:\/\/www.myzen.tv\/wp-content\/uploads\/2022\/06\/aurelia-dubois-6J0MUsmS4fQ-unsplash-300x200.jpg 300w, https:\/\/www.myzen.tv\/wp-content\/uploads\/2022\/06\/aurelia-dubois-6J0MUsmS4fQ-unsplash-768x512.jpg 768w, https:\/\/www.myzen.tv\/wp-content\/uploads\/2022\/06\/aurelia-dubois-6J0MUsmS4fQ-unsplash-1536x1024.jpg 1536w, https:\/\/www.myzen.tv\/wp-content\/uploads\/2022\/06\/aurelia-dubois-6J0MUsmS4fQ-unsplash-2048x1366.jpg 2048w, https:\/\/www.myzen.tv\/wp-content\/uploads\/2022\/06\/aurelia-dubois-6J0MUsmS4fQ-unsplash-285x190.jpg 285w, https:\/\/www.myzen.tv\/wp-content\/uploads\/2022\/06\/aurelia-dubois-6J0MUsmS4fQ-unsplash-210x140.jpg 210w, https:\/\/www.myzen.tv\/wp-content\/uploads\/2022\/06\/aurelia-dubois-6J0MUsmS4fQ-unsplash-532x355.jpg 532w\" sizes=\"auto, (max-width: 1024px) 100vw, 1024px\" \/><\/figure>\n\n\n\n<p>Beaucoup plus \u00e9conomiques et durable, les savons solides ont tout pour plaire. De plus, ils sont souvent plus hydratants et plus doux pour la peau. Il existe \u00e9galement des savons solides sp\u00e9cial visage et m\u00eame des shampoings et apr\u00e8s-shampoings solides ! Pr\u00e9f\u00e9rez ceux vendus sans emballages superflus, un geste de plus pour la protection de la plan\u00e8te.  <\/p>\n\n\n\n<h2 class=\"wp-block-heading\">4. Fabriquer des produits cosm\u00e9tiques soi-m\u00eame <\/h2>\n\n\n\n<figure class=\"wp-block-image size-large\"><img loading=\"lazy\" decoding=\"async\" width=\"1024\" height=\"683\" src=\"https:\/\/www.myzen.tv\/wp-content\/uploads\/2022\/06\/diana-light-pBBxMUCgwuU-unsplash-1024x683.jpg\" alt=\"\" class=\"wp-image-1687160\" srcset=\"https:\/\/www.myzen.tv\/wp-content\/uploads\/2022\/06\/diana-light-pBBxMUCgwuU-unsplash-1024x683.jpg 1024w, https:\/\/www.myzen.tv\/wp-content\/uploads\/2022\/06\/diana-light-pBBxMUCgwuU-unsplash-300x200.jpg 300w, https:\/\/www.myzen.tv\/wp-content\/uploads\/2022\/06\/diana-light-pBBxMUCgwuU-unsplash-768x512.jpg 768w, https:\/\/www.myzen.tv\/wp-content\/uploads\/2022\/06\/diana-light-pBBxMUCgwuU-unsplash-1536x1024.jpg 1536w, https:\/\/www.myzen.tv\/wp-content\/uploads\/2022\/06\/diana-light-pBBxMUCgwuU-unsplash-2048x1365.jpg 2048w, https:\/\/www.myzen.tv\/wp-content\/uploads\/2022\/06\/diana-light-pBBxMUCgwuU-unsplash-285x190.jpg 285w, https:\/\/www.myzen.tv\/wp-content\/uploads\/2022\/06\/diana-light-pBBxMUCgwuU-unsplash-210x140.jpg 210w, https:\/\/www.myzen.tv\/wp-content\/uploads\/2022\/06\/diana-light-pBBxMUCgwuU-unsplash-532x355.jpg 532w\" sizes=\"auto, (max-width: 1024px) 100vw, 1024px\" \/><\/figure>\n\n\n\n<p>Si vous en avez le temps et l\u2019envie, vous pouvez tout \u00e0 fait fabriquer vos produits cosm\u00e9tiques et de soin vous m\u00eame, avec des produits naturels. Il existe des centaines de recettes sur internet et m\u00eame des kits avec tout le n\u00e9cessaire dans certaines boutiques \u00e9co-responsables. L\u2019avantage est de pouvoir conna\u00eetre et choisir tous les produits qui composent vos cosm\u00e9tiques. <\/p>\n\n\n\n<h2 class=\"wp-block-heading\">5. Pr\u00e9f\u00e9rer les douches aux bains <\/h2>\n\n\n\n<figure class=\"wp-block-image size-large\"><img loading=\"lazy\" decoding=\"async\" width=\"858\" height=\"1024\" src=\"https:\/\/www.myzen.tv\/wp-content\/uploads\/2022\/06\/pexels-anna-tarazevich-5846882-1-858x1024.jpg\" alt=\"\" class=\"wp-image-1687166\" srcset=\"https:\/\/www.myzen.tv\/wp-content\/uploads\/2022\/06\/pexels-anna-tarazevich-5846882-1-858x1024.jpg 858w, https:\/\/www.myzen.tv\/wp-content\/uploads\/2022\/06\/pexels-anna-tarazevich-5846882-1-251x300.jpg 251w, https:\/\/www.myzen.tv\/wp-content\/uploads\/2022\/06\/pexels-anna-tarazevich-5846882-1-768x916.jpg 768w, https:\/\/www.myzen.tv\/wp-content\/uploads\/2022\/06\/pexels-anna-tarazevich-5846882-1-1288x1536.jpg 1288w, https:\/\/www.myzen.tv\/wp-content\/uploads\/2022\/06\/pexels-anna-tarazevich-5846882-1-1717x2048.jpg 1717w, https:\/\/www.myzen.tv\/wp-content\/uploads\/2022\/06\/pexels-anna-tarazevich-5846882-1-159x190.jpg 159w, https:\/\/www.myzen.tv\/wp-content\/uploads\/2022\/06\/pexels-anna-tarazevich-5846882-1-117x140.jpg 117w, https:\/\/www.myzen.tv\/wp-content\/uploads\/2022\/06\/pexels-anna-tarazevich-5846882-1-298x355.jpg 298w\" sizes=\"auto, (max-width: 858px) 100vw, 858px\" \/><\/figure>\n\n\n\n<p>Prendre des douches plut\u00f4t que des bains est sans doute le geste \u00e9cologique le plus r\u00e9pandue quand on parle de salle de bain et de protection de la plan\u00e8te. En effet, un bain n\u00e9cessite pr\u00e8s de 150 \u00e0 200 litres d\u2019eau, contrairement \u00e0 une douche d&rsquo;environ 5 minutes qui consomme 30 \u00e0 80 litres d\u2019eau. En plus de la r\u00e9duction de votre impact sur l\u2019environnement, cela va \u00e9galement r\u00e9duire votre facture d\u2019eau et donc vous faire faire des \u00e9conomies. De plus, il faut savoir que la douche n\u2019est pas n\u00e9cessaire tous les jours. Vous pouvez r\u00e9aliser une toilette \u00e0 l\u2019ancienne un jour sur deux. Votre peau vous remerciera ! <\/p>\n\n\n\n<h2 class=\"wp-block-heading\">6. Les toilettes ne sont pas une poubelle<\/h2>\n\n\n\n<figure class=\"wp-block-image size-large\"><img loading=\"lazy\" decoding=\"async\" width=\"1011\" height=\"1024\" src=\"https:\/\/www.myzen.tv\/wp-content\/uploads\/2022\/06\/phil-hearing-U7PitHRnTNU-unsplash-1-1011x1024.jpg\" alt=\"\" class=\"wp-image-1687171\" srcset=\"https:\/\/www.myzen.tv\/wp-content\/uploads\/2022\/06\/phil-hearing-U7PitHRnTNU-unsplash-1-1011x1024.jpg 1011w, https:\/\/www.myzen.tv\/wp-content\/uploads\/2022\/06\/phil-hearing-U7PitHRnTNU-unsplash-1-296x300.jpg 296w, https:\/\/www.myzen.tv\/wp-content\/uploads\/2022\/06\/phil-hearing-U7PitHRnTNU-unsplash-1-768x778.jpg 768w, https:\/\/www.myzen.tv\/wp-content\/uploads\/2022\/06\/phil-hearing-U7PitHRnTNU-unsplash-1-1517x1536.jpg 1517w, https:\/\/www.myzen.tv\/wp-content\/uploads\/2022\/06\/phil-hearing-U7PitHRnTNU-unsplash-1-2022x2048.jpg 2022w, https:\/\/www.myzen.tv\/wp-content\/uploads\/2022\/06\/phil-hearing-U7PitHRnTNU-unsplash-1-188x190.jpg 188w, https:\/\/www.myzen.tv\/wp-content\/uploads\/2022\/06\/phil-hearing-U7PitHRnTNU-unsplash-1-138x140.jpg 138w, https:\/\/www.myzen.tv\/wp-content\/uploads\/2022\/06\/phil-hearing-U7PitHRnTNU-unsplash-1-351x355.jpg 351w\" sizes=\"auto, (max-width: 1011px) 100vw, 1011px\" \/><\/figure>\n\n\n\n<p>Il ne faut jamais jeter autre chose que le papier toilette dans vos toilettes, au risque tout d\u2019abord de les boucher, mais \u00e9galement car cela est tr\u00e8s mauvais pour la plan\u00e8te.  <\/p>\n\n\n\n<h2 class=\"wp-block-heading\">7. Faire sa lessive \u00e0 basse temp\u00e9rature suffit <\/h2>\n\n\n\n<figure class=\"wp-block-image size-large is-resized\"><img loading=\"lazy\" decoding=\"async\" src=\"https:\/\/www.myzen.tv\/wp-content\/uploads\/2022\/06\/pexels-sarah-chai-7282376-1-816x1024.jpg\" alt=\"\" class=\"wp-image-1687180\" width=\"838\" height=\"1052\" srcset=\"https:\/\/www.myzen.tv\/wp-content\/uploads\/2022\/06\/pexels-sarah-chai-7282376-1-816x1024.jpg 816w, https:\/\/www.myzen.tv\/wp-content\/uploads\/2022\/06\/pexels-sarah-chai-7282376-1-239x300.jpg 239w, https:\/\/www.myzen.tv\/wp-content\/uploads\/2022\/06\/pexels-sarah-chai-7282376-1-768x964.jpg 768w, https:\/\/www.myzen.tv\/wp-content\/uploads\/2022\/06\/pexels-sarah-chai-7282376-1-1223x1536.jpg 1223w, https:\/\/www.myzen.tv\/wp-content\/uploads\/2022\/06\/pexels-sarah-chai-7282376-1-1631x2048.jpg 1631w, https:\/\/www.myzen.tv\/wp-content\/uploads\/2022\/06\/pexels-sarah-chai-7282376-1-151x190.jpg 151w, https:\/\/www.myzen.tv\/wp-content\/uploads\/2022\/06\/pexels-sarah-chai-7282376-1-112x140.jpg 112w, https:\/\/www.myzen.tv\/wp-content\/uploads\/2022\/06\/pexels-sarah-chai-7282376-1-283x355.jpg 283w, https:\/\/www.myzen.tv\/wp-content\/uploads\/2022\/06\/pexels-sarah-chai-7282376-1-scaled.jpg 2039w\" sizes=\"auto, (max-width: 838px) 100vw, 838px\" \/><\/figure>\n\n\n\n<p>Faire sa lessive \u00e0 basse temp\u00e9rature suffit pour nettoyer votre linge au quotidien. En effet, 80% de l\u2019\u00e9lectricit\u00e9 utilis\u00e9e pour la machine \u00e0 laver sert \u00e0 chauffer l\u2019eau. De plus, pensez \u00e0 utiliser de la lessive \u00e9co-responsable et respectueuse de l\u2019environnement. Enfin, une astuce \u00e9cologique consiste \u00e0 remplacer votre adoucissant par du vinaigre blanc ! <\/p>\n\n\n\n<h2 class=\"wp-block-heading\">8. Utiliser des produits de nettoyage respectueux de la plan\u00e8te<\/h2>\n\n\n\n<figure class=\"wp-block-gallery columns-1 is-cropped wp-block-gallery-1 is-layout-flex wp-block-gallery-is-layout-flex\"><ul class=\"blocks-gallery-grid\"><li class=\"blocks-gallery-item\"><figure><img loading=\"lazy\" decoding=\"async\" width=\"1024\" height=\"683\" src=\"https:\/\/www.myzen.tv\/wp-content\/uploads\/2022\/06\/brooke-lark-kXQ3J7_2fpc-unsplash-1024x683.jpg\" alt=\"\" data-id=\"1687176\" data-full-url=\"https:\/\/www.myzen.tv\/wp-content\/uploads\/2022\/06\/brooke-lark-kXQ3J7_2fpc-unsplash-scaled.jpg\" data-link=\"https:\/\/www.myzen.tv\/fr\/?attachment_id=1687176\" class=\"wp-image-1687176\" srcset=\"https:\/\/www.myzen.tv\/wp-content\/uploads\/2022\/06\/brooke-lark-kXQ3J7_2fpc-unsplash-1024x683.jpg 1024w, https:\/\/www.myzen.tv\/wp-content\/uploads\/2022\/06\/brooke-lark-kXQ3J7_2fpc-unsplash-300x200.jpg 300w, https:\/\/www.myzen.tv\/wp-content\/uploads\/2022\/06\/brooke-lark-kXQ3J7_2fpc-unsplash-768x512.jpg 768w, https:\/\/www.myzen.tv\/wp-content\/uploads\/2022\/06\/brooke-lark-kXQ3J7_2fpc-unsplash-1536x1024.jpg 1536w, https:\/\/www.myzen.tv\/wp-content\/uploads\/2022\/06\/brooke-lark-kXQ3J7_2fpc-unsplash-2048x1365.jpg 2048w, https:\/\/www.myzen.tv\/wp-content\/uploads\/2022\/06\/brooke-lark-kXQ3J7_2fpc-unsplash-285x190.jpg 285w, https:\/\/www.myzen.tv\/wp-content\/uploads\/2022\/06\/brooke-lark-kXQ3J7_2fpc-unsplash-210x140.jpg 210w, https:\/\/www.myzen.tv\/wp-content\/uploads\/2022\/06\/brooke-lark-kXQ3J7_2fpc-unsplash-533x355.jpg 533w\" sizes=\"auto, (max-width: 1024px) 100vw, 1024px\" \/><\/figure><\/li><\/ul><\/figure>\n\n\n\n<p>Pour avoir une salle de bain propre, il n\u2019est pas n\u00e9cessaire d\u2019utiliser que des produits de nettoyage chimiques. Vous pouvez \u00e9galement remplacer un bon nombre par des produits naturels comme le bicarbonate, le vinaigre blancs, le citron ou encore des huiles essentielles&#8230; Vous pouvez \u00e9galement favoriser les produits biologiques, \u00e9co-responsables certifi\u00e9s par un label. <\/p>\n\n\n\n<p>Retrouvez tous nos conseils bien-\u00eatre, cuisine, yoga ou encore jardinage dans <a href=\"https:\/\/www.myzen.tv\/fr\/actus\/\">nos articles d\u00e9di\u00e9s<\/a>. <\/p>\n","protected":false},"excerpt":{"rendered":"<p>Apr\u00e8s nos conseils sur les gestes simples \u00e0 appliquer dans sa cuisine pour prot\u00e9ger la plan\u00e8te, place aux conseils \u00e0 appliquer dans votre salle de bain. En effet, la salle de bain compte parmi les pi\u00e8ces de la maison qui pollue le plus. MyZen TV vous propose donc aujourd\u2019hui ses 8 conseils \u00e9colos pour la [&hellip;]<\/p>\n","protected":false},"author":12,"featured_media":1687143,"comment_status":"closed","ping_status":"closed","sticky":false,"template":"","format":"standard","meta":{"episode_type":"","audio_file":"","cover_image":"","cover_image_id":"","duration":"","filesize":"","date_recorded":"","explicit":"","block":"","itunes_episode_number":"","itunes_title":"","itunes_season_number":"","itunes_episode_type":"","filesize_raw":"","footnotes":""},"categories":[52],"tags":[129,138,136,1001,164,263,1202],"group":[319,316],"support":[],"class_list":["post-1687135","post","type-post","status-publish","format-standard","has-post-thumbnail","hentry","category-changements-de-vie","tag-bien-etre","tag-eco-responsable","tag-ecologie","tag-menage-2","tag-nature","tag-planete-fr-2","tag-salle-de-bain","group-bien-etre-sante","group-maison-jardin"],"yoast_head":"<!-- This site is optimized with the Yoast SEO plugin v24.0 - https:\/\/yoast.com\/wordpress\/plugins\/seo\/ -->\n<title>8 gestes \u00e0 appliquer dans sa salle de bain pour prot\u00e9ger la plan\u00e8te - MyZen TV<\/title>\n<meta name=\"description\" content=\"MyZenTV vous propose aujourd\u2019hui ses 8 conseils \u00e9colos pour la salle de bain afin de prot\u00e9ger la plan\u00e8te.\" \/>\n<meta name=\"robots\" content=\"index, follow, max-snippet:-1, max-image-preview:large, max-video-preview:-1\" \/>\n<link rel=\"canonical\" href=\"https:\/\/www.myzen.tv\/fr\/8-gestes-a-appliquer-dans-sa-salle-de-bain\/\" \/>\n<meta property=\"og:locale\" content=\"fr_FR\" \/>\n<meta property=\"og:type\" content=\"article\" \/>\n<meta property=\"og:title\" content=\"8 gestes \u00e0 appliquer dans sa salle de bain pour prot\u00e9ger la plan\u00e8te - MyZen TV\" \/>\n<meta property=\"og:description\" content=\"MyZenTV vous propose aujourd\u2019hui ses 8 conseils \u00e9colos pour la salle de bain afin de prot\u00e9ger la plan\u00e8te.\" \/>\n<meta property=\"og:url\" content=\"https:\/\/www.myzen.tv\/fr\/8-gestes-a-appliquer-dans-sa-salle-de-bain\/\" \/>\n<meta property=\"og:site_name\" content=\"MyZen TV\" \/>\n<meta property=\"article:publisher\" content=\"https:\/\/www.facebook.com\/myzen.tv.fr\/\" \/>\n<meta property=\"article:published_time\" content=\"2022-06-27T06:00:00+00:00\" \/>\n<meta property=\"article:modified_time\" content=\"2022-06-23T13:12:40+00:00\" \/>\n<meta property=\"og:image\" content=\"https:\/\/www.myzen.tv\/wp-content\/uploads\/2022\/06\/phil-hearing-U7PitHRnTNU-unsplash-scaled.jpg\" \/>\n\t<meta property=\"og:image:width\" content=\"2528\" \/>\n\t<meta property=\"og:image:height\" content=\"2560\" \/>\n\t<meta property=\"og:image:type\" content=\"image\/jpeg\" \/>\n<meta name=\"author\" content=\"Gabrielle Cattier\" \/>\n<meta name=\"twitter:card\" content=\"summary_large_image\" \/>\n<meta name=\"twitter:label1\" content=\"\u00c9crit par\" \/>\n\t<meta name=\"twitter:data1\" content=\"Gabrielle Cattier\" \/>\n\t<meta name=\"twitter:label2\" content=\"Dur\u00e9e de lecture estim\u00e9e\" \/>\n\t<meta name=\"twitter:data2\" content=\"5 minutes\" \/>\n<!-- \/ Yoast SEO plugin. -->","yoast_head_json":{"title":"8 gestes \u00e0 appliquer dans sa salle de bain pour prot\u00e9ger la plan\u00e8te - MyZen TV","description":"MyZenTV vous propose aujourd\u2019hui ses 8 conseils \u00e9colos pour la salle de bain afin de prot\u00e9ger la plan\u00e8te.","robots":{"index":"index","follow":"follow","max-snippet":"max-snippet:-1","max-image-preview":"max-image-preview:large","max-video-preview":"max-video-preview:-1"},"canonical":"https:\/\/www.myzen.tv\/fr\/8-gestes-a-appliquer-dans-sa-salle-de-bain\/","og_locale":"fr_FR","og_type":"article","og_title":"8 gestes \u00e0 appliquer dans sa salle de bain pour prot\u00e9ger la plan\u00e8te - MyZen TV","og_description":"MyZenTV vous propose aujourd\u2019hui ses 8 conseils \u00e9colos pour la salle de bain afin de prot\u00e9ger la plan\u00e8te.","og_url":"https:\/\/www.myzen.tv\/fr\/8-gestes-a-appliquer-dans-sa-salle-de-bain\/","og_site_name":"MyZen TV","article_publisher":"https:\/\/www.facebook.com\/myzen.tv.fr\/","article_published_time":"2022-06-27T06:00:00+00:00","article_modified_time":"2022-06-23T13:12:40+00:00","og_image":[{"width":2528,"height":2560,"url":"https:\/\/www.myzen.tv\/wp-content\/uploads\/2022\/06\/phil-hearing-U7PitHRnTNU-unsplash-scaled.jpg","type":"image\/jpeg"}],"author":"Gabrielle Cattier","twitter_card":"summary_large_image","twitter_misc":{"\u00c9crit par":"Gabrielle Cattier","Dur\u00e9e de lecture estim\u00e9e":"5 minutes"},"schema":{"@context":"https:\/\/schema.org","@graph":[{"@type":"Article","@id":"https:\/\/www.myzen.tv\/fr\/8-gestes-a-appliquer-dans-sa-salle-de-bain\/#article","isPartOf":{"@id":"https:\/\/www.myzen.tv\/fr\/8-gestes-a-appliquer-dans-sa-salle-de-bain\/"},"author":{"name":"Gabrielle Cattier","@id":"https:\/\/www.myzen.tv\/fr\/#\/schema\/person\/60c38aefd5fdad55ca411a73751f70bb"},"headline":"8 gestes \u00e0 appliquer dans sa salle de bain pour prot\u00e9ger la plan\u00e8te","datePublished":"2022-06-27T06:00:00+00:00","dateModified":"2022-06-23T13:12:40+00:00","mainEntityOfPage":{"@id":"https:\/\/www.myzen.tv\/fr\/8-gestes-a-appliquer-dans-sa-salle-de-bain\/"},"wordCount":706,"publisher":{"@id":"https:\/\/www.myzen.tv\/fr\/#organization"},"image":{"@id":"https:\/\/www.myzen.tv\/fr\/8-gestes-a-appliquer-dans-sa-salle-de-bain\/#primaryimage"},"thumbnailUrl":"https:\/\/www.myzen.tv\/wp-content\/uploads\/2022\/06\/phil-hearing-U7PitHRnTNU-unsplash-scaled.jpg","keywords":["bien-\u00eatre","\u00e9co-responsable","\u00e9cologie","m\u00e9nage","nature","plan\u00e8te","salle de bain"],"articleSection":["Changements de vie"],"inLanguage":"fr-FR"},{"@type":"WebPage","@id":"https:\/\/www.myzen.tv\/fr\/8-gestes-a-appliquer-dans-sa-salle-de-bain\/","url":"https:\/\/www.myzen.tv\/fr\/8-gestes-a-appliquer-dans-sa-salle-de-bain\/","name":"8 gestes \u00e0 appliquer dans sa salle de bain pour prot\u00e9ger la plan\u00e8te - MyZen TV","isPartOf":{"@id":"https:\/\/www.myzen.tv\/fr\/#website"},"primaryImageOfPage":{"@id":"https:\/\/www.myzen.tv\/fr\/8-gestes-a-appliquer-dans-sa-salle-de-bain\/#primaryimage"},"image":{"@id":"https:\/\/www.myzen.tv\/fr\/8-gestes-a-appliquer-dans-sa-salle-de-bain\/#primaryimage"},"thumbnailUrl":"https:\/\/www.myzen.tv\/wp-content\/uploads\/2022\/06\/phil-hearing-U7PitHRnTNU-unsplash-scaled.jpg","datePublished":"2022-06-27T06:00:00+00:00","dateModified":"2022-06-23T13:12:40+00:00","description":"MyZenTV vous propose aujourd\u2019hui ses 8 conseils \u00e9colos pour la salle de bain afin de prot\u00e9ger la plan\u00e8te.","breadcrumb":{"@id":"https:\/\/www.myzen.tv\/fr\/8-gestes-a-appliquer-dans-sa-salle-de-bain\/#breadcrumb"},"inLanguage":"fr-FR","potentialAction":[{"@type":"ReadAction","target":["https:\/\/www.myzen.tv\/fr\/8-gestes-a-appliquer-dans-sa-salle-de-bain\/"]}]},{"@type":"ImageObject","inLanguage":"fr-FR","@id":"https:\/\/www.myzen.tv\/fr\/8-gestes-a-appliquer-dans-sa-salle-de-bain\/#primaryimage","url":"https:\/\/www.myzen.tv\/wp-content\/uploads\/2022\/06\/phil-hearing-U7PitHRnTNU-unsplash-scaled.jpg","contentUrl":"https:\/\/www.myzen.tv\/wp-content\/uploads\/2022\/06\/phil-hearing-U7PitHRnTNU-unsplash-scaled.jpg","width":2528,"height":2560},{"@type":"BreadcrumbList","@id":"https:\/\/www.myzen.tv\/fr\/8-gestes-a-appliquer-dans-sa-salle-de-bain\/#breadcrumb","itemListElement":[{"@type":"ListItem","position":1,"name":"Home","item":"https:\/\/www.myzen.tv\/fr\/"},{"@type":"ListItem","position":2,"name":"Maison &amp; Jardin","item":"https:\/\/www.myzen.tv\/fr\/theme\/maison-jardin\/"},{"@type":"ListItem","position":3,"name":"8 gestes \u00e0 appliquer dans sa salle de bain pour prot\u00e9ger la plan\u00e8te"}]},{"@type":"WebSite","@id":"https:\/\/www.myzen.tv\/fr\/#website","url":"https:\/\/www.myzen.tv\/fr\/","name":"MyZen TV","description":"Your lifestyle and well-being channel","publisher":{"@id":"https:\/\/www.myzen.tv\/fr\/#organization"},"potentialAction":[{"@type":"SearchAction","target":{"@type":"EntryPoint","urlTemplate":"https:\/\/www.myzen.tv\/fr\/?s={search_term_string}"},"query-input":{"@type":"PropertyValueSpecification","valueRequired":true,"valueName":"search_term_string"}}],"inLanguage":"fr-FR"},{"@type":"Organization","@id":"https:\/\/www.myzen.tv\/fr\/#organization","name":"MyZen TV","url":"https:\/\/www.myzen.tv\/fr\/","logo":{"@type":"ImageObject","inLanguage":"fr-FR","@id":"https:\/\/www.myzen.tv\/fr\/#\/schema\/logo\/image\/","url":"https:\/\/www.myzen.tv\/wp-content\/uploads\/2021\/05\/cropped-ICON_MZtv-LOGO_firetv640-1-1.png","contentUrl":"https:\/\/www.myzen.tv\/wp-content\/uploads\/2021\/05\/cropped-ICON_MZtv-LOGO_firetv640-1-1.png","width":512,"height":512,"caption":"MyZen TV"},"image":{"@id":"https:\/\/www.myzen.tv\/fr\/#\/schema\/logo\/image\/"},"sameAs":["https:\/\/www.facebook.com\/myzen.tv.fr\/","https:\/\/www.instagram.com\/myzentv\/"]},{"@type":"Person","@id":"https:\/\/www.myzen.tv\/fr\/#\/schema\/person\/60c38aefd5fdad55ca411a73751f70bb","name":"Gabrielle Cattier","url":"https:\/\/www.myzen.tv\/fr\/author\/gabrielle-cattier\/"}]}},"_links":{"self":[{"href":"https:\/\/www.myzen.tv\/fr\/wp-json\/wp\/v2\/posts\/1687135","targetHints":{"allow":["GET"]}}],"collection":[{"href":"https:\/\/www.myzen.tv\/fr\/wp-json\/wp\/v2\/posts"}],"about":[{"href":"https:\/\/www.myzen.tv\/fr\/wp-json\/wp\/v2\/types\/post"}],"author":[{"embeddable":true,"href":"https:\/\/www.myzen.tv\/fr\/wp-json\/wp\/v2\/users\/12"}],"replies":[{"embeddable":true,"href":"https:\/\/www.myzen.tv\/fr\/wp-json\/wp\/v2\/comments?post=1687135"}],"version-history":[{"count":3,"href":"https:\/\/www.myzen.tv\/fr\/wp-json\/wp\/v2\/posts\/1687135\/revisions"}],"predecessor-version":[{"id":1687278,"href":"https:\/\/www.myzen.tv\/fr\/wp-json\/wp\/v2\/posts\/1687135\/revisions\/1687278"}],"wp:featuredmedia":[{"embeddable":true,"href":"https:\/\/www.myzen.tv\/fr\/wp-json\/wp\/v2\/media\/1687143"}],"wp:attachment":[{"href":"https:\/\/www.myzen.tv\/fr\/wp-json\/wp\/v2\/media?parent=1687135"}],"wp:term":[{"taxonomy":"category","embeddable":true,"href":"https:\/\/www.myzen.tv\/fr\/wp-json\/wp\/v2\/categories?post=1687135"},{"taxonomy":"post_tag","embeddable":true,"href":"https:\/\/www.myzen.tv\/fr\/wp-json\/wp\/v2\/tags?post=1687135"},{"taxonomy":"group","embeddable":true,"href":"https:\/\/www.myzen.tv\/fr\/wp-json\/wp\/v2\/group?post=1687135"},{"taxonomy":"support","embeddable":true,"href":"https:\/\/www.myzen.tv\/fr\/wp-json\/wp\/v2\/support?post=1687135"}],"curies":[{"name":"wp","href":"https:\/\/api.w.org\/{rel}","templated":true}]}}