{"id":1687388,"date":"2022-07-08T06:00:00","date_gmt":"2022-07-08T06:00:00","guid":{"rendered":"https:\/\/www.myzen.tv\/?p=1687388"},"modified":"2023-02-01T13:43:02","modified_gmt":"2023-02-01T13:43:02","slug":"recette-3-thes-glaces-a-faire-soi-meme","status":"publish","type":"post","link":"https:\/\/www.myzen.tv\/fr\/recette-3-thes-glaces-a-faire-soi-meme\/","title":{"rendered":"3 th\u00e9s glac\u00e9s \u00e0 faire soi-m\u00eame"},"content":{"rendered":"\n<p>Quoi de mieux pour se <strong>rafra\u00eechir en \u00e9t\u00e9<\/strong> qu\u2019un<strong> <\/strong>bon<strong> th\u00e9 glac\u00e9<\/strong> ? Ultra frais et savoureux, ils sont les stars de la saison. En plus de cela, c\u2019est super simple \u00e0 r\u00e9aliser. <strong>MyZen TV <\/strong>vous propose aujourd\u2019hui ses <strong>3 recettes de th\u00e9 glac\u00e9<\/strong>. Peu importe la saveur choisie, la recette reste \u00e0 peu pr\u00e8s la m\u00eame, ce sont juste les ingr\u00e9dients qui changent. <\/p>\n\n\n\n<h2 class=\"wp-block-heading\">Th\u00e9 glac\u00e9 \u00e0 la p\u00eache <\/h2>\n\n\n\n<figure class=\"wp-block-image size-large\"><img loading=\"lazy\" decoding=\"async\" width=\"1024\" height=\"927\" src=\"https:\/\/www.myzen.tv\/wp-content\/uploads\/2022\/07\/slashio-photography-50vVqybdaoQ-unsplash-1024x927.jpg\" alt=\"\" class=\"wp-image-1687397\" srcset=\"https:\/\/www.myzen.tv\/wp-content\/uploads\/2022\/07\/slashio-photography-50vVqybdaoQ-unsplash-1024x927.jpg 1024w, https:\/\/www.myzen.tv\/wp-content\/uploads\/2022\/07\/slashio-photography-50vVqybdaoQ-unsplash-300x272.jpg 300w, https:\/\/www.myzen.tv\/wp-content\/uploads\/2022\/07\/slashio-photography-50vVqybdaoQ-unsplash-768x695.jpg 768w, https:\/\/www.myzen.tv\/wp-content\/uploads\/2022\/07\/slashio-photography-50vVqybdaoQ-unsplash-1536x1390.jpg 1536w, https:\/\/www.myzen.tv\/wp-content\/uploads\/2022\/07\/slashio-photography-50vVqybdaoQ-unsplash-2048x1854.jpg 2048w, https:\/\/www.myzen.tv\/wp-content\/uploads\/2022\/07\/slashio-photography-50vVqybdaoQ-unsplash-210x190.jpg 210w, https:\/\/www.myzen.tv\/wp-content\/uploads\/2022\/07\/slashio-photography-50vVqybdaoQ-unsplash-155x140.jpg 155w, https:\/\/www.myzen.tv\/wp-content\/uploads\/2022\/07\/slashio-photography-50vVqybdaoQ-unsplash-392x355.jpg 392w\" sizes=\"auto, (max-width: 1024px) 100vw, 1024px\" \/><\/figure>\n\n\n\n<h3 class=\"wp-block-heading\">Ingr\u00e9dients : <\/h3>\n\n\n\n<ul class=\"liste-recette wp-block-list\"><li>Du th\u00e9 vert<\/li><li>Sirop de p\u00eache <\/li><li>Morceaux de p\u00eache <\/li><li>Rondelles de citron <\/li><li>Gla\u00e7ons<\/li><\/ul>\n\n\n\n<p>Faire bouillir de l\u2019eau selon la quantit\u00e9 de th\u00e9 d\u00e9sir\u00e9e puis faire infuser le th\u00e9 durant une dizaine de minutes. Laissez refroidir. Dans le pichet, ajoutez le sirop de p\u00eache, des petits morceaux de p\u00eache, quelques rondelles de citron et le th\u00e9. Laissez infuser une heure. Au moment de servir, rajoutez quelques gla\u00e7ons directement dans les verres pour que le th\u00e9 soit bien frais. <\/p>\n\n\n\n<h2 class=\"wp-block-heading\">Th\u00e9 glac\u00e9 aux fruits rouges <\/h2>\n\n\n\n<figure class=\"wp-block-image size-large\"><img loading=\"lazy\" decoding=\"async\" width=\"1007\" height=\"1024\" src=\"https:\/\/www.myzen.tv\/wp-content\/uploads\/2022\/07\/whitney-wright-TgQkxQc-t_U-unsplash-1007x1024.jpg\" alt=\"\" class=\"wp-image-1687393\" srcset=\"https:\/\/www.myzen.tv\/wp-content\/uploads\/2022\/07\/whitney-wright-TgQkxQc-t_U-unsplash-1007x1024.jpg 1007w, https:\/\/www.myzen.tv\/wp-content\/uploads\/2022\/07\/whitney-wright-TgQkxQc-t_U-unsplash-295x300.jpg 295w, https:\/\/www.myzen.tv\/wp-content\/uploads\/2022\/07\/whitney-wright-TgQkxQc-t_U-unsplash-768x781.jpg 768w, https:\/\/www.myzen.tv\/wp-content\/uploads\/2022\/07\/whitney-wright-TgQkxQc-t_U-unsplash-1510x1536.jpg 1510w, https:\/\/www.myzen.tv\/wp-content\/uploads\/2022\/07\/whitney-wright-TgQkxQc-t_U-unsplash-2013x2048.jpg 2013w, https:\/\/www.myzen.tv\/wp-content\/uploads\/2022\/07\/whitney-wright-TgQkxQc-t_U-unsplash-187x190.jpg 187w, https:\/\/www.myzen.tv\/wp-content\/uploads\/2022\/07\/whitney-wright-TgQkxQc-t_U-unsplash-138x140.jpg 138w, https:\/\/www.myzen.tv\/wp-content\/uploads\/2022\/07\/whitney-wright-TgQkxQc-t_U-unsplash-349x355.jpg 349w\" sizes=\"auto, (max-width: 1007px) 100vw, 1007px\" \/><\/figure>\n\n\n\n<h3 class=\"wp-block-heading\">Ingr\u00e9dients : <\/h3>\n\n\n\n<ul class=\"liste-recette wp-block-list\"><li>Du th\u00e9 au fruits rouges <\/li><li>Des fruits rouges frais ou congel\u00e9s : framboise, myrtilles, fraises, m\u00fbres&#8230; <\/li><li>Du sucre en poudre (\u00e0 ajuster selon vos go\u00fbts et la quantit\u00e9 d\u00e9sir\u00e9e)<\/li><li>Rondelles de citron<\/li><li>Gla\u00e7ons <\/li><\/ul>\n\n\n\n<p>Faire bouillir de l\u2019eau selon la quantit\u00e9 de th\u00e9 d\u00e9sir\u00e9e puis faire infuser le th\u00e9 durant une dizaine de minutes. Ajoutez y la quantit\u00e9 de sucre d\u00e9sir\u00e9e. Laissez refroidir. Dans le pichet, ajoutez les fruits rouges, quelques rondelles de citron et le th\u00e9. Laissez infuser une heure. Au moment de servir, rajoutez quelques gla\u00e7ons directement dans les verres pour que le th\u00e9 soit bien frais.<\/p>\n\n\n\n<h2 class=\"wp-block-heading\">Th\u00e9 glac\u00e9 \u00e0 la menthe et au citron<\/h2>\n\n\n\n<figure class=\"wp-block-image size-large\"><img loading=\"lazy\" decoding=\"async\" width=\"1024\" height=\"916\" src=\"https:\/\/www.myzen.tv\/wp-content\/uploads\/2022\/07\/mae-mu-kbch-i63YTg-unsplash-1-1024x916.jpg\" alt=\"\" class=\"wp-image-1687391\" srcset=\"https:\/\/www.myzen.tv\/wp-content\/uploads\/2022\/07\/mae-mu-kbch-i63YTg-unsplash-1-1024x916.jpg 1024w, https:\/\/www.myzen.tv\/wp-content\/uploads\/2022\/07\/mae-mu-kbch-i63YTg-unsplash-1-300x268.jpg 300w, https:\/\/www.myzen.tv\/wp-content\/uploads\/2022\/07\/mae-mu-kbch-i63YTg-unsplash-1-768x687.jpg 768w, https:\/\/www.myzen.tv\/wp-content\/uploads\/2022\/07\/mae-mu-kbch-i63YTg-unsplash-1-1536x1373.jpg 1536w, https:\/\/www.myzen.tv\/wp-content\/uploads\/2022\/07\/mae-mu-kbch-i63YTg-unsplash-1-2048x1831.jpg 2048w, https:\/\/www.myzen.tv\/wp-content\/uploads\/2022\/07\/mae-mu-kbch-i63YTg-unsplash-1-213x190.jpg 213w, https:\/\/www.myzen.tv\/wp-content\/uploads\/2022\/07\/mae-mu-kbch-i63YTg-unsplash-1-157x140.jpg 157w, https:\/\/www.myzen.tv\/wp-content\/uploads\/2022\/07\/mae-mu-kbch-i63YTg-unsplash-1-397x355.jpg 397w\" sizes=\"auto, (max-width: 1024px) 100vw, 1024px\" \/><\/figure>\n\n\n\n<h3 class=\"wp-block-heading\">Ingr\u00e9dients : <\/h3>\n\n\n\n<ul class=\"liste-recette wp-block-list\"><li>Du th\u00e9 \u00e0 la menthe ou du th\u00e9 vert<\/li><li>Des feuilles de menthe<\/li><li>Du sucre en poudre (\u00e0 ajuster selon vos go\u00fbts et la quantit\u00e9 d\u00e9sir\u00e9e)<\/li><li>Un citron<\/li><li>Rondelles de citron<\/li><li>Gla\u00e7ons <\/li><\/ul>\n\n\n\n<p>Faire bouillir de l\u2019eau selon la quantit\u00e9 de th\u00e9 d\u00e9sir\u00e9e puis faire infuser le th\u00e9 durant une dizaine de minutes. Ajoutez-y la quantit\u00e9 de sucre d\u00e9sir\u00e9e. Laissez refroidir. Dans le pichet, ajoutez le th\u00e9, les rondelles de citron et les feuilles de menthe. Laissez infuser une heure. Au moment de servir, rajoutez quelques gla\u00e7ons directement dans les verres pour que le th\u00e9 soit bien frais.<\/p>\n\n\n\n<p>Retrouvez <strong>nos recettes de cocktails sans alcool et d\u00e9tox<\/strong> <a href=\"https:\/\/www.myzen.tv\/fr\/3-recettes-de-cocktail-sans-alcool-et-detox\/\">dans notre article \u00e0 ce sujet<\/a>. <\/p>\n","protected":false},"excerpt":{"rendered":"<p>Quoi de mieux pour se rafra\u00eechir en \u00e9t\u00e9 qu\u2019un bon th\u00e9 glac\u00e9 ? Ultra frais et savoureux, ils sont les stars de la saison. En plus de cela, c\u2019est super simple \u00e0 r\u00e9aliser. MyZen TV vous propose aujourd\u2019hui ses 3 recettes de th\u00e9 glac\u00e9. Peu importe la saveur choisie, la recette reste \u00e0 peu pr\u00e8s [&hellip;]<\/p>\n","protected":false},"author":12,"featured_media":1687399,"comment_status":"closed","ping_status":"closed","sticky":false,"template":"","format":"standard","meta":{"episode_type":"","audio_file":"","cover_image":"","cover_image_id":"","duration":"","filesize":"","date_recorded":"","explicit":"","block":"","itunes_episode_number":"","itunes_title":"","itunes_season_number":"","itunes_episode_type":"","filesize_raw":"","footnotes":""},"categories":[29,1269],"tags":[224,507,229,605],"group":[314],"support":[1270],"class_list":["post-1687388","post","type-post","status-publish","format-standard","has-post-thumbnail","hentry","category-a-ne-pas-rater","category-recettes","tag-ete","tag-healthy","tag-recette","tag-the","group-cuisine","support-recette"],"yoast_head":"<!-- This site is optimized with the Yoast SEO plugin v24.0 - https:\/\/yoast.com\/wordpress\/plugins\/seo\/ -->\n<title>3 th\u00e9s glac\u00e9s \u00e0 faire soi-m\u00eame - MyZen TV<\/title>\n<meta name=\"description\" content=\"Quoi de mieux qu\u2019un th\u00e9 glac\u00e9 en \u00e9t\u00e9? Frais et savoureux, ils sont les stars de la saison. MyZen TV vous propose ses 3 recettes de th\u00e9 glac\u00e9.\" \/>\n<meta name=\"robots\" content=\"index, follow, max-snippet:-1, max-image-preview:large, max-video-preview:-1\" \/>\n<link rel=\"canonical\" href=\"https:\/\/www.myzen.tv\/fr\/recette-3-thes-glaces-a-faire-soi-meme\/\" \/>\n<meta property=\"og:locale\" content=\"fr_FR\" \/>\n<meta property=\"og:type\" content=\"article\" \/>\n<meta property=\"og:title\" content=\"3 th\u00e9s glac\u00e9s \u00e0 faire soi-m\u00eame - MyZen TV\" \/>\n<meta property=\"og:description\" content=\"Quoi de mieux qu\u2019un th\u00e9 glac\u00e9 en \u00e9t\u00e9? Frais et savoureux, ils sont les stars de la saison. MyZen TV vous propose ses 3 recettes de th\u00e9 glac\u00e9.\" \/>\n<meta property=\"og:url\" content=\"https:\/\/www.myzen.tv\/fr\/recette-3-thes-glaces-a-faire-soi-meme\/\" \/>\n<meta property=\"og:site_name\" content=\"MyZen TV\" \/>\n<meta property=\"article:publisher\" content=\"https:\/\/www.facebook.com\/myzen.tv.fr\/\" \/>\n<meta property=\"article:published_time\" content=\"2022-07-08T06:00:00+00:00\" \/>\n<meta property=\"article:modified_time\" content=\"2023-02-01T13:43:02+00:00\" \/>\n<meta property=\"og:image\" content=\"https:\/\/www.myzen.tv\/wp-content\/uploads\/2022\/07\/pexels-olena-bohovyk-3323682-scaled.jpg\" \/>\n\t<meta property=\"og:image:width\" content=\"2560\" \/>\n\t<meta property=\"og:image:height\" content=\"1707\" \/>\n\t<meta property=\"og:image:type\" content=\"image\/jpeg\" \/>\n<meta name=\"author\" content=\"Gabrielle Cattier\" \/>\n<meta name=\"twitter:card\" content=\"summary_large_image\" \/>\n<meta name=\"twitter:label1\" content=\"\u00c9crit par\" \/>\n\t<meta name=\"twitter:data1\" content=\"Gabrielle Cattier\" \/>\n\t<meta name=\"twitter:label2\" content=\"Dur\u00e9e de lecture estim\u00e9e\" \/>\n\t<meta name=\"twitter:data2\" content=\"3 minutes\" \/>\n<!-- \/ Yoast SEO plugin. -->","yoast_head_json":{"title":"3 th\u00e9s glac\u00e9s \u00e0 faire soi-m\u00eame - MyZen TV","description":"Quoi de mieux qu\u2019un th\u00e9 glac\u00e9 en \u00e9t\u00e9? Frais et savoureux, ils sont les stars de la saison. MyZen TV vous propose ses 3 recettes de th\u00e9 glac\u00e9.","robots":{"index":"index","follow":"follow","max-snippet":"max-snippet:-1","max-image-preview":"max-image-preview:large","max-video-preview":"max-video-preview:-1"},"canonical":"https:\/\/www.myzen.tv\/fr\/recette-3-thes-glaces-a-faire-soi-meme\/","og_locale":"fr_FR","og_type":"article","og_title":"3 th\u00e9s glac\u00e9s \u00e0 faire soi-m\u00eame - MyZen TV","og_description":"Quoi de mieux qu\u2019un th\u00e9 glac\u00e9 en \u00e9t\u00e9? Frais et savoureux, ils sont les stars de la saison. MyZen TV vous propose ses 3 recettes de th\u00e9 glac\u00e9.","og_url":"https:\/\/www.myzen.tv\/fr\/recette-3-thes-glaces-a-faire-soi-meme\/","og_site_name":"MyZen TV","article_publisher":"https:\/\/www.facebook.com\/myzen.tv.fr\/","article_published_time":"2022-07-08T06:00:00+00:00","article_modified_time":"2023-02-01T13:43:02+00:00","og_image":[{"width":2560,"height":1707,"url":"https:\/\/www.myzen.tv\/wp-content\/uploads\/2022\/07\/pexels-olena-bohovyk-3323682-scaled.jpg","type":"image\/jpeg"}],"author":"Gabrielle Cattier","twitter_card":"summary_large_image","twitter_misc":{"\u00c9crit par":"Gabrielle Cattier","Dur\u00e9e de lecture estim\u00e9e":"3 minutes"},"schema":{"@context":"https:\/\/schema.org","@graph":[{"@type":"Article","@id":"https:\/\/www.myzen.tv\/fr\/recette-3-thes-glaces-a-faire-soi-meme\/#article","isPartOf":{"@id":"https:\/\/www.myzen.tv\/fr\/recette-3-thes-glaces-a-faire-soi-meme\/"},"author":{"name":"Gabrielle Cattier","@id":"https:\/\/www.myzen.tv\/fr\/#\/schema\/person\/60c38aefd5fdad55ca411a73751f70bb"},"headline":"3 th\u00e9s glac\u00e9s \u00e0 faire soi-m\u00eame","datePublished":"2022-07-08T06:00:00+00:00","dateModified":"2023-02-01T13:43:02+00:00","mainEntityOfPage":{"@id":"https:\/\/www.myzen.tv\/fr\/recette-3-thes-glaces-a-faire-soi-meme\/"},"wordCount":412,"publisher":{"@id":"https:\/\/www.myzen.tv\/fr\/#organization"},"image":{"@id":"https:\/\/www.myzen.tv\/fr\/recette-3-thes-glaces-a-faire-soi-meme\/#primaryimage"},"thumbnailUrl":"https:\/\/www.myzen.tv\/wp-content\/uploads\/2022\/07\/pexels-olena-bohovyk-3323682-scaled.jpg","keywords":["\u00e9t\u00e9","healthy","recette","th\u00e9"],"articleSection":["\u00c0 ne pas rater","Recettes"],"inLanguage":"fr-FR"},{"@type":"WebPage","@id":"https:\/\/www.myzen.tv\/fr\/recette-3-thes-glaces-a-faire-soi-meme\/","url":"https:\/\/www.myzen.tv\/fr\/recette-3-thes-glaces-a-faire-soi-meme\/","name":"3 th\u00e9s glac\u00e9s \u00e0 faire soi-m\u00eame - MyZen TV","isPartOf":{"@id":"https:\/\/www.myzen.tv\/fr\/#website"},"primaryImageOfPage":{"@id":"https:\/\/www.myzen.tv\/fr\/recette-3-thes-glaces-a-faire-soi-meme\/#primaryimage"},"image":{"@id":"https:\/\/www.myzen.tv\/fr\/recette-3-thes-glaces-a-faire-soi-meme\/#primaryimage"},"thumbnailUrl":"https:\/\/www.myzen.tv\/wp-content\/uploads\/2022\/07\/pexels-olena-bohovyk-3323682-scaled.jpg","datePublished":"2022-07-08T06:00:00+00:00","dateModified":"2023-02-01T13:43:02+00:00","description":"Quoi de mieux qu\u2019un th\u00e9 glac\u00e9 en \u00e9t\u00e9? Frais et savoureux, ils sont les stars de la saison. MyZen TV vous propose ses 3 recettes de th\u00e9 glac\u00e9.","breadcrumb":{"@id":"https:\/\/www.myzen.tv\/fr\/recette-3-thes-glaces-a-faire-soi-meme\/#breadcrumb"},"inLanguage":"fr-FR","potentialAction":[{"@type":"ReadAction","target":["https:\/\/www.myzen.tv\/fr\/recette-3-thes-glaces-a-faire-soi-meme\/"]}]},{"@type":"ImageObject","inLanguage":"fr-FR","@id":"https:\/\/www.myzen.tv\/fr\/recette-3-thes-glaces-a-faire-soi-meme\/#primaryimage","url":"https:\/\/www.myzen.tv\/wp-content\/uploads\/2022\/07\/pexels-olena-bohovyk-3323682-scaled.jpg","contentUrl":"https:\/\/www.myzen.tv\/wp-content\/uploads\/2022\/07\/pexels-olena-bohovyk-3323682-scaled.jpg","width":2560,"height":1707},{"@type":"BreadcrumbList","@id":"https:\/\/www.myzen.tv\/fr\/recette-3-thes-glaces-a-faire-soi-meme\/#breadcrumb","itemListElement":[{"@type":"ListItem","position":1,"name":"Home","item":"https:\/\/www.myzen.tv\/fr\/"},{"@type":"ListItem","position":2,"name":"Cuisine","item":"https:\/\/www.myzen.tv\/fr\/theme\/cuisine\/"},{"@type":"ListItem","position":3,"name":"3 th\u00e9s glac\u00e9s \u00e0 faire soi-m\u00eame"}]},{"@type":"WebSite","@id":"https:\/\/www.myzen.tv\/fr\/#website","url":"https:\/\/www.myzen.tv\/fr\/","name":"MyZen TV","description":"Your lifestyle and well-being channel","publisher":{"@id":"https:\/\/www.myzen.tv\/fr\/#organization"},"potentialAction":[{"@type":"SearchAction","target":{"@type":"EntryPoint","urlTemplate":"https:\/\/www.myzen.tv\/fr\/?s={search_term_string}"},"query-input":{"@type":"PropertyValueSpecification","valueRequired":true,"valueName":"search_term_string"}}],"inLanguage":"fr-FR"},{"@type":"Organization","@id":"https:\/\/www.myzen.tv\/fr\/#organization","name":"MyZen TV","url":"https:\/\/www.myzen.tv\/fr\/","logo":{"@type":"ImageObject","inLanguage":"fr-FR","@id":"https:\/\/www.myzen.tv\/fr\/#\/schema\/logo\/image\/","url":"https:\/\/www.myzen.tv\/wp-content\/uploads\/2021\/05\/cropped-ICON_MZtv-LOGO_firetv640-1-1.png","contentUrl":"https:\/\/www.myzen.tv\/wp-content\/uploads\/2021\/05\/cropped-ICON_MZtv-LOGO_firetv640-1-1.png","width":512,"height":512,"caption":"MyZen TV"},"image":{"@id":"https:\/\/www.myzen.tv\/fr\/#\/schema\/logo\/image\/"},"sameAs":["https:\/\/www.facebook.com\/myzen.tv.fr\/","https:\/\/www.instagram.com\/myzentv\/"]},{"@type":"Person","@id":"https:\/\/www.myzen.tv\/fr\/#\/schema\/person\/60c38aefd5fdad55ca411a73751f70bb","name":"Gabrielle Cattier","url":"https:\/\/www.myzen.tv\/fr\/author\/gabrielle-cattier\/"}]}},"_links":{"self":[{"href":"https:\/\/www.myzen.tv\/fr\/wp-json\/wp\/v2\/posts\/1687388","targetHints":{"allow":["GET"]}}],"collection":[{"href":"https:\/\/www.myzen.tv\/fr\/wp-json\/wp\/v2\/posts"}],"about":[{"href":"https:\/\/www.myzen.tv\/fr\/wp-json\/wp\/v2\/types\/post"}],"author":[{"embeddable":true,"href":"https:\/\/www.myzen.tv\/fr\/wp-json\/wp\/v2\/users\/12"}],"replies":[{"embeddable":true,"href":"https:\/\/www.myzen.tv\/fr\/wp-json\/wp\/v2\/comments?post=1687388"}],"version-history":[{"count":6,"href":"https:\/\/www.myzen.tv\/fr\/wp-json\/wp\/v2\/posts\/1687388\/revisions"}],"predecessor-version":[{"id":1696875,"href":"https:\/\/www.myzen.tv\/fr\/wp-json\/wp\/v2\/posts\/1687388\/revisions\/1696875"}],"wp:featuredmedia":[{"embeddable":true,"href":"https:\/\/www.myzen.tv\/fr\/wp-json\/wp\/v2\/media\/1687399"}],"wp:attachment":[{"href":"https:\/\/www.myzen.tv\/fr\/wp-json\/wp\/v2\/media?parent=1687388"}],"wp:term":[{"taxonomy":"category","embeddable":true,"href":"https:\/\/www.myzen.tv\/fr\/wp-json\/wp\/v2\/categories?post=1687388"},{"taxonomy":"post_tag","embeddable":true,"href":"https:\/\/www.myzen.tv\/fr\/wp-json\/wp\/v2\/tags?post=1687388"},{"taxonomy":"group","embeddable":true,"href":"https:\/\/www.myzen.tv\/fr\/wp-json\/wp\/v2\/group?post=1687388"},{"taxonomy":"support","embeddable":true,"href":"https:\/\/www.myzen.tv\/fr\/wp-json\/wp\/v2\/support?post=1687388"}],"curies":[{"name":"wp","href":"https:\/\/api.w.org\/{rel}","templated":true}]}}