{"id":1687725,"date":"2023-07-15T08:00:00","date_gmt":"2023-07-15T08:00:00","guid":{"rendered":"https:\/\/www.myzen.tv\/?p=1687725"},"modified":"2023-07-04T13:07:57","modified_gmt":"2023-07-04T13:07:57","slug":"5-villes-a-visiter-en-corse","status":"publish","type":"post","link":"https:\/\/www.myzen.tv\/fr\/5-villes-a-visiter-en-corse\/","title":{"rendered":"5 villes \u00e0 visiter en Corse"},"content":{"rendered":"\n<p>Vous avez choisi de partir en vacances sur l&rsquo;\u00cele de Beaut\u00e9 ? Excellent choix, la Corse est certainement l&rsquo;un des plus beaux endroits de France, riche d&rsquo;une culture extraordinaire ! <a href=\"https:\/\/www.myzen.tv\/\">MyZen TV<\/a> vous pr\u00e9sente aujourd&rsquo;hui <strong>5 villes \u00e0 visiter en Corse<\/strong>.<\/p>\n\n\n\n<h2 class=\"wp-block-heading\">Ajaccio<\/h2>\n\n\n\n<figure class=\"wp-block-gallery has-nested-images columns-default is-cropped wp-block-gallery-1 is-layout-flex wp-block-gallery-is-layout-flex\">\n<figure class=\"wp-block-image size-large\"><img loading=\"lazy\" decoding=\"async\" width=\"1024\" height=\"683\" data-id=\"1687726\" src=\"https:\/\/www.myzen.tv\/wp-content\/uploads\/2022\/07\/monument-gdc56017a2_1920-1024x683.jpg\" alt=\"Ajaccio\" class=\"wp-image-1687726\" srcset=\"https:\/\/www.myzen.tv\/wp-content\/uploads\/2022\/07\/monument-gdc56017a2_1920-1024x683.jpg 1024w, https:\/\/www.myzen.tv\/wp-content\/uploads\/2022\/07\/monument-gdc56017a2_1920-300x200.jpg 300w, https:\/\/www.myzen.tv\/wp-content\/uploads\/2022\/07\/monument-gdc56017a2_1920-768x512.jpg 768w, https:\/\/www.myzen.tv\/wp-content\/uploads\/2022\/07\/monument-gdc56017a2_1920-1536x1024.jpg 1536w, https:\/\/www.myzen.tv\/wp-content\/uploads\/2022\/07\/monument-gdc56017a2_1920-285x190.jpg 285w, https:\/\/www.myzen.tv\/wp-content\/uploads\/2022\/07\/monument-gdc56017a2_1920-210x140.jpg 210w, https:\/\/www.myzen.tv\/wp-content\/uploads\/2022\/07\/monument-gdc56017a2_1920-533x355.jpg 533w, https:\/\/www.myzen.tv\/wp-content\/uploads\/2022\/07\/monument-gdc56017a2_1920.jpg 1920w\" sizes=\"auto, (max-width: 1024px) 100vw, 1024px\" \/><\/figure>\n\n\n\n<figure class=\"wp-block-image size-large\"><img loading=\"lazy\" decoding=\"async\" width=\"1024\" height=\"683\" data-id=\"1687728\" src=\"https:\/\/www.myzen.tv\/wp-content\/uploads\/2022\/07\/petr-slovacek-400WTYsKfFQ-unsplash-1024x683.jpg\" alt=\"Sanguinaires\" class=\"wp-image-1687728\" srcset=\"https:\/\/www.myzen.tv\/wp-content\/uploads\/2022\/07\/petr-slovacek-400WTYsKfFQ-unsplash-1024x683.jpg 1024w, https:\/\/www.myzen.tv\/wp-content\/uploads\/2022\/07\/petr-slovacek-400WTYsKfFQ-unsplash-300x200.jpg 300w, https:\/\/www.myzen.tv\/wp-content\/uploads\/2022\/07\/petr-slovacek-400WTYsKfFQ-unsplash-768x512.jpg 768w, https:\/\/www.myzen.tv\/wp-content\/uploads\/2022\/07\/petr-slovacek-400WTYsKfFQ-unsplash-1536x1024.jpg 1536w, https:\/\/www.myzen.tv\/wp-content\/uploads\/2022\/07\/petr-slovacek-400WTYsKfFQ-unsplash-2048x1366.jpg 2048w, https:\/\/www.myzen.tv\/wp-content\/uploads\/2022\/07\/petr-slovacek-400WTYsKfFQ-unsplash-285x190.jpg 285w, https:\/\/www.myzen.tv\/wp-content\/uploads\/2022\/07\/petr-slovacek-400WTYsKfFQ-unsplash-210x140.jpg 210w, https:\/\/www.myzen.tv\/wp-content\/uploads\/2022\/07\/petr-slovacek-400WTYsKfFQ-unsplash-532x355.jpg 532w\" sizes=\"auto, (max-width: 1024px) 100vw, 1024px\" \/><\/figure>\n<\/figure>\n\n\n\n<p>La ville imp\u00e9riale, berceau de Napol\u00e9on, <strong>Ajaccio est LA ville incontournable \u00e0 visiter en Corse<\/strong>. Situ\u00e9e sur la c\u00f4te ouest de l&rsquo;\u00eele, vous y d\u00e9couvrirez de belles plages \u00e0 l&rsquo;eau cristalline. Vous pourrez vous promener le long de la digue ou dans les rues de la vieille ville aux b\u00e2timents color\u00e9s. De nombreux mus\u00e9es sont consacr\u00e9s \u00e0 Napol\u00e9on, et le 15 ao\u00fbt est c\u00e9l\u00e9br\u00e9 en tant qu&rsquo;anniversaire de sa naissance par les habitants. N&rsquo;oublions pas qu&rsquo;Ajaccio est \u00e9galement la cit\u00e9 de Tino Rossi, l&rsquo;inoubliable chanteur corse. <a href=\"https:\/\/www.melody.tv\/actualite\/retour-sur-ajaccio-de-tino-rossi\/\" target=\"_blank\" rel=\"noreferrer noopener\">Pour la d\u00e9couvrir, cliquez ici.<\/a><\/p>\n\n\n\n<h2 class=\"wp-block-heading\">Bastia<\/h2>\n\n\n\n<figure class=\"wp-block-gallery has-nested-images columns-default is-cropped wp-block-gallery-2 is-layout-flex wp-block-gallery-is-layout-flex\">\n<figure class=\"wp-block-image size-large\"><img loading=\"lazy\" decoding=\"async\" width=\"1024\" height=\"1024\" data-id=\"1687748\" src=\"https:\/\/www.myzen.tv\/wp-content\/uploads\/2022\/07\/peter-donker-1Ssm05ZPz50-unsplash-1-1-1024x1024.jpg\" alt=\"Bastia\" class=\"wp-image-1687748\" srcset=\"https:\/\/www.myzen.tv\/wp-content\/uploads\/2022\/07\/peter-donker-1Ssm05ZPz50-unsplash-1-1-1024x1024.jpg 1024w, https:\/\/www.myzen.tv\/wp-content\/uploads\/2022\/07\/peter-donker-1Ssm05ZPz50-unsplash-1-1-300x300.jpg 300w, https:\/\/www.myzen.tv\/wp-content\/uploads\/2022\/07\/peter-donker-1Ssm05ZPz50-unsplash-1-1-150x150.jpg 150w, https:\/\/www.myzen.tv\/wp-content\/uploads\/2022\/07\/peter-donker-1Ssm05ZPz50-unsplash-1-1-768x768.jpg 768w, https:\/\/www.myzen.tv\/wp-content\/uploads\/2022\/07\/peter-donker-1Ssm05ZPz50-unsplash-1-1-1536x1536.jpg 1536w, https:\/\/www.myzen.tv\/wp-content\/uploads\/2022\/07\/peter-donker-1Ssm05ZPz50-unsplash-1-1-2048x2048.jpg 2048w, https:\/\/www.myzen.tv\/wp-content\/uploads\/2022\/07\/peter-donker-1Ssm05ZPz50-unsplash-1-1-190x190.jpg 190w, https:\/\/www.myzen.tv\/wp-content\/uploads\/2022\/07\/peter-donker-1Ssm05ZPz50-unsplash-1-1-140x140.jpg 140w, https:\/\/www.myzen.tv\/wp-content\/uploads\/2022\/07\/peter-donker-1Ssm05ZPz50-unsplash-1-1-355x355.jpg 355w\" sizes=\"auto, (max-width: 1024px) 100vw, 1024px\" \/><\/figure>\n\n\n\n<figure class=\"wp-block-image size-large\"><img loading=\"lazy\" decoding=\"async\" width=\"1024\" height=\"683\" data-id=\"1687750\" src=\"https:\/\/www.myzen.tv\/wp-content\/uploads\/2022\/07\/petr-slovacek-GLmKHXhcbKc-unsplash-2-1024x683.jpg\" alt=\"Port de Bastia\" class=\"wp-image-1687750\" srcset=\"https:\/\/www.myzen.tv\/wp-content\/uploads\/2022\/07\/petr-slovacek-GLmKHXhcbKc-unsplash-2-1024x683.jpg 1024w, https:\/\/www.myzen.tv\/wp-content\/uploads\/2022\/07\/petr-slovacek-GLmKHXhcbKc-unsplash-2-300x200.jpg 300w, https:\/\/www.myzen.tv\/wp-content\/uploads\/2022\/07\/petr-slovacek-GLmKHXhcbKc-unsplash-2-768x512.jpg 768w, https:\/\/www.myzen.tv\/wp-content\/uploads\/2022\/07\/petr-slovacek-GLmKHXhcbKc-unsplash-2-1536x1024.jpg 1536w, https:\/\/www.myzen.tv\/wp-content\/uploads\/2022\/07\/petr-slovacek-GLmKHXhcbKc-unsplash-2-2048x1365.jpg 2048w, https:\/\/www.myzen.tv\/wp-content\/uploads\/2022\/07\/petr-slovacek-GLmKHXhcbKc-unsplash-2-285x190.jpg 285w, https:\/\/www.myzen.tv\/wp-content\/uploads\/2022\/07\/petr-slovacek-GLmKHXhcbKc-unsplash-2-210x140.jpg 210w, https:\/\/www.myzen.tv\/wp-content\/uploads\/2022\/07\/petr-slovacek-GLmKHXhcbKc-unsplash-2-533x355.jpg 533w\" sizes=\"auto, (max-width: 1024px) 100vw, 1024px\" \/><\/figure>\n<\/figure>\n\n\n\n<p>Bastia est quant \u00e0 elle situ\u00e9e au nord-est de l&rsquo;\u00eele. C&rsquo;est une ville d&rsquo;art et d&rsquo;histoire o\u00f9 il est tr\u00e8s agr\u00e9able de se balader, notamment le long de son c\u00e9l\u00e8bre port qui refl\u00e8te l&rsquo;art baroque corse. Vous pourrez \u00e9galement explorer la vieille ville et vous perdre dans les ruelles pittoresques de la Terra Nova. Une visite du mus\u00e9e du Palais des Gouverneurs, qui retrace l&rsquo;histoire de la ville et de la r\u00e9gion, est \u00e9galement recommand\u00e9e.<\/p>\n\n\n\n<h2 class=\"wp-block-heading\">Bonifacio<\/h2>\n\n\n\n<figure class=\"wp-block-gallery has-nested-images columns-default is-cropped wp-block-gallery-3 is-layout-flex wp-block-gallery-is-layout-flex\">\n<figure class=\"wp-block-image size-large\"><img loading=\"lazy\" decoding=\"async\" width=\"683\" height=\"1024\" data-id=\"1687762\" src=\"https:\/\/www.myzen.tv\/wp-content\/uploads\/2022\/07\/petr-slovacek-dptgM-1BimY-unsplash-683x1024.jpg\" alt=\"Falaises de Bonifacio\" class=\"wp-image-1687762\" srcset=\"https:\/\/www.myzen.tv\/wp-content\/uploads\/2022\/07\/petr-slovacek-dptgM-1BimY-unsplash-683x1024.jpg 683w, https:\/\/www.myzen.tv\/wp-content\/uploads\/2022\/07\/petr-slovacek-dptgM-1BimY-unsplash-200x300.jpg 200w, https:\/\/www.myzen.tv\/wp-content\/uploads\/2022\/07\/petr-slovacek-dptgM-1BimY-unsplash-768x1152.jpg 768w, https:\/\/www.myzen.tv\/wp-content\/uploads\/2022\/07\/petr-slovacek-dptgM-1BimY-unsplash-1024x1536.jpg 1024w, https:\/\/www.myzen.tv\/wp-content\/uploads\/2022\/07\/petr-slovacek-dptgM-1BimY-unsplash-1365x2048.jpg 1365w, https:\/\/www.myzen.tv\/wp-content\/uploads\/2022\/07\/petr-slovacek-dptgM-1BimY-unsplash-127x190.jpg 127w, https:\/\/www.myzen.tv\/wp-content\/uploads\/2022\/07\/petr-slovacek-dptgM-1BimY-unsplash-93x140.jpg 93w, https:\/\/www.myzen.tv\/wp-content\/uploads\/2022\/07\/petr-slovacek-dptgM-1BimY-unsplash-237x355.jpg 237w, https:\/\/www.myzen.tv\/wp-content\/uploads\/2022\/07\/petr-slovacek-dptgM-1BimY-unsplash-scaled.jpg 1707w\" sizes=\"auto, (max-width: 683px) 100vw, 683px\" \/><\/figure>\n\n\n\n<figure class=\"wp-block-image size-large\"><img loading=\"lazy\" decoding=\"async\" width=\"1024\" height=\"683\" data-id=\"1687760\" src=\"https:\/\/www.myzen.tv\/wp-content\/uploads\/2022\/07\/cyril-caiazzo-l7HLmsKh8QY-unsplash-1024x683.jpg\" alt=\"Plage de Bonifacio\" class=\"wp-image-1687760\" srcset=\"https:\/\/www.myzen.tv\/wp-content\/uploads\/2022\/07\/cyril-caiazzo-l7HLmsKh8QY-unsplash-1024x683.jpg 1024w, https:\/\/www.myzen.tv\/wp-content\/uploads\/2022\/07\/cyril-caiazzo-l7HLmsKh8QY-unsplash-300x200.jpg 300w, https:\/\/www.myzen.tv\/wp-content\/uploads\/2022\/07\/cyril-caiazzo-l7HLmsKh8QY-unsplash-768x512.jpg 768w, https:\/\/www.myzen.tv\/wp-content\/uploads\/2022\/07\/cyril-caiazzo-l7HLmsKh8QY-unsplash-1536x1024.jpg 1536w, https:\/\/www.myzen.tv\/wp-content\/uploads\/2022\/07\/cyril-caiazzo-l7HLmsKh8QY-unsplash-2048x1365.jpg 2048w, https:\/\/www.myzen.tv\/wp-content\/uploads\/2022\/07\/cyril-caiazzo-l7HLmsKh8QY-unsplash-285x190.jpg 285w, https:\/\/www.myzen.tv\/wp-content\/uploads\/2022\/07\/cyril-caiazzo-l7HLmsKh8QY-unsplash-210x140.jpg 210w, https:\/\/www.myzen.tv\/wp-content\/uploads\/2022\/07\/cyril-caiazzo-l7HLmsKh8QY-unsplash-533x355.jpg 533w\" sizes=\"auto, (max-width: 1024px) 100vw, 1024px\" \/><\/figure>\n<\/figure>\n\n\n\n<p>Situ\u00e9e sur la pointe sud de la Corse, Bonifacio abrite sa c\u00e9l\u00e8bre citadelle m\u00e9di\u00e9vale perch\u00e9e sur une falaise. Pour y acc\u00e9der, vous devrez monter des centaines de marches, expos\u00e9 au plein soleil. Mais l&rsquo;effort en vaut la peine ! Une fois en haut, vous pourrez admirer une vue exceptionnelle sur une mer cristalline. De plus, vous pourrez visiter son cimeti\u00e8re, lui aussi en bord de falaise, pour un moment de recueillement apaisant. N&rsquo;h\u00e9sitez pas \u00e0 faire une balade en mer pour d\u00e9couvrir les diff\u00e9rentes falaises, dont l&rsquo;une ressemble au chapeau de Napol\u00e9on&#8230;<\/p>\n\n\n\n<h2 class=\"wp-block-heading\">L\u2019\u00cele-Rousse <\/h2>\n\n\n\n<figure class=\"wp-block-gallery has-nested-images columns-default is-cropped wp-block-gallery-4 is-layout-flex wp-block-gallery-is-layout-flex\">\n<figure class=\"wp-block-image size-large\"><img loading=\"lazy\" decoding=\"async\" width=\"1024\" height=\"766\" data-id=\"1687744\" src=\"https:\/\/www.myzen.tv\/wp-content\/uploads\/2022\/07\/LIle-Rousse_au_couchant-1024x766.jpg\" alt=\"L\u2019\u00cele-Rousse \" class=\"wp-image-1687744\" srcset=\"https:\/\/www.myzen.tv\/wp-content\/uploads\/2022\/07\/LIle-Rousse_au_couchant-1024x766.jpg 1024w, https:\/\/www.myzen.tv\/wp-content\/uploads\/2022\/07\/LIle-Rousse_au_couchant-300x224.jpg 300w, https:\/\/www.myzen.tv\/wp-content\/uploads\/2022\/07\/LIle-Rousse_au_couchant-768x575.jpg 768w, https:\/\/www.myzen.tv\/wp-content\/uploads\/2022\/07\/LIle-Rousse_au_couchant-1536x1149.jpg 1536w, https:\/\/www.myzen.tv\/wp-content\/uploads\/2022\/07\/LIle-Rousse_au_couchant-2048x1532.jpg 2048w, https:\/\/www.myzen.tv\/wp-content\/uploads\/2022\/07\/LIle-Rousse_au_couchant-254x190.jpg 254w, https:\/\/www.myzen.tv\/wp-content\/uploads\/2022\/07\/LIle-Rousse_au_couchant-187x140.jpg 187w, https:\/\/www.myzen.tv\/wp-content\/uploads\/2022\/07\/LIle-Rousse_au_couchant-474x355.jpg 474w\" sizes=\"auto, (max-width: 1024px) 100vw, 1024px\" \/><\/figure>\n\n\n\n<figure class=\"wp-block-image size-large\"><img loading=\"lazy\" decoding=\"async\" width=\"1024\" height=\"501\" data-id=\"1687746\" src=\"https:\/\/www.myzen.tv\/wp-content\/uploads\/2022\/07\/Vue_plage_IleRousse2-1024x501.jpg\" alt=\"L\u2019\u00cele-Rousse \" class=\"wp-image-1687746\" srcset=\"https:\/\/www.myzen.tv\/wp-content\/uploads\/2022\/07\/Vue_plage_IleRousse2-1024x501.jpg 1024w, https:\/\/www.myzen.tv\/wp-content\/uploads\/2022\/07\/Vue_plage_IleRousse2-300x147.jpg 300w, https:\/\/www.myzen.tv\/wp-content\/uploads\/2022\/07\/Vue_plage_IleRousse2-768x376.jpg 768w, https:\/\/www.myzen.tv\/wp-content\/uploads\/2022\/07\/Vue_plage_IleRousse2-1536x751.jpg 1536w, https:\/\/www.myzen.tv\/wp-content\/uploads\/2022\/07\/Vue_plage_IleRousse2-2048x1002.jpg 2048w, https:\/\/www.myzen.tv\/wp-content\/uploads\/2022\/07\/Vue_plage_IleRousse2-320x157.jpg 320w, https:\/\/www.myzen.tv\/wp-content\/uploads\/2022\/07\/Vue_plage_IleRousse2-235x115.jpg 235w, https:\/\/www.myzen.tv\/wp-content\/uploads\/2022\/07\/Vue_plage_IleRousse2-540x264.jpg 540w\" sizes=\"auto, (max-width: 1024px) 100vw, 1024px\" \/><\/figure>\n<figcaption class=\"blocks-gallery-caption\">\u00a9 Pierre BONA \/ \u00a9 Bruno BARRAL<\/figcaption><\/figure>\n\n\n\n<p>Tout au nord de la Corse, au c\u0153ur de la Balagne, l&rsquo;\u00cele-Rousse fut fond\u00e9e par Pascal Paoli. Vous pourrez profiter de la balade \u00e0 Marinella qui longe la plage Napol\u00e9on, une plage de sable fin. Entre mer et montagne, venez admirer ses paysages exceptionnels. De plus, venez visiter la vieille ville avec ses maisons d&rsquo;inspiration florentine. Une ville magnifique qui m\u00e9rite le d\u00e9tour !<\/p>\n\n\n\n<h2 class=\"wp-block-heading\">Corte<\/h2>\n\n\n\n<figure class=\"wp-block-gallery has-nested-images columns-default is-cropped wp-block-gallery-5 is-layout-flex wp-block-gallery-is-layout-flex\">\n<figure class=\"wp-block-image size-large\"><img loading=\"lazy\" decoding=\"async\" width=\"1024\" height=\"694\" data-id=\"1687756\" src=\"https:\/\/www.myzen.tv\/wp-content\/uploads\/2022\/07\/corte-gbca7df41f_1920-1-1024x694.jpg\" alt=\"Citadelle de Corte\" class=\"wp-image-1687756\" srcset=\"https:\/\/www.myzen.tv\/wp-content\/uploads\/2022\/07\/corte-gbca7df41f_1920-1-1024x694.jpg 1024w, https:\/\/www.myzen.tv\/wp-content\/uploads\/2022\/07\/corte-gbca7df41f_1920-1-300x203.jpg 300w, https:\/\/www.myzen.tv\/wp-content\/uploads\/2022\/07\/corte-gbca7df41f_1920-1-768x520.jpg 768w, https:\/\/www.myzen.tv\/wp-content\/uploads\/2022\/07\/corte-gbca7df41f_1920-1-1536x1041.jpg 1536w, https:\/\/www.myzen.tv\/wp-content\/uploads\/2022\/07\/corte-gbca7df41f_1920-1-280x190.jpg 280w, https:\/\/www.myzen.tv\/wp-content\/uploads\/2022\/07\/corte-gbca7df41f_1920-1-207x140.jpg 207w, https:\/\/www.myzen.tv\/wp-content\/uploads\/2022\/07\/corte-gbca7df41f_1920-1-524x355.jpg 524w, https:\/\/www.myzen.tv\/wp-content\/uploads\/2022\/07\/corte-gbca7df41f_1920-1.jpg 1668w\" sizes=\"auto, (max-width: 1024px) 100vw, 1024px\" \/><\/figure>\n\n\n\n<figure class=\"wp-block-image size-large\"><img loading=\"lazy\" decoding=\"async\" width=\"867\" height=\"1024\" data-id=\"1687758\" src=\"https:\/\/www.myzen.tv\/wp-content\/uploads\/2022\/07\/vincent-pere-aoGjqsjIVAQ-unsplash-1-867x1024.jpg\" alt=\"Maquis de Corte\" class=\"wp-image-1687758\" srcset=\"https:\/\/www.myzen.tv\/wp-content\/uploads\/2022\/07\/vincent-pere-aoGjqsjIVAQ-unsplash-1-867x1024.jpg 867w, https:\/\/www.myzen.tv\/wp-content\/uploads\/2022\/07\/vincent-pere-aoGjqsjIVAQ-unsplash-1-254x300.jpg 254w, https:\/\/www.myzen.tv\/wp-content\/uploads\/2022\/07\/vincent-pere-aoGjqsjIVAQ-unsplash-1-768x908.jpg 768w, https:\/\/www.myzen.tv\/wp-content\/uploads\/2022\/07\/vincent-pere-aoGjqsjIVAQ-unsplash-1-1300x1536.jpg 1300w, https:\/\/www.myzen.tv\/wp-content\/uploads\/2022\/07\/vincent-pere-aoGjqsjIVAQ-unsplash-1-1733x2048.jpg 1733w, https:\/\/www.myzen.tv\/wp-content\/uploads\/2022\/07\/vincent-pere-aoGjqsjIVAQ-unsplash-1-161x190.jpg 161w, https:\/\/www.myzen.tv\/wp-content\/uploads\/2022\/07\/vincent-pere-aoGjqsjIVAQ-unsplash-1-118x140.jpg 118w, https:\/\/www.myzen.tv\/wp-content\/uploads\/2022\/07\/vincent-pere-aoGjqsjIVAQ-unsplash-1-300x355.jpg 300w\" sizes=\"auto, (max-width: 867px) 100vw, 867px\" \/><\/figure>\n<\/figure>\n\n\n\n<p>Situ\u00e9e au c\u0153ur des montagnes, Corte est un village \u00e0 absolument visiter lors de votre voyage en Corse. Perch\u00e9e sur un piton rocheux \u00e0 400 m\u00e8tres d&rsquo;altitude avec sa belle citadelle, Corte est la capitale historique de la Corse. Vous pourrez vous balader dans ses rues pittoresques et visiter son Mus\u00e9e de la Corse situ\u00e9 dans la citadelle. C&rsquo;est dans ce village que l&rsquo;on prend pleinement conscience de ce qu&rsquo;est r\u00e9ellement le maquis corse !<\/p>\n\n\n\n<p>Vous connaissez maintenant <strong>5 villes \u00e0 visiter en Corse<\/strong> ! <\/p>\n\n\n\n<p>Retrouvez plus de contenus voyage sur <a href=\"http:\/\/watch.myzen.tv\" target=\"_blank\" rel=\"noreferrer noopener\">notre plateforme de streaming MyZen TV<\/a>. <\/p>\n","protected":false},"excerpt":{"rendered":"<p>Vous avez choisi de partir en vacances sur l&rsquo;\u00cele de Beaut\u00e9 ? Excellent choix, la Corse est certainement l&rsquo;un des plus beaux endroits de France, riche d&rsquo;une culture extraordinaire ! MyZen TV vous pr\u00e9sente aujourd&rsquo;hui 5 villes \u00e0 visiter en Corse. Ajaccio La ville imp\u00e9riale, berceau de Napol\u00e9on, Ajaccio est LA ville incontournable \u00e0 visiter [&hellip;]<\/p>\n","protected":false},"author":12,"featured_media":1687764,"comment_status":"closed","ping_status":"closed","sticky":false,"template":"","format":"standard","meta":{"episode_type":"","audio_file":"","cover_image":"","cover_image_id":"","duration":"","filesize":"","date_recorded":"","explicit":"","block":"","itunes_episode_number":"","itunes_title":"","itunes_season_number":"","itunes_episode_type":"","filesize_raw":"","footnotes":""},"categories":[51],"tags":[1209,639,1211,1210,180],"group":[318],"support":[],"class_list":["post-1687725","post","type-post","status-publish","format-standard","has-post-thumbnail","hentry","category-evasion","tag-corse","tag-evasion","tag-ile","tag-visites","tag-voyage","group-voyage"],"yoast_head":"<!-- This site is optimized with the Yoast SEO plugin v24.0 - https:\/\/yoast.com\/wordpress\/plugins\/seo\/ -->\n<title>5 villes \u00e0 visiter en Corse - MyZen TV<\/title>\n<meta name=\"description\" content=\"Vous avez choisi de partir en vacances en Corse ? MyZen TV vous pr\u00e9sente aujourd\u2019hui 5 villes \u00e0 visiter en Corse.\" \/>\n<meta name=\"robots\" content=\"index, follow, max-snippet:-1, max-image-preview:large, max-video-preview:-1\" \/>\n<link rel=\"canonical\" href=\"https:\/\/www.myzen.tv\/fr\/5-villes-a-visiter-en-corse\/\" \/>\n<meta property=\"og:locale\" content=\"fr_FR\" \/>\n<meta property=\"og:type\" content=\"article\" \/>\n<meta property=\"og:title\" content=\"5 villes \u00e0 visiter en Corse - MyZen TV\" \/>\n<meta property=\"og:description\" content=\"Vous avez choisi de partir en vacances en Corse ? MyZen TV vous pr\u00e9sente aujourd\u2019hui 5 villes \u00e0 visiter en Corse.\" \/>\n<meta property=\"og:url\" content=\"https:\/\/www.myzen.tv\/fr\/5-villes-a-visiter-en-corse\/\" \/>\n<meta property=\"og:site_name\" content=\"MyZen TV\" \/>\n<meta property=\"article:publisher\" content=\"https:\/\/www.facebook.com\/myzen.tv.fr\/\" \/>\n<meta property=\"article:published_time\" content=\"2023-07-15T08:00:00+00:00\" \/>\n<meta property=\"article:modified_time\" content=\"2023-07-04T13:07:57+00:00\" \/>\n<meta property=\"og:image\" content=\"https:\/\/www.myzen.tv\/wp-content\/uploads\/2022\/07\/cyril-caiazzo-l7HLmsKh8QY-unsplash-1-scaled.jpg\" \/>\n\t<meta property=\"og:image:width\" content=\"2560\" \/>\n\t<meta property=\"og:image:height\" content=\"1707\" \/>\n\t<meta property=\"og:image:type\" content=\"image\/jpeg\" \/>\n<meta name=\"author\" content=\"Gabrielle Cattier\" \/>\n<meta name=\"twitter:card\" content=\"summary_large_image\" \/>\n<meta name=\"twitter:label1\" content=\"\u00c9crit par\" \/>\n\t<meta name=\"twitter:data1\" content=\"Gabrielle Cattier\" \/>\n\t<meta name=\"twitter:label2\" content=\"Dur\u00e9e de lecture estim\u00e9e\" \/>\n\t<meta name=\"twitter:data2\" content=\"5 minutes\" \/>\n<!-- \/ Yoast SEO plugin. -->","yoast_head_json":{"title":"5 villes \u00e0 visiter en Corse - MyZen TV","description":"Vous avez choisi de partir en vacances en Corse ? MyZen TV vous pr\u00e9sente aujourd\u2019hui 5 villes \u00e0 visiter en Corse.","robots":{"index":"index","follow":"follow","max-snippet":"max-snippet:-1","max-image-preview":"max-image-preview:large","max-video-preview":"max-video-preview:-1"},"canonical":"https:\/\/www.myzen.tv\/fr\/5-villes-a-visiter-en-corse\/","og_locale":"fr_FR","og_type":"article","og_title":"5 villes \u00e0 visiter en Corse - MyZen TV","og_description":"Vous avez choisi de partir en vacances en Corse ? MyZen TV vous pr\u00e9sente aujourd\u2019hui 5 villes \u00e0 visiter en Corse.","og_url":"https:\/\/www.myzen.tv\/fr\/5-villes-a-visiter-en-corse\/","og_site_name":"MyZen TV","article_publisher":"https:\/\/www.facebook.com\/myzen.tv.fr\/","article_published_time":"2023-07-15T08:00:00+00:00","article_modified_time":"2023-07-04T13:07:57+00:00","og_image":[{"width":2560,"height":1707,"url":"https:\/\/www.myzen.tv\/wp-content\/uploads\/2022\/07\/cyril-caiazzo-l7HLmsKh8QY-unsplash-1-scaled.jpg","type":"image\/jpeg"}],"author":"Gabrielle Cattier","twitter_card":"summary_large_image","twitter_misc":{"\u00c9crit par":"Gabrielle Cattier","Dur\u00e9e de lecture estim\u00e9e":"5 minutes"},"schema":{"@context":"https:\/\/schema.org","@graph":[{"@type":"Article","@id":"https:\/\/www.myzen.tv\/fr\/5-villes-a-visiter-en-corse\/#article","isPartOf":{"@id":"https:\/\/www.myzen.tv\/fr\/5-villes-a-visiter-en-corse\/"},"author":{"name":"Gabrielle Cattier","@id":"https:\/\/www.myzen.tv\/fr\/#\/schema\/person\/60c38aefd5fdad55ca411a73751f70bb"},"headline":"5 villes \u00e0 visiter en Corse","datePublished":"2023-07-15T08:00:00+00:00","dateModified":"2023-07-04T13:07:57+00:00","mainEntityOfPage":{"@id":"https:\/\/www.myzen.tv\/fr\/5-villes-a-visiter-en-corse\/"},"wordCount":505,"publisher":{"@id":"https:\/\/www.myzen.tv\/fr\/#organization"},"image":{"@id":"https:\/\/www.myzen.tv\/fr\/5-villes-a-visiter-en-corse\/#primaryimage"},"thumbnailUrl":"https:\/\/www.myzen.tv\/wp-content\/uploads\/2022\/07\/cyril-caiazzo-l7HLmsKh8QY-unsplash-1-scaled.jpg","keywords":["corse","\u00e9vasion","ile","visites","voyage"],"articleSection":["\u00c9vasion"],"inLanguage":"fr-FR"},{"@type":"WebPage","@id":"https:\/\/www.myzen.tv\/fr\/5-villes-a-visiter-en-corse\/","url":"https:\/\/www.myzen.tv\/fr\/5-villes-a-visiter-en-corse\/","name":"5 villes \u00e0 visiter en Corse - MyZen TV","isPartOf":{"@id":"https:\/\/www.myzen.tv\/fr\/#website"},"primaryImageOfPage":{"@id":"https:\/\/www.myzen.tv\/fr\/5-villes-a-visiter-en-corse\/#primaryimage"},"image":{"@id":"https:\/\/www.myzen.tv\/fr\/5-villes-a-visiter-en-corse\/#primaryimage"},"thumbnailUrl":"https:\/\/www.myzen.tv\/wp-content\/uploads\/2022\/07\/cyril-caiazzo-l7HLmsKh8QY-unsplash-1-scaled.jpg","datePublished":"2023-07-15T08:00:00+00:00","dateModified":"2023-07-04T13:07:57+00:00","description":"Vous avez choisi de partir en vacances en Corse ? MyZen TV vous pr\u00e9sente aujourd\u2019hui 5 villes \u00e0 visiter en Corse.","breadcrumb":{"@id":"https:\/\/www.myzen.tv\/fr\/5-villes-a-visiter-en-corse\/#breadcrumb"},"inLanguage":"fr-FR","potentialAction":[{"@type":"ReadAction","target":["https:\/\/www.myzen.tv\/fr\/5-villes-a-visiter-en-corse\/"]}]},{"@type":"ImageObject","inLanguage":"fr-FR","@id":"https:\/\/www.myzen.tv\/fr\/5-villes-a-visiter-en-corse\/#primaryimage","url":"https:\/\/www.myzen.tv\/wp-content\/uploads\/2022\/07\/cyril-caiazzo-l7HLmsKh8QY-unsplash-1-scaled.jpg","contentUrl":"https:\/\/www.myzen.tv\/wp-content\/uploads\/2022\/07\/cyril-caiazzo-l7HLmsKh8QY-unsplash-1-scaled.jpg","width":2560,"height":1707},{"@type":"BreadcrumbList","@id":"https:\/\/www.myzen.tv\/fr\/5-villes-a-visiter-en-corse\/#breadcrumb","itemListElement":[{"@type":"ListItem","position":1,"name":"Home","item":"https:\/\/www.myzen.tv\/fr\/"},{"@type":"ListItem","position":2,"name":"Voyage","item":"https:\/\/www.myzen.tv\/fr\/theme\/voyage\/"},{"@type":"ListItem","position":3,"name":"5 villes \u00e0 visiter en Corse"}]},{"@type":"WebSite","@id":"https:\/\/www.myzen.tv\/fr\/#website","url":"https:\/\/www.myzen.tv\/fr\/","name":"MyZen TV","description":"Your lifestyle and well-being channel","publisher":{"@id":"https:\/\/www.myzen.tv\/fr\/#organization"},"potentialAction":[{"@type":"SearchAction","target":{"@type":"EntryPoint","urlTemplate":"https:\/\/www.myzen.tv\/fr\/?s={search_term_string}"},"query-input":{"@type":"PropertyValueSpecification","valueRequired":true,"valueName":"search_term_string"}}],"inLanguage":"fr-FR"},{"@type":"Organization","@id":"https:\/\/www.myzen.tv\/fr\/#organization","name":"MyZen TV","url":"https:\/\/www.myzen.tv\/fr\/","logo":{"@type":"ImageObject","inLanguage":"fr-FR","@id":"https:\/\/www.myzen.tv\/fr\/#\/schema\/logo\/image\/","url":"https:\/\/www.myzen.tv\/wp-content\/uploads\/2021\/05\/cropped-ICON_MZtv-LOGO_firetv640-1-1.png","contentUrl":"https:\/\/www.myzen.tv\/wp-content\/uploads\/2021\/05\/cropped-ICON_MZtv-LOGO_firetv640-1-1.png","width":512,"height":512,"caption":"MyZen TV"},"image":{"@id":"https:\/\/www.myzen.tv\/fr\/#\/schema\/logo\/image\/"},"sameAs":["https:\/\/www.facebook.com\/myzen.tv.fr\/","https:\/\/www.instagram.com\/myzentv\/"]},{"@type":"Person","@id":"https:\/\/www.myzen.tv\/fr\/#\/schema\/person\/60c38aefd5fdad55ca411a73751f70bb","name":"Gabrielle Cattier","url":"https:\/\/www.myzen.tv\/fr\/author\/gabrielle-cattier\/"}]}},"_links":{"self":[{"href":"https:\/\/www.myzen.tv\/fr\/wp-json\/wp\/v2\/posts\/1687725","targetHints":{"allow":["GET"]}}],"collection":[{"href":"https:\/\/www.myzen.tv\/fr\/wp-json\/wp\/v2\/posts"}],"about":[{"href":"https:\/\/www.myzen.tv\/fr\/wp-json\/wp\/v2\/types\/post"}],"author":[{"embeddable":true,"href":"https:\/\/www.myzen.tv\/fr\/wp-json\/wp\/v2\/users\/12"}],"replies":[{"embeddable":true,"href":"https:\/\/www.myzen.tv\/fr\/wp-json\/wp\/v2\/comments?post=1687725"}],"version-history":[{"count":5,"href":"https:\/\/www.myzen.tv\/fr\/wp-json\/wp\/v2\/posts\/1687725\/revisions"}],"predecessor-version":[{"id":1700772,"href":"https:\/\/www.myzen.tv\/fr\/wp-json\/wp\/v2\/posts\/1687725\/revisions\/1700772"}],"wp:featuredmedia":[{"embeddable":true,"href":"https:\/\/www.myzen.tv\/fr\/wp-json\/wp\/v2\/media\/1687764"}],"wp:attachment":[{"href":"https:\/\/www.myzen.tv\/fr\/wp-json\/wp\/v2\/media?parent=1687725"}],"wp:term":[{"taxonomy":"category","embeddable":true,"href":"https:\/\/www.myzen.tv\/fr\/wp-json\/wp\/v2\/categories?post=1687725"},{"taxonomy":"post_tag","embeddable":true,"href":"https:\/\/www.myzen.tv\/fr\/wp-json\/wp\/v2\/tags?post=1687725"},{"taxonomy":"group","embeddable":true,"href":"https:\/\/www.myzen.tv\/fr\/wp-json\/wp\/v2\/group?post=1687725"},{"taxonomy":"support","embeddable":true,"href":"https:\/\/www.myzen.tv\/fr\/wp-json\/wp\/v2\/support?post=1687725"}],"curies":[{"name":"wp","href":"https:\/\/api.w.org\/{rel}","templated":true}]}}