{"id":1687923,"date":"2022-09-01T06:00:00","date_gmt":"2022-09-01T06:00:00","guid":{"rendered":"https:\/\/www.myzen.tv\/?p=1687923"},"modified":"2022-08-26T12:43:20","modified_gmt":"2022-08-26T12:43:20","slug":"en-septembre-lart-de-vivre-a-la-francaise-est-a-lhonneur-sur-myzen-tv","status":"publish","type":"post","link":"https:\/\/www.myzen.tv\/fr\/en-septembre-lart-de-vivre-a-la-francaise-est-a-lhonneur-sur-myzen-tv\/","title":{"rendered":"En septembre, l&rsquo;art de vivre \u00e0 la fran\u00e7aise est \u00e0 l&rsquo;honneur sur MyZen TV"},"content":{"rendered":"\n<p>La rentr\u00e9e a sonn\u00e9 sur <strong>MyZen TV<\/strong> ! En septembre,<strong> l&rsquo;Art de vivre \u00e0 la fran\u00e7aise <\/strong>est \u00e0 l&rsquo;honneur sur votre cha\u00eene bien-\u00eatre.<br><br>Au programme :&nbsp;&nbsp;<\/p>\n\n\n\n<ul class=\"wp-block-list\"><li>My Perfect Family<\/li><li>Andr\u00e9 Le N\u00f4tre, jardinier du Roi Louis XIV<\/li><li>Soir\u00e9e French Touch<\/li><li>L&rsquo;instant bien-\u00eatre : Art de vivre \u00e0 la fran\u00e7aise<\/li><\/ul>\n\n\n\n<h2 class=\"wp-block-heading\">My Perfect Family<\/h2>\n\n\n\n<figure class=\"wp-block-image size-large\"><img loading=\"lazy\" decoding=\"async\" width=\"1024\" height=\"576\" src=\"https:\/\/www.myzen.tv\/wp-content\/uploads\/2022\/07\/699f8355-9234-9a3f-0f99-8e5886667624-1024x576.jpg\" alt=\"\" class=\"wp-image-1687926\" srcset=\"https:\/\/www.myzen.tv\/wp-content\/uploads\/2022\/07\/699f8355-9234-9a3f-0f99-8e5886667624-1024x576.jpg 1024w, https:\/\/www.myzen.tv\/wp-content\/uploads\/2022\/07\/699f8355-9234-9a3f-0f99-8e5886667624-300x169.jpg 300w, https:\/\/www.myzen.tv\/wp-content\/uploads\/2022\/07\/699f8355-9234-9a3f-0f99-8e5886667624-768x432.jpg 768w, https:\/\/www.myzen.tv\/wp-content\/uploads\/2022\/07\/699f8355-9234-9a3f-0f99-8e5886667624-1536x864.jpg 1536w, https:\/\/www.myzen.tv\/wp-content\/uploads\/2022\/07\/699f8355-9234-9a3f-0f99-8e5886667624-320x180.jpg 320w, https:\/\/www.myzen.tv\/wp-content\/uploads\/2022\/07\/699f8355-9234-9a3f-0f99-8e5886667624-235x132.jpg 235w, https:\/\/www.myzen.tv\/wp-content\/uploads\/2022\/07\/699f8355-9234-9a3f-0f99-8e5886667624-540x304.jpg 540w, https:\/\/www.myzen.tv\/wp-content\/uploads\/2022\/07\/699f8355-9234-9a3f-0f99-8e5886667624.jpg 1920w\" sizes=\"auto, (max-width: 1024px) 100vw, 1024px\" \/><\/figure>\n\n\n\n<p><strong>D\u00e8s le 1er septembre, tous les jeudis \u00e0 18h30<\/strong><\/p>\n\n\n\n<p>Dans cette s\u00e9rie inspirante et \u00e9difiante, d\u00e9couvrez comment des enfants souffrant de handicaps vivent pleinement leur vie avec l&rsquo;aide de leur famille. Des parents qui \u00e9l\u00e8vent des enfants atteints d&rsquo;autisme ou de c\u00e9cit\u00e9, des familles impact\u00e9es par des maladies g\u00e9n\u00e9tiques telles que le syndrome de l\u2019X fragile ou la mucoviscidose, d\u00e9couvrez les d\u00e9fis, les joies et les complexit\u00e9s d&rsquo;un soignant \u00e0 plein temps. My Perfect Family est une s\u00e9rie qui r\u00e9chauffe le c\u0153ur et rend hommage aux parents fantastiques qui \u00e9l\u00e8vent leurs enfants avec une attitude cr\u00e9ative, pragmatique et positive.<\/p>\n\n\n\n<h2 class=\"wp-block-heading\">Andr\u00e9 Le N\u00f4tre, jardinier du Roi Louis XIV<\/h2>\n\n\n\n<figure class=\"wp-block-image size-large\"><img loading=\"lazy\" decoding=\"async\" width=\"800\" height=\"450\" src=\"https:\/\/www.myzen.tv\/wp-content\/uploads\/2022\/07\/f8fe4b42-9dcb-55cd-9e27-fcf2245703a2.jpg\" alt=\"\" class=\"wp-image-1687928\" srcset=\"https:\/\/www.myzen.tv\/wp-content\/uploads\/2022\/07\/f8fe4b42-9dcb-55cd-9e27-fcf2245703a2.jpg 800w, https:\/\/www.myzen.tv\/wp-content\/uploads\/2022\/07\/f8fe4b42-9dcb-55cd-9e27-fcf2245703a2-300x169.jpg 300w, https:\/\/www.myzen.tv\/wp-content\/uploads\/2022\/07\/f8fe4b42-9dcb-55cd-9e27-fcf2245703a2-768x432.jpg 768w, https:\/\/www.myzen.tv\/wp-content\/uploads\/2022\/07\/f8fe4b42-9dcb-55cd-9e27-fcf2245703a2-320x180.jpg 320w, https:\/\/www.myzen.tv\/wp-content\/uploads\/2022\/07\/f8fe4b42-9dcb-55cd-9e27-fcf2245703a2-235x132.jpg 235w, https:\/\/www.myzen.tv\/wp-content\/uploads\/2022\/07\/f8fe4b42-9dcb-55cd-9e27-fcf2245703a2-540x304.jpg 540w\" sizes=\"auto, (max-width: 800px) 100vw, 800px\" \/><\/figure>\n\n\n\n<p><strong>Le mercredi 21 septembre \u00e0 18h30<\/strong><\/p>\n\n\n\n<p>Andr\u00e9 Le N\u00f4tre est certainement le plus c\u00e9l\u00e8bre des \u00ab jardiniers \u00bb fran\u00e7ais, il est le premier jardinier anobli par un roi. En 1637, le roi Louis XIII garantit \u00e0 Le N\u00f4tre qu&rsquo;il continuera dans l&rsquo;office de son p\u00e8re et il devient le premier jardinier du roi Louis XIV, de 1645 \u00e0 1700. Le N\u00f4tre est le cr\u00e9ateur de nombreux \u00ab jardins \u00e0 la fran\u00e7aise \u00bb en France et \u00e0 l&rsquo;\u00e9tranger. Il s\u2019est notamment occup\u00e9 de la conception et l&rsquo;am\u00e9nagement des parcs et jardins du ch\u00e2teau de Chantilly, de St Germain en Laye et bien s\u00fbr de Versailles. Mais son premier chef-d&rsquo;\u0153uvre sera r\u00e9alis\u00e9 pour Nicolas Fouquet, le ministre des Finances du roi Louis XIV alors tr\u00e8s en vogue. D\u00e9couvrez ses \u0153uvres qui serviront de r\u00e9f\u00e9rent absolu des jardins fran\u00e7ais imit\u00e9s et reconnus \u00e0 travers l&rsquo;Europe.<\/p>\n\n\n\n<h2 class=\"wp-block-heading\">Soir\u00e9e French Touch<\/h2>\n\n\n\n<figure class=\"wp-block-image size-large\"><img loading=\"lazy\" decoding=\"async\" width=\"1024\" height=\"576\" src=\"https:\/\/www.myzen.tv\/wp-content\/uploads\/2022\/07\/eb877742-eaa5-f284-38a5-08cf1d4ca368-1024x576.jpg\" alt=\"\" class=\"wp-image-1687930\" srcset=\"https:\/\/www.myzen.tv\/wp-content\/uploads\/2022\/07\/eb877742-eaa5-f284-38a5-08cf1d4ca368-1024x576.jpg 1024w, https:\/\/www.myzen.tv\/wp-content\/uploads\/2022\/07\/eb877742-eaa5-f284-38a5-08cf1d4ca368-300x169.jpg 300w, https:\/\/www.myzen.tv\/wp-content\/uploads\/2022\/07\/eb877742-eaa5-f284-38a5-08cf1d4ca368-768x432.jpg 768w, https:\/\/www.myzen.tv\/wp-content\/uploads\/2022\/07\/eb877742-eaa5-f284-38a5-08cf1d4ca368-1536x864.jpg 1536w, https:\/\/www.myzen.tv\/wp-content\/uploads\/2022\/07\/eb877742-eaa5-f284-38a5-08cf1d4ca368-320x180.jpg 320w, https:\/\/www.myzen.tv\/wp-content\/uploads\/2022\/07\/eb877742-eaa5-f284-38a5-08cf1d4ca368-235x132.jpg 235w, https:\/\/www.myzen.tv\/wp-content\/uploads\/2022\/07\/eb877742-eaa5-f284-38a5-08cf1d4ca368-540x304.jpg 540w, https:\/\/www.myzen.tv\/wp-content\/uploads\/2022\/07\/eb877742-eaa5-f284-38a5-08cf1d4ca368.jpg 1920w\" sizes=\"auto, (max-width: 1024px) 100vw, 1024px\" \/><\/figure>\n\n\n\n<p><strong>Le lundi 12 septembre de 18h30 \u00e0 22h00<\/strong><\/p>\n\n\n\n<p>La France est \u00e0 l\u2019honneur en septembre sur MyZen TV ! Le pays de Moli\u00e8re vous livre ses derniers petits secrets en mati\u00e8re de d\u00e9coration, de cuisine, d\u2019urbanisme&#8230; Et d\u2019amour, bien s\u00fbr ! Au programme dans notre soir\u00e9e sp\u00e9ciale \u201cFrench Touch\u201d :&nbsp;<\/p>\n\n\n\n<ul class=\"wp-block-list\"><li>D\u00e9couvrez la plus romantique des capitales avec&nbsp;<strong>Love in the City sp\u00e9ciale Paris<\/strong>.<\/li><li>Avec une r\u00e9putation internationale, l\u2019artisanat fran\u00e7ais va vous surprendre par sa modernit\u00e9 dans notre magazine&nbsp;<strong>Version Fran\u00e7aise<\/strong>.<\/li><li>Partez \u00e0 la rencontre de femmes qui ont d\u00e9cid\u00e9 de transformer le monde en lan\u00e7ant en changeant de vie et en d\u00e9cidant d\u2019investir dans un projet sur diff\u00e9rents territoires fran\u00e7ais dans&nbsp;<strong>My Zen People<\/strong>.<\/li><li>Apprenez \u00e0 cuisiner le canard aux c\u00f4t\u00e9s du chef b\u00e9arnais Christian Etchebest et Luana Belmondo dans&nbsp;<strong>Luana Cuisine<\/strong>.<\/li><li>Inspirez-vous de la gastronomie parisienne et des astuces pour cuisiner facilement ces plats cultes dans&nbsp;<strong>La cuisine parisienne de Rachel Khoo<\/strong>.<\/li><li>Et si les toits devenaient un espace o\u00f9 pourrait r\u00e9gner M\u00e8re Nature ? Voyagez \u00e0 travers Paris dans un p\u00e9riple et d\u00e9couvrez des toits suspendus surprenants dans le documentaire&nbsp;<strong>Les Toits de Paris, des jardins extraordinaires<\/strong>.<\/li><\/ul>\n\n\n\n<h2 class=\"wp-block-heading\">L\u2019instant bien-\u00eatre : Art de vivre \u00e0 la fran\u00e7aise<\/h2>\n\n\n\n<figure class=\"wp-block-image size-large\"><img loading=\"lazy\" decoding=\"async\" width=\"1024\" height=\"576\" src=\"https:\/\/www.myzen.tv\/wp-content\/uploads\/2022\/07\/551a8914-98b3-94d4-66c3-5ebd783f44da-1024x576.jpg\" alt=\"\" class=\"wp-image-1687932\" srcset=\"https:\/\/www.myzen.tv\/wp-content\/uploads\/2022\/07\/551a8914-98b3-94d4-66c3-5ebd783f44da-1024x576.jpg 1024w, https:\/\/www.myzen.tv\/wp-content\/uploads\/2022\/07\/551a8914-98b3-94d4-66c3-5ebd783f44da-300x169.jpg 300w, https:\/\/www.myzen.tv\/wp-content\/uploads\/2022\/07\/551a8914-98b3-94d4-66c3-5ebd783f44da-768x432.jpg 768w, https:\/\/www.myzen.tv\/wp-content\/uploads\/2022\/07\/551a8914-98b3-94d4-66c3-5ebd783f44da-1536x864.jpg 1536w, https:\/\/www.myzen.tv\/wp-content\/uploads\/2022\/07\/551a8914-98b3-94d4-66c3-5ebd783f44da-320x180.jpg 320w, https:\/\/www.myzen.tv\/wp-content\/uploads\/2022\/07\/551a8914-98b3-94d4-66c3-5ebd783f44da-235x132.jpg 235w, https:\/\/www.myzen.tv\/wp-content\/uploads\/2022\/07\/551a8914-98b3-94d4-66c3-5ebd783f44da-540x304.jpg 540w, https:\/\/www.myzen.tv\/wp-content\/uploads\/2022\/07\/551a8914-98b3-94d4-66c3-5ebd783f44da.jpg 1920w\" sizes=\"auto, (max-width: 1024px) 100vw, 1024px\" \/><\/figure>\n\n\n\n<p><strong>D\u00e8s le 4 septembre, tous les dimanches de 16h30 \u00e0 18h00<\/strong><\/p>\n\n\n\n<p>Prenez du temps pour vous en d\u00e9couvrant notre nouveau rendez-vous hebdomadaire : L\u2019instant bien-\u00eatre. L\u2019occasion de d\u00e9couvrir ou red\u00e9couvrir nos programmes sous un angle diff\u00e9rent ! En septembre, MyZen TV vous propose une s\u00e9lection sp\u00e9ciale \u201cArt de vivre \u00e0 la fran\u00e7aise\u201d.<br><br>Au programme :&nbsp;<\/p>\n\n\n\n<ul class=\"wp-block-list\"><li>Prenez go\u00fbts \u00e0 la d\u00e9coration d\u2019int\u00e9rieur avec nos astuces d\u2019architecture et designer qui ont de leurs lieux de vie, de v\u00e9ritable endroits pratiques et tendances avec notre magazine&nbsp;<strong>Faites comme chez eux<\/strong>.<\/li><li>Inspirez-vous des&nbsp;<strong>Tribus de Constance<\/strong>&nbsp;et des int\u00e9rieurs \u201cfrenchy\u201d de ces familles qui ont su pallier d\u00e9coration et vie de famille.<\/li><li>Avec une r\u00e9putation internationale, l\u2019artisanat fran\u00e7ais va vous surprendre par sa modernit\u00e9 dans notre magazine&nbsp;<strong>Version Fran\u00e7aise<\/strong>.<\/li><li>D\u00e9couvrez les derni\u00e8res tendances bien-\u00eatre disponibles \u00e0 Paris avec Val Khal dans&nbsp;<strong>My Zen Trendy<\/strong>.<\/li><li>Voyagez dans diff\u00e9rentes r\u00e9gions de France pour d\u00e9couvrir les savoir-faire ancestraux des habitants avec notre s\u00e9rie documentaire&nbsp;<strong>Dans tes yeux<\/strong>.<\/li><\/ul>\n\n\n\n<p>Pour plus de contenus bien-\u00eatre, rendez-vous sur notre <a href=\"http:\/\/watch.myzen.tv\/\" target=\"_blank\" rel=\"noreferrer noopener\">plateforme de streaming MyZen TV<\/a>.<\/p>\n","protected":false},"excerpt":{"rendered":"<p>La rentr\u00e9e a sonn\u00e9 sur MyZen TV ! En septembre, l&rsquo;Art de vivre \u00e0 la fran\u00e7aise est \u00e0 l&rsquo;honneur sur votre cha\u00eene bien-\u00eatre. Au programme :&nbsp;&nbsp; My Perfect Family Andr\u00e9 Le N\u00f4tre, jardinier du Roi Louis XIV Soir\u00e9e French Touch L&rsquo;instant bien-\u00eatre : Art de vivre \u00e0 la fran\u00e7aise My Perfect Family D\u00e8s le 1er [&hellip;]<\/p>\n","protected":false},"author":12,"featured_media":1688631,"comment_status":"closed","ping_status":"closed","sticky":false,"template":"","format":"standard","meta":{"episode_type":"","audio_file":"","cover_image":"","cover_image_id":"","duration":"","filesize":"","date_recorded":"","explicit":"","block":"","itunes_episode_number":"","itunes_title":"","itunes_season_number":"","itunes_episode_type":"","filesize_raw":"","footnotes":""},"categories":[16],"tags":[846],"group":[],"support":[],"class_list":["post-1687923","post","type-post","status-publish","format-standard","has-post-thumbnail","hentry","category-a-la-une","tag-programmes"],"yoast_head":"<!-- This site is optimized with the Yoast SEO plugin v24.0 - https:\/\/yoast.com\/wordpress\/plugins\/seo\/ -->\n<title>En septembre, l&#039;art de vivre \u00e0 la fran\u00e7aise est \u00e0 l&#039;honneur sur MyZen TV<\/title>\n<meta name=\"description\" content=\"La rentr\u00e9e a sonn\u00e9 sur MyZen TV ! En septembre, l&#039;Art de vivre \u00e0 la fran\u00e7aise est \u00e0 l&#039;honneur sur votre cha\u00eene bien-\u00eatre.\" \/>\n<meta name=\"robots\" content=\"index, follow, max-snippet:-1, max-image-preview:large, max-video-preview:-1\" \/>\n<link rel=\"canonical\" href=\"https:\/\/www.myzen.tv\/fr\/en-septembre-lart-de-vivre-a-la-francaise-est-a-lhonneur-sur-myzen-tv\/\" \/>\n<meta property=\"og:locale\" content=\"fr_FR\" \/>\n<meta property=\"og:type\" content=\"article\" \/>\n<meta property=\"og:title\" content=\"En septembre, l&#039;art de vivre \u00e0 la fran\u00e7aise est \u00e0 l&#039;honneur sur MyZen TV\" \/>\n<meta property=\"og:description\" content=\"La rentr\u00e9e a sonn\u00e9 sur MyZen TV ! En septembre, l&#039;Art de vivre \u00e0 la fran\u00e7aise est \u00e0 l&#039;honneur sur votre cha\u00eene bien-\u00eatre.\" \/>\n<meta property=\"og:url\" content=\"https:\/\/www.myzen.tv\/fr\/en-septembre-lart-de-vivre-a-la-francaise-est-a-lhonneur-sur-myzen-tv\/\" \/>\n<meta property=\"og:site_name\" content=\"MyZen TV\" \/>\n<meta property=\"article:publisher\" content=\"https:\/\/www.facebook.com\/myzen.tv.fr\/\" \/>\n<meta property=\"article:published_time\" content=\"2022-09-01T06:00:00+00:00\" \/>\n<meta property=\"article:modified_time\" content=\"2022-08-26T12:43:20+00:00\" \/>\n<meta property=\"og:image\" content=\"https:\/\/www.myzen.tv\/wp-content\/uploads\/2022\/09\/beautiful-shot-from-paris-france-Freepik_wirestock-scaled.jpg\" \/>\n\t<meta property=\"og:image:width\" content=\"2560\" \/>\n\t<meta property=\"og:image:height\" content=\"1920\" \/>\n\t<meta property=\"og:image:type\" content=\"image\/jpeg\" \/>\n<meta name=\"author\" content=\"Gabrielle Cattier\" \/>\n<meta name=\"twitter:card\" content=\"summary_large_image\" \/>\n<meta name=\"twitter:label1\" content=\"\u00c9crit par\" \/>\n\t<meta name=\"twitter:data1\" content=\"Gabrielle Cattier\" \/>\n\t<meta name=\"twitter:label2\" content=\"Dur\u00e9e de lecture estim\u00e9e\" \/>\n\t<meta name=\"twitter:data2\" content=\"4 minutes\" \/>\n<!-- \/ Yoast SEO plugin. -->","yoast_head_json":{"title":"En septembre, l'art de vivre \u00e0 la fran\u00e7aise est \u00e0 l'honneur sur MyZen TV","description":"La rentr\u00e9e a sonn\u00e9 sur MyZen TV ! En septembre, l'Art de vivre \u00e0 la fran\u00e7aise est \u00e0 l'honneur sur votre cha\u00eene bien-\u00eatre.","robots":{"index":"index","follow":"follow","max-snippet":"max-snippet:-1","max-image-preview":"max-image-preview:large","max-video-preview":"max-video-preview:-1"},"canonical":"https:\/\/www.myzen.tv\/fr\/en-septembre-lart-de-vivre-a-la-francaise-est-a-lhonneur-sur-myzen-tv\/","og_locale":"fr_FR","og_type":"article","og_title":"En septembre, l'art de vivre \u00e0 la fran\u00e7aise est \u00e0 l'honneur sur MyZen TV","og_description":"La rentr\u00e9e a sonn\u00e9 sur MyZen TV ! En septembre, l'Art de vivre \u00e0 la fran\u00e7aise est \u00e0 l'honneur sur votre cha\u00eene bien-\u00eatre.","og_url":"https:\/\/www.myzen.tv\/fr\/en-septembre-lart-de-vivre-a-la-francaise-est-a-lhonneur-sur-myzen-tv\/","og_site_name":"MyZen TV","article_publisher":"https:\/\/www.facebook.com\/myzen.tv.fr\/","article_published_time":"2022-09-01T06:00:00+00:00","article_modified_time":"2022-08-26T12:43:20+00:00","og_image":[{"width":2560,"height":1920,"url":"https:\/\/www.myzen.tv\/wp-content\/uploads\/2022\/09\/beautiful-shot-from-paris-france-Freepik_wirestock-scaled.jpg","type":"image\/jpeg"}],"author":"Gabrielle Cattier","twitter_card":"summary_large_image","twitter_misc":{"\u00c9crit par":"Gabrielle Cattier","Dur\u00e9e de lecture estim\u00e9e":"4 minutes"},"schema":{"@context":"https:\/\/schema.org","@graph":[{"@type":"Article","@id":"https:\/\/www.myzen.tv\/fr\/en-septembre-lart-de-vivre-a-la-francaise-est-a-lhonneur-sur-myzen-tv\/#article","isPartOf":{"@id":"https:\/\/www.myzen.tv\/fr\/en-septembre-lart-de-vivre-a-la-francaise-est-a-lhonneur-sur-myzen-tv\/"},"author":{"name":"Gabrielle Cattier","@id":"https:\/\/www.myzen.tv\/fr\/#\/schema\/person\/60c38aefd5fdad55ca411a73751f70bb"},"headline":"En septembre, l&rsquo;art de vivre \u00e0 la fran\u00e7aise est \u00e0 l&rsquo;honneur sur MyZen TV","datePublished":"2022-09-01T06:00:00+00:00","dateModified":"2022-08-26T12:43:20+00:00","mainEntityOfPage":{"@id":"https:\/\/www.myzen.tv\/fr\/en-septembre-lart-de-vivre-a-la-francaise-est-a-lhonneur-sur-myzen-tv\/"},"wordCount":773,"publisher":{"@id":"https:\/\/www.myzen.tv\/fr\/#organization"},"image":{"@id":"https:\/\/www.myzen.tv\/fr\/en-septembre-lart-de-vivre-a-la-francaise-est-a-lhonneur-sur-myzen-tv\/#primaryimage"},"thumbnailUrl":"https:\/\/www.myzen.tv\/wp-content\/uploads\/2022\/09\/beautiful-shot-from-paris-france-Freepik_wirestock-scaled.jpg","keywords":["programmes"],"articleSection":["A la une"],"inLanguage":"fr-FR"},{"@type":"WebPage","@id":"https:\/\/www.myzen.tv\/fr\/en-septembre-lart-de-vivre-a-la-francaise-est-a-lhonneur-sur-myzen-tv\/","url":"https:\/\/www.myzen.tv\/fr\/en-septembre-lart-de-vivre-a-la-francaise-est-a-lhonneur-sur-myzen-tv\/","name":"En septembre, l'art de vivre \u00e0 la fran\u00e7aise est \u00e0 l'honneur sur MyZen TV","isPartOf":{"@id":"https:\/\/www.myzen.tv\/fr\/#website"},"primaryImageOfPage":{"@id":"https:\/\/www.myzen.tv\/fr\/en-septembre-lart-de-vivre-a-la-francaise-est-a-lhonneur-sur-myzen-tv\/#primaryimage"},"image":{"@id":"https:\/\/www.myzen.tv\/fr\/en-septembre-lart-de-vivre-a-la-francaise-est-a-lhonneur-sur-myzen-tv\/#primaryimage"},"thumbnailUrl":"https:\/\/www.myzen.tv\/wp-content\/uploads\/2022\/09\/beautiful-shot-from-paris-france-Freepik_wirestock-scaled.jpg","datePublished":"2022-09-01T06:00:00+00:00","dateModified":"2022-08-26T12:43:20+00:00","description":"La rentr\u00e9e a sonn\u00e9 sur MyZen TV ! En septembre, l'Art de vivre \u00e0 la fran\u00e7aise est \u00e0 l'honneur sur votre cha\u00eene bien-\u00eatre.","breadcrumb":{"@id":"https:\/\/www.myzen.tv\/fr\/en-septembre-lart-de-vivre-a-la-francaise-est-a-lhonneur-sur-myzen-tv\/#breadcrumb"},"inLanguage":"fr-FR","potentialAction":[{"@type":"ReadAction","target":["https:\/\/www.myzen.tv\/fr\/en-septembre-lart-de-vivre-a-la-francaise-est-a-lhonneur-sur-myzen-tv\/"]}]},{"@type":"ImageObject","inLanguage":"fr-FR","@id":"https:\/\/www.myzen.tv\/fr\/en-septembre-lart-de-vivre-a-la-francaise-est-a-lhonneur-sur-myzen-tv\/#primaryimage","url":"https:\/\/www.myzen.tv\/wp-content\/uploads\/2022\/09\/beautiful-shot-from-paris-france-Freepik_wirestock-scaled.jpg","contentUrl":"https:\/\/www.myzen.tv\/wp-content\/uploads\/2022\/09\/beautiful-shot-from-paris-france-Freepik_wirestock-scaled.jpg","width":2560,"height":1920,"caption":"A beautiful shot from Paris, France"},{"@type":"BreadcrumbList","@id":"https:\/\/www.myzen.tv\/fr\/en-septembre-lart-de-vivre-a-la-francaise-est-a-lhonneur-sur-myzen-tv\/#breadcrumb","itemListElement":[{"@type":"ListItem","position":1,"name":"Home","item":"https:\/\/www.myzen.tv\/fr\/"},{"@type":"ListItem","position":2,"name":"En septembre, l&#8217;art de vivre \u00e0 la fran\u00e7aise est \u00e0 l&#8217;honneur sur MyZen TV"}]},{"@type":"WebSite","@id":"https:\/\/www.myzen.tv\/fr\/#website","url":"https:\/\/www.myzen.tv\/fr\/","name":"MyZen TV","description":"Your lifestyle and well-being channel","publisher":{"@id":"https:\/\/www.myzen.tv\/fr\/#organization"},"potentialAction":[{"@type":"SearchAction","target":{"@type":"EntryPoint","urlTemplate":"https:\/\/www.myzen.tv\/fr\/?s={search_term_string}"},"query-input":{"@type":"PropertyValueSpecification","valueRequired":true,"valueName":"search_term_string"}}],"inLanguage":"fr-FR"},{"@type":"Organization","@id":"https:\/\/www.myzen.tv\/fr\/#organization","name":"MyZen TV","url":"https:\/\/www.myzen.tv\/fr\/","logo":{"@type":"ImageObject","inLanguage":"fr-FR","@id":"https:\/\/www.myzen.tv\/fr\/#\/schema\/logo\/image\/","url":"https:\/\/www.myzen.tv\/wp-content\/uploads\/2021\/05\/cropped-ICON_MZtv-LOGO_firetv640-1-1.png","contentUrl":"https:\/\/www.myzen.tv\/wp-content\/uploads\/2021\/05\/cropped-ICON_MZtv-LOGO_firetv640-1-1.png","width":512,"height":512,"caption":"MyZen TV"},"image":{"@id":"https:\/\/www.myzen.tv\/fr\/#\/schema\/logo\/image\/"},"sameAs":["https:\/\/www.facebook.com\/myzen.tv.fr\/","https:\/\/www.instagram.com\/myzentv\/"]},{"@type":"Person","@id":"https:\/\/www.myzen.tv\/fr\/#\/schema\/person\/60c38aefd5fdad55ca411a73751f70bb","name":"Gabrielle Cattier","url":"https:\/\/www.myzen.tv\/fr\/author\/gabrielle-cattier\/"}]}},"_links":{"self":[{"href":"https:\/\/www.myzen.tv\/fr\/wp-json\/wp\/v2\/posts\/1687923","targetHints":{"allow":["GET"]}}],"collection":[{"href":"https:\/\/www.myzen.tv\/fr\/wp-json\/wp\/v2\/posts"}],"about":[{"href":"https:\/\/www.myzen.tv\/fr\/wp-json\/wp\/v2\/types\/post"}],"author":[{"embeddable":true,"href":"https:\/\/www.myzen.tv\/fr\/wp-json\/wp\/v2\/users\/12"}],"replies":[{"embeddable":true,"href":"https:\/\/www.myzen.tv\/fr\/wp-json\/wp\/v2\/comments?post=1687923"}],"version-history":[{"count":2,"href":"https:\/\/www.myzen.tv\/fr\/wp-json\/wp\/v2\/posts\/1687923\/revisions"}],"predecessor-version":[{"id":1688044,"href":"https:\/\/www.myzen.tv\/fr\/wp-json\/wp\/v2\/posts\/1687923\/revisions\/1688044"}],"wp:featuredmedia":[{"embeddable":true,"href":"https:\/\/www.myzen.tv\/fr\/wp-json\/wp\/v2\/media\/1688631"}],"wp:attachment":[{"href":"https:\/\/www.myzen.tv\/fr\/wp-json\/wp\/v2\/media?parent=1687923"}],"wp:term":[{"taxonomy":"category","embeddable":true,"href":"https:\/\/www.myzen.tv\/fr\/wp-json\/wp\/v2\/categories?post=1687923"},{"taxonomy":"post_tag","embeddable":true,"href":"https:\/\/www.myzen.tv\/fr\/wp-json\/wp\/v2\/tags?post=1687923"},{"taxonomy":"group","embeddable":true,"href":"https:\/\/www.myzen.tv\/fr\/wp-json\/wp\/v2\/group?post=1687923"},{"taxonomy":"support","embeddable":true,"href":"https:\/\/www.myzen.tv\/fr\/wp-json\/wp\/v2\/support?post=1687923"}],"curies":[{"name":"wp","href":"https:\/\/api.w.org\/{rel}","templated":true}]}}