{"id":1687965,"date":"2022-08-10T06:00:00","date_gmt":"2022-08-10T06:00:00","guid":{"rendered":"https:\/\/www.myzen.tv\/?p=1687965"},"modified":"2022-08-01T08:06:00","modified_gmt":"2022-08-01T08:06:00","slug":"5-villes-a-visiter-en-bretagne","status":"publish","type":"post","link":"https:\/\/www.myzen.tv\/fr\/5-villes-a-visiter-en-bretagne\/","title":{"rendered":"5 villes \u00e0 visiter en Bretagne"},"content":{"rendered":"\n<p>Vous avez pr\u00e9vu de partir en vacances en <strong>Bretagne<\/strong> cette ann\u00e9e ? <strong>MyZen TV vous pr\u00e9sente 5 villes \u00e0 visiter dans cette magnifique r\u00e9gion \u00e0 l\u2019ouest de la France. <\/strong><\/p>\n\n\n\n<h2 class=\"wp-block-heading\">1. Saint-Malo<\/h2>\n\n\n\n<figure class=\"wp-block-gallery columns-2 is-cropped wp-block-gallery-1 is-layout-flex wp-block-gallery-is-layout-flex\"><ul class=\"blocks-gallery-grid\"><li class=\"blocks-gallery-item\"><figure><img loading=\"lazy\" decoding=\"async\" width=\"1024\" height=\"775\" src=\"https:\/\/www.myzen.tv\/wp-content\/uploads\/2022\/07\/maureen-cosnard-Xeu3nDRGes8-unsplash-1024x775.jpg\" alt=\"\" data-id=\"1687968\" data-full-url=\"https:\/\/www.myzen.tv\/wp-content\/uploads\/2022\/07\/maureen-cosnard-Xeu3nDRGes8-unsplash-scaled.jpg\" data-link=\"https:\/\/www.myzen.tv\/fr\/?attachment_id=1687968\" class=\"wp-image-1687968\" srcset=\"https:\/\/www.myzen.tv\/wp-content\/uploads\/2022\/07\/maureen-cosnard-Xeu3nDRGes8-unsplash-1024x775.jpg 1024w, https:\/\/www.myzen.tv\/wp-content\/uploads\/2022\/07\/maureen-cosnard-Xeu3nDRGes8-unsplash-300x227.jpg 300w, https:\/\/www.myzen.tv\/wp-content\/uploads\/2022\/07\/maureen-cosnard-Xeu3nDRGes8-unsplash-768x581.jpg 768w, https:\/\/www.myzen.tv\/wp-content\/uploads\/2022\/07\/maureen-cosnard-Xeu3nDRGes8-unsplash-1536x1163.jpg 1536w, https:\/\/www.myzen.tv\/wp-content\/uploads\/2022\/07\/maureen-cosnard-Xeu3nDRGes8-unsplash-2048x1550.jpg 2048w, https:\/\/www.myzen.tv\/wp-content\/uploads\/2022\/07\/maureen-cosnard-Xeu3nDRGes8-unsplash-251x190.jpg 251w, https:\/\/www.myzen.tv\/wp-content\/uploads\/2022\/07\/maureen-cosnard-Xeu3nDRGes8-unsplash-185x140.jpg 185w, https:\/\/www.myzen.tv\/wp-content\/uploads\/2022\/07\/maureen-cosnard-Xeu3nDRGes8-unsplash-469x355.jpg 469w\" sizes=\"auto, (max-width: 1024px) 100vw, 1024px\" \/><\/figure><\/li><li class=\"blocks-gallery-item\"><figure><img loading=\"lazy\" decoding=\"async\" width=\"1024\" height=\"683\" src=\"https:\/\/www.myzen.tv\/wp-content\/uploads\/2022\/07\/clovis-wood-photography-z0VmjDo4Y7s-unsplash-1024x683.jpg\" alt=\"\" data-id=\"1687966\" data-full-url=\"https:\/\/www.myzen.tv\/wp-content\/uploads\/2022\/07\/clovis-wood-photography-z0VmjDo4Y7s-unsplash-scaled.jpg\" data-link=\"https:\/\/www.myzen.tv\/fr\/?attachment_id=1687966\" class=\"wp-image-1687966\" srcset=\"https:\/\/www.myzen.tv\/wp-content\/uploads\/2022\/07\/clovis-wood-photography-z0VmjDo4Y7s-unsplash-1024x683.jpg 1024w, https:\/\/www.myzen.tv\/wp-content\/uploads\/2022\/07\/clovis-wood-photography-z0VmjDo4Y7s-unsplash-300x200.jpg 300w, https:\/\/www.myzen.tv\/wp-content\/uploads\/2022\/07\/clovis-wood-photography-z0VmjDo4Y7s-unsplash-768x512.jpg 768w, https:\/\/www.myzen.tv\/wp-content\/uploads\/2022\/07\/clovis-wood-photography-z0VmjDo4Y7s-unsplash-1536x1024.jpg 1536w, https:\/\/www.myzen.tv\/wp-content\/uploads\/2022\/07\/clovis-wood-photography-z0VmjDo4Y7s-unsplash-2048x1365.jpg 2048w, https:\/\/www.myzen.tv\/wp-content\/uploads\/2022\/07\/clovis-wood-photography-z0VmjDo4Y7s-unsplash-285x190.jpg 285w, https:\/\/www.myzen.tv\/wp-content\/uploads\/2022\/07\/clovis-wood-photography-z0VmjDo4Y7s-unsplash-210x140.jpg 210w, https:\/\/www.myzen.tv\/wp-content\/uploads\/2022\/07\/clovis-wood-photography-z0VmjDo4Y7s-unsplash-532x355.jpg 532w\" sizes=\"auto, (max-width: 1024px) 100vw, 1024px\" \/><\/figure><\/li><\/ul><\/figure>\n\n\n\n<p>Des rues pav\u00e9es, de beaux remparts, un coeur historique rempli de monuments exceptionnels, <strong>Saint-Malo <\/strong>est une ville \u00e0 absolument visiter lors de vos vacances en Bretagne. On peut \u00e9galement y admirer des tours et des chateaux perch\u00e9s sur des rochers, et bien \u00e9videmment les magnifiques plages bretonnes. <\/p>\n\n\n\n<h2 class=\"wp-block-heading\">2. Dinan<\/h2>\n\n\n\n<figure class=\"wp-block-gallery columns-2 is-cropped wp-block-gallery-2 is-layout-flex wp-block-gallery-is-layout-flex\"><ul class=\"blocks-gallery-grid\"><li class=\"blocks-gallery-item\"><figure><img loading=\"lazy\" decoding=\"async\" width=\"683\" height=\"1024\" src=\"https:\/\/www.myzen.tv\/wp-content\/uploads\/2022\/07\/desert-morocco-adventure-bVWw-Da6fX0-unsplash-683x1024.jpg\" alt=\"\" data-id=\"1687970\" data-full-url=\"https:\/\/www.myzen.tv\/wp-content\/uploads\/2022\/07\/desert-morocco-adventure-bVWw-Da6fX0-unsplash-scaled.jpg\" data-link=\"https:\/\/www.myzen.tv\/fr\/?attachment_id=1687970\" class=\"wp-image-1687970\" srcset=\"https:\/\/www.myzen.tv\/wp-content\/uploads\/2022\/07\/desert-morocco-adventure-bVWw-Da6fX0-unsplash-683x1024.jpg 683w, https:\/\/www.myzen.tv\/wp-content\/uploads\/2022\/07\/desert-morocco-adventure-bVWw-Da6fX0-unsplash-200x300.jpg 200w, https:\/\/www.myzen.tv\/wp-content\/uploads\/2022\/07\/desert-morocco-adventure-bVWw-Da6fX0-unsplash-768x1152.jpg 768w, https:\/\/www.myzen.tv\/wp-content\/uploads\/2022\/07\/desert-morocco-adventure-bVWw-Da6fX0-unsplash-1024x1536.jpg 1024w, https:\/\/www.myzen.tv\/wp-content\/uploads\/2022\/07\/desert-morocco-adventure-bVWw-Da6fX0-unsplash-1365x2048.jpg 1365w, https:\/\/www.myzen.tv\/wp-content\/uploads\/2022\/07\/desert-morocco-adventure-bVWw-Da6fX0-unsplash-127x190.jpg 127w, https:\/\/www.myzen.tv\/wp-content\/uploads\/2022\/07\/desert-morocco-adventure-bVWw-Da6fX0-unsplash-93x140.jpg 93w, https:\/\/www.myzen.tv\/wp-content\/uploads\/2022\/07\/desert-morocco-adventure-bVWw-Da6fX0-unsplash-237x355.jpg 237w, https:\/\/www.myzen.tv\/wp-content\/uploads\/2022\/07\/desert-morocco-adventure-bVWw-Da6fX0-unsplash-scaled.jpg 1707w\" sizes=\"auto, (max-width: 683px) 100vw, 683px\" \/><\/figure><\/li><li class=\"blocks-gallery-item\"><figure><img loading=\"lazy\" decoding=\"async\" width=\"1024\" height=\"683\" src=\"https:\/\/www.myzen.tv\/wp-content\/uploads\/2022\/07\/desert-morocco-adventure-fQtHRdK4BcE-unsplash-1024x683.jpg\" alt=\"\" data-id=\"1687972\" data-full-url=\"https:\/\/www.myzen.tv\/wp-content\/uploads\/2022\/07\/desert-morocco-adventure-fQtHRdK4BcE-unsplash-scaled.jpg\" data-link=\"https:\/\/www.myzen.tv\/fr\/?attachment_id=1687972\" class=\"wp-image-1687972\" srcset=\"https:\/\/www.myzen.tv\/wp-content\/uploads\/2022\/07\/desert-morocco-adventure-fQtHRdK4BcE-unsplash-1024x683.jpg 1024w, https:\/\/www.myzen.tv\/wp-content\/uploads\/2022\/07\/desert-morocco-adventure-fQtHRdK4BcE-unsplash-300x200.jpg 300w, https:\/\/www.myzen.tv\/wp-content\/uploads\/2022\/07\/desert-morocco-adventure-fQtHRdK4BcE-unsplash-768x512.jpg 768w, https:\/\/www.myzen.tv\/wp-content\/uploads\/2022\/07\/desert-morocco-adventure-fQtHRdK4BcE-unsplash-1536x1024.jpg 1536w, https:\/\/www.myzen.tv\/wp-content\/uploads\/2022\/07\/desert-morocco-adventure-fQtHRdK4BcE-unsplash-2048x1365.jpg 2048w, https:\/\/www.myzen.tv\/wp-content\/uploads\/2022\/07\/desert-morocco-adventure-fQtHRdK4BcE-unsplash-285x190.jpg 285w, https:\/\/www.myzen.tv\/wp-content\/uploads\/2022\/07\/desert-morocco-adventure-fQtHRdK4BcE-unsplash-210x140.jpg 210w, https:\/\/www.myzen.tv\/wp-content\/uploads\/2022\/07\/desert-morocco-adventure-fQtHRdK4BcE-unsplash-533x355.jpg 533w\" sizes=\"auto, (max-width: 1024px) 100vw, 1024px\" \/><\/figure><\/li><\/ul><\/figure>\n\n\n\n<p>Venez admirer les remparts et les ruelles en pav\u00e9s de <strong>Dinan<\/strong>. Long\u00e9e par une rivi\u00e8re, il y fait bon vivre. Se balader, manger des cr\u00eapes dans de v\u00e9ritables cr\u00eaperies bretonnes ou encore fl\u00e2ner le long de la rivi\u00e8re : il y a de nombreuses choses \u00e0 faire et \u00e0 d\u00e9couvrir dans cette ville. <\/p>\n\n\n\n<h2 class=\"wp-block-heading\">3. Le Mont Saint-Michel<\/h2>\n\n\n\n<figure class=\"wp-block-gallery columns-2 is-cropped wp-block-gallery-3 is-layout-flex wp-block-gallery-is-layout-flex\"><ul class=\"blocks-gallery-grid\"><li class=\"blocks-gallery-item\"><figure><img loading=\"lazy\" decoding=\"async\" width=\"819\" height=\"1024\" src=\"https:\/\/www.myzen.tv\/wp-content\/uploads\/2022\/07\/dan-asaki-wC_YNVgIRdA-unsplash-819x1024.jpg\" alt=\"\" data-id=\"1687989\" data-full-url=\"https:\/\/www.myzen.tv\/wp-content\/uploads\/2022\/07\/dan-asaki-wC_YNVgIRdA-unsplash-scaled.jpg\" data-link=\"https:\/\/www.myzen.tv\/fr\/?attachment_id=1687989\" class=\"wp-image-1687989\" srcset=\"https:\/\/www.myzen.tv\/wp-content\/uploads\/2022\/07\/dan-asaki-wC_YNVgIRdA-unsplash-819x1024.jpg 819w, https:\/\/www.myzen.tv\/wp-content\/uploads\/2022\/07\/dan-asaki-wC_YNVgIRdA-unsplash-240x300.jpg 240w, https:\/\/www.myzen.tv\/wp-content\/uploads\/2022\/07\/dan-asaki-wC_YNVgIRdA-unsplash-768x960.jpg 768w, https:\/\/www.myzen.tv\/wp-content\/uploads\/2022\/07\/dan-asaki-wC_YNVgIRdA-unsplash-1229x1536.jpg 1229w, https:\/\/www.myzen.tv\/wp-content\/uploads\/2022\/07\/dan-asaki-wC_YNVgIRdA-unsplash-1638x2048.jpg 1638w, https:\/\/www.myzen.tv\/wp-content\/uploads\/2022\/07\/dan-asaki-wC_YNVgIRdA-unsplash-152x190.jpg 152w, https:\/\/www.myzen.tv\/wp-content\/uploads\/2022\/07\/dan-asaki-wC_YNVgIRdA-unsplash-112x140.jpg 112w, https:\/\/www.myzen.tv\/wp-content\/uploads\/2022\/07\/dan-asaki-wC_YNVgIRdA-unsplash-284x355.jpg 284w, https:\/\/www.myzen.tv\/wp-content\/uploads\/2022\/07\/dan-asaki-wC_YNVgIRdA-unsplash-scaled.jpg 2048w\" sizes=\"auto, (max-width: 819px) 100vw, 819px\" \/><\/figure><\/li><li class=\"blocks-gallery-item\"><figure><img loading=\"lazy\" decoding=\"async\" width=\"683\" height=\"1024\" src=\"https:\/\/www.myzen.tv\/wp-content\/uploads\/2022\/07\/dylan-leagh-8-9xSlKy5Rk-unsplash-683x1024.jpg\" alt=\"\" data-id=\"1687991\" data-full-url=\"https:\/\/www.myzen.tv\/wp-content\/uploads\/2022\/07\/dylan-leagh-8-9xSlKy5Rk-unsplash-scaled.jpg\" data-link=\"https:\/\/www.myzen.tv\/fr\/?attachment_id=1687991\" class=\"wp-image-1687991\" srcset=\"https:\/\/www.myzen.tv\/wp-content\/uploads\/2022\/07\/dylan-leagh-8-9xSlKy5Rk-unsplash-683x1024.jpg 683w, https:\/\/www.myzen.tv\/wp-content\/uploads\/2022\/07\/dylan-leagh-8-9xSlKy5Rk-unsplash-200x300.jpg 200w, https:\/\/www.myzen.tv\/wp-content\/uploads\/2022\/07\/dylan-leagh-8-9xSlKy5Rk-unsplash-768x1152.jpg 768w, https:\/\/www.myzen.tv\/wp-content\/uploads\/2022\/07\/dylan-leagh-8-9xSlKy5Rk-unsplash-1024x1536.jpg 1024w, https:\/\/www.myzen.tv\/wp-content\/uploads\/2022\/07\/dylan-leagh-8-9xSlKy5Rk-unsplash-1365x2048.jpg 1365w, https:\/\/www.myzen.tv\/wp-content\/uploads\/2022\/07\/dylan-leagh-8-9xSlKy5Rk-unsplash-127x190.jpg 127w, https:\/\/www.myzen.tv\/wp-content\/uploads\/2022\/07\/dylan-leagh-8-9xSlKy5Rk-unsplash-93x140.jpg 93w, https:\/\/www.myzen.tv\/wp-content\/uploads\/2022\/07\/dylan-leagh-8-9xSlKy5Rk-unsplash-237x355.jpg 237w, https:\/\/www.myzen.tv\/wp-content\/uploads\/2022\/07\/dylan-leagh-8-9xSlKy5Rk-unsplash-scaled.jpg 1707w\" sizes=\"auto, (max-width: 683px) 100vw, 683px\" \/><\/figure><\/li><\/ul><\/figure>\n\n\n\n<p>Inscrite au patrimoine mondial de l\u2019UNESCO, la<strong> baie du Mont Saint-Michel <\/strong>est un incontournable \u00e0 visiter dans la r\u00e9gion. V\u00e9ritable ville enferm\u00e9e dans ses remparts et vivant aux gr\u00e8s des mar\u00e9es, vous allez appr\u00e9cier d\u00e9ambuler dans ses ruelles typiques. Vous aurez ainsi peut-\u00eatre la chance d\u2019admirer le ph\u00e9nom\u00e8nes des grandes mar\u00e9es depuis le Mont. <\/p>\n\n\n\n<h2 class=\"wp-block-heading\">4. Brest<\/h2>\n\n\n\n<figure class=\"wp-block-gallery columns-2 is-cropped wp-block-gallery-4 is-layout-flex wp-block-gallery-is-layout-flex\"><ul class=\"blocks-gallery-grid\"><li class=\"blocks-gallery-item\"><figure><img loading=\"lazy\" decoding=\"async\" width=\"1024\" height=\"499\" src=\"https:\/\/www.myzen.tv\/wp-content\/uploads\/2022\/07\/rachel-omnes-qQmrmQBXQb4-unsplash-1024x499.jpg\" alt=\"\" data-id=\"1687978\" data-full-url=\"https:\/\/www.myzen.tv\/wp-content\/uploads\/2022\/07\/rachel-omnes-qQmrmQBXQb4-unsplash-scaled.jpg\" data-link=\"https:\/\/www.myzen.tv\/fr\/?attachment_id=1687978\" class=\"wp-image-1687978\" srcset=\"https:\/\/www.myzen.tv\/wp-content\/uploads\/2022\/07\/rachel-omnes-qQmrmQBXQb4-unsplash-1024x499.jpg 1024w, https:\/\/www.myzen.tv\/wp-content\/uploads\/2022\/07\/rachel-omnes-qQmrmQBXQb4-unsplash-300x146.jpg 300w, https:\/\/www.myzen.tv\/wp-content\/uploads\/2022\/07\/rachel-omnes-qQmrmQBXQb4-unsplash-768x374.jpg 768w, https:\/\/www.myzen.tv\/wp-content\/uploads\/2022\/07\/rachel-omnes-qQmrmQBXQb4-unsplash-1536x749.jpg 1536w, https:\/\/www.myzen.tv\/wp-content\/uploads\/2022\/07\/rachel-omnes-qQmrmQBXQb4-unsplash-2048x998.jpg 2048w, https:\/\/www.myzen.tv\/wp-content\/uploads\/2022\/07\/rachel-omnes-qQmrmQBXQb4-unsplash-320x156.jpg 320w, https:\/\/www.myzen.tv\/wp-content\/uploads\/2022\/07\/rachel-omnes-qQmrmQBXQb4-unsplash-235x115.jpg 235w, https:\/\/www.myzen.tv\/wp-content\/uploads\/2022\/07\/rachel-omnes-qQmrmQBXQb4-unsplash-540x263.jpg 540w\" sizes=\"auto, (max-width: 1024px) 100vw, 1024px\" \/><\/figure><\/li><li class=\"blocks-gallery-item\"><figure><img loading=\"lazy\" decoding=\"async\" width=\"1024\" height=\"683\" src=\"https:\/\/www.myzen.tv\/wp-content\/uploads\/2022\/07\/clement-souchet-_oA6yPERxWo-unsplash-1024x683.jpg\" alt=\"\" data-id=\"1687976\" data-full-url=\"https:\/\/www.myzen.tv\/wp-content\/uploads\/2022\/07\/clement-souchet-_oA6yPERxWo-unsplash-scaled.jpg\" data-link=\"https:\/\/www.myzen.tv\/fr\/?attachment_id=1687976\" class=\"wp-image-1687976\" srcset=\"https:\/\/www.myzen.tv\/wp-content\/uploads\/2022\/07\/clement-souchet-_oA6yPERxWo-unsplash-1024x683.jpg 1024w, https:\/\/www.myzen.tv\/wp-content\/uploads\/2022\/07\/clement-souchet-_oA6yPERxWo-unsplash-300x200.jpg 300w, https:\/\/www.myzen.tv\/wp-content\/uploads\/2022\/07\/clement-souchet-_oA6yPERxWo-unsplash-768x512.jpg 768w, https:\/\/www.myzen.tv\/wp-content\/uploads\/2022\/07\/clement-souchet-_oA6yPERxWo-unsplash-1536x1024.jpg 1536w, https:\/\/www.myzen.tv\/wp-content\/uploads\/2022\/07\/clement-souchet-_oA6yPERxWo-unsplash-2048x1365.jpg 2048w, https:\/\/www.myzen.tv\/wp-content\/uploads\/2022\/07\/clement-souchet-_oA6yPERxWo-unsplash-285x190.jpg 285w, https:\/\/www.myzen.tv\/wp-content\/uploads\/2022\/07\/clement-souchet-_oA6yPERxWo-unsplash-210x140.jpg 210w, https:\/\/www.myzen.tv\/wp-content\/uploads\/2022\/07\/clement-souchet-_oA6yPERxWo-unsplash-533x355.jpg 533w\" sizes=\"auto, (max-width: 1024px) 100vw, 1024px\" \/><\/figure><\/li><\/ul><\/figure>\n\n\n\n<p>Moderne et dynamique, vous allez appr\u00e9cier <strong>Brest<\/strong>, ville typique bretonne. N\u2019h\u00e9sitez pas \u00e0 aller visiter le mus\u00e9e de la marine, son aquarium ainsi que son port. <\/p>\n\n\n\n<h2 class=\"wp-block-heading\">5. Belle-\u00cele-en-mer<\/h2>\n\n\n\n<figure class=\"wp-block-gallery columns-2 is-cropped wp-block-gallery-5 is-layout-flex wp-block-gallery-is-layout-flex\"><ul class=\"blocks-gallery-grid\"><li class=\"blocks-gallery-item\"><figure><img loading=\"lazy\" decoding=\"async\" width=\"1024\" height=\"680\" src=\"https:\/\/www.myzen.tv\/wp-content\/uploads\/2022\/07\/sebastien-_o7QV7ZkVUs-unsplash-1-1024x680.jpg\" alt=\"\" data-id=\"1687980\" data-full-url=\"https:\/\/www.myzen.tv\/wp-content\/uploads\/2022\/07\/sebastien-_o7QV7ZkVUs-unsplash-1-scaled.jpg\" data-link=\"https:\/\/www.myzen.tv\/fr\/?attachment_id=1687980\" class=\"wp-image-1687980\" srcset=\"https:\/\/www.myzen.tv\/wp-content\/uploads\/2022\/07\/sebastien-_o7QV7ZkVUs-unsplash-1-1024x680.jpg 1024w, https:\/\/www.myzen.tv\/wp-content\/uploads\/2022\/07\/sebastien-_o7QV7ZkVUs-unsplash-1-300x199.jpg 300w, https:\/\/www.myzen.tv\/wp-content\/uploads\/2022\/07\/sebastien-_o7QV7ZkVUs-unsplash-1-768x510.jpg 768w, https:\/\/www.myzen.tv\/wp-content\/uploads\/2022\/07\/sebastien-_o7QV7ZkVUs-unsplash-1-1536x1020.jpg 1536w, https:\/\/www.myzen.tv\/wp-content\/uploads\/2022\/07\/sebastien-_o7QV7ZkVUs-unsplash-1-2048x1360.jpg 2048w, https:\/\/www.myzen.tv\/wp-content\/uploads\/2022\/07\/sebastien-_o7QV7ZkVUs-unsplash-1-286x190.jpg 286w, https:\/\/www.myzen.tv\/wp-content\/uploads\/2022\/07\/sebastien-_o7QV7ZkVUs-unsplash-1-211x140.jpg 211w, https:\/\/www.myzen.tv\/wp-content\/uploads\/2022\/07\/sebastien-_o7QV7ZkVUs-unsplash-1-534x355.jpg 534w\" sizes=\"auto, (max-width: 1024px) 100vw, 1024px\" \/><\/figure><\/li><li class=\"blocks-gallery-item\"><figure><img loading=\"lazy\" decoding=\"async\" width=\"1024\" height=\"680\" src=\"https:\/\/www.myzen.tv\/wp-content\/uploads\/2022\/07\/sebastien-EevaAVQpEME-unsplash-1024x680.jpg\" alt=\"\" data-id=\"1687982\" data-full-url=\"https:\/\/www.myzen.tv\/wp-content\/uploads\/2022\/07\/sebastien-EevaAVQpEME-unsplash-scaled.jpg\" data-link=\"https:\/\/www.myzen.tv\/fr\/?attachment_id=1687982\" class=\"wp-image-1687982\" srcset=\"https:\/\/www.myzen.tv\/wp-content\/uploads\/2022\/07\/sebastien-EevaAVQpEME-unsplash-1024x680.jpg 1024w, https:\/\/www.myzen.tv\/wp-content\/uploads\/2022\/07\/sebastien-EevaAVQpEME-unsplash-300x199.jpg 300w, https:\/\/www.myzen.tv\/wp-content\/uploads\/2022\/07\/sebastien-EevaAVQpEME-unsplash-768x510.jpg 768w, https:\/\/www.myzen.tv\/wp-content\/uploads\/2022\/07\/sebastien-EevaAVQpEME-unsplash-1536x1020.jpg 1536w, https:\/\/www.myzen.tv\/wp-content\/uploads\/2022\/07\/sebastien-EevaAVQpEME-unsplash-2048x1360.jpg 2048w, https:\/\/www.myzen.tv\/wp-content\/uploads\/2022\/07\/sebastien-EevaAVQpEME-unsplash-286x190.jpg 286w, https:\/\/www.myzen.tv\/wp-content\/uploads\/2022\/07\/sebastien-EevaAVQpEME-unsplash-211x140.jpg 211w, https:\/\/www.myzen.tv\/wp-content\/uploads\/2022\/07\/sebastien-EevaAVQpEME-unsplash-534x355.jpg 534w\" sizes=\"auto, (max-width: 1024px) 100vw, 1024px\" \/><\/figure><\/li><\/ul><\/figure>\n\n\n\n<p>Cette <strong>\u00eele bretonne<\/strong> est accessible en ferry depuis Quiberon et quelques autres ports de la c\u00f4te sud. Vous pouvez la visiter \u00e0 pied, il vous faudra une semaine compl\u00e8te pour en faire le tour complet. Vous pouvez \u00e9galement vous y balader \u00e0 v\u00e9lo. Ainsi, vous pourrez d\u00e9couvrir sa forteresse Vauban, les aiguilles de Port-Coton, la grotte de l&rsquo;Apothicairerie, le phare de Goulphar, le port de Sauzon ou encore la pointe des Poulains.<\/p>\n\n\n\n<p>Retrouvez plus de contenus voyage sur notre <a href=\"https:\/\/watch.myzen.tv\/\" target=\"_blank\" rel=\"noreferrer noopener\">plateforme de streaming MyZen TV<\/a>. <\/p>\n","protected":false},"excerpt":{"rendered":"<p>Vous avez pr\u00e9vu de partir en vacances en Bretagne cette ann\u00e9e ? MyZen TV vous pr\u00e9sente 5 villes \u00e0 visiter dans cette magnifique r\u00e9gion \u00e0 l\u2019ouest de la France. 1. Saint-Malo Des rues pav\u00e9es, de beaux remparts, un coeur historique rempli de monuments exceptionnels, Saint-Malo est une ville \u00e0 absolument visiter lors de vos vacances [&hellip;]<\/p>\n","protected":false},"author":12,"featured_media":1687987,"comment_status":"closed","ping_status":"closed","sticky":false,"template":"","format":"standard","meta":{"episode_type":"","audio_file":"","cover_image":"","cover_image_id":"","duration":"","filesize":"","date_recorded":"","explicit":"","block":"","itunes_episode_number":"","itunes_title":"","itunes_season_number":"","itunes_episode_type":"","filesize_raw":"","footnotes":""},"categories":[51],"tags":[671,283,1227,1228,180],"group":[318],"support":[],"class_list":["post-1687965","post","type-post","status-publish","format-standard","has-post-thumbnail","hentry","category-evasion","tag-bretagne","tag-france","tag-villes","tag-visite","tag-voyage","group-voyage"],"yoast_head":"<!-- This site is optimized with the Yoast SEO plugin v24.0 - https:\/\/yoast.com\/wordpress\/plugins\/seo\/ -->\n<title>5 villes \u00e0 visiter en Bretagne - MyZen TV<\/title>\n<meta name=\"description\" content=\"MyZen TV vous pr\u00e9sente 5 villes \u00e0 visiter dans cette magnifique r\u00e9gion \u00e0 l\u2019ouest de la France : la Bretagne.\" \/>\n<meta name=\"robots\" content=\"index, follow, max-snippet:-1, max-image-preview:large, max-video-preview:-1\" \/>\n<link rel=\"canonical\" href=\"https:\/\/www.myzen.tv\/fr\/5-villes-a-visiter-en-bretagne\/\" \/>\n<meta property=\"og:locale\" content=\"fr_FR\" \/>\n<meta property=\"og:type\" content=\"article\" \/>\n<meta property=\"og:title\" content=\"5 villes \u00e0 visiter en Bretagne - MyZen TV\" \/>\n<meta property=\"og:description\" content=\"MyZen TV vous pr\u00e9sente 5 villes \u00e0 visiter dans cette magnifique r\u00e9gion \u00e0 l\u2019ouest de la France : la Bretagne.\" \/>\n<meta property=\"og:url\" content=\"https:\/\/www.myzen.tv\/fr\/5-villes-a-visiter-en-bretagne\/\" \/>\n<meta property=\"og:site_name\" content=\"MyZen TV\" \/>\n<meta property=\"article:publisher\" content=\"https:\/\/www.facebook.com\/myzen.tv.fr\/\" \/>\n<meta property=\"article:published_time\" content=\"2022-08-10T06:00:00+00:00\" \/>\n<meta property=\"article:modified_time\" content=\"2022-08-01T08:06:00+00:00\" \/>\n<meta property=\"og:image\" content=\"https:\/\/www.myzen.tv\/wp-content\/uploads\/2022\/07\/roberto-gualini-sJmOCY6MOMw-unsplash-1-scaled.jpg\" \/>\n\t<meta property=\"og:image:width\" content=\"2560\" \/>\n\t<meta property=\"og:image:height\" content=\"1707\" \/>\n\t<meta property=\"og:image:type\" content=\"image\/jpeg\" \/>\n<meta name=\"author\" content=\"Gabrielle Cattier\" \/>\n<meta name=\"twitter:card\" content=\"summary_large_image\" \/>\n<meta name=\"twitter:label1\" content=\"\u00c9crit par\" \/>\n\t<meta name=\"twitter:data1\" content=\"Gabrielle Cattier\" \/>\n\t<meta name=\"twitter:label2\" content=\"Dur\u00e9e de lecture estim\u00e9e\" \/>\n\t<meta name=\"twitter:data2\" content=\"4 minutes\" \/>\n<!-- \/ Yoast SEO plugin. -->","yoast_head_json":{"title":"5 villes \u00e0 visiter en Bretagne - MyZen TV","description":"MyZen TV vous pr\u00e9sente 5 villes \u00e0 visiter dans cette magnifique r\u00e9gion \u00e0 l\u2019ouest de la France : la Bretagne.","robots":{"index":"index","follow":"follow","max-snippet":"max-snippet:-1","max-image-preview":"max-image-preview:large","max-video-preview":"max-video-preview:-1"},"canonical":"https:\/\/www.myzen.tv\/fr\/5-villes-a-visiter-en-bretagne\/","og_locale":"fr_FR","og_type":"article","og_title":"5 villes \u00e0 visiter en Bretagne - MyZen TV","og_description":"MyZen TV vous pr\u00e9sente 5 villes \u00e0 visiter dans cette magnifique r\u00e9gion \u00e0 l\u2019ouest de la France : la Bretagne.","og_url":"https:\/\/www.myzen.tv\/fr\/5-villes-a-visiter-en-bretagne\/","og_site_name":"MyZen TV","article_publisher":"https:\/\/www.facebook.com\/myzen.tv.fr\/","article_published_time":"2022-08-10T06:00:00+00:00","article_modified_time":"2022-08-01T08:06:00+00:00","og_image":[{"width":2560,"height":1707,"url":"https:\/\/www.myzen.tv\/wp-content\/uploads\/2022\/07\/roberto-gualini-sJmOCY6MOMw-unsplash-1-scaled.jpg","type":"image\/jpeg"}],"author":"Gabrielle Cattier","twitter_card":"summary_large_image","twitter_misc":{"\u00c9crit par":"Gabrielle Cattier","Dur\u00e9e de lecture estim\u00e9e":"4 minutes"},"schema":{"@context":"https:\/\/schema.org","@graph":[{"@type":"Article","@id":"https:\/\/www.myzen.tv\/fr\/5-villes-a-visiter-en-bretagne\/#article","isPartOf":{"@id":"https:\/\/www.myzen.tv\/fr\/5-villes-a-visiter-en-bretagne\/"},"author":{"name":"Gabrielle Cattier","@id":"https:\/\/www.myzen.tv\/fr\/#\/schema\/person\/60c38aefd5fdad55ca411a73751f70bb"},"headline":"5 villes \u00e0 visiter en Bretagne","datePublished":"2022-08-10T06:00:00+00:00","dateModified":"2022-08-01T08:06:00+00:00","mainEntityOfPage":{"@id":"https:\/\/www.myzen.tv\/fr\/5-villes-a-visiter-en-bretagne\/"},"wordCount":330,"publisher":{"@id":"https:\/\/www.myzen.tv\/fr\/#organization"},"image":{"@id":"https:\/\/www.myzen.tv\/fr\/5-villes-a-visiter-en-bretagne\/#primaryimage"},"thumbnailUrl":"https:\/\/www.myzen.tv\/wp-content\/uploads\/2022\/07\/roberto-gualini-sJmOCY6MOMw-unsplash-1-scaled.jpg","keywords":["bretagne","france","villes","visite","voyage"],"articleSection":["\u00c9vasion"],"inLanguage":"fr-FR"},{"@type":"WebPage","@id":"https:\/\/www.myzen.tv\/fr\/5-villes-a-visiter-en-bretagne\/","url":"https:\/\/www.myzen.tv\/fr\/5-villes-a-visiter-en-bretagne\/","name":"5 villes \u00e0 visiter en Bretagne - MyZen TV","isPartOf":{"@id":"https:\/\/www.myzen.tv\/fr\/#website"},"primaryImageOfPage":{"@id":"https:\/\/www.myzen.tv\/fr\/5-villes-a-visiter-en-bretagne\/#primaryimage"},"image":{"@id":"https:\/\/www.myzen.tv\/fr\/5-villes-a-visiter-en-bretagne\/#primaryimage"},"thumbnailUrl":"https:\/\/www.myzen.tv\/wp-content\/uploads\/2022\/07\/roberto-gualini-sJmOCY6MOMw-unsplash-1-scaled.jpg","datePublished":"2022-08-10T06:00:00+00:00","dateModified":"2022-08-01T08:06:00+00:00","description":"MyZen TV vous pr\u00e9sente 5 villes \u00e0 visiter dans cette magnifique r\u00e9gion \u00e0 l\u2019ouest de la France : la Bretagne.","breadcrumb":{"@id":"https:\/\/www.myzen.tv\/fr\/5-villes-a-visiter-en-bretagne\/#breadcrumb"},"inLanguage":"fr-FR","potentialAction":[{"@type":"ReadAction","target":["https:\/\/www.myzen.tv\/fr\/5-villes-a-visiter-en-bretagne\/"]}]},{"@type":"ImageObject","inLanguage":"fr-FR","@id":"https:\/\/www.myzen.tv\/fr\/5-villes-a-visiter-en-bretagne\/#primaryimage","url":"https:\/\/www.myzen.tv\/wp-content\/uploads\/2022\/07\/roberto-gualini-sJmOCY6MOMw-unsplash-1-scaled.jpg","contentUrl":"https:\/\/www.myzen.tv\/wp-content\/uploads\/2022\/07\/roberto-gualini-sJmOCY6MOMw-unsplash-1-scaled.jpg","width":2560,"height":1707},{"@type":"BreadcrumbList","@id":"https:\/\/www.myzen.tv\/fr\/5-villes-a-visiter-en-bretagne\/#breadcrumb","itemListElement":[{"@type":"ListItem","position":1,"name":"Home","item":"https:\/\/www.myzen.tv\/fr\/"},{"@type":"ListItem","position":2,"name":"Voyage","item":"https:\/\/www.myzen.tv\/fr\/theme\/voyage\/"},{"@type":"ListItem","position":3,"name":"5 villes \u00e0 visiter en Bretagne"}]},{"@type":"WebSite","@id":"https:\/\/www.myzen.tv\/fr\/#website","url":"https:\/\/www.myzen.tv\/fr\/","name":"MyZen TV","description":"Your lifestyle and well-being channel","publisher":{"@id":"https:\/\/www.myzen.tv\/fr\/#organization"},"potentialAction":[{"@type":"SearchAction","target":{"@type":"EntryPoint","urlTemplate":"https:\/\/www.myzen.tv\/fr\/?s={search_term_string}"},"query-input":{"@type":"PropertyValueSpecification","valueRequired":true,"valueName":"search_term_string"}}],"inLanguage":"fr-FR"},{"@type":"Organization","@id":"https:\/\/www.myzen.tv\/fr\/#organization","name":"MyZen TV","url":"https:\/\/www.myzen.tv\/fr\/","logo":{"@type":"ImageObject","inLanguage":"fr-FR","@id":"https:\/\/www.myzen.tv\/fr\/#\/schema\/logo\/image\/","url":"https:\/\/www.myzen.tv\/wp-content\/uploads\/2021\/05\/cropped-ICON_MZtv-LOGO_firetv640-1-1.png","contentUrl":"https:\/\/www.myzen.tv\/wp-content\/uploads\/2021\/05\/cropped-ICON_MZtv-LOGO_firetv640-1-1.png","width":512,"height":512,"caption":"MyZen TV"},"image":{"@id":"https:\/\/www.myzen.tv\/fr\/#\/schema\/logo\/image\/"},"sameAs":["https:\/\/www.facebook.com\/myzen.tv.fr\/","https:\/\/www.instagram.com\/myzentv\/"]},{"@type":"Person","@id":"https:\/\/www.myzen.tv\/fr\/#\/schema\/person\/60c38aefd5fdad55ca411a73751f70bb","name":"Gabrielle Cattier","url":"https:\/\/www.myzen.tv\/fr\/author\/gabrielle-cattier\/"}]}},"_links":{"self":[{"href":"https:\/\/www.myzen.tv\/fr\/wp-json\/wp\/v2\/posts\/1687965","targetHints":{"allow":["GET"]}}],"collection":[{"href":"https:\/\/www.myzen.tv\/fr\/wp-json\/wp\/v2\/posts"}],"about":[{"href":"https:\/\/www.myzen.tv\/fr\/wp-json\/wp\/v2\/types\/post"}],"author":[{"embeddable":true,"href":"https:\/\/www.myzen.tv\/fr\/wp-json\/wp\/v2\/users\/12"}],"replies":[{"embeddable":true,"href":"https:\/\/www.myzen.tv\/fr\/wp-json\/wp\/v2\/comments?post=1687965"}],"version-history":[{"count":3,"href":"https:\/\/www.myzen.tv\/fr\/wp-json\/wp\/v2\/posts\/1687965\/revisions"}],"predecessor-version":[{"id":1688049,"href":"https:\/\/www.myzen.tv\/fr\/wp-json\/wp\/v2\/posts\/1687965\/revisions\/1688049"}],"wp:featuredmedia":[{"embeddable":true,"href":"https:\/\/www.myzen.tv\/fr\/wp-json\/wp\/v2\/media\/1687987"}],"wp:attachment":[{"href":"https:\/\/www.myzen.tv\/fr\/wp-json\/wp\/v2\/media?parent=1687965"}],"wp:term":[{"taxonomy":"category","embeddable":true,"href":"https:\/\/www.myzen.tv\/fr\/wp-json\/wp\/v2\/categories?post=1687965"},{"taxonomy":"post_tag","embeddable":true,"href":"https:\/\/www.myzen.tv\/fr\/wp-json\/wp\/v2\/tags?post=1687965"},{"taxonomy":"group","embeddable":true,"href":"https:\/\/www.myzen.tv\/fr\/wp-json\/wp\/v2\/group?post=1687965"},{"taxonomy":"support","embeddable":true,"href":"https:\/\/www.myzen.tv\/fr\/wp-json\/wp\/v2\/support?post=1687965"}],"curies":[{"name":"wp","href":"https:\/\/api.w.org\/{rel}","templated":true}]}}