{"id":1688212,"date":"2022-09-06T06:00:00","date_gmt":"2022-09-06T06:00:00","guid":{"rendered":"https:\/\/www.myzen.tv\/?p=1688212"},"modified":"2022-08-30T15:11:55","modified_gmt":"2022-08-30T15:11:55","slug":"3-lieux-a-decouvrir-dans-le-var","status":"publish","type":"post","link":"https:\/\/www.myzen.tv\/fr\/3-lieux-a-decouvrir-dans-le-var\/","title":{"rendered":"3 lieux \u00e0 d\u00e9couvrir dans le Var"},"content":{"rendered":"\n<p>Vous partez prochainement en vacances dans le Var et vous ne savez pas quoi faire ? Zoom sur 3 lieux \u00e0 d\u00e9couvrir dans ce beau d\u00e9partement.<\/p>\n\n\n\n<h2 class=\"wp-block-heading\"><strong>Le Massif de l&rsquo;Est\u00e9rel<\/strong><\/h2>\n\n\n\n<p>Entre la Provence calcaire et la mer M\u00e9diterran\u00e9e, on retrouve un terrain de jeu id\u00e9al pour ceux qui cherchent des randonn\u00e9es \u00e0 faire dans le Var. A pied ou \u00e0 cheval, parcourez les 32 000 hectares de nature pr\u00e9serv\u00e9e entre for\u00eat et roche volcanique rouge. Les tours du Mont Vinaigre ou du Pic de l&rsquo;Ours sont des rendez-vous \u00e0 ne pas rater.<\/p>\n\n\n\n<h2 class=\"wp-block-heading\"><strong>La rade de Toulon<\/strong><\/h2>\n\n\n\n<p>D\u00e9crite comme la plus belle rade d&rsquo;Europe, la rade de <strong>Toulon <\/strong>s&rsquo;\u00e9tend entre les presqu&rsquo;\u00eeles de Giens et de Saint-Mandrier. Escaladez le Mont-Faron pour une vue d&rsquo;ensemble sur la ville et son littoral. Embarquez \u00e0 bord d&rsquo;un bateau pour une visite comment\u00e9e d&rsquo;une heure.  Vous pourrez apercevoir les installations militaires toulonnaises et vous passerez par le port de Saint-Mandrier et la digue de <strong>Mourillon<\/strong>.<\/p>\n\n\n\n<h2 class=\"wp-block-heading\"><strong>La presqu&rsquo;\u00eele de Giens<\/strong><\/h2>\n\n\n\n<p>En plus d&rsquo;\u00eatre le point de d\u00e9part pour Port-Cros, <strong>Hy\u00e8res<\/strong> est une ville o\u00f9 il fait bon vivre. C&rsquo;est aussi un passage oblig\u00e9 pour rejoindre la presqu&rsquo;\u00eele de Giens, un incontournable \u00e0 visiter dans le Var. Parcourez le sentier du littoral pour d\u00e9couvrir des petites plages familiales et des criques oubli\u00e9es. Elles sont bord\u00e9es d&rsquo;une eau transparente qui nous invite irr\u00e9sistiblement \u00e0 la baignade. <\/p>\n\n\n\n<p>Encore plus de contenus \u00e9vasion sont \u00e0 retrouver sur notre<a href=\"http:\/\/watch.myzen.tv\" target=\"_blank\" rel=\"noreferrer noopener\"> plateforme de streaming MyZen TV<\/a>.<\/p>\n\n\n\n<p><\/p>\n","protected":false},"excerpt":{"rendered":"<p>Vous partez prochainement en vacances dans le Var et vous ne savez pas quoi faire ? Zoom sur 3 lieux \u00e0 d\u00e9couvrir dans ce beau d\u00e9partement. Le Massif de l&rsquo;Est\u00e9rel Entre la Provence calcaire et la mer M\u00e9diterran\u00e9e, on retrouve un terrain de jeu id\u00e9al pour ceux qui cherchent des randonn\u00e9es \u00e0 faire dans le [&hellip;]<\/p>\n","protected":false},"author":4,"featured_media":1688621,"comment_status":"closed","ping_status":"closed","sticky":false,"template":"","format":"standard","meta":{"episode_type":"","audio_file":"","cover_image":"","cover_image_id":"","duration":"","filesize":"","date_recorded":"","explicit":"","block":"","itunes_episode_number":"","itunes_title":"","itunes_season_number":"","itunes_episode_type":"","filesize_raw":"","footnotes":""},"categories":[16],"tags":[279,1259,964,1258],"group":[],"support":[],"class_list":["post-1688212","post","type-post","status-publish","format-standard","has-post-thumbnail","hentry","category-a-la-une","tag-detente","tag-lieux","tag-vacances","tag-var"],"yoast_head":"<!-- This site is optimized with the Yoast SEO plugin v24.0 - https:\/\/yoast.com\/wordpress\/plugins\/seo\/ -->\n<title>3 lieux \u00e0 d\u00e9couvrir dans le Var - MyZen TV<\/title>\n<meta name=\"description\" content=\"Vous partez prochainement en vacances dans le Var et vous ne savez pas quoi faire ? Zoom sur 3 lieux \u00e0 d\u00e9couvrir dans ce beau d\u00e9partement.\" \/>\n<meta name=\"robots\" content=\"index, follow, max-snippet:-1, max-image-preview:large, max-video-preview:-1\" \/>\n<link rel=\"canonical\" href=\"https:\/\/www.myzen.tv\/fr\/3-lieux-a-decouvrir-dans-le-var\/\" \/>\n<meta property=\"og:locale\" content=\"fr_FR\" \/>\n<meta property=\"og:type\" content=\"article\" \/>\n<meta property=\"og:title\" content=\"3 lieux \u00e0 d\u00e9couvrir dans le Var - MyZen TV\" \/>\n<meta property=\"og:description\" content=\"Vous partez prochainement en vacances dans le Var et vous ne savez pas quoi faire ? Zoom sur 3 lieux \u00e0 d\u00e9couvrir dans ce beau d\u00e9partement.\" \/>\n<meta property=\"og:url\" content=\"https:\/\/www.myzen.tv\/fr\/3-lieux-a-decouvrir-dans-le-var\/\" \/>\n<meta property=\"og:site_name\" content=\"MyZen TV\" \/>\n<meta property=\"article:publisher\" content=\"https:\/\/www.facebook.com\/myzen.tv.fr\/\" \/>\n<meta property=\"article:published_time\" content=\"2022-09-06T06:00:00+00:00\" \/>\n<meta property=\"article:modified_time\" content=\"2022-08-30T15:11:55+00:00\" \/>\n<meta property=\"og:image\" content=\"https:\/\/www.myzen.tv\/wp-content\/uploads\/2022\/08\/antoine-rakotozafy-xVnWSnRZIZ4-unsplash-scaled.jpg\" \/>\n\t<meta property=\"og:image:width\" content=\"2560\" \/>\n\t<meta property=\"og:image:height\" content=\"1707\" \/>\n\t<meta property=\"og:image:type\" content=\"image\/jpeg\" \/>\n<meta name=\"author\" content=\"Lucas Wils\" \/>\n<meta name=\"twitter:card\" content=\"summary_large_image\" \/>\n<meta name=\"twitter:label1\" content=\"\u00c9crit par\" \/>\n\t<meta name=\"twitter:data1\" content=\"Lucas Wils\" \/>\n\t<meta name=\"twitter:label2\" content=\"Dur\u00e9e de lecture estim\u00e9e\" \/>\n\t<meta name=\"twitter:data2\" content=\"2 minutes\" \/>\n<!-- \/ Yoast SEO plugin. -->","yoast_head_json":{"title":"3 lieux \u00e0 d\u00e9couvrir dans le Var - MyZen TV","description":"Vous partez prochainement en vacances dans le Var et vous ne savez pas quoi faire ? Zoom sur 3 lieux \u00e0 d\u00e9couvrir dans ce beau d\u00e9partement.","robots":{"index":"index","follow":"follow","max-snippet":"max-snippet:-1","max-image-preview":"max-image-preview:large","max-video-preview":"max-video-preview:-1"},"canonical":"https:\/\/www.myzen.tv\/fr\/3-lieux-a-decouvrir-dans-le-var\/","og_locale":"fr_FR","og_type":"article","og_title":"3 lieux \u00e0 d\u00e9couvrir dans le Var - MyZen TV","og_description":"Vous partez prochainement en vacances dans le Var et vous ne savez pas quoi faire ? Zoom sur 3 lieux \u00e0 d\u00e9couvrir dans ce beau d\u00e9partement.","og_url":"https:\/\/www.myzen.tv\/fr\/3-lieux-a-decouvrir-dans-le-var\/","og_site_name":"MyZen TV","article_publisher":"https:\/\/www.facebook.com\/myzen.tv.fr\/","article_published_time":"2022-09-06T06:00:00+00:00","article_modified_time":"2022-08-30T15:11:55+00:00","og_image":[{"width":2560,"height":1707,"url":"https:\/\/www.myzen.tv\/wp-content\/uploads\/2022\/08\/antoine-rakotozafy-xVnWSnRZIZ4-unsplash-scaled.jpg","type":"image\/jpeg"}],"author":"Lucas Wils","twitter_card":"summary_large_image","twitter_misc":{"\u00c9crit par":"Lucas Wils","Dur\u00e9e de lecture estim\u00e9e":"2 minutes"},"schema":{"@context":"https:\/\/schema.org","@graph":[{"@type":"Article","@id":"https:\/\/www.myzen.tv\/fr\/3-lieux-a-decouvrir-dans-le-var\/#article","isPartOf":{"@id":"https:\/\/www.myzen.tv\/fr\/3-lieux-a-decouvrir-dans-le-var\/"},"author":{"name":"Lucas Wils","@id":"https:\/\/www.myzen.tv\/fr\/#\/schema\/person\/1bff4c7f0ebab22c92c47dcf62276ebd"},"headline":"3 lieux \u00e0 d\u00e9couvrir dans le Var","datePublished":"2022-09-06T06:00:00+00:00","dateModified":"2022-08-30T15:11:55+00:00","mainEntityOfPage":{"@id":"https:\/\/www.myzen.tv\/fr\/3-lieux-a-decouvrir-dans-le-var\/"},"wordCount":260,"publisher":{"@id":"https:\/\/www.myzen.tv\/fr\/#organization"},"image":{"@id":"https:\/\/www.myzen.tv\/fr\/3-lieux-a-decouvrir-dans-le-var\/#primaryimage"},"thumbnailUrl":"https:\/\/www.myzen.tv\/wp-content\/uploads\/2022\/08\/antoine-rakotozafy-xVnWSnRZIZ4-unsplash-scaled.jpg","keywords":["d\u00e9tente","lieux","vacances","var"],"articleSection":["A la une"],"inLanguage":"fr-FR"},{"@type":"WebPage","@id":"https:\/\/www.myzen.tv\/fr\/3-lieux-a-decouvrir-dans-le-var\/","url":"https:\/\/www.myzen.tv\/fr\/3-lieux-a-decouvrir-dans-le-var\/","name":"3 lieux \u00e0 d\u00e9couvrir dans le Var - MyZen TV","isPartOf":{"@id":"https:\/\/www.myzen.tv\/fr\/#website"},"primaryImageOfPage":{"@id":"https:\/\/www.myzen.tv\/fr\/3-lieux-a-decouvrir-dans-le-var\/#primaryimage"},"image":{"@id":"https:\/\/www.myzen.tv\/fr\/3-lieux-a-decouvrir-dans-le-var\/#primaryimage"},"thumbnailUrl":"https:\/\/www.myzen.tv\/wp-content\/uploads\/2022\/08\/antoine-rakotozafy-xVnWSnRZIZ4-unsplash-scaled.jpg","datePublished":"2022-09-06T06:00:00+00:00","dateModified":"2022-08-30T15:11:55+00:00","description":"Vous partez prochainement en vacances dans le Var et vous ne savez pas quoi faire ? Zoom sur 3 lieux \u00e0 d\u00e9couvrir dans ce beau d\u00e9partement.","breadcrumb":{"@id":"https:\/\/www.myzen.tv\/fr\/3-lieux-a-decouvrir-dans-le-var\/#breadcrumb"},"inLanguage":"fr-FR","potentialAction":[{"@type":"ReadAction","target":["https:\/\/www.myzen.tv\/fr\/3-lieux-a-decouvrir-dans-le-var\/"]}]},{"@type":"ImageObject","inLanguage":"fr-FR","@id":"https:\/\/www.myzen.tv\/fr\/3-lieux-a-decouvrir-dans-le-var\/#primaryimage","url":"https:\/\/www.myzen.tv\/wp-content\/uploads\/2022\/08\/antoine-rakotozafy-xVnWSnRZIZ4-unsplash-scaled.jpg","contentUrl":"https:\/\/www.myzen.tv\/wp-content\/uploads\/2022\/08\/antoine-rakotozafy-xVnWSnRZIZ4-unsplash-scaled.jpg","width":2560,"height":1707},{"@type":"BreadcrumbList","@id":"https:\/\/www.myzen.tv\/fr\/3-lieux-a-decouvrir-dans-le-var\/#breadcrumb","itemListElement":[{"@type":"ListItem","position":1,"name":"Home","item":"https:\/\/www.myzen.tv\/fr\/"},{"@type":"ListItem","position":2,"name":"3 lieux \u00e0 d\u00e9couvrir dans le Var"}]},{"@type":"WebSite","@id":"https:\/\/www.myzen.tv\/fr\/#website","url":"https:\/\/www.myzen.tv\/fr\/","name":"MyZen TV","description":"Your lifestyle and well-being channel","publisher":{"@id":"https:\/\/www.myzen.tv\/fr\/#organization"},"potentialAction":[{"@type":"SearchAction","target":{"@type":"EntryPoint","urlTemplate":"https:\/\/www.myzen.tv\/fr\/?s={search_term_string}"},"query-input":{"@type":"PropertyValueSpecification","valueRequired":true,"valueName":"search_term_string"}}],"inLanguage":"fr-FR"},{"@type":"Organization","@id":"https:\/\/www.myzen.tv\/fr\/#organization","name":"MyZen TV","url":"https:\/\/www.myzen.tv\/fr\/","logo":{"@type":"ImageObject","inLanguage":"fr-FR","@id":"https:\/\/www.myzen.tv\/fr\/#\/schema\/logo\/image\/","url":"https:\/\/www.myzen.tv\/wp-content\/uploads\/2021\/05\/cropped-ICON_MZtv-LOGO_firetv640-1-1.png","contentUrl":"https:\/\/www.myzen.tv\/wp-content\/uploads\/2021\/05\/cropped-ICON_MZtv-LOGO_firetv640-1-1.png","width":512,"height":512,"caption":"MyZen TV"},"image":{"@id":"https:\/\/www.myzen.tv\/fr\/#\/schema\/logo\/image\/"},"sameAs":["https:\/\/www.facebook.com\/myzen.tv.fr\/","https:\/\/www.instagram.com\/myzentv\/"]},{"@type":"Person","@id":"https:\/\/www.myzen.tv\/fr\/#\/schema\/person\/1bff4c7f0ebab22c92c47dcf62276ebd","name":"Lucas Wils","url":"https:\/\/www.myzen.tv\/fr\/author\/wils\/"}]}},"_links":{"self":[{"href":"https:\/\/www.myzen.tv\/fr\/wp-json\/wp\/v2\/posts\/1688212","targetHints":{"allow":["GET"]}}],"collection":[{"href":"https:\/\/www.myzen.tv\/fr\/wp-json\/wp\/v2\/posts"}],"about":[{"href":"https:\/\/www.myzen.tv\/fr\/wp-json\/wp\/v2\/types\/post"}],"author":[{"embeddable":true,"href":"https:\/\/www.myzen.tv\/fr\/wp-json\/wp\/v2\/users\/4"}],"replies":[{"embeddable":true,"href":"https:\/\/www.myzen.tv\/fr\/wp-json\/wp\/v2\/comments?post=1688212"}],"version-history":[{"count":3,"href":"https:\/\/www.myzen.tv\/fr\/wp-json\/wp\/v2\/posts\/1688212\/revisions"}],"predecessor-version":[{"id":1688786,"href":"https:\/\/www.myzen.tv\/fr\/wp-json\/wp\/v2\/posts\/1688212\/revisions\/1688786"}],"wp:featuredmedia":[{"embeddable":true,"href":"https:\/\/www.myzen.tv\/fr\/wp-json\/wp\/v2\/media\/1688621"}],"wp:attachment":[{"href":"https:\/\/www.myzen.tv\/fr\/wp-json\/wp\/v2\/media?parent=1688212"}],"wp:term":[{"taxonomy":"category","embeddable":true,"href":"https:\/\/www.myzen.tv\/fr\/wp-json\/wp\/v2\/categories?post=1688212"},{"taxonomy":"post_tag","embeddable":true,"href":"https:\/\/www.myzen.tv\/fr\/wp-json\/wp\/v2\/tags?post=1688212"},{"taxonomy":"group","embeddable":true,"href":"https:\/\/www.myzen.tv\/fr\/wp-json\/wp\/v2\/group?post=1688212"},{"taxonomy":"support","embeddable":true,"href":"https:\/\/www.myzen.tv\/fr\/wp-json\/wp\/v2\/support?post=1688212"}],"curies":[{"name":"wp","href":"https:\/\/api.w.org\/{rel}","templated":true}]}}