{"id":1690911,"date":"2022-10-20T06:00:00","date_gmt":"2022-10-20T06:00:00","guid":{"rendered":"https:\/\/www.myzen.tv\/?p=1690911"},"modified":"2022-10-07T13:40:51","modified_gmt":"2022-10-07T13:40:51","slug":"quelles-sont-les-differences-entre-le-marron-et-la-chataigne","status":"publish","type":"post","link":"https:\/\/www.myzen.tv\/fr\/quelles-sont-les-differences-entre-le-marron-et-la-chataigne\/","title":{"rendered":"Quelles sont les diff\u00e9rences entre le marron et la ch\u00e2taigne ?"},"content":{"rendered":"\n<p>L&rsquo;arriv\u00e9e de l&rsquo;automne marque le d\u00e9but de la saison de la ch\u00e2taigne&#8230; ou du marron ? C&rsquo;est la question que l&rsquo;on se pose chaque ann\u00e9e. Mais cette fois-ci, vous ne ferez plus l&rsquo;erreur gr\u00e2ce \u00e0 MyZen TV. <\/p>\n\n\n\n<h2 class=\"wp-block-heading\">L&rsquo;un se mange&#8230; l&rsquo;autre pas<\/h2>\n\n\n\n<p>Premi\u00e8re comparaison, la forme de ces fruits :<\/p>\n\n\n\n<ul class=\"wp-block-list\"><li>La ch\u00e2taigne a une forme ovale, avec la possibilit\u00e9 d&rsquo;avoir plusieurs faces plates. \u00c0 son sommet, de petits poils appel\u00e9s la torche. Enfin, la ch\u00e2taigne est entour\u00e9e d&rsquo;une coque \u00e9pineuse appel\u00e9e la bogue.<\/li><li>Le marron lui a une forme de pomme de terre irr\u00e9guli\u00e8re. <\/li><\/ul>\n\n\n\n<p>Deuxi\u00e8me comparaison, la comestibilit\u00e9 : <\/p>\n\n\n\n<ul class=\"wp-block-list\"><li>La ch\u00e2taigne se mange (et elle est d\u00e9licieuse) : cr\u00e8me, fraiche ou en friandises.<\/li><li>Le marron n&rsquo;est pas comestible mais il constituerait un rem\u00e8de contre les douleurs rhumatismales.<\/li><\/ul>\n\n\n\n<p>Le langage courant a confondu ces deux fruits. D\u00e9sormais, on appelle marron, une grosse ch\u00e2taigne ronde et volumineuse. <\/p>\n\n\n\n<p>Ne faites plus l&rsquo;erreur sur ce fruit qui ravira vos plats d&rsquo;automne ! <\/p>\n\n\n\n<p>Rendez-vous sur notre <a href=\"https:\/\/watch.myzen.tv\/smartlists\/les-recettes-octobre-avec-des-fruits-et-legumes-de-saison\">plateforme de streaming MyZen TV<\/a> pour d\u00e9couvrir de nombreuses recettes de saison. <\/p>\n","protected":false},"excerpt":{"rendered":"<p>L&rsquo;arriv\u00e9e de l&rsquo;automne marque le d\u00e9but de la saison de la ch\u00e2taigne&#8230; ou du marron ? C&rsquo;est la question que l&rsquo;on se pose chaque ann\u00e9e. Mais cette fois-ci, vous ne ferez plus l&rsquo;erreur gr\u00e2ce \u00e0 MyZen TV. L&rsquo;un se mange&#8230; l&rsquo;autre pas Premi\u00e8re comparaison, la forme de ces fruits : La ch\u00e2taigne a une forme [&hellip;]<\/p>\n","protected":false},"author":13,"featured_media":1690916,"comment_status":"closed","ping_status":"closed","sticky":false,"template":"","format":"standard","meta":{"episode_type":"","audio_file":"","cover_image":"","cover_image_id":"","duration":"","filesize":"","date_recorded":"","explicit":"","block":"","itunes_episode_number":"","itunes_title":"","itunes_season_number":"","itunes_episode_type":"","filesize_raw":"","footnotes":""},"categories":[16],"tags":[],"group":[],"support":[],"class_list":["post-1690911","post","type-post","status-publish","format-standard","has-post-thumbnail","hentry","category-a-la-une"],"yoast_head":"<!-- This site is optimized with the Yoast SEO plugin v24.0 - https:\/\/yoast.com\/wordpress\/plugins\/seo\/ -->\n<title>Quelles sont les diff\u00e9rences entre le marron et la ch\u00e2taigne ? - MyZen TV<\/title>\n<meta name=\"description\" content=\"Quelle est la diff\u00e9rence entre une ch\u00e2taigne et un un marron ? Cette fois-ci, vous ne ferez plus l&#039;erreur gr\u00e2ce \u00e0 MyZen TV.\" \/>\n<meta name=\"robots\" content=\"index, follow, max-snippet:-1, max-image-preview:large, max-video-preview:-1\" \/>\n<link rel=\"canonical\" href=\"https:\/\/www.myzen.tv\/fr\/quelles-sont-les-differences-entre-le-marron-et-la-chataigne\/\" \/>\n<meta property=\"og:locale\" content=\"fr_FR\" \/>\n<meta property=\"og:type\" content=\"article\" \/>\n<meta property=\"og:title\" content=\"Quelles sont les diff\u00e9rences entre le marron et la ch\u00e2taigne ? - MyZen TV\" \/>\n<meta property=\"og:description\" content=\"Quelle est la diff\u00e9rence entre une ch\u00e2taigne et un un marron ? Cette fois-ci, vous ne ferez plus l&#039;erreur gr\u00e2ce \u00e0 MyZen TV.\" \/>\n<meta property=\"og:url\" content=\"https:\/\/www.myzen.tv\/fr\/quelles-sont-les-differences-entre-le-marron-et-la-chataigne\/\" \/>\n<meta property=\"og:site_name\" content=\"MyZen TV\" \/>\n<meta property=\"article:publisher\" content=\"https:\/\/www.facebook.com\/myzen.tv.fr\/\" \/>\n<meta property=\"article:published_time\" content=\"2022-10-20T06:00:00+00:00\" \/>\n<meta property=\"article:modified_time\" content=\"2022-10-07T13:40:51+00:00\" \/>\n<meta property=\"og:image\" content=\"https:\/\/www.myzen.tv\/wp-content\/uploads\/2022\/09\/pexels-mikhail-nilov-7676082-scaled.jpg\" \/>\n\t<meta property=\"og:image:width\" content=\"2560\" \/>\n\t<meta property=\"og:image:height\" content=\"1440\" \/>\n\t<meta property=\"og:image:type\" content=\"image\/jpeg\" \/>\n<meta name=\"author\" content=\"Gilles Farina\" \/>\n<meta name=\"twitter:card\" content=\"summary_large_image\" \/>\n<meta name=\"twitter:label1\" content=\"\u00c9crit par\" \/>\n\t<meta name=\"twitter:data1\" content=\"Gilles Farina\" \/>\n\t<meta name=\"twitter:label2\" content=\"Dur\u00e9e de lecture estim\u00e9e\" \/>\n\t<meta name=\"twitter:data2\" content=\"1 minute\" \/>\n<!-- \/ Yoast SEO plugin. -->","yoast_head_json":{"title":"Quelles sont les diff\u00e9rences entre le marron et la ch\u00e2taigne ? - MyZen TV","description":"Quelle est la diff\u00e9rence entre une ch\u00e2taigne et un un marron ? Cette fois-ci, vous ne ferez plus l'erreur gr\u00e2ce \u00e0 MyZen TV.","robots":{"index":"index","follow":"follow","max-snippet":"max-snippet:-1","max-image-preview":"max-image-preview:large","max-video-preview":"max-video-preview:-1"},"canonical":"https:\/\/www.myzen.tv\/fr\/quelles-sont-les-differences-entre-le-marron-et-la-chataigne\/","og_locale":"fr_FR","og_type":"article","og_title":"Quelles sont les diff\u00e9rences entre le marron et la ch\u00e2taigne ? - MyZen TV","og_description":"Quelle est la diff\u00e9rence entre une ch\u00e2taigne et un un marron ? Cette fois-ci, vous ne ferez plus l'erreur gr\u00e2ce \u00e0 MyZen TV.","og_url":"https:\/\/www.myzen.tv\/fr\/quelles-sont-les-differences-entre-le-marron-et-la-chataigne\/","og_site_name":"MyZen TV","article_publisher":"https:\/\/www.facebook.com\/myzen.tv.fr\/","article_published_time":"2022-10-20T06:00:00+00:00","article_modified_time":"2022-10-07T13:40:51+00:00","og_image":[{"width":2560,"height":1440,"url":"https:\/\/www.myzen.tv\/wp-content\/uploads\/2022\/09\/pexels-mikhail-nilov-7676082-scaled.jpg","type":"image\/jpeg"}],"author":"Gilles Farina","twitter_card":"summary_large_image","twitter_misc":{"\u00c9crit par":"Gilles Farina","Dur\u00e9e de lecture estim\u00e9e":"1 minute"},"schema":{"@context":"https:\/\/schema.org","@graph":[{"@type":"Article","@id":"https:\/\/www.myzen.tv\/fr\/quelles-sont-les-differences-entre-le-marron-et-la-chataigne\/#article","isPartOf":{"@id":"https:\/\/www.myzen.tv\/fr\/quelles-sont-les-differences-entre-le-marron-et-la-chataigne\/"},"author":{"name":"Gilles Farina","@id":"https:\/\/www.myzen.tv\/fr\/#\/schema\/person\/978a9e7addfdccd3326847815bc2aca6"},"headline":"Quelles sont les diff\u00e9rences entre le marron et la ch\u00e2taigne ?","datePublished":"2022-10-20T06:00:00+00:00","dateModified":"2022-10-07T13:40:51+00:00","mainEntityOfPage":{"@id":"https:\/\/www.myzen.tv\/fr\/quelles-sont-les-differences-entre-le-marron-et-la-chataigne\/"},"wordCount":199,"publisher":{"@id":"https:\/\/www.myzen.tv\/fr\/#organization"},"image":{"@id":"https:\/\/www.myzen.tv\/fr\/quelles-sont-les-differences-entre-le-marron-et-la-chataigne\/#primaryimage"},"thumbnailUrl":"https:\/\/www.myzen.tv\/wp-content\/uploads\/2022\/09\/pexels-mikhail-nilov-7676082-scaled.jpg","articleSection":["A la une"],"inLanguage":"fr-FR"},{"@type":"WebPage","@id":"https:\/\/www.myzen.tv\/fr\/quelles-sont-les-differences-entre-le-marron-et-la-chataigne\/","url":"https:\/\/www.myzen.tv\/fr\/quelles-sont-les-differences-entre-le-marron-et-la-chataigne\/","name":"Quelles sont les diff\u00e9rences entre le marron et la ch\u00e2taigne ? - MyZen TV","isPartOf":{"@id":"https:\/\/www.myzen.tv\/fr\/#website"},"primaryImageOfPage":{"@id":"https:\/\/www.myzen.tv\/fr\/quelles-sont-les-differences-entre-le-marron-et-la-chataigne\/#primaryimage"},"image":{"@id":"https:\/\/www.myzen.tv\/fr\/quelles-sont-les-differences-entre-le-marron-et-la-chataigne\/#primaryimage"},"thumbnailUrl":"https:\/\/www.myzen.tv\/wp-content\/uploads\/2022\/09\/pexels-mikhail-nilov-7676082-scaled.jpg","datePublished":"2022-10-20T06:00:00+00:00","dateModified":"2022-10-07T13:40:51+00:00","description":"Quelle est la diff\u00e9rence entre une ch\u00e2taigne et un un marron ? Cette fois-ci, vous ne ferez plus l'erreur gr\u00e2ce \u00e0 MyZen TV.","breadcrumb":{"@id":"https:\/\/www.myzen.tv\/fr\/quelles-sont-les-differences-entre-le-marron-et-la-chataigne\/#breadcrumb"},"inLanguage":"fr-FR","potentialAction":[{"@type":"ReadAction","target":["https:\/\/www.myzen.tv\/fr\/quelles-sont-les-differences-entre-le-marron-et-la-chataigne\/"]}]},{"@type":"ImageObject","inLanguage":"fr-FR","@id":"https:\/\/www.myzen.tv\/fr\/quelles-sont-les-differences-entre-le-marron-et-la-chataigne\/#primaryimage","url":"https:\/\/www.myzen.tv\/wp-content\/uploads\/2022\/09\/pexels-mikhail-nilov-7676082-scaled.jpg","contentUrl":"https:\/\/www.myzen.tv\/wp-content\/uploads\/2022\/09\/pexels-mikhail-nilov-7676082-scaled.jpg","width":2560,"height":1440},{"@type":"BreadcrumbList","@id":"https:\/\/www.myzen.tv\/fr\/quelles-sont-les-differences-entre-le-marron-et-la-chataigne\/#breadcrumb","itemListElement":[{"@type":"ListItem","position":1,"name":"Home","item":"https:\/\/www.myzen.tv\/fr\/"},{"@type":"ListItem","position":2,"name":"Quelles sont les diff\u00e9rences entre le marron et la ch\u00e2taigne ?"}]},{"@type":"WebSite","@id":"https:\/\/www.myzen.tv\/fr\/#website","url":"https:\/\/www.myzen.tv\/fr\/","name":"MyZen TV","description":"Your lifestyle and well-being channel","publisher":{"@id":"https:\/\/www.myzen.tv\/fr\/#organization"},"potentialAction":[{"@type":"SearchAction","target":{"@type":"EntryPoint","urlTemplate":"https:\/\/www.myzen.tv\/fr\/?s={search_term_string}"},"query-input":{"@type":"PropertyValueSpecification","valueRequired":true,"valueName":"search_term_string"}}],"inLanguage":"fr-FR"},{"@type":"Organization","@id":"https:\/\/www.myzen.tv\/fr\/#organization","name":"MyZen TV","url":"https:\/\/www.myzen.tv\/fr\/","logo":{"@type":"ImageObject","inLanguage":"fr-FR","@id":"https:\/\/www.myzen.tv\/fr\/#\/schema\/logo\/image\/","url":"https:\/\/www.myzen.tv\/wp-content\/uploads\/2021\/05\/cropped-ICON_MZtv-LOGO_firetv640-1-1.png","contentUrl":"https:\/\/www.myzen.tv\/wp-content\/uploads\/2021\/05\/cropped-ICON_MZtv-LOGO_firetv640-1-1.png","width":512,"height":512,"caption":"MyZen TV"},"image":{"@id":"https:\/\/www.myzen.tv\/fr\/#\/schema\/logo\/image\/"},"sameAs":["https:\/\/www.facebook.com\/myzen.tv.fr\/","https:\/\/www.instagram.com\/myzentv\/"]},{"@type":"Person","@id":"https:\/\/www.myzen.tv\/fr\/#\/schema\/person\/978a9e7addfdccd3326847815bc2aca6","name":"Gilles Farina","url":"https:\/\/www.myzen.tv\/fr\/author\/giles-farina\/"}]}},"_links":{"self":[{"href":"https:\/\/www.myzen.tv\/fr\/wp-json\/wp\/v2\/posts\/1690911","targetHints":{"allow":["GET"]}}],"collection":[{"href":"https:\/\/www.myzen.tv\/fr\/wp-json\/wp\/v2\/posts"}],"about":[{"href":"https:\/\/www.myzen.tv\/fr\/wp-json\/wp\/v2\/types\/post"}],"author":[{"embeddable":true,"href":"https:\/\/www.myzen.tv\/fr\/wp-json\/wp\/v2\/users\/13"}],"replies":[{"embeddable":true,"href":"https:\/\/www.myzen.tv\/fr\/wp-json\/wp\/v2\/comments?post=1690911"}],"version-history":[{"count":3,"href":"https:\/\/www.myzen.tv\/fr\/wp-json\/wp\/v2\/posts\/1690911\/revisions"}],"predecessor-version":[{"id":1692469,"href":"https:\/\/www.myzen.tv\/fr\/wp-json\/wp\/v2\/posts\/1690911\/revisions\/1692469"}],"wp:featuredmedia":[{"embeddable":true,"href":"https:\/\/www.myzen.tv\/fr\/wp-json\/wp\/v2\/media\/1690916"}],"wp:attachment":[{"href":"https:\/\/www.myzen.tv\/fr\/wp-json\/wp\/v2\/media?parent=1690911"}],"wp:term":[{"taxonomy":"category","embeddable":true,"href":"https:\/\/www.myzen.tv\/fr\/wp-json\/wp\/v2\/categories?post=1690911"},{"taxonomy":"post_tag","embeddable":true,"href":"https:\/\/www.myzen.tv\/fr\/wp-json\/wp\/v2\/tags?post=1690911"},{"taxonomy":"group","embeddable":true,"href":"https:\/\/www.myzen.tv\/fr\/wp-json\/wp\/v2\/group?post=1690911"},{"taxonomy":"support","embeddable":true,"href":"https:\/\/www.myzen.tv\/fr\/wp-json\/wp\/v2\/support?post=1690911"}],"curies":[{"name":"wp","href":"https:\/\/api.w.org\/{rel}","templated":true}]}}