{"id":1692984,"date":"2022-11-10T06:00:00","date_gmt":"2022-11-10T06:00:00","guid":{"rendered":"https:\/\/www.myzen.tv\/?p=1692984"},"modified":"2022-11-04T13:33:08","modified_gmt":"2022-11-04T13:33:08","slug":"larkansas-un-lieu-loin-de-tout","status":"publish","type":"post","link":"https:\/\/www.myzen.tv\/fr\/larkansas-un-lieu-loin-de-tout\/","title":{"rendered":"L&rsquo;Arkansas un lieu loin de tout !"},"content":{"rendered":"\n<p>\u00c0 l&rsquo;occasion de la diffusion de la saison 6 de Vivre loin du monde, demain soir \u00e0 18h30, MyZen TV vous propose de revenir sur un \u00e9tat peu connu de l&rsquo;Am\u00e9rique du Nord : L&rsquo;Arkansas !<\/p>\n\n\n\n<h2 class=\"wp-block-heading\">Les grands espaces am\u00e9ricains <\/h2>\n\n\n\n<p>Des points de vue \u00e0 couper le souffle, des montagnes recul\u00e9es et ses cours d\u2019eau limpides : bienvenue dans l\u2019Arkansas. Bord\u00e9 par le Mississippi, cet \u00e9tat enclav\u00e9 est un joyaux naturel. Certaines parties de son territoire sont compl\u00e8tement recul\u00e9es de toute soci\u00e9t\u00e9 moderne. L&rsquo;homme ne fait plus qu&rsquo;un avec la nature. Citons par exemple le Hot Springs National Park. Ce n&rsquo;est pas pour rien qu&rsquo;on le surnomme \u00ab The Natural State \u00bb (\u00ab l&rsquo;\u00e9tat naturel \u00bb) <\/p>\n\n\n\n<p>\u00c9tat du Sud, l&rsquo;Arkansas est un des berceaux du blues, jazz et folk ! Little Rock est alors une destination id\u00e9ale pour les amoureux de la musique am\u00e9ricaine.<\/p>\n\n\n\n<h2 class=\"wp-block-heading\">Une destination de choix pour Ben Fogle<\/h2>\n\n\n\n<figure class=\"wp-block-image size-large\"><img loading=\"lazy\" decoding=\"async\" width=\"1024\" height=\"682\" src=\"https:\/\/www.myzen.tv\/wp-content\/uploads\/2022\/10\/Flag_of_Arkansas.svg_-1024x682.png\" alt=\"\" class=\"wp-image-1692987\" srcset=\"https:\/\/www.myzen.tv\/wp-content\/uploads\/2022\/10\/Flag_of_Arkansas.svg_-1024x682.png 1024w, https:\/\/www.myzen.tv\/wp-content\/uploads\/2022\/10\/Flag_of_Arkansas.svg_-300x200.png 300w, https:\/\/www.myzen.tv\/wp-content\/uploads\/2022\/10\/Flag_of_Arkansas.svg_-768x512.png 768w, https:\/\/www.myzen.tv\/wp-content\/uploads\/2022\/10\/Flag_of_Arkansas.svg_-285x190.png 285w, https:\/\/www.myzen.tv\/wp-content\/uploads\/2022\/10\/Flag_of_Arkansas.svg_-210x140.png 210w, https:\/\/www.myzen.tv\/wp-content\/uploads\/2022\/10\/Flag_of_Arkansas.svg_-533x355.png 533w, https:\/\/www.myzen.tv\/wp-content\/uploads\/2022\/10\/Flag_of_Arkansas.svg_.png 1280w\" sizes=\"auto, (max-width: 1024px) 100vw, 1024px\" \/><\/figure>\n\n\n\n<p>Ben Fogle se rend dans la for\u00eat National Ozark en Arkansas, aux USA vivre avec le ma\u00eetre-artisan Robert Runyon \u00e2g\u00e9 de 70 ans. <\/p>\n\n\n\n<p>Ainsi, il d\u00e9couvre pourquoi l\u2019ancien \u00e9tudiant en m\u00e9decine a abandonn\u00e9 ses \u00e9tudes et a achet\u00e9 200 hectares de terres au fond des bois pour y \u00e9lever sa famille de 6 enfants. <\/p>\n\n\n\n<p>L&rsquo;homme des bois nous apprendra sa technique pour fabriquer une cabane datant 13\u00e8me si\u00e8cle. <\/p>\n\n\n\n<p>Envie de d\u00e9couvrir l&rsquo;Arkansas ? Ne manquez pas la diffusion de la saison 6 de Vivre loin du monde, tous les vendredis \u00e0 18h30 sur MyZen TV ! <\/p>\n","protected":false},"excerpt":{"rendered":"<p>\u00c0 l&rsquo;occasion de la diffusion de la saison 6 de Vivre loin du monde, demain soir \u00e0 18h30, MyZen TV vous propose de revenir sur un \u00e9tat peu connu de l&rsquo;Am\u00e9rique du Nord : L&rsquo;Arkansas ! Les grands espaces am\u00e9ricains Des points de vue \u00e0 couper le souffle, des montagnes recul\u00e9es et ses cours d\u2019eau [&hellip;]<\/p>\n","protected":false},"author":13,"featured_media":1692985,"comment_status":"closed","ping_status":"closed","sticky":false,"template":"","format":"standard","meta":{"episode_type":"","audio_file":"","cover_image":"","cover_image_id":"","duration":"","filesize":"","date_recorded":"","explicit":"","block":"","itunes_episode_number":"","itunes_title":"","itunes_season_number":"","itunes_episode_type":"","filesize_raw":"","footnotes":""},"categories":[16],"tags":[],"group":[],"support":[],"class_list":["post-1692984","post","type-post","status-publish","format-standard","has-post-thumbnail","hentry","category-a-la-une"],"yoast_head":"<!-- This site is optimized with the Yoast SEO plugin v24.0 - https:\/\/yoast.com\/wordpress\/plugins\/seo\/ -->\n<title>L&#039;Arkansas un lieu loin de tout ! - MyZen TV<\/title>\n<meta name=\"description\" content=\"\u00c0 l&#039;occasion de la diffusion de la saison 6 de Vivre loin du monde, demain soir \u00e0 18h30, My Zen vous propose de revenir sur un \u00e9tat peu connu de l&#039;Am\u00e9rique du Nord : L&#039;Arkansas !\" \/>\n<meta name=\"robots\" content=\"index, follow, max-snippet:-1, max-image-preview:large, max-video-preview:-1\" \/>\n<link rel=\"canonical\" href=\"https:\/\/www.myzen.tv\/fr\/larkansas-un-lieu-loin-de-tout\/\" \/>\n<meta property=\"og:locale\" content=\"fr_FR\" \/>\n<meta property=\"og:type\" content=\"article\" \/>\n<meta property=\"og:title\" content=\"L&#039;Arkansas un lieu loin de tout ! - MyZen TV\" \/>\n<meta property=\"og:description\" content=\"\u00c0 l&#039;occasion de la diffusion de la saison 6 de Vivre loin du monde, demain soir \u00e0 18h30, My Zen vous propose de revenir sur un \u00e9tat peu connu de l&#039;Am\u00e9rique du Nord : L&#039;Arkansas !\" \/>\n<meta property=\"og:url\" content=\"https:\/\/www.myzen.tv\/fr\/larkansas-un-lieu-loin-de-tout\/\" \/>\n<meta property=\"og:site_name\" content=\"MyZen TV\" \/>\n<meta property=\"article:publisher\" content=\"https:\/\/www.facebook.com\/myzen.tv.fr\/\" \/>\n<meta property=\"article:published_time\" content=\"2022-11-10T06:00:00+00:00\" \/>\n<meta property=\"article:modified_time\" content=\"2022-11-04T13:33:08+00:00\" \/>\n<meta property=\"og:image\" content=\"https:\/\/www.myzen.tv\/wp-content\/uploads\/2022\/10\/WTWMA_S6_Ep1_001_Medium.jpg\" \/>\n\t<meta property=\"og:image:width\" content=\"1920\" \/>\n\t<meta property=\"og:image:height\" content=\"1080\" \/>\n\t<meta property=\"og:image:type\" content=\"image\/jpeg\" \/>\n<meta name=\"author\" content=\"Gilles Farina\" \/>\n<meta name=\"twitter:card\" content=\"summary_large_image\" \/>\n<meta name=\"twitter:label1\" content=\"\u00c9crit par\" \/>\n\t<meta name=\"twitter:data1\" content=\"Gilles Farina\" \/>\n\t<meta name=\"twitter:label2\" content=\"Dur\u00e9e de lecture estim\u00e9e\" \/>\n\t<meta name=\"twitter:data2\" content=\"2 minutes\" \/>\n<!-- \/ Yoast SEO plugin. -->","yoast_head_json":{"title":"L'Arkansas un lieu loin de tout ! - MyZen TV","description":"\u00c0 l'occasion de la diffusion de la saison 6 de Vivre loin du monde, demain soir \u00e0 18h30, My Zen vous propose de revenir sur un \u00e9tat peu connu de l'Am\u00e9rique du Nord : L'Arkansas !","robots":{"index":"index","follow":"follow","max-snippet":"max-snippet:-1","max-image-preview":"max-image-preview:large","max-video-preview":"max-video-preview:-1"},"canonical":"https:\/\/www.myzen.tv\/fr\/larkansas-un-lieu-loin-de-tout\/","og_locale":"fr_FR","og_type":"article","og_title":"L'Arkansas un lieu loin de tout ! - MyZen TV","og_description":"\u00c0 l'occasion de la diffusion de la saison 6 de Vivre loin du monde, demain soir \u00e0 18h30, My Zen vous propose de revenir sur un \u00e9tat peu connu de l'Am\u00e9rique du Nord : L'Arkansas !","og_url":"https:\/\/www.myzen.tv\/fr\/larkansas-un-lieu-loin-de-tout\/","og_site_name":"MyZen TV","article_publisher":"https:\/\/www.facebook.com\/myzen.tv.fr\/","article_published_time":"2022-11-10T06:00:00+00:00","article_modified_time":"2022-11-04T13:33:08+00:00","og_image":[{"width":1920,"height":1080,"url":"https:\/\/www.myzen.tv\/wp-content\/uploads\/2022\/10\/WTWMA_S6_Ep1_001_Medium.jpg","type":"image\/jpeg"}],"author":"Gilles Farina","twitter_card":"summary_large_image","twitter_misc":{"\u00c9crit par":"Gilles Farina","Dur\u00e9e de lecture estim\u00e9e":"2 minutes"},"schema":{"@context":"https:\/\/schema.org","@graph":[{"@type":"Article","@id":"https:\/\/www.myzen.tv\/fr\/larkansas-un-lieu-loin-de-tout\/#article","isPartOf":{"@id":"https:\/\/www.myzen.tv\/fr\/larkansas-un-lieu-loin-de-tout\/"},"author":{"name":"Gilles Farina","@id":"https:\/\/www.myzen.tv\/fr\/#\/schema\/person\/978a9e7addfdccd3326847815bc2aca6"},"headline":"L&rsquo;Arkansas un lieu loin de tout !","datePublished":"2022-11-10T06:00:00+00:00","dateModified":"2022-11-04T13:33:08+00:00","mainEntityOfPage":{"@id":"https:\/\/www.myzen.tv\/fr\/larkansas-un-lieu-loin-de-tout\/"},"wordCount":252,"publisher":{"@id":"https:\/\/www.myzen.tv\/fr\/#organization"},"image":{"@id":"https:\/\/www.myzen.tv\/fr\/larkansas-un-lieu-loin-de-tout\/#primaryimage"},"thumbnailUrl":"https:\/\/www.myzen.tv\/wp-content\/uploads\/2022\/10\/WTWMA_S6_Ep1_001_Medium.jpg","articleSection":["A la une"],"inLanguage":"fr-FR"},{"@type":"WebPage","@id":"https:\/\/www.myzen.tv\/fr\/larkansas-un-lieu-loin-de-tout\/","url":"https:\/\/www.myzen.tv\/fr\/larkansas-un-lieu-loin-de-tout\/","name":"L'Arkansas un lieu loin de tout ! - MyZen TV","isPartOf":{"@id":"https:\/\/www.myzen.tv\/fr\/#website"},"primaryImageOfPage":{"@id":"https:\/\/www.myzen.tv\/fr\/larkansas-un-lieu-loin-de-tout\/#primaryimage"},"image":{"@id":"https:\/\/www.myzen.tv\/fr\/larkansas-un-lieu-loin-de-tout\/#primaryimage"},"thumbnailUrl":"https:\/\/www.myzen.tv\/wp-content\/uploads\/2022\/10\/WTWMA_S6_Ep1_001_Medium.jpg","datePublished":"2022-11-10T06:00:00+00:00","dateModified":"2022-11-04T13:33:08+00:00","description":"\u00c0 l'occasion de la diffusion de la saison 6 de Vivre loin du monde, demain soir \u00e0 18h30, My Zen vous propose de revenir sur un \u00e9tat peu connu de l'Am\u00e9rique du Nord : L'Arkansas !","breadcrumb":{"@id":"https:\/\/www.myzen.tv\/fr\/larkansas-un-lieu-loin-de-tout\/#breadcrumb"},"inLanguage":"fr-FR","potentialAction":[{"@type":"ReadAction","target":["https:\/\/www.myzen.tv\/fr\/larkansas-un-lieu-loin-de-tout\/"]}]},{"@type":"ImageObject","inLanguage":"fr-FR","@id":"https:\/\/www.myzen.tv\/fr\/larkansas-un-lieu-loin-de-tout\/#primaryimage","url":"https:\/\/www.myzen.tv\/wp-content\/uploads\/2022\/10\/WTWMA_S6_Ep1_001_Medium.jpg","contentUrl":"https:\/\/www.myzen.tv\/wp-content\/uploads\/2022\/10\/WTWMA_S6_Ep1_001_Medium.jpg","width":1920,"height":1080},{"@type":"BreadcrumbList","@id":"https:\/\/www.myzen.tv\/fr\/larkansas-un-lieu-loin-de-tout\/#breadcrumb","itemListElement":[{"@type":"ListItem","position":1,"name":"Home","item":"https:\/\/www.myzen.tv\/fr\/"},{"@type":"ListItem","position":2,"name":"L&#8217;Arkansas un lieu loin de tout !"}]},{"@type":"WebSite","@id":"https:\/\/www.myzen.tv\/fr\/#website","url":"https:\/\/www.myzen.tv\/fr\/","name":"MyZen TV","description":"Your lifestyle and well-being channel","publisher":{"@id":"https:\/\/www.myzen.tv\/fr\/#organization"},"potentialAction":[{"@type":"SearchAction","target":{"@type":"EntryPoint","urlTemplate":"https:\/\/www.myzen.tv\/fr\/?s={search_term_string}"},"query-input":{"@type":"PropertyValueSpecification","valueRequired":true,"valueName":"search_term_string"}}],"inLanguage":"fr-FR"},{"@type":"Organization","@id":"https:\/\/www.myzen.tv\/fr\/#organization","name":"MyZen TV","url":"https:\/\/www.myzen.tv\/fr\/","logo":{"@type":"ImageObject","inLanguage":"fr-FR","@id":"https:\/\/www.myzen.tv\/fr\/#\/schema\/logo\/image\/","url":"https:\/\/www.myzen.tv\/wp-content\/uploads\/2021\/05\/cropped-ICON_MZtv-LOGO_firetv640-1-1.png","contentUrl":"https:\/\/www.myzen.tv\/wp-content\/uploads\/2021\/05\/cropped-ICON_MZtv-LOGO_firetv640-1-1.png","width":512,"height":512,"caption":"MyZen TV"},"image":{"@id":"https:\/\/www.myzen.tv\/fr\/#\/schema\/logo\/image\/"},"sameAs":["https:\/\/www.facebook.com\/myzen.tv.fr\/","https:\/\/www.instagram.com\/myzentv\/"]},{"@type":"Person","@id":"https:\/\/www.myzen.tv\/fr\/#\/schema\/person\/978a9e7addfdccd3326847815bc2aca6","name":"Gilles Farina","url":"https:\/\/www.myzen.tv\/fr\/author\/giles-farina\/"}]}},"_links":{"self":[{"href":"https:\/\/www.myzen.tv\/fr\/wp-json\/wp\/v2\/posts\/1692984","targetHints":{"allow":["GET"]}}],"collection":[{"href":"https:\/\/www.myzen.tv\/fr\/wp-json\/wp\/v2\/posts"}],"about":[{"href":"https:\/\/www.myzen.tv\/fr\/wp-json\/wp\/v2\/types\/post"}],"author":[{"embeddable":true,"href":"https:\/\/www.myzen.tv\/fr\/wp-json\/wp\/v2\/users\/13"}],"replies":[{"embeddable":true,"href":"https:\/\/www.myzen.tv\/fr\/wp-json\/wp\/v2\/comments?post=1692984"}],"version-history":[{"count":3,"href":"https:\/\/www.myzen.tv\/fr\/wp-json\/wp\/v2\/posts\/1692984\/revisions"}],"predecessor-version":[{"id":1693406,"href":"https:\/\/www.myzen.tv\/fr\/wp-json\/wp\/v2\/posts\/1692984\/revisions\/1693406"}],"wp:featuredmedia":[{"embeddable":true,"href":"https:\/\/www.myzen.tv\/fr\/wp-json\/wp\/v2\/media\/1692985"}],"wp:attachment":[{"href":"https:\/\/www.myzen.tv\/fr\/wp-json\/wp\/v2\/media?parent=1692984"}],"wp:term":[{"taxonomy":"category","embeddable":true,"href":"https:\/\/www.myzen.tv\/fr\/wp-json\/wp\/v2\/categories?post=1692984"},{"taxonomy":"post_tag","embeddable":true,"href":"https:\/\/www.myzen.tv\/fr\/wp-json\/wp\/v2\/tags?post=1692984"},{"taxonomy":"group","embeddable":true,"href":"https:\/\/www.myzen.tv\/fr\/wp-json\/wp\/v2\/group?post=1692984"},{"taxonomy":"support","embeddable":true,"href":"https:\/\/www.myzen.tv\/fr\/wp-json\/wp\/v2\/support?post=1692984"}],"curies":[{"name":"wp","href":"https:\/\/api.w.org\/{rel}","templated":true}]}}