{"id":1695041,"date":"2022-11-23T06:00:00","date_gmt":"2022-11-23T06:00:00","guid":{"rendered":"https:\/\/www.myzen.tv\/?p=1695041"},"modified":"2022-11-14T08:31:54","modified_gmt":"2022-11-14T08:31:54","slug":"dou-vient-le-movember","status":"publish","type":"post","link":"https:\/\/www.myzen.tv\/fr\/dou-vient-le-movember\/","title":{"rendered":"D&rsquo;o\u00f9 vient le Movember ?"},"content":{"rendered":"\n<p>C&rsquo;est une tradition qui commence \u00e0 s&rsquo;implanter dans plusieurs pays europ\u00e9ens : le Movember. Le principe ? Se laisser pousser la moustache et l&rsquo;entretenir tout au long du mois de novembre. L&rsquo;objectif \u00e9tant de sensibiliser le plus grand nombre aux maladies masculines. Mais finalement, d&rsquo;o\u00f9 vient le Movember ?<\/p>\n\n\n\n<p>Pour vous \u00e9clairer, MyZen TV vous explique tout sur l&rsquo;origine de ce mouvement ! <\/p>\n\n\n\n<h2 class=\"wp-block-heading\">Une histoire australienne<\/h2>\n\n\n\n<p>Nous sommes en 1999 \u00e0 Ad\u00e9la\u00efde, en Australie lorsqu&rsquo;un groupe de jeunes hommes d\u00e9cide de se laisser pousser la moustache pendant le mois de novembre. Ces derniers d\u00e9cident de profiter de l&rsquo;originalit\u00e9 de leur d\u00e9marche pour r\u00e9colter des fonds pour diverses associations caritatives. Mais pour le moment, rien \u00e0 voir avec la pr\u00e9vention des maladies masculines.<\/p>\n\n\n\n<p>Il faut attendre 2003 \u00e0 Melbourne pour qu&rsquo;un autre groupe se lance dans un principe similaire. Mais cette fois-ci, l&rsquo;objectif est diff\u00e9rent. En effet, les jeunes australiens se rendent compte que les hommes sont moins attentionn\u00e9 \u00e0 leur sant\u00e9 que les femmes. Les hommes ne respectent pas toujours les examens prostatiques et sont plus enclins \u00e0 ne pas prendre au s\u00e9rieux une d\u00e9pression. Cette ann\u00e9e-l\u00e0, 30 hommes d\u00e9cident de ne pas se raser la moustache.<\/p>\n\n\n\n<p>Le ph\u00e9nom\u00e8ne prend vite de l&rsquo;ampleur avec 500 personnes l&rsquo;ann\u00e9e suivante. Ainsi, en 2004 le mouvement r\u00e9colte plus de 40 000 dollars pour l&rsquo;association Prostate Cancer Foundation of Australia.<\/p>\n\n\n\n<p>Le mouvement s&rsquo;\u00e9tend \u00e0 toute la plan\u00e8te jusqu&rsquo;en 2012 en France o\u00f9 il est officiellement organis\u00e9 pour la premi\u00e8re fois.<\/p>\n\n\n\n<p>\u00c0 tr\u00e8s vite sur MyZen TV et sur notre <strong><a href=\"https:\/\/www.myzen.tv\/fr\/\">plateforme de streaming<\/a><\/strong> pour retrouver notre mois consacr\u00e9 aux hommes ! <\/p>\n","protected":false},"excerpt":{"rendered":"<p>C&rsquo;est une tradition qui commence \u00e0 s&rsquo;implanter dans plusieurs pays europ\u00e9ens : le Movember. Le principe ? Se laisser pousser la moustache et l&rsquo;entretenir tout au long du mois de novembre. L&rsquo;objectif \u00e9tant de sensibiliser le plus grand nombre aux maladies masculines. Mais finalement, d&rsquo;o\u00f9 vient le Movember ? Pour vous \u00e9clairer, MyZen TV vous [&hellip;]<\/p>\n","protected":false},"author":13,"featured_media":1695042,"comment_status":"closed","ping_status":"closed","sticky":false,"template":"","format":"standard","meta":{"episode_type":"","audio_file":"","cover_image":"","cover_image_id":"","duration":"","filesize":"","date_recorded":"","explicit":"","block":"","itunes_episode_number":"","itunes_title":"","itunes_season_number":"","itunes_episode_type":"","filesize_raw":"","footnotes":""},"categories":[16],"tags":[],"group":[],"support":[],"class_list":["post-1695041","post","type-post","status-publish","format-standard","has-post-thumbnail","hentry","category-a-la-une"],"yoast_head":"<!-- This site is optimized with the Yoast SEO plugin v24.0 - https:\/\/yoast.com\/wordpress\/plugins\/seo\/ -->\n<title>D&#039;o\u00f9 vient le Movember ? - MyZen TV<\/title>\n<meta name=\"description\" content=\"Finalement, d&#039;o\u00f9 vient le Movember ? Pour vous \u00e9clairer, MyZen TV vous explique tout sur l&#039;origine de ce mouvement !\" \/>\n<meta name=\"robots\" content=\"index, follow, max-snippet:-1, max-image-preview:large, max-video-preview:-1\" \/>\n<link rel=\"canonical\" href=\"https:\/\/www.myzen.tv\/fr\/dou-vient-le-movember\/\" \/>\n<meta property=\"og:locale\" content=\"fr_FR\" \/>\n<meta property=\"og:type\" content=\"article\" \/>\n<meta property=\"og:title\" content=\"D&#039;o\u00f9 vient le Movember ? - MyZen TV\" \/>\n<meta property=\"og:description\" content=\"Finalement, d&#039;o\u00f9 vient le Movember ? Pour vous \u00e9clairer, MyZen TV vous explique tout sur l&#039;origine de ce mouvement !\" \/>\n<meta property=\"og:url\" content=\"https:\/\/www.myzen.tv\/fr\/dou-vient-le-movember\/\" \/>\n<meta property=\"og:site_name\" content=\"MyZen TV\" \/>\n<meta property=\"article:publisher\" content=\"https:\/\/www.facebook.com\/myzen.tv.fr\/\" \/>\n<meta property=\"article:published_time\" content=\"2022-11-23T06:00:00+00:00\" \/>\n<meta property=\"article:modified_time\" content=\"2022-11-14T08:31:54+00:00\" \/>\n<meta property=\"og:image\" content=\"https:\/\/www.myzen.tv\/wp-content\/uploads\/2022\/11\/alan-hardman-Y-hl3rx5fr8-unsplash-scaled.jpg\" \/>\n\t<meta property=\"og:image:width\" content=\"2560\" \/>\n\t<meta property=\"og:image:height\" content=\"1696\" \/>\n\t<meta property=\"og:image:type\" content=\"image\/jpeg\" \/>\n<meta name=\"author\" content=\"Gilles Farina\" \/>\n<meta name=\"twitter:card\" content=\"summary_large_image\" \/>\n<meta name=\"twitter:label1\" content=\"\u00c9crit par\" \/>\n\t<meta name=\"twitter:data1\" content=\"Gilles Farina\" \/>\n\t<meta name=\"twitter:label2\" content=\"Dur\u00e9e de lecture estim\u00e9e\" \/>\n\t<meta name=\"twitter:data2\" content=\"2 minutes\" \/>\n<!-- \/ Yoast SEO plugin. -->","yoast_head_json":{"title":"D'o\u00f9 vient le Movember ? - MyZen TV","description":"Finalement, d'o\u00f9 vient le Movember ? Pour vous \u00e9clairer, MyZen TV vous explique tout sur l'origine de ce mouvement !","robots":{"index":"index","follow":"follow","max-snippet":"max-snippet:-1","max-image-preview":"max-image-preview:large","max-video-preview":"max-video-preview:-1"},"canonical":"https:\/\/www.myzen.tv\/fr\/dou-vient-le-movember\/","og_locale":"fr_FR","og_type":"article","og_title":"D'o\u00f9 vient le Movember ? - MyZen TV","og_description":"Finalement, d'o\u00f9 vient le Movember ? Pour vous \u00e9clairer, MyZen TV vous explique tout sur l'origine de ce mouvement !","og_url":"https:\/\/www.myzen.tv\/fr\/dou-vient-le-movember\/","og_site_name":"MyZen TV","article_publisher":"https:\/\/www.facebook.com\/myzen.tv.fr\/","article_published_time":"2022-11-23T06:00:00+00:00","article_modified_time":"2022-11-14T08:31:54+00:00","og_image":[{"width":2560,"height":1696,"url":"https:\/\/www.myzen.tv\/wp-content\/uploads\/2022\/11\/alan-hardman-Y-hl3rx5fr8-unsplash-scaled.jpg","type":"image\/jpeg"}],"author":"Gilles Farina","twitter_card":"summary_large_image","twitter_misc":{"\u00c9crit par":"Gilles Farina","Dur\u00e9e de lecture estim\u00e9e":"2 minutes"},"schema":{"@context":"https:\/\/schema.org","@graph":[{"@type":"Article","@id":"https:\/\/www.myzen.tv\/fr\/dou-vient-le-movember\/#article","isPartOf":{"@id":"https:\/\/www.myzen.tv\/fr\/dou-vient-le-movember\/"},"author":{"name":"Gilles Farina","@id":"https:\/\/www.myzen.tv\/fr\/#\/schema\/person\/978a9e7addfdccd3326847815bc2aca6"},"headline":"D&rsquo;o\u00f9 vient le Movember ?","datePublished":"2022-11-23T06:00:00+00:00","dateModified":"2022-11-14T08:31:54+00:00","mainEntityOfPage":{"@id":"https:\/\/www.myzen.tv\/fr\/dou-vient-le-movember\/"},"wordCount":270,"publisher":{"@id":"https:\/\/www.myzen.tv\/fr\/#organization"},"image":{"@id":"https:\/\/www.myzen.tv\/fr\/dou-vient-le-movember\/#primaryimage"},"thumbnailUrl":"https:\/\/www.myzen.tv\/wp-content\/uploads\/2022\/11\/alan-hardman-Y-hl3rx5fr8-unsplash-scaled.jpg","articleSection":["A la une"],"inLanguage":"fr-FR"},{"@type":"WebPage","@id":"https:\/\/www.myzen.tv\/fr\/dou-vient-le-movember\/","url":"https:\/\/www.myzen.tv\/fr\/dou-vient-le-movember\/","name":"D'o\u00f9 vient le Movember ? - MyZen TV","isPartOf":{"@id":"https:\/\/www.myzen.tv\/fr\/#website"},"primaryImageOfPage":{"@id":"https:\/\/www.myzen.tv\/fr\/dou-vient-le-movember\/#primaryimage"},"image":{"@id":"https:\/\/www.myzen.tv\/fr\/dou-vient-le-movember\/#primaryimage"},"thumbnailUrl":"https:\/\/www.myzen.tv\/wp-content\/uploads\/2022\/11\/alan-hardman-Y-hl3rx5fr8-unsplash-scaled.jpg","datePublished":"2022-11-23T06:00:00+00:00","dateModified":"2022-11-14T08:31:54+00:00","description":"Finalement, d'o\u00f9 vient le Movember ? Pour vous \u00e9clairer, MyZen TV vous explique tout sur l'origine de ce mouvement !","breadcrumb":{"@id":"https:\/\/www.myzen.tv\/fr\/dou-vient-le-movember\/#breadcrumb"},"inLanguage":"fr-FR","potentialAction":[{"@type":"ReadAction","target":["https:\/\/www.myzen.tv\/fr\/dou-vient-le-movember\/"]}]},{"@type":"ImageObject","inLanguage":"fr-FR","@id":"https:\/\/www.myzen.tv\/fr\/dou-vient-le-movember\/#primaryimage","url":"https:\/\/www.myzen.tv\/wp-content\/uploads\/2022\/11\/alan-hardman-Y-hl3rx5fr8-unsplash-scaled.jpg","contentUrl":"https:\/\/www.myzen.tv\/wp-content\/uploads\/2022\/11\/alan-hardman-Y-hl3rx5fr8-unsplash-scaled.jpg","width":2560,"height":1696,"caption":"Movember"},{"@type":"BreadcrumbList","@id":"https:\/\/www.myzen.tv\/fr\/dou-vient-le-movember\/#breadcrumb","itemListElement":[{"@type":"ListItem","position":1,"name":"Home","item":"https:\/\/www.myzen.tv\/fr\/"},{"@type":"ListItem","position":2,"name":"D&#8217;o\u00f9 vient le Movember ?"}]},{"@type":"WebSite","@id":"https:\/\/www.myzen.tv\/fr\/#website","url":"https:\/\/www.myzen.tv\/fr\/","name":"MyZen TV","description":"Your lifestyle and well-being channel","publisher":{"@id":"https:\/\/www.myzen.tv\/fr\/#organization"},"potentialAction":[{"@type":"SearchAction","target":{"@type":"EntryPoint","urlTemplate":"https:\/\/www.myzen.tv\/fr\/?s={search_term_string}"},"query-input":{"@type":"PropertyValueSpecification","valueRequired":true,"valueName":"search_term_string"}}],"inLanguage":"fr-FR"},{"@type":"Organization","@id":"https:\/\/www.myzen.tv\/fr\/#organization","name":"MyZen TV","url":"https:\/\/www.myzen.tv\/fr\/","logo":{"@type":"ImageObject","inLanguage":"fr-FR","@id":"https:\/\/www.myzen.tv\/fr\/#\/schema\/logo\/image\/","url":"https:\/\/www.myzen.tv\/wp-content\/uploads\/2021\/05\/cropped-ICON_MZtv-LOGO_firetv640-1-1.png","contentUrl":"https:\/\/www.myzen.tv\/wp-content\/uploads\/2021\/05\/cropped-ICON_MZtv-LOGO_firetv640-1-1.png","width":512,"height":512,"caption":"MyZen TV"},"image":{"@id":"https:\/\/www.myzen.tv\/fr\/#\/schema\/logo\/image\/"},"sameAs":["https:\/\/www.facebook.com\/myzen.tv.fr\/","https:\/\/www.instagram.com\/myzentv\/"]},{"@type":"Person","@id":"https:\/\/www.myzen.tv\/fr\/#\/schema\/person\/978a9e7addfdccd3326847815bc2aca6","name":"Gilles Farina","url":"https:\/\/www.myzen.tv\/fr\/author\/giles-farina\/"}]}},"_links":{"self":[{"href":"https:\/\/www.myzen.tv\/fr\/wp-json\/wp\/v2\/posts\/1695041","targetHints":{"allow":["GET"]}}],"collection":[{"href":"https:\/\/www.myzen.tv\/fr\/wp-json\/wp\/v2\/posts"}],"about":[{"href":"https:\/\/www.myzen.tv\/fr\/wp-json\/wp\/v2\/types\/post"}],"author":[{"embeddable":true,"href":"https:\/\/www.myzen.tv\/fr\/wp-json\/wp\/v2\/users\/13"}],"replies":[{"embeddable":true,"href":"https:\/\/www.myzen.tv\/fr\/wp-json\/wp\/v2\/comments?post=1695041"}],"version-history":[{"count":2,"href":"https:\/\/www.myzen.tv\/fr\/wp-json\/wp\/v2\/posts\/1695041\/revisions"}],"predecessor-version":[{"id":1695073,"href":"https:\/\/www.myzen.tv\/fr\/wp-json\/wp\/v2\/posts\/1695041\/revisions\/1695073"}],"wp:featuredmedia":[{"embeddable":true,"href":"https:\/\/www.myzen.tv\/fr\/wp-json\/wp\/v2\/media\/1695042"}],"wp:attachment":[{"href":"https:\/\/www.myzen.tv\/fr\/wp-json\/wp\/v2\/media?parent=1695041"}],"wp:term":[{"taxonomy":"category","embeddable":true,"href":"https:\/\/www.myzen.tv\/fr\/wp-json\/wp\/v2\/categories?post=1695041"},{"taxonomy":"post_tag","embeddable":true,"href":"https:\/\/www.myzen.tv\/fr\/wp-json\/wp\/v2\/tags?post=1695041"},{"taxonomy":"group","embeddable":true,"href":"https:\/\/www.myzen.tv\/fr\/wp-json\/wp\/v2\/group?post=1695041"},{"taxonomy":"support","embeddable":true,"href":"https:\/\/www.myzen.tv\/fr\/wp-json\/wp\/v2\/support?post=1695041"}],"curies":[{"name":"wp","href":"https:\/\/api.w.org\/{rel}","templated":true}]}}