{"id":1695049,"date":"2022-11-30T06:00:00","date_gmt":"2022-11-30T06:00:00","guid":{"rendered":"https:\/\/www.myzen.tv\/?p=1695049"},"modified":"2022-11-14T08:59:16","modified_gmt":"2022-11-14T08:59:16","slug":"tout-savoir-sur-son-equilibre-mental","status":"publish","type":"post","link":"https:\/\/www.myzen.tv\/fr\/tout-savoir-sur-son-equilibre-mental\/","title":{"rendered":"Tout savoir sur son \u00e9quilibre mental"},"content":{"rendered":"\n<p>MyZen TV vous propose le 29 novembre \u00e0 18h30 une \u00e9mission consacr\u00e9e au bien-\u00eatre mental. <\/p>\n\n\n\n<p>Ce programme propose un guide fond\u00e9 sur des donn\u00e9es probantes pour rester en bonne sant\u00e9 mentale en cas de pand\u00e9mie mondiale. En effet, rester calme lorsque le monde est en crise n&rsquo;est pas une t\u00e2che facile, mais cette \u00e9mission est l\u00e0 pour vous aider. <\/p>\n\n\n\n<p>En examinant de plus pr\u00e8s les probl\u00e8mes de sant\u00e9 mentale les plus courants &#8211; de l&rsquo;anxi\u00e9t\u00e9 \u00e0 l&rsquo;insomnie &#8211; et en partageant des strat\u00e9gies pour rester en bonne sant\u00e9 mentale, nous vous proposons un guide scientifique de la sant\u00e9 mentale. <\/p>\n\n\n\n<p>Psychobiotiques, \u00e9lectrostimulation cr\u00e2nienne ou concentration pendant que vous faites de l&rsquo;exercice pour maximiser le flux sanguin vers le cerveau ? D\u00e9couvrez ce qui pourrait vraiment faire une diff\u00e9rence pour votre sant\u00e9 mentale.<\/p>\n\n\n\n<p>Un programme \u00e0 ne surtout pas louper sur MyZen TV ou sur notre plateforme de streaming : <a href=\"https:\/\/watch.myzen.tv\/\">https:\/\/watch.myzen.tv\/<\/a><\/p>\n","protected":false},"excerpt":{"rendered":"<p>MyZen TV vous propose le 29 novembre \u00e0 18h30 une \u00e9mission consacr\u00e9e au bien-\u00eatre mental. Ce programme propose un guide fond\u00e9 sur des donn\u00e9es probantes pour rester en bonne sant\u00e9 mentale en cas de pand\u00e9mie mondiale. En effet, rester calme lorsque le monde est en crise n&rsquo;est pas une t\u00e2che facile, mais cette \u00e9mission est [&hellip;]<\/p>\n","protected":false},"author":13,"featured_media":1695050,"comment_status":"closed","ping_status":"closed","sticky":false,"template":"","format":"standard","meta":{"episode_type":"","audio_file":"","cover_image":"","cover_image_id":"","duration":"","filesize":"","date_recorded":"","explicit":"","block":"","itunes_episode_number":"","itunes_title":"","itunes_season_number":"","itunes_episode_type":"","filesize_raw":"","footnotes":""},"categories":[16],"tags":[],"group":[],"support":[],"class_list":["post-1695049","post","type-post","status-publish","format-standard","has-post-thumbnail","hentry","category-a-la-une"],"yoast_head":"<!-- This site is optimized with the Yoast SEO plugin v24.0 - https:\/\/yoast.com\/wordpress\/plugins\/seo\/ -->\n<title>Tout savoir sur son \u00e9quilibre mental - MyZen TV<\/title>\n<meta name=\"description\" content=\"MyZen TV vous propose le 29 novembre \u00e0 18h30 une \u00e9mission consacr\u00e9e au bien \u00eatre mental : La v\u00e9rit\u00e9 sur votre \u00e9quilibre mental.\" \/>\n<meta name=\"robots\" content=\"index, follow, max-snippet:-1, max-image-preview:large, max-video-preview:-1\" \/>\n<link rel=\"canonical\" href=\"https:\/\/www.myzen.tv\/fr\/tout-savoir-sur-son-equilibre-mental\/\" \/>\n<meta property=\"og:locale\" content=\"fr_FR\" \/>\n<meta property=\"og:type\" content=\"article\" \/>\n<meta property=\"og:title\" content=\"Tout savoir sur son \u00e9quilibre mental - MyZen TV\" \/>\n<meta property=\"og:description\" content=\"MyZen TV vous propose le 29 novembre \u00e0 18h30 une \u00e9mission consacr\u00e9e au bien \u00eatre mental : La v\u00e9rit\u00e9 sur votre \u00e9quilibre mental.\" \/>\n<meta property=\"og:url\" content=\"https:\/\/www.myzen.tv\/fr\/tout-savoir-sur-son-equilibre-mental\/\" \/>\n<meta property=\"og:site_name\" content=\"MyZen TV\" \/>\n<meta property=\"article:publisher\" content=\"https:\/\/www.facebook.com\/myzen.tv.fr\/\" \/>\n<meta property=\"article:published_time\" content=\"2022-11-30T06:00:00+00:00\" \/>\n<meta property=\"article:modified_time\" content=\"2022-11-14T08:59:16+00:00\" \/>\n<meta property=\"og:image\" content=\"https:\/\/www.myzen.tv\/wp-content\/uploads\/2022\/11\/The_Truth_About_Improving_Your_Mental_Health_01_003_LargeOriginal.jpeg\" \/>\n\t<meta property=\"og:image:width\" content=\"1920\" \/>\n\t<meta property=\"og:image:height\" content=\"1080\" \/>\n\t<meta property=\"og:image:type\" content=\"image\/jpeg\" \/>\n<meta name=\"author\" content=\"Gilles Farina\" \/>\n<meta name=\"twitter:card\" content=\"summary_large_image\" \/>\n<meta name=\"twitter:label1\" content=\"\u00c9crit par\" \/>\n\t<meta name=\"twitter:data1\" content=\"Gilles Farina\" \/>\n\t<meta name=\"twitter:label2\" content=\"Dur\u00e9e de lecture estim\u00e9e\" \/>\n\t<meta name=\"twitter:data2\" content=\"1 minute\" \/>\n<!-- \/ Yoast SEO plugin. -->","yoast_head_json":{"title":"Tout savoir sur son \u00e9quilibre mental - MyZen TV","description":"MyZen TV vous propose le 29 novembre \u00e0 18h30 une \u00e9mission consacr\u00e9e au bien \u00eatre mental : La v\u00e9rit\u00e9 sur votre \u00e9quilibre mental.","robots":{"index":"index","follow":"follow","max-snippet":"max-snippet:-1","max-image-preview":"max-image-preview:large","max-video-preview":"max-video-preview:-1"},"canonical":"https:\/\/www.myzen.tv\/fr\/tout-savoir-sur-son-equilibre-mental\/","og_locale":"fr_FR","og_type":"article","og_title":"Tout savoir sur son \u00e9quilibre mental - MyZen TV","og_description":"MyZen TV vous propose le 29 novembre \u00e0 18h30 une \u00e9mission consacr\u00e9e au bien \u00eatre mental : La v\u00e9rit\u00e9 sur votre \u00e9quilibre mental.","og_url":"https:\/\/www.myzen.tv\/fr\/tout-savoir-sur-son-equilibre-mental\/","og_site_name":"MyZen TV","article_publisher":"https:\/\/www.facebook.com\/myzen.tv.fr\/","article_published_time":"2022-11-30T06:00:00+00:00","article_modified_time":"2022-11-14T08:59:16+00:00","og_image":[{"width":1920,"height":1080,"url":"https:\/\/www.myzen.tv\/wp-content\/uploads\/2022\/11\/The_Truth_About_Improving_Your_Mental_Health_01_003_LargeOriginal.jpeg","type":"image\/jpeg"}],"author":"Gilles Farina","twitter_card":"summary_large_image","twitter_misc":{"\u00c9crit par":"Gilles Farina","Dur\u00e9e de lecture estim\u00e9e":"1 minute"},"schema":{"@context":"https:\/\/schema.org","@graph":[{"@type":"Article","@id":"https:\/\/www.myzen.tv\/fr\/tout-savoir-sur-son-equilibre-mental\/#article","isPartOf":{"@id":"https:\/\/www.myzen.tv\/fr\/tout-savoir-sur-son-equilibre-mental\/"},"author":{"name":"Gilles Farina","@id":"https:\/\/www.myzen.tv\/fr\/#\/schema\/person\/978a9e7addfdccd3326847815bc2aca6"},"headline":"Tout savoir sur son \u00e9quilibre mental","datePublished":"2022-11-30T06:00:00+00:00","dateModified":"2022-11-14T08:59:16+00:00","mainEntityOfPage":{"@id":"https:\/\/www.myzen.tv\/fr\/tout-savoir-sur-son-equilibre-mental\/"},"wordCount":164,"publisher":{"@id":"https:\/\/www.myzen.tv\/fr\/#organization"},"image":{"@id":"https:\/\/www.myzen.tv\/fr\/tout-savoir-sur-son-equilibre-mental\/#primaryimage"},"thumbnailUrl":"https:\/\/www.myzen.tv\/wp-content\/uploads\/2022\/11\/The_Truth_About_Improving_Your_Mental_Health_01_003_LargeOriginal.jpeg","articleSection":["A la une"],"inLanguage":"fr-FR"},{"@type":"WebPage","@id":"https:\/\/www.myzen.tv\/fr\/tout-savoir-sur-son-equilibre-mental\/","url":"https:\/\/www.myzen.tv\/fr\/tout-savoir-sur-son-equilibre-mental\/","name":"Tout savoir sur son \u00e9quilibre mental - MyZen TV","isPartOf":{"@id":"https:\/\/www.myzen.tv\/fr\/#website"},"primaryImageOfPage":{"@id":"https:\/\/www.myzen.tv\/fr\/tout-savoir-sur-son-equilibre-mental\/#primaryimage"},"image":{"@id":"https:\/\/www.myzen.tv\/fr\/tout-savoir-sur-son-equilibre-mental\/#primaryimage"},"thumbnailUrl":"https:\/\/www.myzen.tv\/wp-content\/uploads\/2022\/11\/The_Truth_About_Improving_Your_Mental_Health_01_003_LargeOriginal.jpeg","datePublished":"2022-11-30T06:00:00+00:00","dateModified":"2022-11-14T08:59:16+00:00","description":"MyZen TV vous propose le 29 novembre \u00e0 18h30 une \u00e9mission consacr\u00e9e au bien \u00eatre mental : La v\u00e9rit\u00e9 sur votre \u00e9quilibre mental.","breadcrumb":{"@id":"https:\/\/www.myzen.tv\/fr\/tout-savoir-sur-son-equilibre-mental\/#breadcrumb"},"inLanguage":"fr-FR","potentialAction":[{"@type":"ReadAction","target":["https:\/\/www.myzen.tv\/fr\/tout-savoir-sur-son-equilibre-mental\/"]}]},{"@type":"ImageObject","inLanguage":"fr-FR","@id":"https:\/\/www.myzen.tv\/fr\/tout-savoir-sur-son-equilibre-mental\/#primaryimage","url":"https:\/\/www.myzen.tv\/wp-content\/uploads\/2022\/11\/The_Truth_About_Improving_Your_Mental_Health_01_003_LargeOriginal.jpeg","contentUrl":"https:\/\/www.myzen.tv\/wp-content\/uploads\/2022\/11\/The_Truth_About_Improving_Your_Mental_Health_01_003_LargeOriginal.jpeg","width":1920,"height":1080},{"@type":"BreadcrumbList","@id":"https:\/\/www.myzen.tv\/fr\/tout-savoir-sur-son-equilibre-mental\/#breadcrumb","itemListElement":[{"@type":"ListItem","position":1,"name":"Home","item":"https:\/\/www.myzen.tv\/fr\/"},{"@type":"ListItem","position":2,"name":"Tout savoir sur son \u00e9quilibre mental"}]},{"@type":"WebSite","@id":"https:\/\/www.myzen.tv\/fr\/#website","url":"https:\/\/www.myzen.tv\/fr\/","name":"MyZen TV","description":"Your lifestyle and well-being channel","publisher":{"@id":"https:\/\/www.myzen.tv\/fr\/#organization"},"potentialAction":[{"@type":"SearchAction","target":{"@type":"EntryPoint","urlTemplate":"https:\/\/www.myzen.tv\/fr\/?s={search_term_string}"},"query-input":{"@type":"PropertyValueSpecification","valueRequired":true,"valueName":"search_term_string"}}],"inLanguage":"fr-FR"},{"@type":"Organization","@id":"https:\/\/www.myzen.tv\/fr\/#organization","name":"MyZen TV","url":"https:\/\/www.myzen.tv\/fr\/","logo":{"@type":"ImageObject","inLanguage":"fr-FR","@id":"https:\/\/www.myzen.tv\/fr\/#\/schema\/logo\/image\/","url":"https:\/\/www.myzen.tv\/wp-content\/uploads\/2021\/05\/cropped-ICON_MZtv-LOGO_firetv640-1-1.png","contentUrl":"https:\/\/www.myzen.tv\/wp-content\/uploads\/2021\/05\/cropped-ICON_MZtv-LOGO_firetv640-1-1.png","width":512,"height":512,"caption":"MyZen TV"},"image":{"@id":"https:\/\/www.myzen.tv\/fr\/#\/schema\/logo\/image\/"},"sameAs":["https:\/\/www.facebook.com\/myzen.tv.fr\/","https:\/\/www.instagram.com\/myzentv\/"]},{"@type":"Person","@id":"https:\/\/www.myzen.tv\/fr\/#\/schema\/person\/978a9e7addfdccd3326847815bc2aca6","name":"Gilles Farina","url":"https:\/\/www.myzen.tv\/fr\/author\/giles-farina\/"}]}},"_links":{"self":[{"href":"https:\/\/www.myzen.tv\/fr\/wp-json\/wp\/v2\/posts\/1695049","targetHints":{"allow":["GET"]}}],"collection":[{"href":"https:\/\/www.myzen.tv\/fr\/wp-json\/wp\/v2\/posts"}],"about":[{"href":"https:\/\/www.myzen.tv\/fr\/wp-json\/wp\/v2\/types\/post"}],"author":[{"embeddable":true,"href":"https:\/\/www.myzen.tv\/fr\/wp-json\/wp\/v2\/users\/13"}],"replies":[{"embeddable":true,"href":"https:\/\/www.myzen.tv\/fr\/wp-json\/wp\/v2\/comments?post=1695049"}],"version-history":[{"count":2,"href":"https:\/\/www.myzen.tv\/fr\/wp-json\/wp\/v2\/posts\/1695049\/revisions"}],"predecessor-version":[{"id":1695078,"href":"https:\/\/www.myzen.tv\/fr\/wp-json\/wp\/v2\/posts\/1695049\/revisions\/1695078"}],"wp:featuredmedia":[{"embeddable":true,"href":"https:\/\/www.myzen.tv\/fr\/wp-json\/wp\/v2\/media\/1695050"}],"wp:attachment":[{"href":"https:\/\/www.myzen.tv\/fr\/wp-json\/wp\/v2\/media?parent=1695049"}],"wp:term":[{"taxonomy":"category","embeddable":true,"href":"https:\/\/www.myzen.tv\/fr\/wp-json\/wp\/v2\/categories?post=1695049"},{"taxonomy":"post_tag","embeddable":true,"href":"https:\/\/www.myzen.tv\/fr\/wp-json\/wp\/v2\/tags?post=1695049"},{"taxonomy":"group","embeddable":true,"href":"https:\/\/www.myzen.tv\/fr\/wp-json\/wp\/v2\/group?post=1695049"},{"taxonomy":"support","embeddable":true,"href":"https:\/\/www.myzen.tv\/fr\/wp-json\/wp\/v2\/support?post=1695049"}],"curies":[{"name":"wp","href":"https:\/\/api.w.org\/{rel}","templated":true}]}}