{"id":1695102,"date":"2022-12-03T06:00:00","date_gmt":"2022-12-03T06:00:00","guid":{"rendered":"https:\/\/www.myzen.tv\/?p=1695102"},"modified":"2022-11-30T13:50:36","modified_gmt":"2022-11-30T13:50:36","slug":"myzen-tv-fete-noel","status":"publish","type":"post","link":"https:\/\/www.myzen.tv\/fr\/myzen-tv-fete-noel\/","title":{"rendered":"MyZen Tv f\u00eate No\u00ebl !"},"content":{"rendered":"\n<p>\u00c0 l\u2019occasion des f\u00eates de fin d\u2019ann\u00e9e, MyZen TV vous propose une s\u00e9lection de <strong>ses meilleurs programmes autour de No\u00ebl <\/strong>qui vous r\u00e9chaufferont le coeur et l&rsquo;esprit \u00e0 partir du 5 d\u00e9cembre tous les lundis \u00e0 18h30.<\/p>\n\n\n\n<h2 class=\"wp-block-heading\">Au programme<\/h2>\n\n\n\n<h3 class=\"wp-block-heading\">Herbarium<\/h3>\n\n\n\n<figure class=\"wp-block-image size-large\"><img loading=\"lazy\" decoding=\"async\" width=\"1024\" height=\"576\" src=\"https:\/\/www.myzen.tv\/wp-content\/uploads\/2022\/11\/1913fec1-4c5c-5824-994a-602f55edfa6c-1-1024x576.jpg\" alt=\"\" class=\"wp-image-1695103\" srcset=\"https:\/\/www.myzen.tv\/wp-content\/uploads\/2022\/11\/1913fec1-4c5c-5824-994a-602f55edfa6c-1-1024x576.jpg 1024w, https:\/\/www.myzen.tv\/wp-content\/uploads\/2022\/11\/1913fec1-4c5c-5824-994a-602f55edfa6c-1-300x169.jpg 300w, https:\/\/www.myzen.tv\/wp-content\/uploads\/2022\/11\/1913fec1-4c5c-5824-994a-602f55edfa6c-1-768x432.jpg 768w, https:\/\/www.myzen.tv\/wp-content\/uploads\/2022\/11\/1913fec1-4c5c-5824-994a-602f55edfa6c-1-1536x864.jpg 1536w, https:\/\/www.myzen.tv\/wp-content\/uploads\/2022\/11\/1913fec1-4c5c-5824-994a-602f55edfa6c-1-320x180.jpg 320w, https:\/\/www.myzen.tv\/wp-content\/uploads\/2022\/11\/1913fec1-4c5c-5824-994a-602f55edfa6c-1-235x132.jpg 235w, https:\/\/www.myzen.tv\/wp-content\/uploads\/2022\/11\/1913fec1-4c5c-5824-994a-602f55edfa6c-1-540x304.jpg 540w, https:\/\/www.myzen.tv\/wp-content\/uploads\/2022\/11\/1913fec1-4c5c-5824-994a-602f55edfa6c-1.jpg 1920w\" sizes=\"auto, (max-width: 1024px) 100vw, 1024px\" \/><\/figure>\n\n\n\n<p>My Zen TV vous propose en exclusivit\u00e9 le magazine <a href=\"https:\/\/www.myzen.tv\/program\/serie\/11760-herbarium\/\">Herbarium<\/a> ! Nous avons d\u00e9nich\u00e9 pour vous les recettes saines et bios en provenance de la R\u00e9publique Tch\u00e8que ! Catherine et Linda, deux belles cuisini\u00e8res vous pr\u00e9sentent des recettes originales et saines en utilisant des produits de saison et en cuisinant en harmonie avec la nature comme nos grands-m\u00e8res. Leur \u00e9nergie d\u00e9bordante vous convaincra que l\u2019art de la cuisine est sans aucun doute fun ! Embarquez pour un voyage culinaire in\u00e9dit avec My Zen TV.<\/p>\n\n\n\n<div style=\"height:22px\" aria-hidden=\"true\" class=\"wp-block-spacer\"><\/div>\n\n\n\n<h3 class=\"wp-block-heading\"><a href=\"https:\/\/www.myzen.tv\/program\/serie\/12939-luanas-kitchen\/#s02\">Luana Cuisine <\/a><\/h3>\n\n\n\n<figure class=\"wp-block-image size-large\"><img loading=\"lazy\" decoding=\"async\" width=\"1024\" height=\"576\" src=\"https:\/\/www.myzen.tv\/wp-content\/uploads\/2022\/11\/Luanas-Kitchen-S.1E.64-1024x576.jpg\" alt=\"\" class=\"wp-image-1695157\" srcset=\"https:\/\/www.myzen.tv\/wp-content\/uploads\/2022\/11\/Luanas-Kitchen-S.1E.64-1024x576.jpg 1024w, https:\/\/www.myzen.tv\/wp-content\/uploads\/2022\/11\/Luanas-Kitchen-S.1E.64-300x169.jpg 300w, https:\/\/www.myzen.tv\/wp-content\/uploads\/2022\/11\/Luanas-Kitchen-S.1E.64-768x432.jpg 768w, https:\/\/www.myzen.tv\/wp-content\/uploads\/2022\/11\/Luanas-Kitchen-S.1E.64-1536x864.jpg 1536w, https:\/\/www.myzen.tv\/wp-content\/uploads\/2022\/11\/Luanas-Kitchen-S.1E.64-320x180.jpg 320w, https:\/\/www.myzen.tv\/wp-content\/uploads\/2022\/11\/Luanas-Kitchen-S.1E.64-235x132.jpg 235w, https:\/\/www.myzen.tv\/wp-content\/uploads\/2022\/11\/Luanas-Kitchen-S.1E.64-540x304.jpg 540w, https:\/\/www.myzen.tv\/wp-content\/uploads\/2022\/11\/Luanas-Kitchen-S.1E.64.jpg 1920w\" sizes=\"auto, (max-width: 1024px) 100vw, 1024px\" \/><\/figure>\n\n\n\n<p>La famille Belmondo est r\u00e9unie pour les f\u00eates de No\u00ebl, ils vont confectionner un feuillet\u00e9 au saumon fum\u00e9 garni avec des l\u00e9gumes, un plat simple \u00e0 pr\u00e9parer. Ils ont aussi pr\u00e9vu de faire un b\u0153uf \u00e0 la ficelle avec une salsa verde, c\u2019est-\u00e0-dire des produits verts comme des herbes ou des c\u00e2pres pour r\u00e9galer les plus gourmands.<\/p>\n\n\n\n<div style=\"height:22px\" aria-hidden=\"true\" class=\"wp-block-spacer\"><\/div>\n\n\n\n<h3 class=\"wp-block-heading\"><a href=\"https:\/\/www.myzen.tv\/program\/standalone\/11979-sarahs-holiday-party\/\">Sarah&rsquo;s Holiday Party<\/a> : \u00c9pisode de No\u00ebl<\/h3>\n\n\n\n<figure class=\"wp-block-image size-large\"><img loading=\"lazy\" decoding=\"async\" width=\"1024\" height=\"576\" src=\"https:\/\/www.myzen.tv\/wp-content\/uploads\/2022\/11\/Sarah-Tommy-1-1024x576.jpg\" alt=\"\" class=\"wp-image-1695107\" srcset=\"https:\/\/www.myzen.tv\/wp-content\/uploads\/2022\/11\/Sarah-Tommy-1-1024x576.jpg 1024w, https:\/\/www.myzen.tv\/wp-content\/uploads\/2022\/11\/Sarah-Tommy-1-300x169.jpg 300w, https:\/\/www.myzen.tv\/wp-content\/uploads\/2022\/11\/Sarah-Tommy-1-768x432.jpg 768w, https:\/\/www.myzen.tv\/wp-content\/uploads\/2022\/11\/Sarah-Tommy-1-1536x864.jpg 1536w, https:\/\/www.myzen.tv\/wp-content\/uploads\/2022\/11\/Sarah-Tommy-1-320x180.jpg 320w, https:\/\/www.myzen.tv\/wp-content\/uploads\/2022\/11\/Sarah-Tommy-1-235x132.jpg 235w, https:\/\/www.myzen.tv\/wp-content\/uploads\/2022\/11\/Sarah-Tommy-1-540x304.jpg 540w, https:\/\/www.myzen.tv\/wp-content\/uploads\/2022\/11\/Sarah-Tommy-1.jpg 1920w\" sizes=\"auto, (max-width: 1024px) 100vw, 1024px\" \/><\/figure>\n\n\n\n<p>Sarah Richardson organise la f\u00eate de l\u2019ann\u00e9e, tous les ans \u00e0 No\u00ebl. Et cette ann\u00e9e, vous \u00eates invit\u00e9s ! Dans cet \u00e9pisode sp\u00e9cial, Sarah et son partenaire de design \u00e0 la r\u00e9partie finement cisel\u00e9e, le talentueux Tommy Smythe, vous montrent la mani\u00e8re dont ils mettent sur pied une soir\u00e9e de f\u00eate m\u00e9morable tout en menant de front un travail envahissant et les exigences d\u2019une vie de famille.<\/p>\n\n\n\n<h3 class=\"wp-block-heading\"><strong><a href=\"https:\/\/www.myzen.tv\/program\/serie\/12492-through-your-eyes\/\">Dans tes yeux<\/a><\/strong><\/h3>\n\n\n\n<figure class=\"wp-block-image size-large\"><img loading=\"lazy\" decoding=\"async\" width=\"1024\" height=\"576\" src=\"https:\/\/www.myzen.tv\/wp-content\/uploads\/2022\/11\/dans-tes-yeux-ecosse-1024x576.jpg\" alt=\"\" class=\"wp-image-1695109\" srcset=\"https:\/\/www.myzen.tv\/wp-content\/uploads\/2022\/11\/dans-tes-yeux-ecosse-1024x576.jpg 1024w, https:\/\/www.myzen.tv\/wp-content\/uploads\/2022\/11\/dans-tes-yeux-ecosse-300x169.jpg 300w, https:\/\/www.myzen.tv\/wp-content\/uploads\/2022\/11\/dans-tes-yeux-ecosse-768x432.jpg 768w, https:\/\/www.myzen.tv\/wp-content\/uploads\/2022\/11\/dans-tes-yeux-ecosse-1536x864.jpg 1536w, https:\/\/www.myzen.tv\/wp-content\/uploads\/2022\/11\/dans-tes-yeux-ecosse-320x180.jpg 320w, https:\/\/www.myzen.tv\/wp-content\/uploads\/2022\/11\/dans-tes-yeux-ecosse-235x132.jpg 235w, https:\/\/www.myzen.tv\/wp-content\/uploads\/2022\/11\/dans-tes-yeux-ecosse-540x304.jpg 540w, https:\/\/www.myzen.tv\/wp-content\/uploads\/2022\/11\/dans-tes-yeux-ecosse.jpg 1920w\" sizes=\"auto, (max-width: 1024px) 100vw, 1024px\" \/><\/figure>\n\n\n\n<p>Les sites prestigieux, les monuments travaill\u00e9s, ou les \u0153uvres les plus recherch\u00e9es, Sophie ne les voit pas. Elle est aveugle. Elle, voit autrement : par nature, Sophie s\u2019attache \u00e0 tous les autres signes. Pour elle, la d\u00e9couverte ne peut se faire que par les sens : toucher, sentir, entendre. Les lieux, les sites, Sophie les ressent quand nous avons la facilit\u00e9 de les voir. Elle d\u00e9couvre alors le monde sous un autre regard, un regard sensible et ressenti. M\u00eame dans les monuments les plus connus, Sophie propose alors une vision in\u00e9dite, un nouveau regard. Une perception qui interroge \u00e9galement les voyants sur leur mani\u00e8re d\u2019appr\u00e9hender les lieux. Et dans ce regard particulier, chaque pas peut r\u00e9v\u00e9ler une surprise.<\/p>\n\n\n\n<div style=\"height:22px\" aria-hidden=\"true\" class=\"wp-block-spacer\"><\/div>\n\n\n\n<h3 class=\"wp-block-heading\"><strong><a href=\"https:\/\/www.myzen.tv\/program\/serie\/12351-explore-tv\/\">Explore TV<\/a><\/strong><\/h3>\n\n\n\n<figure class=\"wp-block-image size-large\"><img loading=\"lazy\" decoding=\"async\" width=\"1024\" height=\"576\" src=\"https:\/\/www.myzen.tv\/wp-content\/uploads\/2022\/11\/INTEX015-EXPLORE-TV-Canada-Atlantic-Coast-7-1024x576.jpg\" alt=\"\" class=\"wp-image-1695111\" srcset=\"https:\/\/www.myzen.tv\/wp-content\/uploads\/2022\/11\/INTEX015-EXPLORE-TV-Canada-Atlantic-Coast-7-1024x576.jpg 1024w, https:\/\/www.myzen.tv\/wp-content\/uploads\/2022\/11\/INTEX015-EXPLORE-TV-Canada-Atlantic-Coast-7-300x169.jpg 300w, https:\/\/www.myzen.tv\/wp-content\/uploads\/2022\/11\/INTEX015-EXPLORE-TV-Canada-Atlantic-Coast-7-768x432.jpg 768w, https:\/\/www.myzen.tv\/wp-content\/uploads\/2022\/11\/INTEX015-EXPLORE-TV-Canada-Atlantic-Coast-7-1536x864.jpg 1536w, https:\/\/www.myzen.tv\/wp-content\/uploads\/2022\/11\/INTEX015-EXPLORE-TV-Canada-Atlantic-Coast-7-320x180.jpg 320w, https:\/\/www.myzen.tv\/wp-content\/uploads\/2022\/11\/INTEX015-EXPLORE-TV-Canada-Atlantic-Coast-7-235x132.jpg 235w, https:\/\/www.myzen.tv\/wp-content\/uploads\/2022\/11\/INTEX015-EXPLORE-TV-Canada-Atlantic-Coast-7-540x304.jpg 540w, https:\/\/www.myzen.tv\/wp-content\/uploads\/2022\/11\/INTEX015-EXPLORE-TV-Canada-Atlantic-Coast-7.jpg 1920w\" sizes=\"auto, (max-width: 1024px) 100vw, 1024px\" \/><\/figure>\n\n\n\n<p>Trevor monte \u00e0 bord de l\u2019Akademik Loffe, un navire explorant les provinces maritimes du Canada. Il navigue ainsi jusqu\u2019\u00e0 Louisebough et aux Sable Islands o\u00f9 il observe des chevaux sauvages, puis sur l\u2019\u00eele du Prince Edward avant de terminer son p\u00e9riple sur les \u00celes de la Madeleine.<\/p>\n\n\n\n<div style=\"height:22px\" aria-hidden=\"true\" class=\"wp-block-spacer\"><\/div>\n\n\n\n<h3 class=\"wp-block-heading\"><strong>Expat<\/strong><\/h3>\n\n\n\n<figure class=\"wp-block-image size-large\"><img loading=\"lazy\" decoding=\"async\" width=\"1024\" height=\"576\" src=\"https:\/\/www.myzen.tv\/wp-content\/uploads\/2022\/11\/Expat_Thumb_1920x1080-1024x576.jpg\" alt=\"\" class=\"wp-image-1695113\" srcset=\"https:\/\/www.myzen.tv\/wp-content\/uploads\/2022\/11\/Expat_Thumb_1920x1080-1024x576.jpg 1024w, https:\/\/www.myzen.tv\/wp-content\/uploads\/2022\/11\/Expat_Thumb_1920x1080-300x169.jpg 300w, https:\/\/www.myzen.tv\/wp-content\/uploads\/2022\/11\/Expat_Thumb_1920x1080-768x432.jpg 768w, https:\/\/www.myzen.tv\/wp-content\/uploads\/2022\/11\/Expat_Thumb_1920x1080-1536x864.jpg 1536w, https:\/\/www.myzen.tv\/wp-content\/uploads\/2022\/11\/Expat_Thumb_1920x1080-320x180.jpg 320w, https:\/\/www.myzen.tv\/wp-content\/uploads\/2022\/11\/Expat_Thumb_1920x1080-235x132.jpg 235w, https:\/\/www.myzen.tv\/wp-content\/uploads\/2022\/11\/Expat_Thumb_1920x1080-540x304.jpg 540w, https:\/\/www.myzen.tv\/wp-content\/uploads\/2022\/11\/Expat_Thumb_1920x1080.jpg 1920w\" sizes=\"auto, (max-width: 1024px) 100vw, 1024px\" \/><\/figure>\n\n\n\n<p>Dans chaque \u00e9pisode d\u2019<a href=\"https:\/\/www.myzen.tv\/program\/serie\/12036-expat\/#s01\">EXPAT<\/a>, nous rencontrerons plusieurs expatri\u00e9s qui ont quitt\u00e9 leur Qu\u00e9bec natal pour vivre de nouvelles exp\u00e9riences \u00e0 l\u2019\u00e9tranger. Chacun de ces expatri\u00e9s a une histoire personnelle \u00e0 nous raconter. Ils nous feront d\u00e9couvrir leur nouveau mode de vie, nous parleront des difficult\u00e9s qu\u2019ils ont pu rencontrer en tant qu\u2019expatri\u00e9s, mais surtout de ce que cette exp\u00e9rience enrichissante a pu leur apporter.<\/p>\n\n\n\n<div style=\"height:22px\" aria-hidden=\"true\" class=\"wp-block-spacer\"><\/div>\n\n\n\n<h3 class=\"wp-block-heading\"><strong><a href=\"https:\/\/www.myzen.tv\/program\/standalone\/12386-heras-angels\/\">Hera\u2019s Angel<\/a><\/strong><\/h3>\n\n\n\n<figure class=\"wp-block-image size-large\"><img loading=\"lazy\" decoding=\"async\" width=\"1024\" height=\"576\" src=\"https:\/\/www.myzen.tv\/wp-content\/uploads\/2022\/11\/HerasAngels-3-1024x576.jpg\" alt=\"\" class=\"wp-image-1695115\" srcset=\"https:\/\/www.myzen.tv\/wp-content\/uploads\/2022\/11\/HerasAngels-3-1024x576.jpg 1024w, https:\/\/www.myzen.tv\/wp-content\/uploads\/2022\/11\/HerasAngels-3-300x169.jpg 300w, https:\/\/www.myzen.tv\/wp-content\/uploads\/2022\/11\/HerasAngels-3-768x432.jpg 768w, https:\/\/www.myzen.tv\/wp-content\/uploads\/2022\/11\/HerasAngels-3-1536x864.jpg 1536w, https:\/\/www.myzen.tv\/wp-content\/uploads\/2022\/11\/HerasAngels-3-320x180.jpg 320w, https:\/\/www.myzen.tv\/wp-content\/uploads\/2022\/11\/HerasAngels-3-235x132.jpg 235w, https:\/\/www.myzen.tv\/wp-content\/uploads\/2022\/11\/HerasAngels-3-540x304.jpg 540w, https:\/\/www.myzen.tv\/wp-content\/uploads\/2022\/11\/HerasAngels-3.jpg 1920w\" sizes=\"auto, (max-width: 1024px) 100vw, 1024px\" \/><\/figure>\n\n\n\n<p>Trois femmes grecques, Eirini, Maria et Andriana, se retrouvent pour skier et faire du snowboard entre filles en Gr\u00e8ce. Des sommets mythiques du mont Olympe aux flancs sublimes du mont Dirfys, la montagne de la d\u00e9esse Hera, ces \u00ab Anges \u00bb d\u2019un genre nouveau d\u00e9livrent un message clair. Le ski et le snowboard ne sont pas r\u00e9serv\u00e9s qu\u2019aux hommes, et la Gr\u00e8ce et le lieu parfait pour s\u2019y adonner !<\/p>\n\n\n\n<div style=\"height:22px\" aria-hidden=\"true\" class=\"wp-block-spacer\"><\/div>\n\n\n\n<h3 class=\"wp-block-heading\"><strong>Les h\u00f4tels les plus incroyables du monde<\/strong><\/h3>\n\n\n\n<figure class=\"wp-block-image size-large\"><img loading=\"lazy\" decoding=\"async\" width=\"1024\" height=\"576\" src=\"https:\/\/www.myzen.tv\/wp-content\/uploads\/2022\/11\/Amazing_Hotels_S3_brand1080_sans-logobbc-1024x576.jpg\" alt=\"\" class=\"wp-image-1695117\" srcset=\"https:\/\/www.myzen.tv\/wp-content\/uploads\/2022\/11\/Amazing_Hotels_S3_brand1080_sans-logobbc-1024x576.jpg 1024w, https:\/\/www.myzen.tv\/wp-content\/uploads\/2022\/11\/Amazing_Hotels_S3_brand1080_sans-logobbc-300x169.jpg 300w, https:\/\/www.myzen.tv\/wp-content\/uploads\/2022\/11\/Amazing_Hotels_S3_brand1080_sans-logobbc-768x432.jpg 768w, https:\/\/www.myzen.tv\/wp-content\/uploads\/2022\/11\/Amazing_Hotels_S3_brand1080_sans-logobbc-1536x864.jpg 1536w, https:\/\/www.myzen.tv\/wp-content\/uploads\/2022\/11\/Amazing_Hotels_S3_brand1080_sans-logobbc-320x180.jpg 320w, https:\/\/www.myzen.tv\/wp-content\/uploads\/2022\/11\/Amazing_Hotels_S3_brand1080_sans-logobbc-235x132.jpg 235w, https:\/\/www.myzen.tv\/wp-content\/uploads\/2022\/11\/Amazing_Hotels_S3_brand1080_sans-logobbc-540x304.jpg 540w, https:\/\/www.myzen.tv\/wp-content\/uploads\/2022\/11\/Amazing_Hotels_S3_brand1080_sans-logobbc.jpg 1920w\" sizes=\"auto, (max-width: 1024px) 100vw, 1024px\" \/><\/figure>\n\n\n\n<p><a href=\"https:\/\/www.myzen.tv\/drcts\/12954\">Les h\u00f4tels les plus incroyables du monde<\/a> sont de retour pour toujours plus d\u2019\u00e9vasion et va vous emmener dans les coulisses des propri\u00e9t\u00e9s et des h\u00f4tels les plus spectaculaires du monde. Dans un paradis tropical \u00e0 Sainte-Lucie ou \u00e0 une retraite historique dans les Highlands, les pr\u00e9sentateurs Giles Coren et Monica Galetti visitent des propri\u00e9t\u00e9s qui repr\u00e9sentent le summum du luxe et du service client 5 \u00e9toiles. Mais ce domaine n\u2019est pas de tout repos, de l\u2019agencement des fleurs au ravitaillement de charbon pour les saunas, les pr\u00e9sentateurs vont retrousser leurs manches et rejoindre le staff dans ces incroyables h\u00f4tels afin de vivre une exp\u00e9rience unique.<\/p>\n\n\n\n<p>Tout nos programmes sont \u00e9galement disponibles sur notre plateforme de streaming : <a href=\"https:\/\/www.myzen.tv\/\">https:\/\/www.myzen.tv\/<\/a><\/p>\n","protected":false},"excerpt":{"rendered":"<p>\u00c0 l\u2019occasion des f\u00eates de fin d\u2019ann\u00e9e, MyZen TV vous propose une s\u00e9lection de ses meilleurs programmes autour de No\u00ebl qui vous r\u00e9chaufferont le coeur et l&rsquo;esprit \u00e0 partir du 5 d\u00e9cembre tous les lundis \u00e0 18h30. Au programme Herbarium My Zen TV vous propose en exclusivit\u00e9 le magazine Herbarium ! Nous avons d\u00e9nich\u00e9 pour [&hellip;]<\/p>\n","protected":false},"author":13,"featured_media":1695520,"comment_status":"closed","ping_status":"closed","sticky":false,"template":"","format":"standard","meta":{"episode_type":"","audio_file":"","cover_image":"","cover_image_id":"","duration":"","filesize":"","date_recorded":"","explicit":"","block":"","itunes_episode_number":"","itunes_title":"","itunes_season_number":"","itunes_episode_type":"","filesize_raw":"","footnotes":""},"categories":[16],"tags":[],"group":[],"support":[],"class_list":["post-1695102","post","type-post","status-publish","format-standard","has-post-thumbnail","hentry","category-a-la-une"],"yoast_head":"<!-- This site is optimized with the Yoast SEO plugin v24.0 - https:\/\/yoast.com\/wordpress\/plugins\/seo\/ -->\n<title>MyZen Tv f\u00eate No\u00ebl ! - MyZen TV<\/title>\n<meta name=\"description\" content=\"\u00c0 l\u2019occasion des f\u00eates de fin d\u2019ann\u00e9e, MyZen TV vous propose une s\u00e9lection de ses meilleurs programmes autour de l\u2019esprit de No\u00ebl !\u00a0\" \/>\n<meta name=\"robots\" content=\"index, follow, max-snippet:-1, max-image-preview:large, max-video-preview:-1\" \/>\n<link rel=\"canonical\" href=\"https:\/\/www.myzen.tv\/fr\/myzen-tv-fete-noel\/\" \/>\n<meta property=\"og:locale\" content=\"fr_FR\" \/>\n<meta property=\"og:type\" content=\"article\" \/>\n<meta property=\"og:title\" content=\"MyZen Tv f\u00eate No\u00ebl ! - MyZen TV\" \/>\n<meta property=\"og:description\" content=\"\u00c0 l\u2019occasion des f\u00eates de fin d\u2019ann\u00e9e, MyZen TV vous propose une s\u00e9lection de ses meilleurs programmes autour de l\u2019esprit de No\u00ebl !\u00a0\" \/>\n<meta property=\"og:url\" content=\"https:\/\/www.myzen.tv\/fr\/myzen-tv-fete-noel\/\" \/>\n<meta property=\"og:site_name\" content=\"MyZen TV\" \/>\n<meta property=\"article:publisher\" content=\"https:\/\/www.facebook.com\/myzen.tv.fr\/\" \/>\n<meta property=\"article:published_time\" content=\"2022-12-03T06:00:00+00:00\" \/>\n<meta property=\"article:modified_time\" content=\"2022-11-30T13:50:36+00:00\" \/>\n<meta property=\"og:image\" content=\"https:\/\/www.myzen.tv\/wp-content\/uploads\/2022\/12\/Freepik-Pvproductions-christmas-composition-with-decor-details-on-blurred-background-with-bokeh-scaled.jpg\" \/>\n\t<meta property=\"og:image:width\" content=\"2560\" \/>\n\t<meta property=\"og:image:height\" content=\"1707\" \/>\n\t<meta property=\"og:image:type\" content=\"image\/jpeg\" \/>\n<meta name=\"author\" content=\"Gilles Farina\" \/>\n<meta name=\"twitter:card\" content=\"summary_large_image\" \/>\n<meta name=\"twitter:label1\" content=\"\u00c9crit par\" \/>\n\t<meta name=\"twitter:data1\" content=\"Gilles Farina\" \/>\n\t<meta name=\"twitter:label2\" content=\"Dur\u00e9e de lecture estim\u00e9e\" \/>\n\t<meta name=\"twitter:data2\" content=\"5 minutes\" \/>\n<!-- \/ Yoast SEO plugin. -->","yoast_head_json":{"title":"MyZen Tv f\u00eate No\u00ebl ! - MyZen TV","description":"\u00c0 l\u2019occasion des f\u00eates de fin d\u2019ann\u00e9e, MyZen TV vous propose une s\u00e9lection de ses meilleurs programmes autour de l\u2019esprit de No\u00ebl !\u00a0","robots":{"index":"index","follow":"follow","max-snippet":"max-snippet:-1","max-image-preview":"max-image-preview:large","max-video-preview":"max-video-preview:-1"},"canonical":"https:\/\/www.myzen.tv\/fr\/myzen-tv-fete-noel\/","og_locale":"fr_FR","og_type":"article","og_title":"MyZen Tv f\u00eate No\u00ebl ! - MyZen TV","og_description":"\u00c0 l\u2019occasion des f\u00eates de fin d\u2019ann\u00e9e, MyZen TV vous propose une s\u00e9lection de ses meilleurs programmes autour de l\u2019esprit de No\u00ebl !\u00a0","og_url":"https:\/\/www.myzen.tv\/fr\/myzen-tv-fete-noel\/","og_site_name":"MyZen TV","article_publisher":"https:\/\/www.facebook.com\/myzen.tv.fr\/","article_published_time":"2022-12-03T06:00:00+00:00","article_modified_time":"2022-11-30T13:50:36+00:00","og_image":[{"width":2560,"height":1707,"url":"https:\/\/www.myzen.tv\/wp-content\/uploads\/2022\/12\/Freepik-Pvproductions-christmas-composition-with-decor-details-on-blurred-background-with-bokeh-scaled.jpg","type":"image\/jpeg"}],"author":"Gilles Farina","twitter_card":"summary_large_image","twitter_misc":{"\u00c9crit par":"Gilles Farina","Dur\u00e9e de lecture estim\u00e9e":"5 minutes"},"schema":{"@context":"https:\/\/schema.org","@graph":[{"@type":"Article","@id":"https:\/\/www.myzen.tv\/fr\/myzen-tv-fete-noel\/#article","isPartOf":{"@id":"https:\/\/www.myzen.tv\/fr\/myzen-tv-fete-noel\/"},"author":{"name":"Gilles Farina","@id":"https:\/\/www.myzen.tv\/fr\/#\/schema\/person\/978a9e7addfdccd3326847815bc2aca6"},"headline":"MyZen Tv f\u00eate No\u00ebl !","datePublished":"2022-12-03T06:00:00+00:00","dateModified":"2022-11-30T13:50:36+00:00","mainEntityOfPage":{"@id":"https:\/\/www.myzen.tv\/fr\/myzen-tv-fete-noel\/"},"wordCount":768,"publisher":{"@id":"https:\/\/www.myzen.tv\/fr\/#organization"},"image":{"@id":"https:\/\/www.myzen.tv\/fr\/myzen-tv-fete-noel\/#primaryimage"},"thumbnailUrl":"https:\/\/www.myzen.tv\/wp-content\/uploads\/2022\/12\/Freepik-Pvproductions-christmas-composition-with-decor-details-on-blurred-background-with-bokeh-scaled.jpg","articleSection":["A la une"],"inLanguage":"fr-FR"},{"@type":"WebPage","@id":"https:\/\/www.myzen.tv\/fr\/myzen-tv-fete-noel\/","url":"https:\/\/www.myzen.tv\/fr\/myzen-tv-fete-noel\/","name":"MyZen Tv f\u00eate No\u00ebl ! - MyZen TV","isPartOf":{"@id":"https:\/\/www.myzen.tv\/fr\/#website"},"primaryImageOfPage":{"@id":"https:\/\/www.myzen.tv\/fr\/myzen-tv-fete-noel\/#primaryimage"},"image":{"@id":"https:\/\/www.myzen.tv\/fr\/myzen-tv-fete-noel\/#primaryimage"},"thumbnailUrl":"https:\/\/www.myzen.tv\/wp-content\/uploads\/2022\/12\/Freepik-Pvproductions-christmas-composition-with-decor-details-on-blurred-background-with-bokeh-scaled.jpg","datePublished":"2022-12-03T06:00:00+00:00","dateModified":"2022-11-30T13:50:36+00:00","description":"\u00c0 l\u2019occasion des f\u00eates de fin d\u2019ann\u00e9e, MyZen TV vous propose une s\u00e9lection de ses meilleurs programmes autour de l\u2019esprit de No\u00ebl !\u00a0","breadcrumb":{"@id":"https:\/\/www.myzen.tv\/fr\/myzen-tv-fete-noel\/#breadcrumb"},"inLanguage":"fr-FR","potentialAction":[{"@type":"ReadAction","target":["https:\/\/www.myzen.tv\/fr\/myzen-tv-fete-noel\/"]}]},{"@type":"ImageObject","inLanguage":"fr-FR","@id":"https:\/\/www.myzen.tv\/fr\/myzen-tv-fete-noel\/#primaryimage","url":"https:\/\/www.myzen.tv\/wp-content\/uploads\/2022\/12\/Freepik-Pvproductions-christmas-composition-with-decor-details-on-blurred-background-with-bokeh-scaled.jpg","contentUrl":"https:\/\/www.myzen.tv\/wp-content\/uploads\/2022\/12\/Freepik-Pvproductions-christmas-composition-with-decor-details-on-blurred-background-with-bokeh-scaled.jpg","width":2560,"height":1707,"caption":"Cozy Christmas composition with decor details on a blurred background with bokeh."},{"@type":"BreadcrumbList","@id":"https:\/\/www.myzen.tv\/fr\/myzen-tv-fete-noel\/#breadcrumb","itemListElement":[{"@type":"ListItem","position":1,"name":"Home","item":"https:\/\/www.myzen.tv\/fr\/"},{"@type":"ListItem","position":2,"name":"MyZen Tv f\u00eate No\u00ebl !"}]},{"@type":"WebSite","@id":"https:\/\/www.myzen.tv\/fr\/#website","url":"https:\/\/www.myzen.tv\/fr\/","name":"MyZen TV","description":"Your lifestyle and well-being channel","publisher":{"@id":"https:\/\/www.myzen.tv\/fr\/#organization"},"potentialAction":[{"@type":"SearchAction","target":{"@type":"EntryPoint","urlTemplate":"https:\/\/www.myzen.tv\/fr\/?s={search_term_string}"},"query-input":{"@type":"PropertyValueSpecification","valueRequired":true,"valueName":"search_term_string"}}],"inLanguage":"fr-FR"},{"@type":"Organization","@id":"https:\/\/www.myzen.tv\/fr\/#organization","name":"MyZen TV","url":"https:\/\/www.myzen.tv\/fr\/","logo":{"@type":"ImageObject","inLanguage":"fr-FR","@id":"https:\/\/www.myzen.tv\/fr\/#\/schema\/logo\/image\/","url":"https:\/\/www.myzen.tv\/wp-content\/uploads\/2021\/05\/cropped-ICON_MZtv-LOGO_firetv640-1-1.png","contentUrl":"https:\/\/www.myzen.tv\/wp-content\/uploads\/2021\/05\/cropped-ICON_MZtv-LOGO_firetv640-1-1.png","width":512,"height":512,"caption":"MyZen TV"},"image":{"@id":"https:\/\/www.myzen.tv\/fr\/#\/schema\/logo\/image\/"},"sameAs":["https:\/\/www.facebook.com\/myzen.tv.fr\/","https:\/\/www.instagram.com\/myzentv\/"]},{"@type":"Person","@id":"https:\/\/www.myzen.tv\/fr\/#\/schema\/person\/978a9e7addfdccd3326847815bc2aca6","name":"Gilles Farina","url":"https:\/\/www.myzen.tv\/fr\/author\/giles-farina\/"}]}},"_links":{"self":[{"href":"https:\/\/www.myzen.tv\/fr\/wp-json\/wp\/v2\/posts\/1695102","targetHints":{"allow":["GET"]}}],"collection":[{"href":"https:\/\/www.myzen.tv\/fr\/wp-json\/wp\/v2\/posts"}],"about":[{"href":"https:\/\/www.myzen.tv\/fr\/wp-json\/wp\/v2\/types\/post"}],"author":[{"embeddable":true,"href":"https:\/\/www.myzen.tv\/fr\/wp-json\/wp\/v2\/users\/13"}],"replies":[{"embeddable":true,"href":"https:\/\/www.myzen.tv\/fr\/wp-json\/wp\/v2\/comments?post=1695102"}],"version-history":[{"count":4,"href":"https:\/\/www.myzen.tv\/fr\/wp-json\/wp\/v2\/posts\/1695102\/revisions"}],"predecessor-version":[{"id":1695267,"href":"https:\/\/www.myzen.tv\/fr\/wp-json\/wp\/v2\/posts\/1695102\/revisions\/1695267"}],"wp:featuredmedia":[{"embeddable":true,"href":"https:\/\/www.myzen.tv\/fr\/wp-json\/wp\/v2\/media\/1695520"}],"wp:attachment":[{"href":"https:\/\/www.myzen.tv\/fr\/wp-json\/wp\/v2\/media?parent=1695102"}],"wp:term":[{"taxonomy":"category","embeddable":true,"href":"https:\/\/www.myzen.tv\/fr\/wp-json\/wp\/v2\/categories?post=1695102"},{"taxonomy":"post_tag","embeddable":true,"href":"https:\/\/www.myzen.tv\/fr\/wp-json\/wp\/v2\/tags?post=1695102"},{"taxonomy":"group","embeddable":true,"href":"https:\/\/www.myzen.tv\/fr\/wp-json\/wp\/v2\/group?post=1695102"},{"taxonomy":"support","embeddable":true,"href":"https:\/\/www.myzen.tv\/fr\/wp-json\/wp\/v2\/support?post=1695102"}],"curies":[{"name":"wp","href":"https:\/\/api.w.org\/{rel}","templated":true}]}}