{"id":1695184,"date":"2022-12-08T06:00:00","date_gmt":"2022-12-08T06:00:00","guid":{"rendered":"https:\/\/www.myzen.tv\/?p=1695184"},"modified":"2022-12-16T13:22:18","modified_gmt":"2022-12-16T13:22:18","slug":"les-plus-beaux-marches-de-noel-en-france","status":"publish","type":"post","link":"https:\/\/www.myzen.tv\/fr\/les-plus-beaux-marches-de-noel-en-france\/","title":{"rendered":"Les plus beaux march\u00e9s de No\u00ebl en France"},"content":{"rendered":"\n<p>C&rsquo;est une tradition des f\u00eates de fin d&rsquo;ann\u00e9e : <strong>Les march\u00e9s de No\u00ebl<\/strong> ! Partout en France, les municipalit\u00e9s mettent en place ces march\u00e9s ou les santons c\u00f4toient les nougats, huitres, vins chauds et autres sp\u00e9cialit\u00e9s de No\u00ebl ! D\u00e9couvrez les <strong>3 plus beaux march\u00e9s de No\u00ebl en 2022<\/strong>.<\/p>\n\n\n\n<h2 class=\"wp-block-heading\">Strasbourg<\/h2>\n\n\n\n<figure class=\"wp-block-image size-large\"><img loading=\"lazy\" decoding=\"async\" width=\"819\" height=\"1024\" src=\"https:\/\/www.myzen.tv\/wp-content\/uploads\/2022\/11\/gleb-lucky-f8jG-BF9m5w-unsplash-819x1024.jpg\" alt=\"\" class=\"wp-image-1695185\" srcset=\"https:\/\/www.myzen.tv\/wp-content\/uploads\/2022\/11\/gleb-lucky-f8jG-BF9m5w-unsplash-819x1024.jpg 819w, https:\/\/www.myzen.tv\/wp-content\/uploads\/2022\/11\/gleb-lucky-f8jG-BF9m5w-unsplash-240x300.jpg 240w, https:\/\/www.myzen.tv\/wp-content\/uploads\/2022\/11\/gleb-lucky-f8jG-BF9m5w-unsplash-768x960.jpg 768w, https:\/\/www.myzen.tv\/wp-content\/uploads\/2022\/11\/gleb-lucky-f8jG-BF9m5w-unsplash-1229x1536.jpg 1229w, https:\/\/www.myzen.tv\/wp-content\/uploads\/2022\/11\/gleb-lucky-f8jG-BF9m5w-unsplash-1638x2048.jpg 1638w, https:\/\/www.myzen.tv\/wp-content\/uploads\/2022\/11\/gleb-lucky-f8jG-BF9m5w-unsplash-152x190.jpg 152w, https:\/\/www.myzen.tv\/wp-content\/uploads\/2022\/11\/gleb-lucky-f8jG-BF9m5w-unsplash-112x140.jpg 112w, https:\/\/www.myzen.tv\/wp-content\/uploads\/2022\/11\/gleb-lucky-f8jG-BF9m5w-unsplash-284x355.jpg 284w, https:\/\/www.myzen.tv\/wp-content\/uploads\/2022\/11\/gleb-lucky-f8jG-BF9m5w-unsplash-scaled.jpg 2048w\" sizes=\"auto, (max-width: 819px) 100vw, 819px\" \/><\/figure>\n\n\n\n<p>C&rsquo;est certainement<strong> le plus beau march\u00e9 de No\u00ebl de France<\/strong>. C&rsquo;est \u00e9galement le plus ancien et le plus grand !  Existant depuis 1570, il compte plus de 300 chalets r\u00e9partis sur plusieurs places de la ville. Les d\u00e9corations sont tout simplement magnifiques. Mais il y en a une \u00e0 ne surtout pas louper : Le grand sapin de No\u00ebl place Kl\u00e9ber. <\/p>\n\n\n\n<h2 class=\"wp-block-heading\">Colmar<\/h2>\n\n\n\n<figure class=\"wp-block-image size-large\"><img loading=\"lazy\" decoding=\"async\" width=\"1024\" height=\"684\" src=\"https:\/\/www.myzen.tv\/wp-content\/uploads\/2022\/11\/sinziana-susa-yIVChFGep_k-unsplash-1024x684.jpg\" alt=\"\" class=\"wp-image-1695067\" srcset=\"https:\/\/www.myzen.tv\/wp-content\/uploads\/2022\/11\/sinziana-susa-yIVChFGep_k-unsplash-1024x684.jpg 1024w, https:\/\/www.myzen.tv\/wp-content\/uploads\/2022\/11\/sinziana-susa-yIVChFGep_k-unsplash-300x200.jpg 300w, https:\/\/www.myzen.tv\/wp-content\/uploads\/2022\/11\/sinziana-susa-yIVChFGep_k-unsplash-768x513.jpg 768w, https:\/\/www.myzen.tv\/wp-content\/uploads\/2022\/11\/sinziana-susa-yIVChFGep_k-unsplash-1536x1025.jpg 1536w, https:\/\/www.myzen.tv\/wp-content\/uploads\/2022\/11\/sinziana-susa-yIVChFGep_k-unsplash-2048x1367.jpg 2048w, https:\/\/www.myzen.tv\/wp-content\/uploads\/2022\/11\/sinziana-susa-yIVChFGep_k-unsplash-285x190.jpg 285w, https:\/\/www.myzen.tv\/wp-content\/uploads\/2022\/11\/sinziana-susa-yIVChFGep_k-unsplash-210x140.jpg 210w, https:\/\/www.myzen.tv\/wp-content\/uploads\/2022\/11\/sinziana-susa-yIVChFGep_k-unsplash-532x355.jpg 532w\" sizes=\"auto, (max-width: 1024px) 100vw, 1024px\" \/><\/figure>\n\n\n\n<p><strong>Le march\u00e9 de No\u00ebl de Colmar<\/strong> est l&rsquo;un des plus embl\u00e9matiques d&rsquo;Alsace. Vous pourrez admirer les maisons \u00e0 colombages par\u00e9es de d\u00e9corations et les rues illumin\u00e9es par les \u00e9clairages de No\u00ebl. L&rsquo;artisanat et les sp\u00e9cialit\u00e9s r\u00e9gionales y seront au rendez-vous !<\/p>\n\n\n\n<h2 class=\"wp-block-heading\">Lille<\/h2>\n\n\n\n<figure class=\"wp-block-image size-full\"><img loading=\"lazy\" decoding=\"async\" width=\"695\" height=\"1024\" src=\"https:\/\/www.myzen.tv\/wp-content\/uploads\/2022\/11\/Affiche-VDN-2022-695x1024-1.png\" alt=\"\" class=\"wp-image-1695187\" srcset=\"https:\/\/www.myzen.tv\/wp-content\/uploads\/2022\/11\/Affiche-VDN-2022-695x1024-1.png 695w, https:\/\/www.myzen.tv\/wp-content\/uploads\/2022\/11\/Affiche-VDN-2022-695x1024-1-204x300.png 204w, https:\/\/www.myzen.tv\/wp-content\/uploads\/2022\/11\/Affiche-VDN-2022-695x1024-1-129x190.png 129w, https:\/\/www.myzen.tv\/wp-content\/uploads\/2022\/11\/Affiche-VDN-2022-695x1024-1-95x140.png 95w, https:\/\/www.myzen.tv\/wp-content\/uploads\/2022\/11\/Affiche-VDN-2022-695x1024-1-241x355.png 241w\" sizes=\"auto, (max-width: 695px) 100vw, 695px\" \/><\/figure>\n\n\n\n<p>De passage \u00e0 Lille pour les f\u00eates ? Rendez-vous au <strong>march\u00e9 de No\u00ebl place Rihour<\/strong> ! Depuis plus de 30 ans, la Place Rihour se pare de d\u00e9corations lumineuses et de chalets en bois pour accueillir le march\u00e9 de No\u00ebl. Artisanat, bi\u00e8res r\u00e9gionales, produits locaux et sp\u00e9cialit\u00e9s gastronomiques, d\u00e9couvrez la capitale des Flandres aux couleurs de No\u00ebl !<\/p>\n\n\n\n<p>Rendez-vous sur <a href=\"https:\/\/watch.myzen.tv\/\">notre plateforme de streaming<\/a> pour retrouver nos programmes sur les f\u00eates de fin d&rsquo;ann\u00e9e !  <\/p>\n","protected":false},"excerpt":{"rendered":"<p>C&rsquo;est une tradition des f\u00eates de fin d&rsquo;ann\u00e9e : Les march\u00e9s de No\u00ebl ! Partout en France, les municipalit\u00e9s mettent en place ces march\u00e9s ou les santons c\u00f4toient les nougats, huitres, vins chauds et autres sp\u00e9cialit\u00e9s de No\u00ebl ! D\u00e9couvrez les 3 plus beaux march\u00e9s de No\u00ebl en 2022. Strasbourg C&rsquo;est certainement le plus beau [&hellip;]<\/p>\n","protected":false},"author":13,"featured_media":1695189,"comment_status":"closed","ping_status":"closed","sticky":false,"template":"","format":"standard","meta":{"episode_type":"","audio_file":"","cover_image":"","cover_image_id":"","duration":"","filesize":"","date_recorded":"","explicit":"","block":"","itunes_episode_number":"","itunes_title":"","itunes_season_number":"","itunes_episode_type":"","filesize_raw":"","footnotes":""},"categories":[16],"tags":[830],"group":[],"support":[],"class_list":["post-1695184","post","type-post","status-publish","format-standard","has-post-thumbnail","hentry","category-a-la-une","tag-noel"],"yoast_head":"<!-- This site is optimized with the Yoast SEO plugin v24.0 - https:\/\/yoast.com\/wordpress\/plugins\/seo\/ -->\n<title>Les plus beaux march\u00e9s de No\u00ebl en France - MyZen TV<\/title>\n<meta name=\"description\" content=\"C&#039;est une tradition des f\u00eates de fin d&#039;ann\u00e9e : Les march\u00e9s de No\u00ebl ! D\u00e9couvrez les 3 plus beaux march\u00e9s de No\u00ebl en 2022.\" \/>\n<meta name=\"robots\" content=\"index, follow, max-snippet:-1, max-image-preview:large, max-video-preview:-1\" \/>\n<link rel=\"canonical\" href=\"https:\/\/www.myzen.tv\/fr\/les-plus-beaux-marches-de-noel-en-france\/\" \/>\n<meta property=\"og:locale\" content=\"fr_FR\" \/>\n<meta property=\"og:type\" content=\"article\" \/>\n<meta property=\"og:title\" content=\"Les plus beaux march\u00e9s de No\u00ebl en France - MyZen TV\" \/>\n<meta property=\"og:description\" content=\"C&#039;est une tradition des f\u00eates de fin d&#039;ann\u00e9e : Les march\u00e9s de No\u00ebl ! D\u00e9couvrez les 3 plus beaux march\u00e9s de No\u00ebl en 2022.\" \/>\n<meta property=\"og:url\" content=\"https:\/\/www.myzen.tv\/fr\/les-plus-beaux-marches-de-noel-en-france\/\" \/>\n<meta property=\"og:site_name\" content=\"MyZen TV\" \/>\n<meta property=\"article:publisher\" content=\"https:\/\/www.facebook.com\/myzen.tv.fr\/\" \/>\n<meta property=\"article:published_time\" content=\"2022-12-08T06:00:00+00:00\" \/>\n<meta property=\"article:modified_time\" content=\"2022-12-16T13:22:18+00:00\" \/>\n<meta property=\"og:image\" content=\"https:\/\/www.myzen.tv\/wp-content\/uploads\/2022\/11\/pexels-humphrey-muleba-1662350-scaled.jpg\" \/>\n\t<meta property=\"og:image:width\" content=\"2560\" \/>\n\t<meta property=\"og:image:height\" content=\"1707\" \/>\n\t<meta property=\"og:image:type\" content=\"image\/jpeg\" \/>\n<meta name=\"author\" content=\"Gilles Farina\" \/>\n<meta name=\"twitter:card\" content=\"summary_large_image\" \/>\n<meta name=\"twitter:label1\" content=\"\u00c9crit par\" \/>\n\t<meta name=\"twitter:data1\" content=\"Gilles Farina\" \/>\n\t<meta name=\"twitter:label2\" content=\"Dur\u00e9e de lecture estim\u00e9e\" \/>\n\t<meta name=\"twitter:data2\" content=\"2 minutes\" \/>\n<!-- \/ Yoast SEO plugin. -->","yoast_head_json":{"title":"Les plus beaux march\u00e9s de No\u00ebl en France - MyZen TV","description":"C'est une tradition des f\u00eates de fin d'ann\u00e9e : Les march\u00e9s de No\u00ebl ! D\u00e9couvrez les 3 plus beaux march\u00e9s de No\u00ebl en 2022.","robots":{"index":"index","follow":"follow","max-snippet":"max-snippet:-1","max-image-preview":"max-image-preview:large","max-video-preview":"max-video-preview:-1"},"canonical":"https:\/\/www.myzen.tv\/fr\/les-plus-beaux-marches-de-noel-en-france\/","og_locale":"fr_FR","og_type":"article","og_title":"Les plus beaux march\u00e9s de No\u00ebl en France - MyZen TV","og_description":"C'est une tradition des f\u00eates de fin d'ann\u00e9e : Les march\u00e9s de No\u00ebl ! D\u00e9couvrez les 3 plus beaux march\u00e9s de No\u00ebl en 2022.","og_url":"https:\/\/www.myzen.tv\/fr\/les-plus-beaux-marches-de-noel-en-france\/","og_site_name":"MyZen TV","article_publisher":"https:\/\/www.facebook.com\/myzen.tv.fr\/","article_published_time":"2022-12-08T06:00:00+00:00","article_modified_time":"2022-12-16T13:22:18+00:00","og_image":[{"width":2560,"height":1707,"url":"https:\/\/www.myzen.tv\/wp-content\/uploads\/2022\/11\/pexels-humphrey-muleba-1662350-scaled.jpg","type":"image\/jpeg"}],"author":"Gilles Farina","twitter_card":"summary_large_image","twitter_misc":{"\u00c9crit par":"Gilles Farina","Dur\u00e9e de lecture estim\u00e9e":"2 minutes"},"schema":{"@context":"https:\/\/schema.org","@graph":[{"@type":"Article","@id":"https:\/\/www.myzen.tv\/fr\/les-plus-beaux-marches-de-noel-en-france\/#article","isPartOf":{"@id":"https:\/\/www.myzen.tv\/fr\/les-plus-beaux-marches-de-noel-en-france\/"},"author":{"name":"Gilles Farina","@id":"https:\/\/www.myzen.tv\/fr\/#\/schema\/person\/978a9e7addfdccd3326847815bc2aca6"},"headline":"Les plus beaux march\u00e9s de No\u00ebl en France","datePublished":"2022-12-08T06:00:00+00:00","dateModified":"2022-12-16T13:22:18+00:00","mainEntityOfPage":{"@id":"https:\/\/www.myzen.tv\/fr\/les-plus-beaux-marches-de-noel-en-france\/"},"wordCount":260,"publisher":{"@id":"https:\/\/www.myzen.tv\/fr\/#organization"},"image":{"@id":"https:\/\/www.myzen.tv\/fr\/les-plus-beaux-marches-de-noel-en-france\/#primaryimage"},"thumbnailUrl":"https:\/\/www.myzen.tv\/wp-content\/uploads\/2022\/11\/pexels-humphrey-muleba-1662350-scaled.jpg","keywords":["Noel"],"articleSection":["A la une"],"inLanguage":"fr-FR"},{"@type":"WebPage","@id":"https:\/\/www.myzen.tv\/fr\/les-plus-beaux-marches-de-noel-en-france\/","url":"https:\/\/www.myzen.tv\/fr\/les-plus-beaux-marches-de-noel-en-france\/","name":"Les plus beaux march\u00e9s de No\u00ebl en France - MyZen TV","isPartOf":{"@id":"https:\/\/www.myzen.tv\/fr\/#website"},"primaryImageOfPage":{"@id":"https:\/\/www.myzen.tv\/fr\/les-plus-beaux-marches-de-noel-en-france\/#primaryimage"},"image":{"@id":"https:\/\/www.myzen.tv\/fr\/les-plus-beaux-marches-de-noel-en-france\/#primaryimage"},"thumbnailUrl":"https:\/\/www.myzen.tv\/wp-content\/uploads\/2022\/11\/pexels-humphrey-muleba-1662350-scaled.jpg","datePublished":"2022-12-08T06:00:00+00:00","dateModified":"2022-12-16T13:22:18+00:00","description":"C'est une tradition des f\u00eates de fin d'ann\u00e9e : Les march\u00e9s de No\u00ebl ! D\u00e9couvrez les 3 plus beaux march\u00e9s de No\u00ebl en 2022.","breadcrumb":{"@id":"https:\/\/www.myzen.tv\/fr\/les-plus-beaux-marches-de-noel-en-france\/#breadcrumb"},"inLanguage":"fr-FR","potentialAction":[{"@type":"ReadAction","target":["https:\/\/www.myzen.tv\/fr\/les-plus-beaux-marches-de-noel-en-france\/"]}]},{"@type":"ImageObject","inLanguage":"fr-FR","@id":"https:\/\/www.myzen.tv\/fr\/les-plus-beaux-marches-de-noel-en-france\/#primaryimage","url":"https:\/\/www.myzen.tv\/wp-content\/uploads\/2022\/11\/pexels-humphrey-muleba-1662350-scaled.jpg","contentUrl":"https:\/\/www.myzen.tv\/wp-content\/uploads\/2022\/11\/pexels-humphrey-muleba-1662350-scaled.jpg","width":2560,"height":1707,"caption":"March\u00e9 de No\u00ebl"},{"@type":"BreadcrumbList","@id":"https:\/\/www.myzen.tv\/fr\/les-plus-beaux-marches-de-noel-en-france\/#breadcrumb","itemListElement":[{"@type":"ListItem","position":1,"name":"Home","item":"https:\/\/www.myzen.tv\/fr\/"},{"@type":"ListItem","position":2,"name":"Les plus beaux march\u00e9s de No\u00ebl en France"}]},{"@type":"WebSite","@id":"https:\/\/www.myzen.tv\/fr\/#website","url":"https:\/\/www.myzen.tv\/fr\/","name":"MyZen TV","description":"Your lifestyle and well-being channel","publisher":{"@id":"https:\/\/www.myzen.tv\/fr\/#organization"},"potentialAction":[{"@type":"SearchAction","target":{"@type":"EntryPoint","urlTemplate":"https:\/\/www.myzen.tv\/fr\/?s={search_term_string}"},"query-input":{"@type":"PropertyValueSpecification","valueRequired":true,"valueName":"search_term_string"}}],"inLanguage":"fr-FR"},{"@type":"Organization","@id":"https:\/\/www.myzen.tv\/fr\/#organization","name":"MyZen TV","url":"https:\/\/www.myzen.tv\/fr\/","logo":{"@type":"ImageObject","inLanguage":"fr-FR","@id":"https:\/\/www.myzen.tv\/fr\/#\/schema\/logo\/image\/","url":"https:\/\/www.myzen.tv\/wp-content\/uploads\/2021\/05\/cropped-ICON_MZtv-LOGO_firetv640-1-1.png","contentUrl":"https:\/\/www.myzen.tv\/wp-content\/uploads\/2021\/05\/cropped-ICON_MZtv-LOGO_firetv640-1-1.png","width":512,"height":512,"caption":"MyZen TV"},"image":{"@id":"https:\/\/www.myzen.tv\/fr\/#\/schema\/logo\/image\/"},"sameAs":["https:\/\/www.facebook.com\/myzen.tv.fr\/","https:\/\/www.instagram.com\/myzentv\/"]},{"@type":"Person","@id":"https:\/\/www.myzen.tv\/fr\/#\/schema\/person\/978a9e7addfdccd3326847815bc2aca6","name":"Gilles Farina","url":"https:\/\/www.myzen.tv\/fr\/author\/giles-farina\/"}]}},"_links":{"self":[{"href":"https:\/\/www.myzen.tv\/fr\/wp-json\/wp\/v2\/posts\/1695184","targetHints":{"allow":["GET"]}}],"collection":[{"href":"https:\/\/www.myzen.tv\/fr\/wp-json\/wp\/v2\/posts"}],"about":[{"href":"https:\/\/www.myzen.tv\/fr\/wp-json\/wp\/v2\/types\/post"}],"author":[{"embeddable":true,"href":"https:\/\/www.myzen.tv\/fr\/wp-json\/wp\/v2\/users\/13"}],"replies":[{"embeddable":true,"href":"https:\/\/www.myzen.tv\/fr\/wp-json\/wp\/v2\/comments?post=1695184"}],"version-history":[{"count":2,"href":"https:\/\/www.myzen.tv\/fr\/wp-json\/wp\/v2\/posts\/1695184\/revisions"}],"predecessor-version":[{"id":1695285,"href":"https:\/\/www.myzen.tv\/fr\/wp-json\/wp\/v2\/posts\/1695184\/revisions\/1695285"}],"wp:featuredmedia":[{"embeddable":true,"href":"https:\/\/www.myzen.tv\/fr\/wp-json\/wp\/v2\/media\/1695189"}],"wp:attachment":[{"href":"https:\/\/www.myzen.tv\/fr\/wp-json\/wp\/v2\/media?parent=1695184"}],"wp:term":[{"taxonomy":"category","embeddable":true,"href":"https:\/\/www.myzen.tv\/fr\/wp-json\/wp\/v2\/categories?post=1695184"},{"taxonomy":"post_tag","embeddable":true,"href":"https:\/\/www.myzen.tv\/fr\/wp-json\/wp\/v2\/tags?post=1695184"},{"taxonomy":"group","embeddable":true,"href":"https:\/\/www.myzen.tv\/fr\/wp-json\/wp\/v2\/group?post=1695184"},{"taxonomy":"support","embeddable":true,"href":"https:\/\/www.myzen.tv\/fr\/wp-json\/wp\/v2\/support?post=1695184"}],"curies":[{"name":"wp","href":"https:\/\/api.w.org\/{rel}","templated":true}]}}