{"id":1695195,"date":"2022-12-11T06:00:00","date_gmt":"2022-12-11T06:00:00","guid":{"rendered":"https:\/\/www.myzen.tv\/?p=1695195"},"modified":"2022-11-21T16:54:26","modified_gmt":"2022-11-21T16:54:26","slug":"les-activites-de-noel-a-faire-avec-les-enfants","status":"publish","type":"post","link":"https:\/\/www.myzen.tv\/fr\/les-activites-de-noel-a-faire-avec-les-enfants\/","title":{"rendered":"Les activit\u00e9s de No\u00ebl \u00e0 faire avec les enfants"},"content":{"rendered":"\n<p>Les vacances d&rsquo;hiver approchent. L&rsquo;occasion de faire de nombreuses <strong>activit\u00e9s de No\u00ebl avec vos enfants<\/strong> ! Vous ne savez pas quoi faire ? Pas de panique MyZen TV est l\u00e0 pour vous donner le stock d&rsquo;id\u00e9es !<\/p>\n\n\n\n<h2 class=\"wp-block-heading\">Les march\u00e9s de No\u00ebl<\/h2>\n\n\n\n<p>L&rsquo;activit\u00e9 des f\u00eates de fin d&rsquo;ann\u00e9e par excellence ! Vos chers bambins seront ravis de parcourir les chalets des commer\u00e7ants d\u00e9cor\u00e9s aux couleurs de No\u00ebl. Churros, pommes d&rsquo;amour ou chocolat chaud<a href=\"https:\/\/www.myzen.tv\/fr\/les-plus-beaux-marches-de-noel-en-france\"> les march\u00e9s de No\u00ebl <\/a>sont l&rsquo;occasion parfaite pour prendre le go\u00fbter en plein air.<\/p>\n\n\n\n<h2 class=\"wp-block-heading\">La patinoire <\/h2>\n\n\n\n<p>Certaines villes offrent la possibilit\u00e9 de s&rsquo;essayer au patin \u00e0 glace. Quelques protections pour \u00e9viter les mauvaises chutes et toute la famille pourra se familiariser avec la glace.<\/p>\n\n\n\n<h2 class=\"wp-block-heading\">La pate \u00e0 sel<\/h2>\n\n\n\n<p>Nous en avons tous fait \u00e9tant enfant. La p\u00e2te \u00e0 sel est l&rsquo;activit\u00e9 incontournable des mercredis apr\u00e8s-midi. Les f\u00eates de No\u00ebl sont l&rsquo;occasion parfaite pour faire de jolies d\u00e9corations pour orner votre maison. Un peu de farine, un peu de sel, une cuisson pas trop longue et vos p\u00e8res No\u00ebl en p\u00e2te \u00e0 sel seront pr\u00eats ! <\/p>\n\n\n\n<h2 class=\"wp-block-heading\">\u00c9crire des cartes de voeux<\/h2>\n\n\n\n<p>C&rsquo;est une vielle tradition : envoyer des cartes pour souhaiter un joyeux No\u00ebl ou la bonne ann\u00e9e. Si vous avez une grande famille, commencez d\u00e8s le d\u00e9but du mois de d\u00e9cembre. Recevoir une carte fait toujours chaud au coeur alors pourquoi s&rsquo;en priver ?<\/p>\n\n\n\n<p>Rendez-vous sur <a href=\"https:\/\/watch.myzen.tv\/\">notre plateforme de streaming<\/a> pour retrouver nos programmes sur les f\u00eates de fin d&rsquo;ann\u00e9e !  <\/p>\n","protected":false},"excerpt":{"rendered":"<p>Les vacances d&rsquo;hiver approchent. L&rsquo;occasion de faire de nombreuses activit\u00e9s de No\u00ebl avec vos enfants ! Vous ne savez pas quoi faire ? Pas de panique MyZen TV est l\u00e0 pour vous donner le stock d&rsquo;id\u00e9es ! Les march\u00e9s de No\u00ebl L&rsquo;activit\u00e9 des f\u00eates de fin d&rsquo;ann\u00e9e par excellence ! Vos chers bambins seront ravis [&hellip;]<\/p>\n","protected":false},"author":13,"featured_media":1678478,"comment_status":"closed","ping_status":"closed","sticky":false,"template":"","format":"standard","meta":{"episode_type":"","audio_file":"","cover_image":"","cover_image_id":"","duration":"","filesize":"","date_recorded":"","explicit":"","block":"","itunes_episode_number":"","itunes_title":"","itunes_season_number":"","itunes_episode_type":"","filesize_raw":"","footnotes":""},"categories":[16],"tags":[],"group":[],"support":[],"class_list":["post-1695195","post","type-post","status-publish","format-standard","has-post-thumbnail","hentry","category-a-la-une"],"yoast_head":"<!-- This site is optimized with the Yoast SEO plugin v24.0 - https:\/\/yoast.com\/wordpress\/plugins\/seo\/ -->\n<title>Les activit\u00e9s de No\u00ebl \u00e0 faire avec les enfants - MyZen TV<\/title>\n<meta name=\"description\" content=\"Les vacances de No\u00ebl approchent, l&#039;occasion de faire de des activit\u00e9s avec vos enfants. MyZen TV est l\u00e0 pour vous donner le stock d&#039;id\u00e9es !\" \/>\n<meta name=\"robots\" content=\"index, follow, max-snippet:-1, max-image-preview:large, max-video-preview:-1\" \/>\n<link rel=\"canonical\" href=\"https:\/\/www.myzen.tv\/fr\/les-activites-de-noel-a-faire-avec-les-enfants\/\" \/>\n<meta property=\"og:locale\" content=\"fr_FR\" \/>\n<meta property=\"og:type\" content=\"article\" \/>\n<meta property=\"og:title\" content=\"Les activit\u00e9s de No\u00ebl \u00e0 faire avec les enfants - MyZen TV\" \/>\n<meta property=\"og:description\" content=\"Les vacances de No\u00ebl approchent, l&#039;occasion de faire de des activit\u00e9s avec vos enfants. MyZen TV est l\u00e0 pour vous donner le stock d&#039;id\u00e9es !\" \/>\n<meta property=\"og:url\" content=\"https:\/\/www.myzen.tv\/fr\/les-activites-de-noel-a-faire-avec-les-enfants\/\" \/>\n<meta property=\"og:site_name\" content=\"MyZen TV\" \/>\n<meta property=\"article:publisher\" content=\"https:\/\/www.facebook.com\/myzen.tv.fr\/\" \/>\n<meta property=\"article:published_time\" content=\"2022-12-11T06:00:00+00:00\" \/>\n<meta property=\"article:modified_time\" content=\"2022-11-21T16:54:26+00:00\" \/>\n<meta property=\"og:image\" content=\"https:\/\/www.myzen.tv\/wp-content\/uploads\/2021\/12\/jonathan-borba-vcX5AhBwk6s-unsplash-scaled.jpg\" \/>\n\t<meta property=\"og:image:width\" content=\"2560\" \/>\n\t<meta property=\"og:image:height\" content=\"1712\" \/>\n\t<meta property=\"og:image:type\" content=\"image\/jpeg\" \/>\n<meta name=\"author\" content=\"Gilles Farina\" \/>\n<meta name=\"twitter:card\" content=\"summary_large_image\" \/>\n<meta name=\"twitter:label1\" content=\"\u00c9crit par\" \/>\n\t<meta name=\"twitter:data1\" content=\"Gilles Farina\" \/>\n\t<meta name=\"twitter:label2\" content=\"Dur\u00e9e de lecture estim\u00e9e\" \/>\n\t<meta name=\"twitter:data2\" content=\"2 minutes\" \/>\n<!-- \/ Yoast SEO plugin. -->","yoast_head_json":{"title":"Les activit\u00e9s de No\u00ebl \u00e0 faire avec les enfants - MyZen TV","description":"Les vacances de No\u00ebl approchent, l'occasion de faire de des activit\u00e9s avec vos enfants. MyZen TV est l\u00e0 pour vous donner le stock d'id\u00e9es !","robots":{"index":"index","follow":"follow","max-snippet":"max-snippet:-1","max-image-preview":"max-image-preview:large","max-video-preview":"max-video-preview:-1"},"canonical":"https:\/\/www.myzen.tv\/fr\/les-activites-de-noel-a-faire-avec-les-enfants\/","og_locale":"fr_FR","og_type":"article","og_title":"Les activit\u00e9s de No\u00ebl \u00e0 faire avec les enfants - MyZen TV","og_description":"Les vacances de No\u00ebl approchent, l'occasion de faire de des activit\u00e9s avec vos enfants. MyZen TV est l\u00e0 pour vous donner le stock d'id\u00e9es !","og_url":"https:\/\/www.myzen.tv\/fr\/les-activites-de-noel-a-faire-avec-les-enfants\/","og_site_name":"MyZen TV","article_publisher":"https:\/\/www.facebook.com\/myzen.tv.fr\/","article_published_time":"2022-12-11T06:00:00+00:00","article_modified_time":"2022-11-21T16:54:26+00:00","og_image":[{"width":2560,"height":1712,"url":"https:\/\/www.myzen.tv\/wp-content\/uploads\/2021\/12\/jonathan-borba-vcX5AhBwk6s-unsplash-scaled.jpg","type":"image\/jpeg"}],"author":"Gilles Farina","twitter_card":"summary_large_image","twitter_misc":{"\u00c9crit par":"Gilles Farina","Dur\u00e9e de lecture estim\u00e9e":"2 minutes"},"schema":{"@context":"https:\/\/schema.org","@graph":[{"@type":"Article","@id":"https:\/\/www.myzen.tv\/fr\/les-activites-de-noel-a-faire-avec-les-enfants\/#article","isPartOf":{"@id":"https:\/\/www.myzen.tv\/fr\/les-activites-de-noel-a-faire-avec-les-enfants\/"},"author":{"name":"Gilles Farina","@id":"https:\/\/www.myzen.tv\/fr\/#\/schema\/person\/978a9e7addfdccd3326847815bc2aca6"},"headline":"Les activit\u00e9s de No\u00ebl \u00e0 faire avec les enfants","datePublished":"2022-12-11T06:00:00+00:00","dateModified":"2022-11-21T16:54:26+00:00","mainEntityOfPage":{"@id":"https:\/\/www.myzen.tv\/fr\/les-activites-de-noel-a-faire-avec-les-enfants\/"},"wordCount":271,"publisher":{"@id":"https:\/\/www.myzen.tv\/fr\/#organization"},"image":{"@id":"https:\/\/www.myzen.tv\/fr\/les-activites-de-noel-a-faire-avec-les-enfants\/#primaryimage"},"thumbnailUrl":"https:\/\/www.myzen.tv\/wp-content\/uploads\/2021\/12\/jonathan-borba-vcX5AhBwk6s-unsplash-scaled.jpg","articleSection":["A la une"],"inLanguage":"fr-FR"},{"@type":"WebPage","@id":"https:\/\/www.myzen.tv\/fr\/les-activites-de-noel-a-faire-avec-les-enfants\/","url":"https:\/\/www.myzen.tv\/fr\/les-activites-de-noel-a-faire-avec-les-enfants\/","name":"Les activit\u00e9s de No\u00ebl \u00e0 faire avec les enfants - MyZen TV","isPartOf":{"@id":"https:\/\/www.myzen.tv\/fr\/#website"},"primaryImageOfPage":{"@id":"https:\/\/www.myzen.tv\/fr\/les-activites-de-noel-a-faire-avec-les-enfants\/#primaryimage"},"image":{"@id":"https:\/\/www.myzen.tv\/fr\/les-activites-de-noel-a-faire-avec-les-enfants\/#primaryimage"},"thumbnailUrl":"https:\/\/www.myzen.tv\/wp-content\/uploads\/2021\/12\/jonathan-borba-vcX5AhBwk6s-unsplash-scaled.jpg","datePublished":"2022-12-11T06:00:00+00:00","dateModified":"2022-11-21T16:54:26+00:00","description":"Les vacances de No\u00ebl approchent, l'occasion de faire de des activit\u00e9s avec vos enfants. MyZen TV est l\u00e0 pour vous donner le stock d'id\u00e9es !","breadcrumb":{"@id":"https:\/\/www.myzen.tv\/fr\/les-activites-de-noel-a-faire-avec-les-enfants\/#breadcrumb"},"inLanguage":"fr-FR","potentialAction":[{"@type":"ReadAction","target":["https:\/\/www.myzen.tv\/fr\/les-activites-de-noel-a-faire-avec-les-enfants\/"]}]},{"@type":"ImageObject","inLanguage":"fr-FR","@id":"https:\/\/www.myzen.tv\/fr\/les-activites-de-noel-a-faire-avec-les-enfants\/#primaryimage","url":"https:\/\/www.myzen.tv\/wp-content\/uploads\/2021\/12\/jonathan-borba-vcX5AhBwk6s-unsplash-scaled.jpg","contentUrl":"https:\/\/www.myzen.tv\/wp-content\/uploads\/2021\/12\/jonathan-borba-vcX5AhBwk6s-unsplash-scaled.jpg","width":2560,"height":1712,"caption":"Famille d\u00e9corant le sapin de No\u00ebl"},{"@type":"BreadcrumbList","@id":"https:\/\/www.myzen.tv\/fr\/les-activites-de-noel-a-faire-avec-les-enfants\/#breadcrumb","itemListElement":[{"@type":"ListItem","position":1,"name":"Home","item":"https:\/\/www.myzen.tv\/fr\/"},{"@type":"ListItem","position":2,"name":"Les activit\u00e9s de No\u00ebl \u00e0 faire avec les enfants"}]},{"@type":"WebSite","@id":"https:\/\/www.myzen.tv\/fr\/#website","url":"https:\/\/www.myzen.tv\/fr\/","name":"MyZen TV","description":"Your lifestyle and well-being channel","publisher":{"@id":"https:\/\/www.myzen.tv\/fr\/#organization"},"potentialAction":[{"@type":"SearchAction","target":{"@type":"EntryPoint","urlTemplate":"https:\/\/www.myzen.tv\/fr\/?s={search_term_string}"},"query-input":{"@type":"PropertyValueSpecification","valueRequired":true,"valueName":"search_term_string"}}],"inLanguage":"fr-FR"},{"@type":"Organization","@id":"https:\/\/www.myzen.tv\/fr\/#organization","name":"MyZen TV","url":"https:\/\/www.myzen.tv\/fr\/","logo":{"@type":"ImageObject","inLanguage":"fr-FR","@id":"https:\/\/www.myzen.tv\/fr\/#\/schema\/logo\/image\/","url":"https:\/\/www.myzen.tv\/wp-content\/uploads\/2021\/05\/cropped-ICON_MZtv-LOGO_firetv640-1-1.png","contentUrl":"https:\/\/www.myzen.tv\/wp-content\/uploads\/2021\/05\/cropped-ICON_MZtv-LOGO_firetv640-1-1.png","width":512,"height":512,"caption":"MyZen TV"},"image":{"@id":"https:\/\/www.myzen.tv\/fr\/#\/schema\/logo\/image\/"},"sameAs":["https:\/\/www.facebook.com\/myzen.tv.fr\/","https:\/\/www.instagram.com\/myzentv\/"]},{"@type":"Person","@id":"https:\/\/www.myzen.tv\/fr\/#\/schema\/person\/978a9e7addfdccd3326847815bc2aca6","name":"Gilles Farina","url":"https:\/\/www.myzen.tv\/fr\/author\/giles-farina\/"}]}},"_links":{"self":[{"href":"https:\/\/www.myzen.tv\/fr\/wp-json\/wp\/v2\/posts\/1695195","targetHints":{"allow":["GET"]}}],"collection":[{"href":"https:\/\/www.myzen.tv\/fr\/wp-json\/wp\/v2\/posts"}],"about":[{"href":"https:\/\/www.myzen.tv\/fr\/wp-json\/wp\/v2\/types\/post"}],"author":[{"embeddable":true,"href":"https:\/\/www.myzen.tv\/fr\/wp-json\/wp\/v2\/users\/13"}],"replies":[{"embeddable":true,"href":"https:\/\/www.myzen.tv\/fr\/wp-json\/wp\/v2\/comments?post=1695195"}],"version-history":[{"count":2,"href":"https:\/\/www.myzen.tv\/fr\/wp-json\/wp\/v2\/posts\/1695195\/revisions"}],"predecessor-version":[{"id":1695290,"href":"https:\/\/www.myzen.tv\/fr\/wp-json\/wp\/v2\/posts\/1695195\/revisions\/1695290"}],"wp:featuredmedia":[{"embeddable":true,"href":"https:\/\/www.myzen.tv\/fr\/wp-json\/wp\/v2\/media\/1678478"}],"wp:attachment":[{"href":"https:\/\/www.myzen.tv\/fr\/wp-json\/wp\/v2\/media?parent=1695195"}],"wp:term":[{"taxonomy":"category","embeddable":true,"href":"https:\/\/www.myzen.tv\/fr\/wp-json\/wp\/v2\/categories?post=1695195"},{"taxonomy":"post_tag","embeddable":true,"href":"https:\/\/www.myzen.tv\/fr\/wp-json\/wp\/v2\/tags?post=1695195"},{"taxonomy":"group","embeddable":true,"href":"https:\/\/www.myzen.tv\/fr\/wp-json\/wp\/v2\/group?post=1695195"},{"taxonomy":"support","embeddable":true,"href":"https:\/\/www.myzen.tv\/fr\/wp-json\/wp\/v2\/support?post=1695195"}],"curies":[{"name":"wp","href":"https:\/\/api.w.org\/{rel}","templated":true}]}}