{"id":1695610,"date":"2022-12-19T06:00:00","date_gmt":"2022-12-19T06:00:00","guid":{"rendered":"https:\/\/www.myzen.tv\/?p=1695610"},"modified":"2022-12-22T15:57:02","modified_gmt":"2022-12-22T15:57:02","slug":"myzen-vous-aide-a-choisir-votre-repas-de-noel","status":"publish","type":"post","link":"https:\/\/www.myzen.tv\/fr\/myzen-vous-aide-a-choisir-votre-repas-de-noel\/","title":{"rendered":"MyZen vous aide \u00e0 choisir votre repas de No\u00ebl !"},"content":{"rendered":"\n<p><strong>No\u00ebl approche \u00e0 grands pas<\/strong> et vous ne savez toujours pas quoi pr\u00e9parer \u00e0 votre famille ? Pas de panique, <a href=\"https:\/\/www.myzen.tv\/fr\">MyZen TV<\/a> vous a pr\u00e9par\u00e9 plusieurs solutions pour ne pas \u00eatre \u00e0 court d&rsquo;id\u00e9e pour le repas de No\u00ebl le 24 et 25 d\u00e9cembre.<\/p>\n\n\n\n<h2 class=\"wp-block-heading\">L&rsquo;ap\u00e9ritif<\/h2>\n\n\n\n<figure class=\"wp-block-image size-large\"><img loading=\"lazy\" decoding=\"async\" width=\"1024\" height=\"576\" src=\"https:\/\/www.myzen.tv\/wp-content\/uploads\/2022\/12\/Asiatique-S.1E.15-1024x576.jpg\" alt=\"Samoussas d&#039;agneau pour l&#039;ap\u00e9ritif de no\u00ebl\" class=\"wp-image-1695623\" srcset=\"https:\/\/www.myzen.tv\/wp-content\/uploads\/2022\/12\/Asiatique-S.1E.15-1024x576.jpg 1024w, https:\/\/www.myzen.tv\/wp-content\/uploads\/2022\/12\/Asiatique-S.1E.15-300x169.jpg 300w, https:\/\/www.myzen.tv\/wp-content\/uploads\/2022\/12\/Asiatique-S.1E.15-768x432.jpg 768w, https:\/\/www.myzen.tv\/wp-content\/uploads\/2022\/12\/Asiatique-S.1E.15-1536x864.jpg 1536w, https:\/\/www.myzen.tv\/wp-content\/uploads\/2022\/12\/Asiatique-S.1E.15-320x180.jpg 320w, https:\/\/www.myzen.tv\/wp-content\/uploads\/2022\/12\/Asiatique-S.1E.15-235x132.jpg 235w, https:\/\/www.myzen.tv\/wp-content\/uploads\/2022\/12\/Asiatique-S.1E.15-540x304.jpg 540w, https:\/\/www.myzen.tv\/wp-content\/uploads\/2022\/12\/Asiatique-S.1E.15.jpg 1920w\" sizes=\"auto, (max-width: 1024px) 100vw, 1024px\" \/><\/figure>\n\n\n\n<p>Pour commencer <strong>un repas de No\u00ebl original et facile \u00e0 pr\u00e9parer<\/strong>, pourquoi ne pas essayer <strong>les samoussas d&rsquo;agneau<\/strong> pour l&rsquo;ap\u00e9ritif ou en amuse-bouche ? Rien de plus simple, il suffit simplement de disposer une petite boulette de viande oignons et condiment sur une feuille de p\u00e2te d\u00e9coup\u00e9e en rectangle. Pour la p\u00e2te, vous pouvez l&rsquo;acheter pr\u00e9par\u00e9e. (Mais c&rsquo;est encore meilleur maison!)<\/p>\n\n\n\n<p><a href=\"https:\/\/watch.myzen.tv\/content\/recettes-asiatiques-samoussas-d-agneau\">D\u00e9couvrez la recette sur notre plateforme de streaming<\/a><\/p>\n\n\n\n<h2 class=\"wp-block-heading\">L&rsquo;entr\u00e9e<\/h2>\n\n\n\n<figure class=\"wp-block-image size-large\"><img loading=\"lazy\" decoding=\"async\" width=\"1024\" height=\"576\" src=\"https:\/\/www.myzen.tv\/wp-content\/uploads\/2022\/12\/capture-17-1024x576.jpeg\" alt=\"Oeufs b\u00e9n\u00e9dicte au saumon en entr\u00e9e pour no\u00ebl\" class=\"wp-image-1695611\" srcset=\"https:\/\/www.myzen.tv\/wp-content\/uploads\/2022\/12\/capture-17-1024x576.jpeg 1024w, https:\/\/www.myzen.tv\/wp-content\/uploads\/2022\/12\/capture-17-300x169.jpeg 300w, https:\/\/www.myzen.tv\/wp-content\/uploads\/2022\/12\/capture-17-768x432.jpeg 768w, https:\/\/www.myzen.tv\/wp-content\/uploads\/2022\/12\/capture-17-1536x864.jpeg 1536w, https:\/\/www.myzen.tv\/wp-content\/uploads\/2022\/12\/capture-17-320x180.jpeg 320w, https:\/\/www.myzen.tv\/wp-content\/uploads\/2022\/12\/capture-17-235x132.jpeg 235w, https:\/\/www.myzen.tv\/wp-content\/uploads\/2022\/12\/capture-17-540x304.jpeg 540w, https:\/\/www.myzen.tv\/wp-content\/uploads\/2022\/12\/capture-17.jpeg 1920w\" sizes=\"auto, (max-width: 1024px) 100vw, 1024px\" \/><\/figure>\n\n\n\n<p>Bien \u00e9videmment les classiques fruits de mer, charcuteries et foies gras sont de mise, mais pourquoi ne pas essayer une recette originale ? Essayez les d\u00e9licieux <strong>\u0153ufs B\u00e9n\u00e9dicte au Saumon<\/strong> !<\/p>\n\n\n\n<p>Pour cela, disposez sur une moiti\u00e9 de pain \u00ab bun \u00bb des lamelles de tomates, de salades, de saumon et un \u0153uf poch\u00e9 puis ajoutez une sauce et quelques asperges sur le dessus.&nbsp;La seule difficult\u00e9 est de ma\u00eetriser la cuisson de l&rsquo;\u0153uf poch\u00e9&#8230;&nbsp;Pour le reste, vos convives seront impressionn\u00e9s !<\/p>\n\n\n\n<p><a href=\"https:\/\/watch.myzen.tv\/content\/delicious-morning-oeufs-benedicte-au-saumon\">Retrouvez la recette compl\u00e8te sur notre plateforme de streaming<\/a><\/p>\n\n\n\n<h2 class=\"wp-block-heading\">Le plat<\/h2>\n\n\n\n<h3 class=\"wp-block-heading\">Le b\u0153uf<\/h3>\n\n\n\n<figure class=\"wp-block-image size-large\"><img loading=\"lazy\" decoding=\"async\" width=\"1024\" height=\"576\" src=\"https:\/\/www.myzen.tv\/wp-content\/uploads\/2022\/12\/Luanas-Kitchen-S.2E.43-1024x576.jpg\" alt=\"pot-au-feu\" class=\"wp-image-1695613\" srcset=\"https:\/\/www.myzen.tv\/wp-content\/uploads\/2022\/12\/Luanas-Kitchen-S.2E.43-1024x576.jpg 1024w, https:\/\/www.myzen.tv\/wp-content\/uploads\/2022\/12\/Luanas-Kitchen-S.2E.43-300x169.jpg 300w, https:\/\/www.myzen.tv\/wp-content\/uploads\/2022\/12\/Luanas-Kitchen-S.2E.43-768x432.jpg 768w, https:\/\/www.myzen.tv\/wp-content\/uploads\/2022\/12\/Luanas-Kitchen-S.2E.43-1536x864.jpg 1536w, https:\/\/www.myzen.tv\/wp-content\/uploads\/2022\/12\/Luanas-Kitchen-S.2E.43-320x180.jpg 320w, https:\/\/www.myzen.tv\/wp-content\/uploads\/2022\/12\/Luanas-Kitchen-S.2E.43-235x132.jpg 235w, https:\/\/www.myzen.tv\/wp-content\/uploads\/2022\/12\/Luanas-Kitchen-S.2E.43-540x304.jpg 540w, https:\/\/www.myzen.tv\/wp-content\/uploads\/2022\/12\/Luanas-Kitchen-S.2E.43.jpg 1920w\" sizes=\"auto, (max-width: 1024px) 100vw, 1024px\" \/><\/figure>\n\n\n\n<p>Pour une grande r\u00e9union de famille, le repas s&rsquo;av\u00e8re souvent un casse-t\u00eate&#8230; Au niveau des quantit\u00e9s, mais \u00e9galement au niveau du budget. Alors, pourquoi ne partiriez-vous pas sur un <strong>pot-au-feu<\/strong> ?<\/p>\n\n\n\n<p>Ainsi, s&rsquo;il y a bien un <strong>plat embl\u00e9matique de la cuisine fran\u00e7aise<\/strong>, c\u2019est bien le pot-au-feu.&nbsp;Inscrit dans notre patrimoine culinaire, ce plat automnal et hivernal longuement mijot\u00e9 est un plaisir \u00e0 partager en famille ou entre amis.<\/p>\n\n\n\n<p><a href=\"https:\/\/watch.myzen.tv\/content\/luana-cuisine-autour-du-pot-au-feu\">Retrouvez la version italienne du pot-au feu par Luana Belmondo sur notre plateforme de streaming.<\/a><\/p>\n\n\n\n<h3 class=\"wp-block-heading\">Le canard<\/h3>\n\n\n\n<figure class=\"wp-block-image size-large\"><img loading=\"lazy\" decoding=\"async\" width=\"1024\" height=\"576\" src=\"https:\/\/www.myzen.tv\/wp-content\/uploads\/2022\/12\/Luanas-Kitchen-S.2E.40-1024x576.jpg\" alt=\"un canard marin\u00e9 avec une po\u00eal\u00e9e de c\u00e8pes et foie gras\" class=\"wp-image-1695619\" srcset=\"https:\/\/www.myzen.tv\/wp-content\/uploads\/2022\/12\/Luanas-Kitchen-S.2E.40-1024x576.jpg 1024w, https:\/\/www.myzen.tv\/wp-content\/uploads\/2022\/12\/Luanas-Kitchen-S.2E.40-300x169.jpg 300w, https:\/\/www.myzen.tv\/wp-content\/uploads\/2022\/12\/Luanas-Kitchen-S.2E.40-768x432.jpg 768w, https:\/\/www.myzen.tv\/wp-content\/uploads\/2022\/12\/Luanas-Kitchen-S.2E.40-1536x864.jpg 1536w, https:\/\/www.myzen.tv\/wp-content\/uploads\/2022\/12\/Luanas-Kitchen-S.2E.40-320x180.jpg 320w, https:\/\/www.myzen.tv\/wp-content\/uploads\/2022\/12\/Luanas-Kitchen-S.2E.40-235x132.jpg 235w, https:\/\/www.myzen.tv\/wp-content\/uploads\/2022\/12\/Luanas-Kitchen-S.2E.40-540x304.jpg 540w, https:\/\/www.myzen.tv\/wp-content\/uploads\/2022\/12\/Luanas-Kitchen-S.2E.40.jpg 1920w\" sizes=\"auto, (max-width: 1024px) 100vw, 1024px\" \/><\/figure>\n\n\n\n<p>Deuxi\u00e8me option, et <strong>si vous cuisiniez du canard<\/strong> ? Il existe mille et une fa\u00e7on de d\u00e9guster du canard, il fait partie des viandes rouges et se marie merveilleusement avec les \u00e9pices pour d\u00e9voiler au mieux la d\u00e9licatesse de sa chair. Plus on\u00e9reux que le pot-au-feu, le canard ravira les invit\u00e9s ne mangeant pas de b\u0153uf.<\/p>\n\n\n\n<p>MyZen TV vous propose de d\u00e9couvrir les magrets de canard au miel \u00e9pic\u00e9 accompagn\u00e9s d&rsquo;une pur\u00e9e de patates douces ultra fondante !<\/p>\n\n\n\n<p>La recette ? <a href=\"https:\/\/watch.myzen.tv\/content\/luana-cuisine-le-canard\">Retrouvez-l\u00e0 dans Luana Cuisine sur notre plateforme de streaming<\/a><\/p>\n\n\n\n<h2 class=\"wp-block-heading\">Le dessert<\/h2>\n\n\n\n<figure class=\"wp-block-image size-large\"><img loading=\"lazy\" decoding=\"async\" width=\"1024\" height=\"576\" src=\"https:\/\/www.myzen.tv\/wp-content\/uploads\/2022\/12\/Luanas-Kitchen-S.1E.63-1024x576.jpg\" alt=\"un mille-feuille au chocolat et au caramel beurre sal\u00e9 pour le repas de no\u00ebl\" class=\"wp-image-1695615\" srcset=\"https:\/\/www.myzen.tv\/wp-content\/uploads\/2022\/12\/Luanas-Kitchen-S.1E.63-1024x576.jpg 1024w, https:\/\/www.myzen.tv\/wp-content\/uploads\/2022\/12\/Luanas-Kitchen-S.1E.63-300x169.jpg 300w, https:\/\/www.myzen.tv\/wp-content\/uploads\/2022\/12\/Luanas-Kitchen-S.1E.63-768x432.jpg 768w, https:\/\/www.myzen.tv\/wp-content\/uploads\/2022\/12\/Luanas-Kitchen-S.1E.63-1536x864.jpg 1536w, https:\/\/www.myzen.tv\/wp-content\/uploads\/2022\/12\/Luanas-Kitchen-S.1E.63-320x180.jpg 320w, https:\/\/www.myzen.tv\/wp-content\/uploads\/2022\/12\/Luanas-Kitchen-S.1E.63-235x132.jpg 235w, https:\/\/www.myzen.tv\/wp-content\/uploads\/2022\/12\/Luanas-Kitchen-S.1E.63-540x304.jpg 540w, https:\/\/www.myzen.tv\/wp-content\/uploads\/2022\/12\/Luanas-Kitchen-S.1E.63.jpg 1920w\" sizes=\"auto, (max-width: 1024px) 100vw, 1024px\" \/><\/figure>\n\n\n\n<p>Vous en avez assez de la b\u00fbche de No\u00ebl glac\u00e9e ? Nous aussi ! Et si vous r\u00e9alisiez votre propre <strong>dessert de No\u00ebl <\/strong>? Afin de faire plaisir \u00e0 toute la famille une b\u00fbche de No\u00ebl au panettone maison et un mille-feuille au chocolat et au caramel beurre sal\u00e9 raviront vos invit\u00e9s ! Des recettes faciles \u00e0 mi-chemin entre l&rsquo;Italie et la France pour rester dans la pure tradition des desserts de No\u00ebl ! Un r\u00e9gal, ne serait-ce qu&rsquo;en les regardant <\/p>\n\n\n\n<p>Pour cela faites confiance \u00e0 Luana Belmondo !  <a href=\"https:\/\/watch.myzen.tv\/content\/luana-cuisine-les-gateaux-de-noel\">Un programme \u00e0 d\u00e9couvrir sur notre plateforme de streaming.<\/a><\/p>\n\n\n\n<figure class=\"wp-block-image size-large\"><img loading=\"lazy\" decoding=\"async\" width=\"1024\" height=\"576\" src=\"https:\/\/www.myzen.tv\/wp-content\/uploads\/2022\/12\/Luanas-Kitchen-S.1E.63-1-1024x576.jpg\" alt=\" une b\u00fbche de No\u00ebl au panettone maison\" class=\"wp-image-1695621\" srcset=\"https:\/\/www.myzen.tv\/wp-content\/uploads\/2022\/12\/Luanas-Kitchen-S.1E.63-1-1024x576.jpg 1024w, https:\/\/www.myzen.tv\/wp-content\/uploads\/2022\/12\/Luanas-Kitchen-S.1E.63-1-300x169.jpg 300w, https:\/\/www.myzen.tv\/wp-content\/uploads\/2022\/12\/Luanas-Kitchen-S.1E.63-1-768x432.jpg 768w, https:\/\/www.myzen.tv\/wp-content\/uploads\/2022\/12\/Luanas-Kitchen-S.1E.63-1-1536x864.jpg 1536w, https:\/\/www.myzen.tv\/wp-content\/uploads\/2022\/12\/Luanas-Kitchen-S.1E.63-1-320x180.jpg 320w, https:\/\/www.myzen.tv\/wp-content\/uploads\/2022\/12\/Luanas-Kitchen-S.1E.63-1-235x132.jpg 235w, https:\/\/www.myzen.tv\/wp-content\/uploads\/2022\/12\/Luanas-Kitchen-S.1E.63-1-540x304.jpg 540w, https:\/\/www.myzen.tv\/wp-content\/uploads\/2022\/12\/Luanas-Kitchen-S.1E.63-1.jpg 1920w\" sizes=\"auto, (max-width: 1024px) 100vw, 1024px\" \/><\/figure>\n\n\n\n<p>Vous voil\u00e0 pr\u00eats pour un repas de No\u00ebl sein et \u00e9conomique. Vous voulez d&rsquo;autres recettes pour les f\u00eates ? D\u00e9couvrez notre s\u00e9lection sp\u00e9ciale <a href=\"https:\/\/watch.myzen.tv\/smartlists\/les-repas-de-fete\">repas de f\u00eate !<\/a><\/p>\n","protected":false},"excerpt":{"rendered":"<p>No\u00ebl approche \u00e0 grands pas et vous ne savez toujours pas quoi pr\u00e9parer \u00e0 votre famille ? Pas de panique, MyZen TV vous a pr\u00e9par\u00e9 plusieurs solutions pour ne pas \u00eatre \u00e0 court d&rsquo;id\u00e9e pour le repas de No\u00ebl le 24 et 25 d\u00e9cembre. L&rsquo;ap\u00e9ritif Pour commencer un repas de No\u00ebl original et facile \u00e0 [&hellip;]<\/p>\n","protected":false},"author":13,"featured_media":1695632,"comment_status":"closed","ping_status":"closed","sticky":false,"template":"","format":"standard","meta":{"episode_type":"","audio_file":"","cover_image":"","cover_image_id":"","duration":"","filesize":"","date_recorded":"","explicit":"","block":"","itunes_episode_number":"","itunes_title":"","itunes_season_number":"","itunes_episode_type":"","filesize_raw":"","footnotes":""},"categories":[9],"tags":[187,831,229],"group":[],"support":[],"class_list":["post-1695610","post","type-post","status-publish","format-standard","has-post-thumbnail","hentry","category-body-and-soul","tag-cuisine","tag-noel-2","tag-recette"],"yoast_head":"<!-- This site is optimized with the Yoast SEO plugin v24.0 - https:\/\/yoast.com\/wordpress\/plugins\/seo\/ -->\n<title>MyZen vous aide \u00e0 choisir votre repas de No\u00ebl ! - MyZen TV<\/title>\n<meta name=\"description\" content=\"Vous ne savez pas quoi pr\u00e9parer pour votre repas de No\u00ebl ? MyZen TV vous a pr\u00e9par\u00e9 plusieurs id\u00e9es recettes pour le 24 et 25 d\u00e9cembre\" \/>\n<meta name=\"robots\" content=\"index, follow, max-snippet:-1, max-image-preview:large, max-video-preview:-1\" \/>\n<link rel=\"canonical\" href=\"https:\/\/www.myzen.tv\/fr\/myzen-vous-aide-a-choisir-votre-repas-de-noel\/\" \/>\n<meta property=\"og:locale\" content=\"fr_FR\" \/>\n<meta property=\"og:type\" content=\"article\" \/>\n<meta property=\"og:title\" content=\"MyZen vous aide \u00e0 choisir votre repas de No\u00ebl ! - MyZen TV\" \/>\n<meta property=\"og:description\" content=\"Vous ne savez pas quoi pr\u00e9parer pour votre repas de No\u00ebl ? MyZen TV vous a pr\u00e9par\u00e9 plusieurs id\u00e9es recettes pour le 24 et 25 d\u00e9cembre\" \/>\n<meta property=\"og:url\" content=\"https:\/\/www.myzen.tv\/fr\/myzen-vous-aide-a-choisir-votre-repas-de-noel\/\" \/>\n<meta property=\"og:site_name\" content=\"MyZen TV\" \/>\n<meta property=\"article:publisher\" content=\"https:\/\/www.facebook.com\/myzen.tv.fr\/\" \/>\n<meta property=\"article:published_time\" content=\"2022-12-19T06:00:00+00:00\" \/>\n<meta property=\"article:modified_time\" content=\"2022-12-22T15:57:02+00:00\" \/>\n<meta property=\"og:image\" content=\"https:\/\/www.myzen.tv\/wp-content\/uploads\/2022\/12\/Myzen_template_collection_repas_de_Noel.jpg\" \/>\n\t<meta property=\"og:image:width\" content=\"1920\" \/>\n\t<meta property=\"og:image:height\" content=\"1080\" \/>\n\t<meta property=\"og:image:type\" content=\"image\/jpeg\" \/>\n<meta name=\"author\" content=\"Gilles Farina\" \/>\n<meta name=\"twitter:card\" content=\"summary_large_image\" \/>\n<meta name=\"twitter:label1\" content=\"\u00c9crit par\" \/>\n\t<meta name=\"twitter:data1\" content=\"Gilles Farina\" \/>\n\t<meta name=\"twitter:label2\" content=\"Dur\u00e9e de lecture estim\u00e9e\" \/>\n\t<meta name=\"twitter:data2\" content=\"4 minutes\" \/>\n<!-- \/ Yoast SEO plugin. -->","yoast_head_json":{"title":"MyZen vous aide \u00e0 choisir votre repas de No\u00ebl ! - MyZen TV","description":"Vous ne savez pas quoi pr\u00e9parer pour votre repas de No\u00ebl ? MyZen TV vous a pr\u00e9par\u00e9 plusieurs id\u00e9es recettes pour le 24 et 25 d\u00e9cembre","robots":{"index":"index","follow":"follow","max-snippet":"max-snippet:-1","max-image-preview":"max-image-preview:large","max-video-preview":"max-video-preview:-1"},"canonical":"https:\/\/www.myzen.tv\/fr\/myzen-vous-aide-a-choisir-votre-repas-de-noel\/","og_locale":"fr_FR","og_type":"article","og_title":"MyZen vous aide \u00e0 choisir votre repas de No\u00ebl ! - MyZen TV","og_description":"Vous ne savez pas quoi pr\u00e9parer pour votre repas de No\u00ebl ? MyZen TV vous a pr\u00e9par\u00e9 plusieurs id\u00e9es recettes pour le 24 et 25 d\u00e9cembre","og_url":"https:\/\/www.myzen.tv\/fr\/myzen-vous-aide-a-choisir-votre-repas-de-noel\/","og_site_name":"MyZen TV","article_publisher":"https:\/\/www.facebook.com\/myzen.tv.fr\/","article_published_time":"2022-12-19T06:00:00+00:00","article_modified_time":"2022-12-22T15:57:02+00:00","og_image":[{"width":1920,"height":1080,"url":"https:\/\/www.myzen.tv\/wp-content\/uploads\/2022\/12\/Myzen_template_collection_repas_de_Noel.jpg","type":"image\/jpeg"}],"author":"Gilles Farina","twitter_card":"summary_large_image","twitter_misc":{"\u00c9crit par":"Gilles Farina","Dur\u00e9e de lecture estim\u00e9e":"4 minutes"},"schema":{"@context":"https:\/\/schema.org","@graph":[{"@type":"Article","@id":"https:\/\/www.myzen.tv\/fr\/myzen-vous-aide-a-choisir-votre-repas-de-noel\/#article","isPartOf":{"@id":"https:\/\/www.myzen.tv\/fr\/myzen-vous-aide-a-choisir-votre-repas-de-noel\/"},"author":{"name":"Gilles Farina","@id":"https:\/\/www.myzen.tv\/fr\/#\/schema\/person\/978a9e7addfdccd3326847815bc2aca6"},"headline":"MyZen vous aide \u00e0 choisir votre repas de No\u00ebl !","datePublished":"2022-12-19T06:00:00+00:00","dateModified":"2022-12-22T15:57:02+00:00","mainEntityOfPage":{"@id":"https:\/\/www.myzen.tv\/fr\/myzen-vous-aide-a-choisir-votre-repas-de-noel\/"},"wordCount":558,"publisher":{"@id":"https:\/\/www.myzen.tv\/fr\/#organization"},"image":{"@id":"https:\/\/www.myzen.tv\/fr\/myzen-vous-aide-a-choisir-votre-repas-de-noel\/#primaryimage"},"thumbnailUrl":"https:\/\/www.myzen.tv\/wp-content\/uploads\/2022\/12\/Myzen_template_collection_repas_de_Noel.jpg","keywords":["cuisine","No\u00ebl","recette"],"articleSection":["Body &amp; soul"],"inLanguage":"fr-FR"},{"@type":"WebPage","@id":"https:\/\/www.myzen.tv\/fr\/myzen-vous-aide-a-choisir-votre-repas-de-noel\/","url":"https:\/\/www.myzen.tv\/fr\/myzen-vous-aide-a-choisir-votre-repas-de-noel\/","name":"MyZen vous aide \u00e0 choisir votre repas de No\u00ebl ! - MyZen TV","isPartOf":{"@id":"https:\/\/www.myzen.tv\/fr\/#website"},"primaryImageOfPage":{"@id":"https:\/\/www.myzen.tv\/fr\/myzen-vous-aide-a-choisir-votre-repas-de-noel\/#primaryimage"},"image":{"@id":"https:\/\/www.myzen.tv\/fr\/myzen-vous-aide-a-choisir-votre-repas-de-noel\/#primaryimage"},"thumbnailUrl":"https:\/\/www.myzen.tv\/wp-content\/uploads\/2022\/12\/Myzen_template_collection_repas_de_Noel.jpg","datePublished":"2022-12-19T06:00:00+00:00","dateModified":"2022-12-22T15:57:02+00:00","description":"Vous ne savez pas quoi pr\u00e9parer pour votre repas de No\u00ebl ? MyZen TV vous a pr\u00e9par\u00e9 plusieurs id\u00e9es recettes pour le 24 et 25 d\u00e9cembre","breadcrumb":{"@id":"https:\/\/www.myzen.tv\/fr\/myzen-vous-aide-a-choisir-votre-repas-de-noel\/#breadcrumb"},"inLanguage":"fr-FR","potentialAction":[{"@type":"ReadAction","target":["https:\/\/www.myzen.tv\/fr\/myzen-vous-aide-a-choisir-votre-repas-de-noel\/"]}]},{"@type":"ImageObject","inLanguage":"fr-FR","@id":"https:\/\/www.myzen.tv\/fr\/myzen-vous-aide-a-choisir-votre-repas-de-noel\/#primaryimage","url":"https:\/\/www.myzen.tv\/wp-content\/uploads\/2022\/12\/Myzen_template_collection_repas_de_Noel.jpg","contentUrl":"https:\/\/www.myzen.tv\/wp-content\/uploads\/2022\/12\/Myzen_template_collection_repas_de_Noel.jpg","width":1920,"height":1080,"caption":"Les repas de f\u00eate"},{"@type":"BreadcrumbList","@id":"https:\/\/www.myzen.tv\/fr\/myzen-vous-aide-a-choisir-votre-repas-de-noel\/#breadcrumb","itemListElement":[{"@type":"ListItem","position":1,"name":"Home","item":"https:\/\/www.myzen.tv\/fr\/"},{"@type":"ListItem","position":2,"name":"MyZen vous aide \u00e0 choisir votre repas de No\u00ebl !"}]},{"@type":"WebSite","@id":"https:\/\/www.myzen.tv\/fr\/#website","url":"https:\/\/www.myzen.tv\/fr\/","name":"MyZen TV","description":"Your lifestyle and well-being channel","publisher":{"@id":"https:\/\/www.myzen.tv\/fr\/#organization"},"potentialAction":[{"@type":"SearchAction","target":{"@type":"EntryPoint","urlTemplate":"https:\/\/www.myzen.tv\/fr\/?s={search_term_string}"},"query-input":{"@type":"PropertyValueSpecification","valueRequired":true,"valueName":"search_term_string"}}],"inLanguage":"fr-FR"},{"@type":"Organization","@id":"https:\/\/www.myzen.tv\/fr\/#organization","name":"MyZen TV","url":"https:\/\/www.myzen.tv\/fr\/","logo":{"@type":"ImageObject","inLanguage":"fr-FR","@id":"https:\/\/www.myzen.tv\/fr\/#\/schema\/logo\/image\/","url":"https:\/\/www.myzen.tv\/wp-content\/uploads\/2021\/05\/cropped-ICON_MZtv-LOGO_firetv640-1-1.png","contentUrl":"https:\/\/www.myzen.tv\/wp-content\/uploads\/2021\/05\/cropped-ICON_MZtv-LOGO_firetv640-1-1.png","width":512,"height":512,"caption":"MyZen TV"},"image":{"@id":"https:\/\/www.myzen.tv\/fr\/#\/schema\/logo\/image\/"},"sameAs":["https:\/\/www.facebook.com\/myzen.tv.fr\/","https:\/\/www.instagram.com\/myzentv\/"]},{"@type":"Person","@id":"https:\/\/www.myzen.tv\/fr\/#\/schema\/person\/978a9e7addfdccd3326847815bc2aca6","name":"Gilles Farina","url":"https:\/\/www.myzen.tv\/fr\/author\/giles-farina\/"}]}},"_links":{"self":[{"href":"https:\/\/www.myzen.tv\/fr\/wp-json\/wp\/v2\/posts\/1695610","targetHints":{"allow":["GET"]}}],"collection":[{"href":"https:\/\/www.myzen.tv\/fr\/wp-json\/wp\/v2\/posts"}],"about":[{"href":"https:\/\/www.myzen.tv\/fr\/wp-json\/wp\/v2\/types\/post"}],"author":[{"embeddable":true,"href":"https:\/\/www.myzen.tv\/fr\/wp-json\/wp\/v2\/users\/13"}],"replies":[{"embeddable":true,"href":"https:\/\/www.myzen.tv\/fr\/wp-json\/wp\/v2\/comments?post=1695610"}],"version-history":[{"count":9,"href":"https:\/\/www.myzen.tv\/fr\/wp-json\/wp\/v2\/posts\/1695610\/revisions"}],"predecessor-version":[{"id":1695798,"href":"https:\/\/www.myzen.tv\/fr\/wp-json\/wp\/v2\/posts\/1695610\/revisions\/1695798"}],"wp:featuredmedia":[{"embeddable":true,"href":"https:\/\/www.myzen.tv\/fr\/wp-json\/wp\/v2\/media\/1695632"}],"wp:attachment":[{"href":"https:\/\/www.myzen.tv\/fr\/wp-json\/wp\/v2\/media?parent=1695610"}],"wp:term":[{"taxonomy":"category","embeddable":true,"href":"https:\/\/www.myzen.tv\/fr\/wp-json\/wp\/v2\/categories?post=1695610"},{"taxonomy":"post_tag","embeddable":true,"href":"https:\/\/www.myzen.tv\/fr\/wp-json\/wp\/v2\/tags?post=1695610"},{"taxonomy":"group","embeddable":true,"href":"https:\/\/www.myzen.tv\/fr\/wp-json\/wp\/v2\/group?post=1695610"},{"taxonomy":"support","embeddable":true,"href":"https:\/\/www.myzen.tv\/fr\/wp-json\/wp\/v2\/support?post=1695610"}],"curies":[{"name":"wp","href":"https:\/\/api.w.org\/{rel}","templated":true}]}}