{"id":1695760,"date":"2022-12-22T06:00:00","date_gmt":"2022-12-22T06:00:00","guid":{"rendered":"https:\/\/www.myzen.tv\/?p=1695760"},"modified":"2022-12-21T13:37:00","modified_gmt":"2022-12-21T13:37:00","slug":"ou-feter-le-nouvel-an-en-couple-famille-ou-amis","status":"publish","type":"post","link":"https:\/\/www.myzen.tv\/fr\/ou-feter-le-nouvel-an-en-couple-famille-ou-amis\/","title":{"rendered":"O\u00f9 f\u00eater le nouvel an ? En couple, famille ou amis."},"content":{"rendered":"\n<p>C&rsquo;est l&rsquo;\u00e9ternelle question que l&rsquo;on se pose bien souvent trop tard :  \u00bb Qu&rsquo;est-ce qu&rsquo;on fait pour le nouvel an ? \u00bb. Malheureusement, le timing serr\u00e9 calme les ardeurs des plus baroudeurs&#8230; et c&rsquo;est dommage ! Aujourd&rsquo;hui, <a href=\"https:\/\/www.myzen.tv\/fr\/\">MyZen TV<\/a> vous propose de d\u00e9couvrir<strong> trois destinations pour passer le nouvel an<\/strong> en couple, en famille ou en amis.<\/p>\n\n\n\n<h2 class=\"wp-block-heading\">Montmartre &#8211; L&#8217;embl\u00e8me des amoureux<\/h2>\n\n\n\n<figure class=\"wp-block-image size-large\"><img loading=\"lazy\" decoding=\"async\" width=\"1024\" height=\"683\" src=\"https:\/\/www.myzen.tv\/wp-content\/uploads\/2022\/12\/pexels-rosivan-morais-4324002-1024x683.jpg\" alt=\"\" class=\"wp-image-1695761\" srcset=\"https:\/\/www.myzen.tv\/wp-content\/uploads\/2022\/12\/pexels-rosivan-morais-4324002-1024x683.jpg 1024w, https:\/\/www.myzen.tv\/wp-content\/uploads\/2022\/12\/pexels-rosivan-morais-4324002-300x200.jpg 300w, https:\/\/www.myzen.tv\/wp-content\/uploads\/2022\/12\/pexels-rosivan-morais-4324002-768x512.jpg 768w, https:\/\/www.myzen.tv\/wp-content\/uploads\/2022\/12\/pexels-rosivan-morais-4324002-1536x1024.jpg 1536w, https:\/\/www.myzen.tv\/wp-content\/uploads\/2022\/12\/pexels-rosivan-morais-4324002-2048x1365.jpg 2048w, https:\/\/www.myzen.tv\/wp-content\/uploads\/2022\/12\/pexels-rosivan-morais-4324002-285x190.jpg 285w, https:\/\/www.myzen.tv\/wp-content\/uploads\/2022\/12\/pexels-rosivan-morais-4324002-210x140.jpg 210w, https:\/\/www.myzen.tv\/wp-content\/uploads\/2022\/12\/pexels-rosivan-morais-4324002-533x355.jpg 533w\" sizes=\"auto, (max-width: 1024px) 100vw, 1024px\" \/><\/figure>\n\n\n\n<p>Pour un r\u00e9veillon romantique, pourquoi ne pas vous rendre \u00e0 Montmartre ? Ce petit village au c\u0153ur de Paris a un charme fou et regorge de restaurants plus ou moins intimistes. Apr\u00e8s le d\u00eener, vous pourrez admirer le feu d&rsquo;artifice depuis le Sacr\u00e9-C\u0153ur avec votre \u00e2me s\u0153ur. Apr\u00e8s tout, on comprend pourquoi Paris est la ville des amoureux&#8230;<\/p>\n\n\n\n<h2 class=\"wp-block-heading\">Disneyland Paris &#8211; Une famille \u00e9merveill\u00e9e<\/h2>\n\n\n\n<figure class=\"wp-block-image size-large\"><img loading=\"lazy\" decoding=\"async\" width=\"819\" height=\"1024\" src=\"https:\/\/www.myzen.tv\/wp-content\/uploads\/2022\/12\/pexels-rick-han-3428289-819x1024.jpg\" alt=\"\" class=\"wp-image-1695763\" srcset=\"https:\/\/www.myzen.tv\/wp-content\/uploads\/2022\/12\/pexels-rick-han-3428289-819x1024.jpg 819w, https:\/\/www.myzen.tv\/wp-content\/uploads\/2022\/12\/pexels-rick-han-3428289-240x300.jpg 240w, https:\/\/www.myzen.tv\/wp-content\/uploads\/2022\/12\/pexels-rick-han-3428289-768x960.jpg 768w, https:\/\/www.myzen.tv\/wp-content\/uploads\/2022\/12\/pexels-rick-han-3428289-1229x1536.jpg 1229w, https:\/\/www.myzen.tv\/wp-content\/uploads\/2022\/12\/pexels-rick-han-3428289-1638x2048.jpg 1638w, https:\/\/www.myzen.tv\/wp-content\/uploads\/2022\/12\/pexels-rick-han-3428289-152x190.jpg 152w, https:\/\/www.myzen.tv\/wp-content\/uploads\/2022\/12\/pexels-rick-han-3428289-112x140.jpg 112w, https:\/\/www.myzen.tv\/wp-content\/uploads\/2022\/12\/pexels-rick-han-3428289-284x355.jpg 284w, https:\/\/www.myzen.tv\/wp-content\/uploads\/2022\/12\/pexels-rick-han-3428289-scaled.jpg 2048w\" sizes=\"auto, (max-width: 819px) 100vw, 819px\" \/><\/figure>\n\n\n\n<p>Il n&rsquo;y a pas de doute, c&rsquo;est certainement le r\u00eave de tous les petits&#8230; Et de certains adultes ! Visiter l&rsquo;univers de la plus c\u00e9l\u00e8bre des souris le soir du 31 d\u00e9cembre est une exp\u00e9rience inoubliable. Surtout pour son immense feu d&rsquo;artifice autour du ch\u00e2teau de Cendrillon.<\/p>\n\n\n\n<h2 class=\"wp-block-heading\">Dublin &#8211; La capitale de l&rsquo;amiti\u00e9<\/h2>\n\n\n\n<figure class=\"wp-block-image size-large\"><img loading=\"lazy\" decoding=\"async\" width=\"1024\" height=\"683\" src=\"https:\/\/www.myzen.tv\/wp-content\/uploads\/2022\/12\/pexels-steven-hylands-1650882-1024x683.jpg\" alt=\"\" class=\"wp-image-1695765\" srcset=\"https:\/\/www.myzen.tv\/wp-content\/uploads\/2022\/12\/pexels-steven-hylands-1650882-1024x683.jpg 1024w, https:\/\/www.myzen.tv\/wp-content\/uploads\/2022\/12\/pexels-steven-hylands-1650882-300x200.jpg 300w, https:\/\/www.myzen.tv\/wp-content\/uploads\/2022\/12\/pexels-steven-hylands-1650882-768x512.jpg 768w, https:\/\/www.myzen.tv\/wp-content\/uploads\/2022\/12\/pexels-steven-hylands-1650882-1536x1024.jpg 1536w, https:\/\/www.myzen.tv\/wp-content\/uploads\/2022\/12\/pexels-steven-hylands-1650882-2048x1365.jpg 2048w, https:\/\/www.myzen.tv\/wp-content\/uploads\/2022\/12\/pexels-steven-hylands-1650882-285x190.jpg 285w, https:\/\/www.myzen.tv\/wp-content\/uploads\/2022\/12\/pexels-steven-hylands-1650882-210x140.jpg 210w, https:\/\/www.myzen.tv\/wp-content\/uploads\/2022\/12\/pexels-steven-hylands-1650882-532x355.jpg 532w\" sizes=\"auto, (max-width: 1024px) 100vw, 1024px\" \/><\/figure>\n\n\n\n<p><strong>Pour f\u00eater le nouvel an entre amis<\/strong>, il est tr\u00e8s sympathique de partir pour une destination en Europe et Dublin est la capitale id\u00e9ale. Dans une ambiance joyeuse, vous arpenterez les rues de pubs en pubs avec l&rsquo;accueil chaleureux des Irlandais. Mais avant cela, nous vous conseillons de go\u00fbter \u00e0 la gastronomie irlandaise !  <\/p>\n\n\n\n<p>Toute l&rsquo;\u00e9quipe de MyZen TV vous souhaite une bonne fin d&rsquo;ann\u00e9e ! <\/p>\n\n\n\n<p>Ne loupez pas nos programmes de f\u00eates sur notre <a href=\"https:\/\/watch.myzen.tv\">plateforme de streaming<\/a><\/p>\n","protected":false},"excerpt":{"rendered":"<p>C&rsquo;est l&rsquo;\u00e9ternelle question que l&rsquo;on se pose bien souvent trop tard : \u00bb Qu&rsquo;est-ce qu&rsquo;on fait pour le nouvel an ? \u00bb. Malheureusement, le timing serr\u00e9 calme les ardeurs des plus baroudeurs&#8230; et c&rsquo;est dommage ! Aujourd&rsquo;hui, MyZen TV vous propose de d\u00e9couvrir trois destinations pour passer le nouvel an en couple, en famille ou [&hellip;]<\/p>\n","protected":false},"author":13,"featured_media":1695784,"comment_status":"closed","ping_status":"closed","sticky":false,"template":"","format":"standard","meta":{"episode_type":"","audio_file":"","cover_image":"","cover_image_id":"","duration":"","filesize":"","date_recorded":"","explicit":"","block":"","itunes_episode_number":"","itunes_title":"","itunes_season_number":"","itunes_episode_type":"","filesize_raw":"","footnotes":""},"categories":[16],"tags":[],"group":[],"support":[],"class_list":["post-1695760","post","type-post","status-publish","format-standard","has-post-thumbnail","hentry","category-a-la-une"],"yoast_head":"<!-- This site is optimized with the Yoast SEO plugin v24.0 - https:\/\/yoast.com\/wordpress\/plugins\/seo\/ -->\n<title>O\u00f9 f\u00eater le nouvel an ? En couple, famille ou amis. - MyZen TV<\/title>\n<meta name=\"description\" content=\"Aujourd\u2019hui MyZen TV vous propose trois destinations pour le nouvel an en fonction de votre situation familiale !\" \/>\n<meta name=\"robots\" content=\"index, follow, max-snippet:-1, max-image-preview:large, max-video-preview:-1\" \/>\n<link rel=\"canonical\" href=\"https:\/\/www.myzen.tv\/fr\/ou-feter-le-nouvel-an-en-couple-famille-ou-amis\/\" \/>\n<meta property=\"og:locale\" content=\"fr_FR\" \/>\n<meta property=\"og:type\" content=\"article\" \/>\n<meta property=\"og:title\" content=\"O\u00f9 f\u00eater le nouvel an ? En couple, famille ou amis. - MyZen TV\" \/>\n<meta property=\"og:description\" content=\"Aujourd\u2019hui MyZen TV vous propose trois destinations pour le nouvel an en fonction de votre situation familiale !\" \/>\n<meta property=\"og:url\" content=\"https:\/\/www.myzen.tv\/fr\/ou-feter-le-nouvel-an-en-couple-famille-ou-amis\/\" \/>\n<meta property=\"og:site_name\" content=\"MyZen TV\" \/>\n<meta property=\"article:publisher\" content=\"https:\/\/www.facebook.com\/myzen.tv.fr\/\" \/>\n<meta property=\"article:published_time\" content=\"2022-12-22T06:00:00+00:00\" \/>\n<meta property=\"article:modified_time\" content=\"2022-12-21T13:37:00+00:00\" \/>\n<meta property=\"og:image\" content=\"https:\/\/www.myzen.tv\/wp-content\/uploads\/2022\/12\/ian-schneider-PAykYb-8Er8-unsplash-scaled.jpg\" \/>\n\t<meta property=\"og:image:width\" content=\"2560\" \/>\n\t<meta property=\"og:image:height\" content=\"1709\" \/>\n\t<meta property=\"og:image:type\" content=\"image\/jpeg\" \/>\n<meta name=\"author\" content=\"Gilles Farina\" \/>\n<meta name=\"twitter:card\" content=\"summary_large_image\" \/>\n<meta name=\"twitter:label1\" content=\"\u00c9crit par\" \/>\n\t<meta name=\"twitter:data1\" content=\"Gilles Farina\" \/>\n\t<meta name=\"twitter:label2\" content=\"Dur\u00e9e de lecture estim\u00e9e\" \/>\n\t<meta name=\"twitter:data2\" content=\"2 minutes\" \/>\n<!-- \/ Yoast SEO plugin. -->","yoast_head_json":{"title":"O\u00f9 f\u00eater le nouvel an ? En couple, famille ou amis. - MyZen TV","description":"Aujourd\u2019hui MyZen TV vous propose trois destinations pour le nouvel an en fonction de votre situation familiale !","robots":{"index":"index","follow":"follow","max-snippet":"max-snippet:-1","max-image-preview":"max-image-preview:large","max-video-preview":"max-video-preview:-1"},"canonical":"https:\/\/www.myzen.tv\/fr\/ou-feter-le-nouvel-an-en-couple-famille-ou-amis\/","og_locale":"fr_FR","og_type":"article","og_title":"O\u00f9 f\u00eater le nouvel an ? En couple, famille ou amis. - MyZen TV","og_description":"Aujourd\u2019hui MyZen TV vous propose trois destinations pour le nouvel an en fonction de votre situation familiale !","og_url":"https:\/\/www.myzen.tv\/fr\/ou-feter-le-nouvel-an-en-couple-famille-ou-amis\/","og_site_name":"MyZen TV","article_publisher":"https:\/\/www.facebook.com\/myzen.tv.fr\/","article_published_time":"2022-12-22T06:00:00+00:00","article_modified_time":"2022-12-21T13:37:00+00:00","og_image":[{"width":2560,"height":1709,"url":"https:\/\/www.myzen.tv\/wp-content\/uploads\/2022\/12\/ian-schneider-PAykYb-8Er8-unsplash-scaled.jpg","type":"image\/jpeg"}],"author":"Gilles Farina","twitter_card":"summary_large_image","twitter_misc":{"\u00c9crit par":"Gilles Farina","Dur\u00e9e de lecture estim\u00e9e":"2 minutes"},"schema":{"@context":"https:\/\/schema.org","@graph":[{"@type":"Article","@id":"https:\/\/www.myzen.tv\/fr\/ou-feter-le-nouvel-an-en-couple-famille-ou-amis\/#article","isPartOf":{"@id":"https:\/\/www.myzen.tv\/fr\/ou-feter-le-nouvel-an-en-couple-famille-ou-amis\/"},"author":{"name":"Gilles Farina","@id":"https:\/\/www.myzen.tv\/fr\/#\/schema\/person\/978a9e7addfdccd3326847815bc2aca6"},"headline":"O\u00f9 f\u00eater le nouvel an ? En couple, famille ou amis.","datePublished":"2022-12-22T06:00:00+00:00","dateModified":"2022-12-21T13:37:00+00:00","mainEntityOfPage":{"@id":"https:\/\/www.myzen.tv\/fr\/ou-feter-le-nouvel-an-en-couple-famille-ou-amis\/"},"wordCount":281,"publisher":{"@id":"https:\/\/www.myzen.tv\/fr\/#organization"},"image":{"@id":"https:\/\/www.myzen.tv\/fr\/ou-feter-le-nouvel-an-en-couple-famille-ou-amis\/#primaryimage"},"thumbnailUrl":"https:\/\/www.myzen.tv\/wp-content\/uploads\/2022\/12\/ian-schneider-PAykYb-8Er8-unsplash-scaled.jpg","articleSection":["A la une"],"inLanguage":"fr-FR"},{"@type":"WebPage","@id":"https:\/\/www.myzen.tv\/fr\/ou-feter-le-nouvel-an-en-couple-famille-ou-amis\/","url":"https:\/\/www.myzen.tv\/fr\/ou-feter-le-nouvel-an-en-couple-famille-ou-amis\/","name":"O\u00f9 f\u00eater le nouvel an ? En couple, famille ou amis. - MyZen TV","isPartOf":{"@id":"https:\/\/www.myzen.tv\/fr\/#website"},"primaryImageOfPage":{"@id":"https:\/\/www.myzen.tv\/fr\/ou-feter-le-nouvel-an-en-couple-famille-ou-amis\/#primaryimage"},"image":{"@id":"https:\/\/www.myzen.tv\/fr\/ou-feter-le-nouvel-an-en-couple-famille-ou-amis\/#primaryimage"},"thumbnailUrl":"https:\/\/www.myzen.tv\/wp-content\/uploads\/2022\/12\/ian-schneider-PAykYb-8Er8-unsplash-scaled.jpg","datePublished":"2022-12-22T06:00:00+00:00","dateModified":"2022-12-21T13:37:00+00:00","description":"Aujourd\u2019hui MyZen TV vous propose trois destinations pour le nouvel an en fonction de votre situation familiale !","breadcrumb":{"@id":"https:\/\/www.myzen.tv\/fr\/ou-feter-le-nouvel-an-en-couple-famille-ou-amis\/#breadcrumb"},"inLanguage":"fr-FR","potentialAction":[{"@type":"ReadAction","target":["https:\/\/www.myzen.tv\/fr\/ou-feter-le-nouvel-an-en-couple-famille-ou-amis\/"]}]},{"@type":"ImageObject","inLanguage":"fr-FR","@id":"https:\/\/www.myzen.tv\/fr\/ou-feter-le-nouvel-an-en-couple-famille-ou-amis\/#primaryimage","url":"https:\/\/www.myzen.tv\/wp-content\/uploads\/2022\/12\/ian-schneider-PAykYb-8Er8-unsplash-scaled.jpg","contentUrl":"https:\/\/www.myzen.tv\/wp-content\/uploads\/2022\/12\/ian-schneider-PAykYb-8Er8-unsplash-scaled.jpg","width":2560,"height":1709,"caption":"O\u00f9 f\u00eater le nouvel an ?"},{"@type":"BreadcrumbList","@id":"https:\/\/www.myzen.tv\/fr\/ou-feter-le-nouvel-an-en-couple-famille-ou-amis\/#breadcrumb","itemListElement":[{"@type":"ListItem","position":1,"name":"Home","item":"https:\/\/www.myzen.tv\/fr\/"},{"@type":"ListItem","position":2,"name":"O\u00f9 f\u00eater le nouvel an ? En couple, famille ou amis."}]},{"@type":"WebSite","@id":"https:\/\/www.myzen.tv\/fr\/#website","url":"https:\/\/www.myzen.tv\/fr\/","name":"MyZen TV","description":"Your lifestyle and well-being channel","publisher":{"@id":"https:\/\/www.myzen.tv\/fr\/#organization"},"potentialAction":[{"@type":"SearchAction","target":{"@type":"EntryPoint","urlTemplate":"https:\/\/www.myzen.tv\/fr\/?s={search_term_string}"},"query-input":{"@type":"PropertyValueSpecification","valueRequired":true,"valueName":"search_term_string"}}],"inLanguage":"fr-FR"},{"@type":"Organization","@id":"https:\/\/www.myzen.tv\/fr\/#organization","name":"MyZen TV","url":"https:\/\/www.myzen.tv\/fr\/","logo":{"@type":"ImageObject","inLanguage":"fr-FR","@id":"https:\/\/www.myzen.tv\/fr\/#\/schema\/logo\/image\/","url":"https:\/\/www.myzen.tv\/wp-content\/uploads\/2021\/05\/cropped-ICON_MZtv-LOGO_firetv640-1-1.png","contentUrl":"https:\/\/www.myzen.tv\/wp-content\/uploads\/2021\/05\/cropped-ICON_MZtv-LOGO_firetv640-1-1.png","width":512,"height":512,"caption":"MyZen TV"},"image":{"@id":"https:\/\/www.myzen.tv\/fr\/#\/schema\/logo\/image\/"},"sameAs":["https:\/\/www.facebook.com\/myzen.tv.fr\/","https:\/\/www.instagram.com\/myzentv\/"]},{"@type":"Person","@id":"https:\/\/www.myzen.tv\/fr\/#\/schema\/person\/978a9e7addfdccd3326847815bc2aca6","name":"Gilles Farina","url":"https:\/\/www.myzen.tv\/fr\/author\/giles-farina\/"}]}},"_links":{"self":[{"href":"https:\/\/www.myzen.tv\/fr\/wp-json\/wp\/v2\/posts\/1695760","targetHints":{"allow":["GET"]}}],"collection":[{"href":"https:\/\/www.myzen.tv\/fr\/wp-json\/wp\/v2\/posts"}],"about":[{"href":"https:\/\/www.myzen.tv\/fr\/wp-json\/wp\/v2\/types\/post"}],"author":[{"embeddable":true,"href":"https:\/\/www.myzen.tv\/fr\/wp-json\/wp\/v2\/users\/13"}],"replies":[{"embeddable":true,"href":"https:\/\/www.myzen.tv\/fr\/wp-json\/wp\/v2\/comments?post=1695760"}],"version-history":[{"count":2,"href":"https:\/\/www.myzen.tv\/fr\/wp-json\/wp\/v2\/posts\/1695760\/revisions"}],"predecessor-version":[{"id":1695786,"href":"https:\/\/www.myzen.tv\/fr\/wp-json\/wp\/v2\/posts\/1695760\/revisions\/1695786"}],"wp:featuredmedia":[{"embeddable":true,"href":"https:\/\/www.myzen.tv\/fr\/wp-json\/wp\/v2\/media\/1695784"}],"wp:attachment":[{"href":"https:\/\/www.myzen.tv\/fr\/wp-json\/wp\/v2\/media?parent=1695760"}],"wp:term":[{"taxonomy":"category","embeddable":true,"href":"https:\/\/www.myzen.tv\/fr\/wp-json\/wp\/v2\/categories?post=1695760"},{"taxonomy":"post_tag","embeddable":true,"href":"https:\/\/www.myzen.tv\/fr\/wp-json\/wp\/v2\/tags?post=1695760"},{"taxonomy":"group","embeddable":true,"href":"https:\/\/www.myzen.tv\/fr\/wp-json\/wp\/v2\/group?post=1695760"},{"taxonomy":"support","embeddable":true,"href":"https:\/\/www.myzen.tv\/fr\/wp-json\/wp\/v2\/support?post=1695760"}],"curies":[{"name":"wp","href":"https:\/\/api.w.org\/{rel}","templated":true}]}}