{"id":1695829,"date":"2023-01-10T06:00:00","date_gmt":"2023-01-10T06:00:00","guid":{"rendered":"https:\/\/www.myzen.tv\/?p=1695829"},"modified":"2023-01-16T15:10:07","modified_gmt":"2023-01-16T15:10:07","slug":"raviolis-de-patate-douce-et-depinards","status":"publish","type":"post","link":"https:\/\/www.myzen.tv\/fr\/raviolis-de-patate-douce-et-depinards\/","title":{"rendered":"Raviolis de patate douce et d&rsquo;\u00e9pinards"},"content":{"rendered":"\n<p>D\u00e9couvrez une recette gourmande et g\u00e9n\u00e9reuse \u00e0 reproduire \u00e0 n&rsquo;importe quelle occasion avec l&rsquo;ensemble de votre famille : les&nbsp;<strong>raviolis de patate douce et d&rsquo;\u00e9pinards<\/strong>. Un m\u00e9lange original qui devrait vous plaire.<br>\u00c9galement, vous pouvez retrouver l&rsquo;ensemble de nos recettes juste <a href=\"https:\/\/www.myzen.tv\/fr\/tag\/recette\/\">ici<\/a> !<\/p>\n\n\n\n<h2 class=\"wp-block-heading\">Les ingr\u00e9dients : <\/h2>\n\n\n\n<h3 class=\"wp-block-heading\">Pour la p\u00e2te \u00e0 ravioli : <\/h3>\n\n\n\n<ul class=\"liste-recette has-black-color has-text-color wp-block-list\"><li><span style=\"color: initial; font-family: -apple-system, BlinkMacSystemFont, &quot;Segoe UI&quot;, Roboto, Oxygen-Sans, Ubuntu, Cantarell, &quot;Helvetica Neue&quot;, sans-serif;\">100 g de farine<\/span><\/li><li>2 \u0153ufs<\/li><li>Sel<\/li><\/ul>\n\n\n\n<h3 class=\"wp-block-heading\">Le reste : <\/h3>\n\n\n\n<ul class=\"liste-recette has-black-color has-text-color wp-block-list\"><li>100 g d&rsquo;\u00e9pinards<\/li><li>20 g d&rsquo;oignon<\/li><li>50 g de patate douce<\/li><li>10 ml d&rsquo;huile d\u2019olive<\/li><li>20 g de beurre<\/li><li>1\/4 de cuill\u00e8re \u00e0 caf\u00e9 de sel<\/li><li>1\/4 de cuill\u00e8re \u00e0 caf\u00e9 de <span style=\"color: initial; font-family: -apple-system, BlinkMacSystemFont, &quot;Segoe UI&quot;, Roboto, Oxygen-Sans, Ubuntu, Cantarell, &quot;Helvetica Neue&quot;, sans-serif;\">poivre<\/span><\/li><li>2 gousses d&rsquo;ail<\/li><li>10 g tomates s\u00e9ch\u00e9es<\/li><li>100 ml de <span style=\"color: initial; font-family: -apple-system, BlinkMacSystemFont, &quot;Segoe UI&quot;, Roboto, Oxygen-Sans, Ubuntu, Cantarell, &quot;Helvetica Neue&quot;, sans-serif;\">cr\u00e8me<\/span><\/li><li>15 g de parmesan<\/li><\/ul>\n\n\n\n<h2 class=\"wp-block-heading\">Pr\u00e9paration : <\/h2>\n\n\n\n<ul class=\"tache-recette wp-block-list\"><li>Nous allons pr\u00e9parer une <strong>p\u00e2te \u00e0 raviolis<\/strong>. Dans un bol casser les \u0153ufs en s\u00e9parant le blanc, des jaunes. Puis, ajouter une pinc\u00e9e de sel et m\u00e9langer les jaunes d\u2019\u0153ufs. <\/li><li>Sur le plan de travail tamiser la farine. Faire un puit et y ajouter les jaunes d&rsquo;\u0153ufs petit \u00e0 petit&nbsp;et m\u00e9langer jusqu\u2019\u00e0 obtenir la p\u00e2te. <\/li><li>Ensuite, d\u00e9couper des morceaux et les aplatir au rouleau \u00e0 p\u00e2tisserie jusqu&rsquo;\u00e0 ce qu\u2019elle soit fine. <\/li><li>Dans un r\u00e9cipient, r\u00e2per le parmesan.<\/li><li>Ensuite, il faut d\u00e9couper la patate douce en cubes, couper finement l\u2019oignon, les tomates s\u00e9ch\u00e9es et l\u2019ail. <\/li><li>Dans de l\u2019eau bouillante, ajouter une pinc\u00e9e de sel, un filet d\u2019huile d\u2019olive&nbsp;et ajouter la patate douce. Vous pouvez directement piquer avec la pointe de votre couteau la patate douce pour conna\u00eetre sa cuisson, puis retirer du feu.  <\/li><li>Dans une po\u00eale, ajouter l\u2019huile d\u2019olive, le beurre, les oignons et l\u2019ail. Puis, ajouter les <strong>\u00e9pinards<\/strong> ainsi que les tomates s\u00e9ch\u00e9es. Pour l&rsquo;assaisonnement, saler et poivrer et la retirer du feu. <\/li><li>Dans une seconde po\u00eale, verser de la cr\u00e8me, ajouter le parmesan et du sel. <\/li><li>Dans un mixeur, ajouter la <strong>patate douce<\/strong> et la cr\u00e8me obtenue. <\/li><li>Prendre un morceau de votre p\u00e2te&nbsp;d\u00e9coup\u00e9 et y disposer le m\u00e9lange avec les \u00e9pinards au centre de la p\u00e2te avec une cuill\u00e8re \u00e0 caf\u00e9. <\/li><li>Avec un pinceau, mettre du blanc d\u2019\u0153uf autour de la p\u00e2te&nbsp;et la rabattre et appuyer pour former les raviolis. <\/li><li>Dans de l\u2019eau bouillante, mettre de l\u2019huile et une pinc\u00e9e de sel. Puis plonger les raviolis dans l\u2019eau. Apr\u00e8s quelques minutes de cuisson les sortir de l&rsquo;eau.<\/li><li>Enfin, pour la disposition, dans une assiette mettre le reste de la cr\u00e8me&nbsp;qu&rsquo;il vous reste ainsi que le m\u00e9lange de patate douce. Puis ajouter les raviolis&nbsp;cuits ainsi que le parmesan sur le dessus&nbsp;puis d\u00e9guster. <\/li><\/ul>\n\n\n\n<h2 class=\"wp-block-heading\">Astuces : <\/h2>\n\n\n\n<p>Pour la cuisson des raviolis, il est pr\u00e9f\u00e9rable de les faire cuire dans un grand volume d&rsquo;eau sal\u00e9 pendant 5 \u00e0 6 minutes afin d&rsquo;obtenir une meilleure consistance. <\/p>\n\n\n\n<p>Si vous souhaitez regarder directement notre recette de raviolis de patate douce et d&rsquo;\u00e9pinards sur notre plateforme de streaming cliquez ci-dessous. <\/p>\n\n\n\n<div class=\"wp-block-buttons is-horizontal is-content-justification-center is-layout-flex wp-container-core-buttons-is-layout-1 wp-block-buttons-is-layout-flex\">\n<div class=\"wp-block-button has-custom-width wp-block-button__width-25 has-custom-font-size is-style-fill\" style=\"font-size:16px\"><a class=\"wp-block-button__link\" href=\"https:\/\/watch.myzen.tv\/content\/pastateca-raviolis-aux-patates-douces-et-aux-epinards\" style=\"border-radius:100px\" target=\"_blank\" rel=\"noreferrer noopener\">Regarder<\/a><\/div>\n<\/div>\n","protected":false},"excerpt":{"rendered":"<p>D\u00e9couvrez une recette gourmande et g\u00e9n\u00e9reuse \u00e0 reproduire \u00e0 n&rsquo;importe quelle occasion avec l&rsquo;ensemble de votre famille : les&nbsp;raviolis de patate douce et d&rsquo;\u00e9pinards. Un m\u00e9lange original qui devrait vous plaire.\u00c9galement, vous pouvez retrouver l&rsquo;ensemble de nos recettes juste ici ! Les ingr\u00e9dients : Pour la p\u00e2te \u00e0 ravioli : 100 g de farine 2 [&hellip;]<\/p>\n","protected":false},"author":14,"featured_media":1695867,"comment_status":"closed","ping_status":"closed","sticky":false,"template":"","format":"standard","meta":{"episode_type":"","audio_file":"","cover_image":"","cover_image_id":"","duration":"","filesize":"","date_recorded":"","explicit":"","block":"","itunes_episode_number":"","itunes_title":"","itunes_season_number":"","itunes_episode_type":"","filesize_raw":"","footnotes":""},"categories":[16],"tags":[187,507,229],"group":[314],"support":[1270],"class_list":["post-1695829","post","type-post","status-publish","format-standard","has-post-thumbnail","hentry","category-a-la-une","tag-cuisine","tag-healthy","tag-recette","group-cuisine","support-recette"],"yoast_head":"<!-- This site is optimized with the Yoast SEO plugin v24.0 - https:\/\/yoast.com\/wordpress\/plugins\/seo\/ -->\n<title>Raviolis de patate douce et d&#039;\u00e9pinards - MyZen TV<\/title>\n<meta name=\"description\" content=\"Nous vous proposons une recette g\u00e9n\u00e9reuse et succulente \u00e0 refaire en famille ou entres amis : les raviolis de patate douce et d&#039;\u00e9pinards.\" \/>\n<meta name=\"robots\" content=\"index, follow, max-snippet:-1, max-image-preview:large, max-video-preview:-1\" \/>\n<link rel=\"canonical\" href=\"https:\/\/www.myzen.tv\/fr\/raviolis-de-patate-douce-et-depinards\/\" \/>\n<meta property=\"og:locale\" content=\"fr_FR\" \/>\n<meta property=\"og:type\" content=\"article\" \/>\n<meta property=\"og:title\" content=\"Raviolis de patate douce et d&#039;\u00e9pinards - MyZen TV\" \/>\n<meta property=\"og:description\" content=\"Nous vous proposons une recette g\u00e9n\u00e9reuse et succulente \u00e0 refaire en famille ou entres amis : les raviolis de patate douce et d&#039;\u00e9pinards.\" \/>\n<meta property=\"og:url\" content=\"https:\/\/www.myzen.tv\/fr\/raviolis-de-patate-douce-et-depinards\/\" \/>\n<meta property=\"og:site_name\" content=\"MyZen TV\" \/>\n<meta property=\"article:publisher\" content=\"https:\/\/www.facebook.com\/myzen.tv.fr\/\" \/>\n<meta property=\"article:published_time\" content=\"2023-01-10T06:00:00+00:00\" \/>\n<meta property=\"article:modified_time\" content=\"2023-01-16T15:10:07+00:00\" \/>\n<meta property=\"og:image\" content=\"https:\/\/www.myzen.tv\/wp-content\/uploads\/2022\/12\/Raviolis-de-patate-douce-et-depinards-e1672236222595.jpeg\" \/>\n\t<meta property=\"og:image:width\" content=\"1320\" \/>\n\t<meta property=\"og:image:height\" content=\"744\" \/>\n\t<meta property=\"og:image:type\" content=\"image\/jpeg\" \/>\n<meta name=\"author\" content=\"L\u00e9o LELIEVRE\" \/>\n<meta name=\"twitter:card\" content=\"summary_large_image\" \/>\n<meta name=\"twitter:label1\" content=\"\u00c9crit par\" \/>\n\t<meta name=\"twitter:data1\" content=\"L\u00e9o LELIEVRE\" \/>\n\t<meta name=\"twitter:label2\" content=\"Dur\u00e9e de lecture estim\u00e9e\" \/>\n\t<meta name=\"twitter:data2\" content=\"2 minutes\" \/>\n<!-- \/ Yoast SEO plugin. -->","yoast_head_json":{"title":"Raviolis de patate douce et d'\u00e9pinards - MyZen TV","description":"Nous vous proposons une recette g\u00e9n\u00e9reuse et succulente \u00e0 refaire en famille ou entres amis : les raviolis de patate douce et d'\u00e9pinards.","robots":{"index":"index","follow":"follow","max-snippet":"max-snippet:-1","max-image-preview":"max-image-preview:large","max-video-preview":"max-video-preview:-1"},"canonical":"https:\/\/www.myzen.tv\/fr\/raviolis-de-patate-douce-et-depinards\/","og_locale":"fr_FR","og_type":"article","og_title":"Raviolis de patate douce et d'\u00e9pinards - MyZen TV","og_description":"Nous vous proposons une recette g\u00e9n\u00e9reuse et succulente \u00e0 refaire en famille ou entres amis : les raviolis de patate douce et d'\u00e9pinards.","og_url":"https:\/\/www.myzen.tv\/fr\/raviolis-de-patate-douce-et-depinards\/","og_site_name":"MyZen TV","article_publisher":"https:\/\/www.facebook.com\/myzen.tv.fr\/","article_published_time":"2023-01-10T06:00:00+00:00","article_modified_time":"2023-01-16T15:10:07+00:00","og_image":[{"width":1320,"height":744,"url":"https:\/\/www.myzen.tv\/wp-content\/uploads\/2022\/12\/Raviolis-de-patate-douce-et-depinards-e1672236222595.jpeg","type":"image\/jpeg"}],"author":"L\u00e9o LELIEVRE","twitter_card":"summary_large_image","twitter_misc":{"\u00c9crit par":"L\u00e9o LELIEVRE","Dur\u00e9e de lecture estim\u00e9e":"2 minutes"},"schema":{"@context":"https:\/\/schema.org","@graph":[{"@type":"Article","@id":"https:\/\/www.myzen.tv\/fr\/raviolis-de-patate-douce-et-depinards\/#article","isPartOf":{"@id":"https:\/\/www.myzen.tv\/fr\/raviolis-de-patate-douce-et-depinards\/"},"author":{"name":"L\u00e9o LELIEVRE","@id":"https:\/\/www.myzen.tv\/fr\/#\/schema\/person\/e0ad5322736b5c9949045020629c63d4"},"headline":"Raviolis de patate douce et d&rsquo;\u00e9pinards","datePublished":"2023-01-10T06:00:00+00:00","dateModified":"2023-01-16T15:10:07+00:00","mainEntityOfPage":{"@id":"https:\/\/www.myzen.tv\/fr\/raviolis-de-patate-douce-et-depinards\/"},"wordCount":512,"publisher":{"@id":"https:\/\/www.myzen.tv\/fr\/#organization"},"image":{"@id":"https:\/\/www.myzen.tv\/fr\/raviolis-de-patate-douce-et-depinards\/#primaryimage"},"thumbnailUrl":"https:\/\/www.myzen.tv\/wp-content\/uploads\/2022\/12\/Raviolis-de-patate-douce-et-depinards-e1672236222595.jpeg","keywords":["cuisine","healthy","recette"],"articleSection":["A la une"],"inLanguage":"fr-FR"},{"@type":"WebPage","@id":"https:\/\/www.myzen.tv\/fr\/raviolis-de-patate-douce-et-depinards\/","url":"https:\/\/www.myzen.tv\/fr\/raviolis-de-patate-douce-et-depinards\/","name":"Raviolis de patate douce et d'\u00e9pinards - MyZen TV","isPartOf":{"@id":"https:\/\/www.myzen.tv\/fr\/#website"},"primaryImageOfPage":{"@id":"https:\/\/www.myzen.tv\/fr\/raviolis-de-patate-douce-et-depinards\/#primaryimage"},"image":{"@id":"https:\/\/www.myzen.tv\/fr\/raviolis-de-patate-douce-et-depinards\/#primaryimage"},"thumbnailUrl":"https:\/\/www.myzen.tv\/wp-content\/uploads\/2022\/12\/Raviolis-de-patate-douce-et-depinards-e1672236222595.jpeg","datePublished":"2023-01-10T06:00:00+00:00","dateModified":"2023-01-16T15:10:07+00:00","description":"Nous vous proposons une recette g\u00e9n\u00e9reuse et succulente \u00e0 refaire en famille ou entres amis : les raviolis de patate douce et d'\u00e9pinards.","breadcrumb":{"@id":"https:\/\/www.myzen.tv\/fr\/raviolis-de-patate-douce-et-depinards\/#breadcrumb"},"inLanguage":"fr-FR","potentialAction":[{"@type":"ReadAction","target":["https:\/\/www.myzen.tv\/fr\/raviolis-de-patate-douce-et-depinards\/"]}]},{"@type":"ImageObject","inLanguage":"fr-FR","@id":"https:\/\/www.myzen.tv\/fr\/raviolis-de-patate-douce-et-depinards\/#primaryimage","url":"https:\/\/www.myzen.tv\/wp-content\/uploads\/2022\/12\/Raviolis-de-patate-douce-et-depinards-e1672236222595.jpeg","contentUrl":"https:\/\/www.myzen.tv\/wp-content\/uploads\/2022\/12\/Raviolis-de-patate-douce-et-depinards-e1672236222595.jpeg","width":1320,"height":744,"caption":"Raviolis de patate douce et d'\u00e9pinards"},{"@type":"BreadcrumbList","@id":"https:\/\/www.myzen.tv\/fr\/raviolis-de-patate-douce-et-depinards\/#breadcrumb","itemListElement":[{"@type":"ListItem","position":1,"name":"Home","item":"https:\/\/www.myzen.tv\/fr\/"},{"@type":"ListItem","position":2,"name":"Cuisine","item":"https:\/\/www.myzen.tv\/fr\/theme\/cuisine\/"},{"@type":"ListItem","position":3,"name":"Raviolis de patate douce et d&#8217;\u00e9pinards"}]},{"@type":"WebSite","@id":"https:\/\/www.myzen.tv\/fr\/#website","url":"https:\/\/www.myzen.tv\/fr\/","name":"MyZen TV","description":"Your lifestyle and well-being channel","publisher":{"@id":"https:\/\/www.myzen.tv\/fr\/#organization"},"potentialAction":[{"@type":"SearchAction","target":{"@type":"EntryPoint","urlTemplate":"https:\/\/www.myzen.tv\/fr\/?s={search_term_string}"},"query-input":{"@type":"PropertyValueSpecification","valueRequired":true,"valueName":"search_term_string"}}],"inLanguage":"fr-FR"},{"@type":"Organization","@id":"https:\/\/www.myzen.tv\/fr\/#organization","name":"MyZen TV","url":"https:\/\/www.myzen.tv\/fr\/","logo":{"@type":"ImageObject","inLanguage":"fr-FR","@id":"https:\/\/www.myzen.tv\/fr\/#\/schema\/logo\/image\/","url":"https:\/\/www.myzen.tv\/wp-content\/uploads\/2021\/05\/cropped-ICON_MZtv-LOGO_firetv640-1-1.png","contentUrl":"https:\/\/www.myzen.tv\/wp-content\/uploads\/2021\/05\/cropped-ICON_MZtv-LOGO_firetv640-1-1.png","width":512,"height":512,"caption":"MyZen TV"},"image":{"@id":"https:\/\/www.myzen.tv\/fr\/#\/schema\/logo\/image\/"},"sameAs":["https:\/\/www.facebook.com\/myzen.tv.fr\/","https:\/\/www.instagram.com\/myzentv\/"]},{"@type":"Person","@id":"https:\/\/www.myzen.tv\/fr\/#\/schema\/person\/e0ad5322736b5c9949045020629c63d4","name":"L\u00e9o LELIEVRE","url":"https:\/\/www.myzen.tv\/fr\/author\/leo-lelievre\/"}]}},"_links":{"self":[{"href":"https:\/\/www.myzen.tv\/fr\/wp-json\/wp\/v2\/posts\/1695829","targetHints":{"allow":["GET"]}}],"collection":[{"href":"https:\/\/www.myzen.tv\/fr\/wp-json\/wp\/v2\/posts"}],"about":[{"href":"https:\/\/www.myzen.tv\/fr\/wp-json\/wp\/v2\/types\/post"}],"author":[{"embeddable":true,"href":"https:\/\/www.myzen.tv\/fr\/wp-json\/wp\/v2\/users\/14"}],"replies":[{"embeddable":true,"href":"https:\/\/www.myzen.tv\/fr\/wp-json\/wp\/v2\/comments?post=1695829"}],"version-history":[{"count":22,"href":"https:\/\/www.myzen.tv\/fr\/wp-json\/wp\/v2\/posts\/1695829\/revisions"}],"predecessor-version":[{"id":1696377,"href":"https:\/\/www.myzen.tv\/fr\/wp-json\/wp\/v2\/posts\/1695829\/revisions\/1696377"}],"wp:featuredmedia":[{"embeddable":true,"href":"https:\/\/www.myzen.tv\/fr\/wp-json\/wp\/v2\/media\/1695867"}],"wp:attachment":[{"href":"https:\/\/www.myzen.tv\/fr\/wp-json\/wp\/v2\/media?parent=1695829"}],"wp:term":[{"taxonomy":"category","embeddable":true,"href":"https:\/\/www.myzen.tv\/fr\/wp-json\/wp\/v2\/categories?post=1695829"},{"taxonomy":"post_tag","embeddable":true,"href":"https:\/\/www.myzen.tv\/fr\/wp-json\/wp\/v2\/tags?post=1695829"},{"taxonomy":"group","embeddable":true,"href":"https:\/\/www.myzen.tv\/fr\/wp-json\/wp\/v2\/group?post=1695829"},{"taxonomy":"support","embeddable":true,"href":"https:\/\/www.myzen.tv\/fr\/wp-json\/wp\/v2\/support?post=1695829"}],"curies":[{"name":"wp","href":"https:\/\/api.w.org\/{rel}","templated":true}]}}