{"id":1696545,"date":"2023-01-26T06:00:00","date_gmt":"2023-01-26T06:00:00","guid":{"rendered":"https:\/\/www.myzen.tv\/?p=1696545"},"modified":"2023-01-27T09:53:21","modified_gmt":"2023-01-27T09:53:21","slug":"le-paradoxe-francais-mangeons-nous-sainement-en-france","status":"publish","type":"post","link":"https:\/\/www.myzen.tv\/fr\/le-paradoxe-francais-mangeons-nous-sainement-en-france\/","title":{"rendered":"Le paradoxe fran\u00e7ais\u00a0: Mangeons-nous (vraiment) sainement au pays de la gastronomie\u00a0?"},"content":{"rendered":"\n<p class=\"has-text-align-left\">Nous appr\u00e9cions tous les ap\u00e9ritifs copieux faits de charcuteries et de fromages. Les repas de No\u00ebl sont \u00e9galement propices aux exc\u00e8s. En effet nous avons tous enchain\u00e9s plats gargantuesques et bonnes bouteilles. \u00c9tait ce vraiment sain&nbsp;? Nul doute, la nourriture en exc\u00e8s et l\u2019alcool ne sont pas les meilleures prescriptions pour se maintenir en bonne sant\u00e9&nbsp;! Et pourtant, c\u2019est tout<strong> le paradoxe fran\u00e7ais<\/strong>\u2026 Notre consommation de lipides et de vin nous maintiendrait en relative bonne sant\u00e9 tout en nous prot\u00e9geant des maladies cardiovasculaires. Mais qu\u2019en est-il r\u00e9ellement&nbsp;?<\/p>\n\n\n\n<h2 class=\"wp-block-heading\">De bonnes graisses dans l\u2019assiette<\/h2>\n\n\n\n<p><strong>Le \u201cparadoxe fran\u00e7ais\u201d<\/strong> est un ph\u00e9nom\u00e8ne th\u00e9oris\u00e9 par Jacques L. Richard, Fran\u00e7ois Cambien et Pierre Ducimeti\u00e8re&nbsp;apr\u00e8s avoir compar\u00e9 les niveaux de maladies cardiovasculaires et de consommation de mati\u00e8res grasses en France. Les graisses que nous mangeons dans l\u2019hexagone seraient, probablement, de meilleures qualit\u00e9s qu\u2019outre atlantique. Une r\u00e9gion a \u00e9t\u00e9 particuli\u00e8rement \u00e9tudi\u00e9 par les \u00e9pid\u00e9miologistes&nbsp;: le sud-ouest.<\/p>\n\n\n\n<p>Mondialement connue pour sa production et sa consommation de canard, le Sud-Ouest de la France ne recense que 80 infarctus pour 100 000 habitants compar\u00e9 aux 315 des \u00c9tats-Unis. L\u2019apport en graisse est pourtant consid\u00e9rable car la consommation de canard, de foie gras et d\u2019alcool fait partie du patrimoine culinaire de la r\u00e9gion. L\u2019explication de cette sous-repr\u00e9sentation des infarctus proviendrait \u00e9tonnement d\u2019un apport cons\u00e9quent en cholest\u00e9rol\u2026 Oui mais en bon&nbsp;! En effet, le bon cholest\u00e9rol (Lipoprot\u00e9ine de haute densit\u00e9) qui prot\u00e8ge le syst\u00e8me cardio vasculaire est pr\u00e9sent en grande quantit\u00e9 dans les  r\u00e9parations de volailles et les poissons gras, comme la truite, chers aux occitans. <\/p>\n\n\n\n<p>En revanche, le mauvais cholest\u00e9rol pr\u00e9sent dans les produits sucr\u00e9s ou dans le beurre est consomm\u00e9 en moindre quantit\u00e9. Salade p\u00e9rigourdine, confit et magret de canard seraient donc les alli\u00e9s de notre c\u0153ur, de quoi se replonger dans <a href=\"https:\/\/watch.myzen.tv\/content\/luana-cuisine-le-canard\">les fameuses recettes de Luana.<\/a><\/p>\n\n\n\n<figure class=\"wp-block-image size-large\"><img loading=\"lazy\" decoding=\"async\" width=\"1024\" height=\"576\" src=\"https:\/\/www.myzen.tv\/wp-content\/uploads\/2023\/01\/Luanas-Kitchen-S.2E.40-1-1024x576.jpg\" alt=\"Magrets de canard Luana cuisine\" class=\"wp-image-1696638\" srcset=\"https:\/\/www.myzen.tv\/wp-content\/uploads\/2023\/01\/Luanas-Kitchen-S.2E.40-1-1024x576.jpg 1024w, https:\/\/www.myzen.tv\/wp-content\/uploads\/2023\/01\/Luanas-Kitchen-S.2E.40-1-300x169.jpg 300w, https:\/\/www.myzen.tv\/wp-content\/uploads\/2023\/01\/Luanas-Kitchen-S.2E.40-1-768x432.jpg 768w, https:\/\/www.myzen.tv\/wp-content\/uploads\/2023\/01\/Luanas-Kitchen-S.2E.40-1-1536x864.jpg 1536w, https:\/\/www.myzen.tv\/wp-content\/uploads\/2023\/01\/Luanas-Kitchen-S.2E.40-1-320x180.jpg 320w, https:\/\/www.myzen.tv\/wp-content\/uploads\/2023\/01\/Luanas-Kitchen-S.2E.40-1-235x132.jpg 235w, https:\/\/www.myzen.tv\/wp-content\/uploads\/2023\/01\/Luanas-Kitchen-S.2E.40-1-540x304.jpg 540w, https:\/\/www.myzen.tv\/wp-content\/uploads\/2023\/01\/Luanas-Kitchen-S.2E.40-1.jpg 1920w\" sizes=\"auto, (max-width: 1024px) 100vw, 1024px\" \/><figcaption>Magrets de canard Luana cuisine<\/figcaption><\/figure>\n\n\n\n<h2 class=\"wp-block-heading\">Le vin ? Un paradoxe fran\u00e7ais<\/h2>\n\n\n\n<p>Qui n\u2019a jamais entendu lors d\u2019un repas de famille qu\u2019un verre de <a href=\"https:\/\/www.myzen.tv\/fr\/la-recette-du-vin-chaud-inratable\/\">vin<\/a> par jour serait bon pour la sant\u00e9&nbsp;? Que s\u2019il est consomm\u00e9 avec mod\u00e9ration il nous \u00e9loignerait m\u00eame du docteur&nbsp;? Encore une fois, c&rsquo;est<strong> le paradoxe fran\u00e7ais<\/strong>.<\/p>\n\n\n\n<p>Oui, le vin occupe une place particuli\u00e8re dans le c\u0153ur des Fran\u00e7ais. Si particuli\u00e8re, qu\u2019il est l\u2019un des rares alcools \u00e0 \u00eatre tol\u00e9r\u00e9 sur le lieu de travail. Une r\u00e9glementation pas si surprenante car la France est le deuxi\u00e8me pays consommateur de vin au monde derri\u00e8re les \u00c9tats-Unis. On boit dans l\u2019hexagone plus de 3,5 milliards de bouteilles par an et en moyenne 40 litres par personne.<\/p>\n\n\n\n<p><br>Cette bonne r\u00e9putation est en partie li\u00e9e \u00e0 sa composition, le vin \u00e9tant riche en polyph\u00e9nol un puissant antioxydant pr\u00e9sent dans la peau du raisin. Pourtant, les \u00e9tudes men\u00e9es r\u00e9cemment montrent que m\u00eame consomm\u00e9 avec mod\u00e9ration, le vin reste une boisson alcoolique non essentielle voire nocive pour le corps. De quoi renforcer \u00e0 nouveau <strong>le paradoxe fran\u00e7ais<\/strong>\u2026<\/p>\n\n\n\n<figure class=\"wp-block-image size-large\"><img loading=\"lazy\" decoding=\"async\" width=\"1024\" height=\"576\" src=\"https:\/\/www.myzen.tv\/wp-content\/uploads\/2023\/01\/My-project-1-44-1024x576.jpg\" alt=\"Amis prenant l&#039;ap\u00e9ritif \u00e0 No\u00ebl\" class=\"wp-image-1696640\" srcset=\"https:\/\/www.myzen.tv\/wp-content\/uploads\/2023\/01\/My-project-1-44-1024x576.jpg 1024w, https:\/\/www.myzen.tv\/wp-content\/uploads\/2023\/01\/My-project-1-44-300x169.jpg 300w, https:\/\/www.myzen.tv\/wp-content\/uploads\/2023\/01\/My-project-1-44-768x432.jpg 768w, https:\/\/www.myzen.tv\/wp-content\/uploads\/2023\/01\/My-project-1-44-1536x864.jpg 1536w, https:\/\/www.myzen.tv\/wp-content\/uploads\/2023\/01\/My-project-1-44-320x180.jpg 320w, https:\/\/www.myzen.tv\/wp-content\/uploads\/2023\/01\/My-project-1-44-235x132.jpg 235w, https:\/\/www.myzen.tv\/wp-content\/uploads\/2023\/01\/My-project-1-44-540x304.jpg 540w, https:\/\/www.myzen.tv\/wp-content\/uploads\/2023\/01\/My-project-1-44.jpg 1920w\" sizes=\"auto, (max-width: 1024px) 100vw, 1024px\" \/><figcaption>Amis prenant l&rsquo;ap\u00e9ritif \u00e0 No\u00ebl<\/figcaption><\/figure>\n\n\n\n<h2 class=\"wp-block-heading\">Beurre ou huile d\u2019olive&nbsp;?<\/h2>\n\n\n\n<figure class=\"wp-block-image size-large\"><img loading=\"lazy\" decoding=\"async\" width=\"1024\" height=\"576\" src=\"https:\/\/www.myzen.tv\/wp-content\/uploads\/2023\/01\/My-project-1-19-1024x576.jpg\" alt=\"Beurre ou huile d&#039;olive ?\" class=\"wp-image-1696547\" srcset=\"https:\/\/www.myzen.tv\/wp-content\/uploads\/2023\/01\/My-project-1-19-1024x576.jpg 1024w, https:\/\/www.myzen.tv\/wp-content\/uploads\/2023\/01\/My-project-1-19-300x169.jpg 300w, https:\/\/www.myzen.tv\/wp-content\/uploads\/2023\/01\/My-project-1-19-768x432.jpg 768w, https:\/\/www.myzen.tv\/wp-content\/uploads\/2023\/01\/My-project-1-19-1536x864.jpg 1536w, https:\/\/www.myzen.tv\/wp-content\/uploads\/2023\/01\/My-project-1-19-320x180.jpg 320w, https:\/\/www.myzen.tv\/wp-content\/uploads\/2023\/01\/My-project-1-19-235x132.jpg 235w, https:\/\/www.myzen.tv\/wp-content\/uploads\/2023\/01\/My-project-1-19-540x304.jpg 540w, https:\/\/www.myzen.tv\/wp-content\/uploads\/2023\/01\/My-project-1-19.jpg 1920w\" sizes=\"auto, (max-width: 1024px) 100vw, 1024px\" \/><figcaption>Beurre ou huile d&rsquo;olive ?<\/figcaption><\/figure>\n\n\n\n<p>Comme nous l\u2019avons soulign\u00e9 plus haut, le beurre est en produit riche en mauvais cholest\u00e9rol et en acides gras satur\u00e9s. L\u2019huile d\u2019olive quant \u00e0 elle, regorge d\u2019acides gras insatur\u00e9s et polyinsatur\u00e9s essentiels au bon fonctionnement de l\u2019organisme. <\/p>\n\n\n\n<p>\u00c0 ces mots, nous sommes replong\u00e9s dans l\u2019\u00e9ternelle rengaine et les d\u00e9bats interminables entre la langue d&rsquo;oc et la langue d\u2019o\u00efl&nbsp;: Beurre ou huile d\u2019olive&nbsp;?<\/p>\n\n\n\n<p>Niveau sant\u00e9, la r\u00e9ponse est sans appel&nbsp;: Privil\u00e9gier d\u2019huile d\u2019olive r\u00e9duit drastiquement les maladies cardiovasculaires en comparaison \u00e0 son rival de toujours, le beurre. M\u00eame si sa consommation en France (3.5L par habitant et par an) est insignifiante par rapport \u00e0 la Gr\u00e8ce (23L par habitant et par an), son utilisation demeure largement r\u00e9pandue dans le sud de la France. De quoi privil\u00e9gier un assaisonnement \u00e0 l\u2019huile d\u2019olive pour une alimentation saine&nbsp;!<\/p>\n\n\n\n<p>Vous l\u2019aurez compris, tout est une question de mesure ! L&rsquo; important r\u00e9side dans une consommation raisonn\u00e9e et responsable&nbsp;! Une alimentation saine est compos\u00e9e d\u2019un m\u00e9lange astucieux de prot\u00e9ines, de glucides, de lipides, de fibres et de vitamines permis par la richesse de nos terroirs.  <\/p>\n\n\n\n<p>Et oui, <a href=\"https:\/\/www.myzen.tv\/fr\/10-astuces-pour-adopter-une-alimentation-equilibree\/\">manger \u00e9quilibr\u00e9<\/a>, c&rsquo;est surtout une question de <strong>savoir se faire plaisir<\/strong>. Et puis, si vous pensez avoir un petit peu abus\u00e9, n&rsquo;h\u00e9sitez pas \u00e0 faire une bonne marche digestive pour vous maintenir en pleine forme. <\/p>\n\n\n\n<p>Vous connaissez maintenant <strong>le paradoxe fran\u00e7ais<\/strong> ! Retrouvez d&rsquo;autres histoires sur la nutrition en vous rendant sur notre <a href=\"https:\/\/watch.myzen.tv\/\">plateforme de streaming<\/a> !<\/p>\n","protected":false},"excerpt":{"rendered":"<p>Nous appr\u00e9cions tous les ap\u00e9ritifs copieux faits de charcuteries et de fromages. Les repas de No\u00ebl sont \u00e9galement propices aux exc\u00e8s. En effet nous avons tous enchain\u00e9s plats gargantuesques et bonnes bouteilles. \u00c9tait ce vraiment sain&nbsp;? Nul doute, la nourriture en exc\u00e8s et l\u2019alcool ne sont pas les meilleures prescriptions pour se maintenir en bonne [&hellip;]<\/p>\n","protected":false},"author":13,"featured_media":1696551,"comment_status":"closed","ping_status":"closed","sticky":false,"template":"","format":"standard","meta":{"episode_type":"","audio_file":"","cover_image":"","cover_image_id":"","duration":"","filesize":"","date_recorded":"","explicit":"","block":"","itunes_episode_number":"","itunes_title":"","itunes_season_number":"","itunes_episode_type":"","filesize_raw":"","footnotes":""},"categories":[16],"tags":[129,187,110,111],"group":[],"support":[],"class_list":["post-1696545","post","type-post","status-publish","format-standard","has-post-thumbnail","hentry","category-a-la-une","tag-bien-etre","tag-cuisine","tag-fruits","tag-legumes"],"yoast_head":"<!-- This site is optimized with the Yoast SEO plugin v24.0 - https:\/\/yoast.com\/wordpress\/plugins\/seo\/ -->\n<title>Le Paradoxe Fran\u00e7ais\u00a0: Mangeons-nous Sainement ? - MyZen TV<\/title>\n<meta name=\"description\" content=\"Aujourd&#039;hui, revenons sur le paradoxe fran\u00e7ais... Notre consommation de lipides et de vin nous maintiendrait en relative bonne sant\u00e9 !\" \/>\n<meta name=\"robots\" content=\"index, follow, max-snippet:-1, max-image-preview:large, max-video-preview:-1\" \/>\n<link rel=\"canonical\" href=\"https:\/\/www.myzen.tv\/fr\/le-paradoxe-francais-mangeons-nous-sainement-en-france\/\" \/>\n<meta property=\"og:locale\" content=\"fr_FR\" \/>\n<meta property=\"og:type\" content=\"article\" \/>\n<meta property=\"og:title\" content=\"Le Paradoxe Fran\u00e7ais\u00a0: Mangeons-nous Sainement ? - MyZen TV\" \/>\n<meta property=\"og:description\" content=\"Aujourd&#039;hui, revenons sur le paradoxe fran\u00e7ais... Notre consommation de lipides et de vin nous maintiendrait en relative bonne sant\u00e9 !\" \/>\n<meta property=\"og:url\" content=\"https:\/\/www.myzen.tv\/fr\/le-paradoxe-francais-mangeons-nous-sainement-en-france\/\" \/>\n<meta property=\"og:site_name\" content=\"MyZen TV\" \/>\n<meta property=\"article:publisher\" content=\"https:\/\/www.facebook.com\/myzen.tv.fr\/\" \/>\n<meta property=\"article:published_time\" content=\"2023-01-26T06:00:00+00:00\" \/>\n<meta property=\"article:modified_time\" content=\"2023-01-27T09:53:21+00:00\" \/>\n<meta property=\"og:image\" content=\"https:\/\/www.myzen.tv\/wp-content\/uploads\/2023\/01\/My-project-1-21.jpg\" \/>\n\t<meta property=\"og:image:width\" content=\"1920\" \/>\n\t<meta property=\"og:image:height\" content=\"1080\" \/>\n\t<meta property=\"og:image:type\" content=\"image\/jpeg\" \/>\n<meta name=\"author\" content=\"Gilles Farina\" \/>\n<meta name=\"twitter:card\" content=\"summary_large_image\" \/>\n<meta name=\"twitter:label1\" content=\"\u00c9crit par\" \/>\n\t<meta name=\"twitter:data1\" content=\"Gilles Farina\" \/>\n\t<meta name=\"twitter:label2\" content=\"Dur\u00e9e de lecture estim\u00e9e\" \/>\n\t<meta name=\"twitter:data2\" content=\"4 minutes\" \/>\n<!-- \/ Yoast SEO plugin. -->","yoast_head_json":{"title":"Le Paradoxe Fran\u00e7ais\u00a0: Mangeons-nous Sainement ? - MyZen TV","description":"Aujourd'hui, revenons sur le paradoxe fran\u00e7ais... Notre consommation de lipides et de vin nous maintiendrait en relative bonne sant\u00e9 !","robots":{"index":"index","follow":"follow","max-snippet":"max-snippet:-1","max-image-preview":"max-image-preview:large","max-video-preview":"max-video-preview:-1"},"canonical":"https:\/\/www.myzen.tv\/fr\/le-paradoxe-francais-mangeons-nous-sainement-en-france\/","og_locale":"fr_FR","og_type":"article","og_title":"Le Paradoxe Fran\u00e7ais\u00a0: Mangeons-nous Sainement ? - MyZen TV","og_description":"Aujourd'hui, revenons sur le paradoxe fran\u00e7ais... Notre consommation de lipides et de vin nous maintiendrait en relative bonne sant\u00e9 !","og_url":"https:\/\/www.myzen.tv\/fr\/le-paradoxe-francais-mangeons-nous-sainement-en-france\/","og_site_name":"MyZen TV","article_publisher":"https:\/\/www.facebook.com\/myzen.tv.fr\/","article_published_time":"2023-01-26T06:00:00+00:00","article_modified_time":"2023-01-27T09:53:21+00:00","og_image":[{"width":1920,"height":1080,"url":"https:\/\/www.myzen.tv\/wp-content\/uploads\/2023\/01\/My-project-1-21.jpg","type":"image\/jpeg"}],"author":"Gilles Farina","twitter_card":"summary_large_image","twitter_misc":{"\u00c9crit par":"Gilles Farina","Dur\u00e9e de lecture estim\u00e9e":"4 minutes"},"schema":{"@context":"https:\/\/schema.org","@graph":[{"@type":"Article","@id":"https:\/\/www.myzen.tv\/fr\/le-paradoxe-francais-mangeons-nous-sainement-en-france\/#article","isPartOf":{"@id":"https:\/\/www.myzen.tv\/fr\/le-paradoxe-francais-mangeons-nous-sainement-en-france\/"},"author":{"name":"Gilles Farina","@id":"https:\/\/www.myzen.tv\/fr\/#\/schema\/person\/978a9e7addfdccd3326847815bc2aca6"},"headline":"Le paradoxe fran\u00e7ais\u00a0: Mangeons-nous (vraiment) sainement au pays de la gastronomie\u00a0?","datePublished":"2023-01-26T06:00:00+00:00","dateModified":"2023-01-27T09:53:21+00:00","mainEntityOfPage":{"@id":"https:\/\/www.myzen.tv\/fr\/le-paradoxe-francais-mangeons-nous-sainement-en-france\/"},"wordCount":842,"publisher":{"@id":"https:\/\/www.myzen.tv\/fr\/#organization"},"image":{"@id":"https:\/\/www.myzen.tv\/fr\/le-paradoxe-francais-mangeons-nous-sainement-en-france\/#primaryimage"},"thumbnailUrl":"https:\/\/www.myzen.tv\/wp-content\/uploads\/2023\/01\/My-project-1-21.jpg","keywords":["bien-\u00eatre","cuisine","fruits","l\u00e9gumes"],"articleSection":["A la une"],"inLanguage":"fr-FR"},{"@type":"WebPage","@id":"https:\/\/www.myzen.tv\/fr\/le-paradoxe-francais-mangeons-nous-sainement-en-france\/","url":"https:\/\/www.myzen.tv\/fr\/le-paradoxe-francais-mangeons-nous-sainement-en-france\/","name":"Le Paradoxe Fran\u00e7ais\u00a0: Mangeons-nous Sainement ? - MyZen TV","isPartOf":{"@id":"https:\/\/www.myzen.tv\/fr\/#website"},"primaryImageOfPage":{"@id":"https:\/\/www.myzen.tv\/fr\/le-paradoxe-francais-mangeons-nous-sainement-en-france\/#primaryimage"},"image":{"@id":"https:\/\/www.myzen.tv\/fr\/le-paradoxe-francais-mangeons-nous-sainement-en-france\/#primaryimage"},"thumbnailUrl":"https:\/\/www.myzen.tv\/wp-content\/uploads\/2023\/01\/My-project-1-21.jpg","datePublished":"2023-01-26T06:00:00+00:00","dateModified":"2023-01-27T09:53:21+00:00","description":"Aujourd'hui, revenons sur le paradoxe fran\u00e7ais... Notre consommation de lipides et de vin nous maintiendrait en relative bonne sant\u00e9 !","breadcrumb":{"@id":"https:\/\/www.myzen.tv\/fr\/le-paradoxe-francais-mangeons-nous-sainement-en-france\/#breadcrumb"},"inLanguage":"fr-FR","potentialAction":[{"@type":"ReadAction","target":["https:\/\/www.myzen.tv\/fr\/le-paradoxe-francais-mangeons-nous-sainement-en-france\/"]}]},{"@type":"ImageObject","inLanguage":"fr-FR","@id":"https:\/\/www.myzen.tv\/fr\/le-paradoxe-francais-mangeons-nous-sainement-en-france\/#primaryimage","url":"https:\/\/www.myzen.tv\/wp-content\/uploads\/2023\/01\/My-project-1-21.jpg","contentUrl":"https:\/\/www.myzen.tv\/wp-content\/uploads\/2023\/01\/My-project-1-21.jpg","width":1920,"height":1080,"caption":"Paradoxe fran\u00e7ais"},{"@type":"BreadcrumbList","@id":"https:\/\/www.myzen.tv\/fr\/le-paradoxe-francais-mangeons-nous-sainement-en-france\/#breadcrumb","itemListElement":[{"@type":"ListItem","position":1,"name":"Home","item":"https:\/\/www.myzen.tv\/fr\/"},{"@type":"ListItem","position":2,"name":"Le paradoxe fran\u00e7ais\u00a0: Mangeons-nous (vraiment) sainement au pays de la gastronomie\u00a0?"}]},{"@type":"WebSite","@id":"https:\/\/www.myzen.tv\/fr\/#website","url":"https:\/\/www.myzen.tv\/fr\/","name":"MyZen TV","description":"Your lifestyle and well-being channel","publisher":{"@id":"https:\/\/www.myzen.tv\/fr\/#organization"},"potentialAction":[{"@type":"SearchAction","target":{"@type":"EntryPoint","urlTemplate":"https:\/\/www.myzen.tv\/fr\/?s={search_term_string}"},"query-input":{"@type":"PropertyValueSpecification","valueRequired":true,"valueName":"search_term_string"}}],"inLanguage":"fr-FR"},{"@type":"Organization","@id":"https:\/\/www.myzen.tv\/fr\/#organization","name":"MyZen TV","url":"https:\/\/www.myzen.tv\/fr\/","logo":{"@type":"ImageObject","inLanguage":"fr-FR","@id":"https:\/\/www.myzen.tv\/fr\/#\/schema\/logo\/image\/","url":"https:\/\/www.myzen.tv\/wp-content\/uploads\/2021\/05\/cropped-ICON_MZtv-LOGO_firetv640-1-1.png","contentUrl":"https:\/\/www.myzen.tv\/wp-content\/uploads\/2021\/05\/cropped-ICON_MZtv-LOGO_firetv640-1-1.png","width":512,"height":512,"caption":"MyZen TV"},"image":{"@id":"https:\/\/www.myzen.tv\/fr\/#\/schema\/logo\/image\/"},"sameAs":["https:\/\/www.facebook.com\/myzen.tv.fr\/","https:\/\/www.instagram.com\/myzentv\/"]},{"@type":"Person","@id":"https:\/\/www.myzen.tv\/fr\/#\/schema\/person\/978a9e7addfdccd3326847815bc2aca6","name":"Gilles Farina","url":"https:\/\/www.myzen.tv\/fr\/author\/giles-farina\/"}]}},"_links":{"self":[{"href":"https:\/\/www.myzen.tv\/fr\/wp-json\/wp\/v2\/posts\/1696545","targetHints":{"allow":["GET"]}}],"collection":[{"href":"https:\/\/www.myzen.tv\/fr\/wp-json\/wp\/v2\/posts"}],"about":[{"href":"https:\/\/www.myzen.tv\/fr\/wp-json\/wp\/v2\/types\/post"}],"author":[{"embeddable":true,"href":"https:\/\/www.myzen.tv\/fr\/wp-json\/wp\/v2\/users\/13"}],"replies":[{"embeddable":true,"href":"https:\/\/www.myzen.tv\/fr\/wp-json\/wp\/v2\/comments?post=1696545"}],"version-history":[{"count":8,"href":"https:\/\/www.myzen.tv\/fr\/wp-json\/wp\/v2\/posts\/1696545\/revisions"}],"predecessor-version":[{"id":1696775,"href":"https:\/\/www.myzen.tv\/fr\/wp-json\/wp\/v2\/posts\/1696545\/revisions\/1696775"}],"wp:featuredmedia":[{"embeddable":true,"href":"https:\/\/www.myzen.tv\/fr\/wp-json\/wp\/v2\/media\/1696551"}],"wp:attachment":[{"href":"https:\/\/www.myzen.tv\/fr\/wp-json\/wp\/v2\/media?parent=1696545"}],"wp:term":[{"taxonomy":"category","embeddable":true,"href":"https:\/\/www.myzen.tv\/fr\/wp-json\/wp\/v2\/categories?post=1696545"},{"taxonomy":"post_tag","embeddable":true,"href":"https:\/\/www.myzen.tv\/fr\/wp-json\/wp\/v2\/tags?post=1696545"},{"taxonomy":"group","embeddable":true,"href":"https:\/\/www.myzen.tv\/fr\/wp-json\/wp\/v2\/group?post=1696545"},{"taxonomy":"support","embeddable":true,"href":"https:\/\/www.myzen.tv\/fr\/wp-json\/wp\/v2\/support?post=1696545"}],"curies":[{"name":"wp","href":"https:\/\/api.w.org\/{rel}","templated":true}]}}