{"id":1696961,"date":"2023-02-15T06:00:00","date_gmt":"2023-02-15T06:00:00","guid":{"rendered":"https:\/\/www.myzen.tv\/?p=1696961"},"modified":"2023-06-30T15:01:25","modified_gmt":"2023-06-30T15:01:25","slug":"5-positions-de-yoga-pour-les-enfants","status":"publish","type":"post","link":"https:\/\/www.myzen.tv\/fr\/5-positions-de-yoga-pour-les-enfants\/","title":{"rendered":"5 positions de yoga pour les enfants"},"content":{"rendered":"\n<p>Comme vous le savez, <a href=\"https:\/\/www.myzen.tv\/fr\/les-bienfaits-du-yoga-pour-les-enfants\/\">le Yoga est b\u00e9n\u00e9fique pour les enfants<\/a>. Mais comment leur faire pratiquer l&rsquo;activit\u00e9 avec enthousiasme ? Pour cela, <a href=\"https:\/\/www.myzen.tv\/\">MyZen TV<\/a> vous a s\u00e9lectionn\u00e9 <strong>5 positions de Yoga pour vos chers bambins<\/strong>.<\/p>\n\n\n\n<h2 class=\"wp-block-heading\">1. L&rsquo;abeille<\/h2>\n\n\n<div class=\"wp-block-image\">\n<figure class=\"aligncenter size-large\"><img loading=\"lazy\" decoding=\"async\" width=\"1024\" height=\"576\" src=\"https:\/\/www.myzen.tv\/wp-content\/uploads\/2023\/02\/labeille-1024x576.jpeg\" alt=\"Position de yoga pour les enfants : l&#039;abeille\" class=\"wp-image-1697026\" srcset=\"https:\/\/www.myzen.tv\/wp-content\/uploads\/2023\/02\/labeille-1024x576.jpeg 1024w, https:\/\/www.myzen.tv\/wp-content\/uploads\/2023\/02\/labeille-300x169.jpeg 300w, https:\/\/www.myzen.tv\/wp-content\/uploads\/2023\/02\/labeille-768x432.jpeg 768w, https:\/\/www.myzen.tv\/wp-content\/uploads\/2023\/02\/labeille-1536x864.jpeg 1536w, https:\/\/www.myzen.tv\/wp-content\/uploads\/2023\/02\/labeille-320x180.jpeg 320w, https:\/\/www.myzen.tv\/wp-content\/uploads\/2023\/02\/labeille-235x132.jpeg 235w, https:\/\/www.myzen.tv\/wp-content\/uploads\/2023\/02\/labeille-540x304.jpeg 540w, https:\/\/www.myzen.tv\/wp-content\/uploads\/2023\/02\/labeille.jpeg 1920w\" sizes=\"auto, (max-width: 1024px) 100vw, 1024px\" \/><figcaption>Position de l&rsquo;abeille<\/figcaption><\/figure><\/div>\n\n\n<p>Premi\u00e8re position : L&rsquo;abeille ! L&rsquo;enfant se met dans la peau d&rsquo;une abeille en s&rsquo;asseyant jambes crois\u00e9es et les deux mains l&rsquo;une dans l&rsquo;autre. En voyant une petite fleur \u00e0 gauche, la petite abeille d\u00e9ploie ses ailes, les deux mains derri\u00e8res la t\u00eate. Pour butiner, elle doit se pencher sur la gauche. Soudain, elle voit une autre fleur \u00e0 droite et part la butiner en se redressant, puis en se penchant \u00e0 nouveau sur la droite.<\/p>\n\n\n\n<h2 class=\"wp-block-heading\">2. L&rsquo;accord\u00e9on <\/h2>\n\n\n\n<figure class=\"wp-block-image size-large\"><img loading=\"lazy\" decoding=\"async\" width=\"1024\" height=\"576\" src=\"https:\/\/www.myzen.tv\/wp-content\/uploads\/2023\/02\/laccordeon-1024x576.jpeg\" alt=\"Posture de yoga : l&#039;accord\u00e9on\" class=\"wp-image-1697028\" srcset=\"https:\/\/www.myzen.tv\/wp-content\/uploads\/2023\/02\/laccordeon-1024x576.jpeg 1024w, https:\/\/www.myzen.tv\/wp-content\/uploads\/2023\/02\/laccordeon-300x169.jpeg 300w, https:\/\/www.myzen.tv\/wp-content\/uploads\/2023\/02\/laccordeon-768x432.jpeg 768w, https:\/\/www.myzen.tv\/wp-content\/uploads\/2023\/02\/laccordeon-1536x864.jpeg 1536w, https:\/\/www.myzen.tv\/wp-content\/uploads\/2023\/02\/laccordeon-320x180.jpeg 320w, https:\/\/www.myzen.tv\/wp-content\/uploads\/2023\/02\/laccordeon-235x132.jpeg 235w, https:\/\/www.myzen.tv\/wp-content\/uploads\/2023\/02\/laccordeon-540x304.jpeg 540w, https:\/\/www.myzen.tv\/wp-content\/uploads\/2023\/02\/laccordeon.jpeg 1920w\" sizes=\"auto, (max-width: 1024px) 100vw, 1024px\" \/><figcaption>La position de l&rsquo;accord\u00e9on<\/figcaption><\/figure>\n\n\n\n<p>Deuxi\u00e8me position : l&rsquo;accord\u00e9on. Assis bien droit et les pieds pos\u00e9s sur le sol, l&rsquo;enfant doit les mains jointes expirer fort \u00e0 la mani\u00e8re d&rsquo;un accord\u00e9on. En ouvrant les bras vers l&rsquo;arri\u00e8re, les poumons se remplissent et gonflent l&rsquo;accord\u00e9on. Par la suite, il suffit d&rsquo;expulser l&rsquo;air comme pour la premi\u00e8re \u00e9tape.<\/p>\n\n\n\n<h2 class=\"wp-block-heading\">3. L&rsquo;arbre dans le vent<\/h2>\n\n\n\n<figure class=\"wp-block-image size-large\"><img loading=\"lazy\" decoding=\"async\" width=\"1024\" height=\"576\" src=\"https:\/\/www.myzen.tv\/wp-content\/uploads\/2023\/02\/larbre-dans-le-vent-1024x576.jpeg\" alt=\"La position de l&#039;arbre dans le vent \" class=\"wp-image-1697030\" srcset=\"https:\/\/www.myzen.tv\/wp-content\/uploads\/2023\/02\/larbre-dans-le-vent-1024x576.jpeg 1024w, https:\/\/www.myzen.tv\/wp-content\/uploads\/2023\/02\/larbre-dans-le-vent-300x169.jpeg 300w, https:\/\/www.myzen.tv\/wp-content\/uploads\/2023\/02\/larbre-dans-le-vent-768x432.jpeg 768w, https:\/\/www.myzen.tv\/wp-content\/uploads\/2023\/02\/larbre-dans-le-vent-1536x864.jpeg 1536w, https:\/\/www.myzen.tv\/wp-content\/uploads\/2023\/02\/larbre-dans-le-vent-320x180.jpeg 320w, https:\/\/www.myzen.tv\/wp-content\/uploads\/2023\/02\/larbre-dans-le-vent-235x132.jpeg 235w, https:\/\/www.myzen.tv\/wp-content\/uploads\/2023\/02\/larbre-dans-le-vent-540x304.jpeg 540w, https:\/\/www.myzen.tv\/wp-content\/uploads\/2023\/02\/larbre-dans-le-vent.jpeg 1920w\" sizes=\"auto, (max-width: 1024px) 100vw, 1024px\" \/><figcaption>La position de l&rsquo;arbre dans le vent <\/figcaption><\/figure>\n\n\n\n<p>Troisi\u00e8me position : l&rsquo;arbre dans le vent. Debout, comme un arbre bien plant\u00e9, l&rsquo;enfant se met dans la peau d&rsquo;un arbre dont les branches (les bras) sont en prises au vent. Ainsi, l&rsquo;arbre se balance de gauche \u00e0 droite comme ses branches. Le vent se calme progressivement puis repart pour une seconde fois.<\/p>\n\n\n\n<h2 class=\"wp-block-heading\">4. L&rsquo;archer<\/h2>\n\n\n\n<figure class=\"wp-block-image size-large\"><img loading=\"lazy\" decoding=\"async\" width=\"1024\" height=\"576\" src=\"https:\/\/www.myzen.tv\/wp-content\/uploads\/2023\/02\/larcher-1024x576.jpeg\" alt=\"La position de yoga pour enfants : l&#039;arbre dans le vent \" class=\"wp-image-1697032\" srcset=\"https:\/\/www.myzen.tv\/wp-content\/uploads\/2023\/02\/larcher-1024x576.jpeg 1024w, https:\/\/www.myzen.tv\/wp-content\/uploads\/2023\/02\/larcher-300x169.jpeg 300w, https:\/\/www.myzen.tv\/wp-content\/uploads\/2023\/02\/larcher-768x432.jpeg 768w, https:\/\/www.myzen.tv\/wp-content\/uploads\/2023\/02\/larcher-1536x864.jpeg 1536w, https:\/\/www.myzen.tv\/wp-content\/uploads\/2023\/02\/larcher-320x180.jpeg 320w, https:\/\/www.myzen.tv\/wp-content\/uploads\/2023\/02\/larcher-235x132.jpeg 235w, https:\/\/www.myzen.tv\/wp-content\/uploads\/2023\/02\/larcher-540x304.jpeg 540w, https:\/\/www.myzen.tv\/wp-content\/uploads\/2023\/02\/larcher.jpeg 1920w\" sizes=\"auto, (max-width: 1024px) 100vw, 1024px\" \/><figcaption>La position de l&rsquo;archer<\/figcaption><\/figure>\n\n\n\n<p>Quatri\u00e8me position : l&rsquo;archer. Debout et bien droit, l&rsquo;enfant \u00e9carte ses jambes et ses bras pour se pr\u00e9parer comme un archer. Puis il faut refermer un bras comme si il montre ses biscoteaux.  Le pouce et l&rsquo;indexe se touchent. En tournant la t\u00eate vers le bras tendu, tu remarques une cible au loin. Il fl\u00e9chit  pour se camoufler tout en ouvrant a main droite en expulsant tout l&rsquo;air.<\/p>\n\n\n\n<h2 class=\"wp-block-heading\">5.  L&rsquo;aigle dans le vent <\/h2>\n\n\n\n<figure class=\"wp-block-image size-large\"><img loading=\"lazy\" decoding=\"async\" width=\"1024\" height=\"576\" src=\"https:\/\/www.myzen.tv\/wp-content\/uploads\/2023\/02\/laigle-royal-1024x576.jpeg\" alt=\"La position de l&#039;aigle royal \" class=\"wp-image-1697034\" srcset=\"https:\/\/www.myzen.tv\/wp-content\/uploads\/2023\/02\/laigle-royal-1024x576.jpeg 1024w, https:\/\/www.myzen.tv\/wp-content\/uploads\/2023\/02\/laigle-royal-300x169.jpeg 300w, https:\/\/www.myzen.tv\/wp-content\/uploads\/2023\/02\/laigle-royal-768x432.jpeg 768w, https:\/\/www.myzen.tv\/wp-content\/uploads\/2023\/02\/laigle-royal-1536x864.jpeg 1536w, https:\/\/www.myzen.tv\/wp-content\/uploads\/2023\/02\/laigle-royal-320x180.jpeg 320w, https:\/\/www.myzen.tv\/wp-content\/uploads\/2023\/02\/laigle-royal-235x132.jpeg 235w, https:\/\/www.myzen.tv\/wp-content\/uploads\/2023\/02\/laigle-royal-540x304.jpeg 540w, https:\/\/www.myzen.tv\/wp-content\/uploads\/2023\/02\/laigle-royal.jpeg 1920w\" sizes=\"auto, (max-width: 1024px) 100vw, 1024px\" \/><figcaption>La position de l&rsquo;aigle royal <\/figcaption><\/figure>\n\n\n\n<p>Cinqui\u00e8me position l&rsquo;aigle royal : Debout, l&rsquo;enfant se met dans la peau d&rsquo;un aigle royal. Il \u00e9carte ses pieds et fl\u00e9chi l\u00e9g\u00e8rement. Tranquillement il se pr\u00e9pare \u00e0 ouvrir ses ailes. Il ouvre ses ailes un pouce vers le haut et un pouce vers le bas. En se rejoignant, les mais \u00e9tirent le dos tout en atteignant la forme d&rsquo;un aigle.<\/p>\n\n\n\n<p>Retrouvez tous les \u00e9pisodes de notre programme <a href=\"https:\/\/watch.myzen.tv\/smartlists\/le-yoga-des-enfants\" target=\"_blank\" rel=\"noreferrer noopener\">Le yoga des enfants<\/a> sur notre plateforme de streaming !<\/p>\n","protected":false},"excerpt":{"rendered":"<p>Comme vous le savez, le Yoga est b\u00e9n\u00e9fique pour les enfants. Mais comment leur faire pratiquer l&rsquo;activit\u00e9 avec enthousiasme ? Pour cela, MyZen TV vous a s\u00e9lectionn\u00e9 5 positions de Yoga pour vos chers bambins. 1. L&rsquo;abeille Premi\u00e8re position : L&rsquo;abeille ! L&rsquo;enfant se met dans la peau d&rsquo;une abeille en s&rsquo;asseyant jambes crois\u00e9es et [&hellip;]<\/p>\n","protected":false},"author":1,"featured_media":1697036,"comment_status":"closed","ping_status":"closed","sticky":false,"template":"","format":"standard","meta":{"episode_type":"","audio_file":"","cover_image":"","cover_image_id":"","duration":"","filesize":"","date_recorded":"","explicit":"","block":"","itunes_episode_number":"","itunes_title":"","itunes_season_number":"","itunes_episode_type":"","filesize_raw":"","footnotes":""},"categories":[16],"tags":[],"group":[315],"support":[],"class_list":["post-1696961","post","type-post","status-publish","format-standard","has-post-thumbnail","hentry","category-a-la-une","group-remise-en-forme"],"yoast_head":"<!-- This site is optimized with the Yoast SEO plugin v24.0 - https:\/\/yoast.com\/wordpress\/plugins\/seo\/ -->\n<title>5 positions de yoga pour les enfants - MyZen TV<\/title>\n<meta name=\"description\" content=\"Myzen TV vous a s\u00e9lectionn\u00e9 5 positions de Yoga pour les enfants. Au programme ? Des images et de la relaxation !\" \/>\n<meta name=\"robots\" content=\"index, follow, max-snippet:-1, max-image-preview:large, max-video-preview:-1\" \/>\n<link rel=\"canonical\" href=\"https:\/\/www.myzen.tv\/fr\/5-positions-de-yoga-pour-les-enfants\/\" \/>\n<meta property=\"og:locale\" content=\"fr_FR\" \/>\n<meta property=\"og:type\" content=\"article\" \/>\n<meta property=\"og:title\" content=\"5 positions de yoga pour les enfants - MyZen TV\" \/>\n<meta property=\"og:description\" content=\"Myzen TV vous a s\u00e9lectionn\u00e9 5 positions de Yoga pour les enfants. Au programme ? Des images et de la relaxation !\" \/>\n<meta property=\"og:url\" content=\"https:\/\/www.myzen.tv\/fr\/5-positions-de-yoga-pour-les-enfants\/\" \/>\n<meta property=\"og:site_name\" content=\"MyZen TV\" \/>\n<meta property=\"article:publisher\" content=\"https:\/\/www.facebook.com\/myzen.tv.fr\/\" \/>\n<meta property=\"article:published_time\" content=\"2023-02-15T06:00:00+00:00\" \/>\n<meta property=\"article:modified_time\" content=\"2023-06-30T15:01:25+00:00\" \/>\n<meta property=\"og:image\" content=\"https:\/\/www.myzen.tv\/wp-content\/uploads\/2023\/02\/yogapourlesenfants-1024x576.png\" \/>\n\t<meta property=\"og:image:width\" content=\"1024\" \/>\n\t<meta property=\"og:image:height\" content=\"576\" \/>\n\t<meta property=\"og:image:type\" content=\"image\/png\" \/>\n<meta name=\"author\" content=\"admin\" \/>\n<meta name=\"twitter:card\" content=\"summary_large_image\" \/>\n<meta name=\"twitter:label1\" content=\"\u00c9crit par\" \/>\n\t<meta name=\"twitter:data1\" content=\"admin\" \/>\n\t<meta name=\"twitter:label2\" content=\"Dur\u00e9e de lecture estim\u00e9e\" \/>\n\t<meta name=\"twitter:data2\" content=\"4 minutes\" \/>\n<!-- \/ Yoast SEO plugin. -->","yoast_head_json":{"title":"5 positions de yoga pour les enfants - MyZen TV","description":"Myzen TV vous a s\u00e9lectionn\u00e9 5 positions de Yoga pour les enfants. Au programme ? Des images et de la relaxation !","robots":{"index":"index","follow":"follow","max-snippet":"max-snippet:-1","max-image-preview":"max-image-preview:large","max-video-preview":"max-video-preview:-1"},"canonical":"https:\/\/www.myzen.tv\/fr\/5-positions-de-yoga-pour-les-enfants\/","og_locale":"fr_FR","og_type":"article","og_title":"5 positions de yoga pour les enfants - MyZen TV","og_description":"Myzen TV vous a s\u00e9lectionn\u00e9 5 positions de Yoga pour les enfants. Au programme ? Des images et de la relaxation !","og_url":"https:\/\/www.myzen.tv\/fr\/5-positions-de-yoga-pour-les-enfants\/","og_site_name":"MyZen TV","article_publisher":"https:\/\/www.facebook.com\/myzen.tv.fr\/","article_published_time":"2023-02-15T06:00:00+00:00","article_modified_time":"2023-06-30T15:01:25+00:00","og_image":[{"width":1024,"height":576,"url":"https:\/\/www.myzen.tv\/wp-content\/uploads\/2023\/02\/yogapourlesenfants-1024x576.png","type":"image\/png"}],"author":"admin","twitter_card":"summary_large_image","twitter_misc":{"\u00c9crit par":"admin","Dur\u00e9e de lecture estim\u00e9e":"4 minutes"},"schema":{"@context":"https:\/\/schema.org","@graph":[{"@type":"Article","@id":"https:\/\/www.myzen.tv\/fr\/5-positions-de-yoga-pour-les-enfants\/#article","isPartOf":{"@id":"https:\/\/www.myzen.tv\/fr\/5-positions-de-yoga-pour-les-enfants\/"},"author":{"name":"admin","@id":"https:\/\/www.myzen.tv\/fr\/#\/schema\/person\/2a9833c40d30d5d50a6334986656b37d"},"headline":"5 positions de yoga pour les enfants","datePublished":"2023-02-15T06:00:00+00:00","dateModified":"2023-06-30T15:01:25+00:00","mainEntityOfPage":{"@id":"https:\/\/www.myzen.tv\/fr\/5-positions-de-yoga-pour-les-enfants\/"},"wordCount":413,"publisher":{"@id":"https:\/\/www.myzen.tv\/fr\/#organization"},"image":{"@id":"https:\/\/www.myzen.tv\/fr\/5-positions-de-yoga-pour-les-enfants\/#primaryimage"},"thumbnailUrl":"https:\/\/www.myzen.tv\/wp-content\/uploads\/2023\/02\/yogapourlesenfants.png","articleSection":["A la une"],"inLanguage":"fr-FR"},{"@type":"WebPage","@id":"https:\/\/www.myzen.tv\/fr\/5-positions-de-yoga-pour-les-enfants\/","url":"https:\/\/www.myzen.tv\/fr\/5-positions-de-yoga-pour-les-enfants\/","name":"5 positions de yoga pour les enfants - MyZen TV","isPartOf":{"@id":"https:\/\/www.myzen.tv\/fr\/#website"},"primaryImageOfPage":{"@id":"https:\/\/www.myzen.tv\/fr\/5-positions-de-yoga-pour-les-enfants\/#primaryimage"},"image":{"@id":"https:\/\/www.myzen.tv\/fr\/5-positions-de-yoga-pour-les-enfants\/#primaryimage"},"thumbnailUrl":"https:\/\/www.myzen.tv\/wp-content\/uploads\/2023\/02\/yogapourlesenfants.png","datePublished":"2023-02-15T06:00:00+00:00","dateModified":"2023-06-30T15:01:25+00:00","description":"Myzen TV vous a s\u00e9lectionn\u00e9 5 positions de Yoga pour les enfants. Au programme ? Des images et de la relaxation !","breadcrumb":{"@id":"https:\/\/www.myzen.tv\/fr\/5-positions-de-yoga-pour-les-enfants\/#breadcrumb"},"inLanguage":"fr-FR","potentialAction":[{"@type":"ReadAction","target":["https:\/\/www.myzen.tv\/fr\/5-positions-de-yoga-pour-les-enfants\/"]}]},{"@type":"ImageObject","inLanguage":"fr-FR","@id":"https:\/\/www.myzen.tv\/fr\/5-positions-de-yoga-pour-les-enfants\/#primaryimage","url":"https:\/\/www.myzen.tv\/wp-content\/uploads\/2023\/02\/yogapourlesenfants.png","contentUrl":"https:\/\/www.myzen.tv\/wp-content\/uploads\/2023\/02\/yogapourlesenfants.png","width":1920,"height":1080},{"@type":"BreadcrumbList","@id":"https:\/\/www.myzen.tv\/fr\/5-positions-de-yoga-pour-les-enfants\/#breadcrumb","itemListElement":[{"@type":"ListItem","position":1,"name":"Home","item":"https:\/\/www.myzen.tv\/fr\/"},{"@type":"ListItem","position":2,"name":"Fitness et Yoga","item":"https:\/\/www.myzen.tv\/fr\/theme\/remise-en-forme\/"},{"@type":"ListItem","position":3,"name":"5 positions de yoga pour les enfants"}]},{"@type":"WebSite","@id":"https:\/\/www.myzen.tv\/fr\/#website","url":"https:\/\/www.myzen.tv\/fr\/","name":"MyZen TV","description":"Your lifestyle and well-being channel","publisher":{"@id":"https:\/\/www.myzen.tv\/fr\/#organization"},"potentialAction":[{"@type":"SearchAction","target":{"@type":"EntryPoint","urlTemplate":"https:\/\/www.myzen.tv\/fr\/?s={search_term_string}"},"query-input":{"@type":"PropertyValueSpecification","valueRequired":true,"valueName":"search_term_string"}}],"inLanguage":"fr-FR"},{"@type":"Organization","@id":"https:\/\/www.myzen.tv\/fr\/#organization","name":"MyZen TV","url":"https:\/\/www.myzen.tv\/fr\/","logo":{"@type":"ImageObject","inLanguage":"fr-FR","@id":"https:\/\/www.myzen.tv\/fr\/#\/schema\/logo\/image\/","url":"https:\/\/www.myzen.tv\/wp-content\/uploads\/2021\/05\/cropped-ICON_MZtv-LOGO_firetv640-1-1.png","contentUrl":"https:\/\/www.myzen.tv\/wp-content\/uploads\/2021\/05\/cropped-ICON_MZtv-LOGO_firetv640-1-1.png","width":512,"height":512,"caption":"MyZen TV"},"image":{"@id":"https:\/\/www.myzen.tv\/fr\/#\/schema\/logo\/image\/"},"sameAs":["https:\/\/www.facebook.com\/myzen.tv.fr\/","https:\/\/www.instagram.com\/myzentv\/"]},{"@type":"Person","@id":"https:\/\/www.myzen.tv\/fr\/#\/schema\/person\/2a9833c40d30d5d50a6334986656b37d","name":"admin","url":"https:\/\/www.myzen.tv\/fr\/author\/myzen_2019\/"}]}},"_links":{"self":[{"href":"https:\/\/www.myzen.tv\/fr\/wp-json\/wp\/v2\/posts\/1696961","targetHints":{"allow":["GET"]}}],"collection":[{"href":"https:\/\/www.myzen.tv\/fr\/wp-json\/wp\/v2\/posts"}],"about":[{"href":"https:\/\/www.myzen.tv\/fr\/wp-json\/wp\/v2\/types\/post"}],"author":[{"embeddable":true,"href":"https:\/\/www.myzen.tv\/fr\/wp-json\/wp\/v2\/users\/1"}],"replies":[{"embeddable":true,"href":"https:\/\/www.myzen.tv\/fr\/wp-json\/wp\/v2\/comments?post=1696961"}],"version-history":[{"count":3,"href":"https:\/\/www.myzen.tv\/fr\/wp-json\/wp\/v2\/posts\/1696961\/revisions"}],"predecessor-version":[{"id":1697038,"href":"https:\/\/www.myzen.tv\/fr\/wp-json\/wp\/v2\/posts\/1696961\/revisions\/1697038"}],"wp:featuredmedia":[{"embeddable":true,"href":"https:\/\/www.myzen.tv\/fr\/wp-json\/wp\/v2\/media\/1697036"}],"wp:attachment":[{"href":"https:\/\/www.myzen.tv\/fr\/wp-json\/wp\/v2\/media?parent=1696961"}],"wp:term":[{"taxonomy":"category","embeddable":true,"href":"https:\/\/www.myzen.tv\/fr\/wp-json\/wp\/v2\/categories?post=1696961"},{"taxonomy":"post_tag","embeddable":true,"href":"https:\/\/www.myzen.tv\/fr\/wp-json\/wp\/v2\/tags?post=1696961"},{"taxonomy":"group","embeddable":true,"href":"https:\/\/www.myzen.tv\/fr\/wp-json\/wp\/v2\/group?post=1696961"},{"taxonomy":"support","embeddable":true,"href":"https:\/\/www.myzen.tv\/fr\/wp-json\/wp\/v2\/support?post=1696961"}],"curies":[{"name":"wp","href":"https:\/\/api.w.org\/{rel}","templated":true}]}}