{"id":1698742,"date":"2023-04-16T06:00:00","date_gmt":"2023-04-16T06:00:00","guid":{"rendered":"https:\/\/www.myzen.tv\/?p=1698742"},"modified":"2023-04-14T09:55:25","modified_gmt":"2023-04-14T09:55:25","slug":"que-planter-en-avril","status":"publish","type":"post","link":"https:\/\/www.myzen.tv\/fr\/que-planter-en-avril\/","title":{"rendered":"Que planter en avril ?"},"content":{"rendered":"\n<p>Le printemps bat son plein, l&rsquo;occasion pour retourner dans son jardin. Entretien de la terre, plantation et pr\u00e9paration des r\u00e9coltes de l&rsquo;\u00e9t\u00e9, <a href=\"https:\/\/www.myzen.tv\/fr\/\">MyZen TV<\/a>  vous propose de d\u00e9couvrir <strong>que planter en avril<\/strong>.<\/p>\n\n\n\n<h2 class=\"wp-block-heading\">L\u00e9gumes \u00e0 planter en avril<\/h2>\n\n\n\n<figure class=\"wp-block-image size-large\"><img loading=\"lazy\" decoding=\"async\" width=\"1024\" height=\"576\" src=\"https:\/\/www.myzen.tv\/wp-content\/uploads\/2023\/04\/Radis-1-1024x576.png\" alt=\"Radis\nQue planter en avril ?\" class=\"wp-image-1698745\" srcset=\"https:\/\/www.myzen.tv\/wp-content\/uploads\/2023\/04\/Radis-1-1024x576.png 1024w, https:\/\/www.myzen.tv\/wp-content\/uploads\/2023\/04\/Radis-1-300x169.png 300w, https:\/\/www.myzen.tv\/wp-content\/uploads\/2023\/04\/Radis-1-768x432.png 768w, https:\/\/www.myzen.tv\/wp-content\/uploads\/2023\/04\/Radis-1-1536x864.png 1536w, https:\/\/www.myzen.tv\/wp-content\/uploads\/2023\/04\/Radis-1-320x180.png 320w, https:\/\/www.myzen.tv\/wp-content\/uploads\/2023\/04\/Radis-1-235x132.png 235w, https:\/\/www.myzen.tv\/wp-content\/uploads\/2023\/04\/Radis-1-540x304.png 540w, https:\/\/www.myzen.tv\/wp-content\/uploads\/2023\/04\/Radis-1.png 1920w\" sizes=\"auto, (max-width: 1024px) 100vw, 1024px\" \/><figcaption>Radis<\/figcaption><\/figure>\n\n\n\n<ul class=\"wp-block-list\"><li>Pomme de terre (attendre qu&rsquo;il fasse plus de 10 degr\u00e9s)<\/li><li>Carottes <\/li><li>Salades<\/li><li>Radis<\/li><li>blettes<\/li><li>betteraves<\/li><li>artichauts<\/li><li>choux verts<\/li><li>Oignons<\/li><\/ul>\n\n\n\n<p>Sous serre :<\/p>\n\n\n\n<ul class=\"wp-block-list\"><li>aubergines<\/li><li>poivrons et piments<\/li><li>tomates<\/li><\/ul>\n\n\n\n<h2 class=\"wp-block-heading\">Fruits<\/h2>\n\n\n\n<figure class=\"wp-block-image size-large\"><img loading=\"lazy\" decoding=\"async\" width=\"1024\" height=\"576\" src=\"https:\/\/www.myzen.tv\/wp-content\/uploads\/2023\/04\/Melon-1-1024x576.png\" alt=\"Melon\" class=\"wp-image-1698747\" srcset=\"https:\/\/www.myzen.tv\/wp-content\/uploads\/2023\/04\/Melon-1-1024x576.png 1024w, https:\/\/www.myzen.tv\/wp-content\/uploads\/2023\/04\/Melon-1-300x169.png 300w, https:\/\/www.myzen.tv\/wp-content\/uploads\/2023\/04\/Melon-1-768x432.png 768w, https:\/\/www.myzen.tv\/wp-content\/uploads\/2023\/04\/Melon-1-1536x864.png 1536w, https:\/\/www.myzen.tv\/wp-content\/uploads\/2023\/04\/Melon-1-320x180.png 320w, https:\/\/www.myzen.tv\/wp-content\/uploads\/2023\/04\/Melon-1-235x132.png 235w, https:\/\/www.myzen.tv\/wp-content\/uploads\/2023\/04\/Melon-1-540x304.png 540w, https:\/\/www.myzen.tv\/wp-content\/uploads\/2023\/04\/Melon-1.png 1920w\" sizes=\"auto, (max-width: 1024px) 100vw, 1024px\" \/><figcaption>Melon<\/figcaption><\/figure>\n\n\n\n<p>Les temp\u00e9ratures sont encore un peu fraiches pour planter de nombreux fruits. Attendez encore un peu m\u00eame si vous pouvez d\u00e9buter certaines cultures sous serre (comme le melon).<\/p>\n\n\n\n<p>Vous l&rsquo;aurez compris, le mois d&rsquo;avril est principalement consacr\u00e9 aux l\u00e9gumes et il faut bien faire attention au gel encore fr\u00e9quent. <\/p>\n\n\n\n<p>Pour plus de conseil bien \u00eatre et d\u00e9tente, rendez vous sur notre <a href=\"https:\/\/watch.myzen.tv\/\" target=\"_blank\" rel=\"noreferrer noopener\">plateforme de streaming<\/a>.<\/p>\n\n\n\n<p>D\u00e9couvrez \u00e9galement <a href=\"https:\/\/www.myzen.tv\/fr\/les-fruits-et-legumes-davril\/\">les fruits et l\u00e9gumes \u00e0 d\u00e9guster au mois de avril.<\/a><\/p>\n","protected":false},"excerpt":{"rendered":"<p>Le printemps bat son plein, l&rsquo;occasion pour retourner dans son jardin. Entretien de la terre, plantation et pr\u00e9paration des r\u00e9coltes de l&rsquo;\u00e9t\u00e9, MyZen TV vous propose de d\u00e9couvrir que planter en avril. L\u00e9gumes \u00e0 planter en avril Pomme de terre (attendre qu&rsquo;il fasse plus de 10 degr\u00e9s) Carottes Salades Radis blettes betteraves artichauts choux verts [&hellip;]<\/p>\n","protected":false},"author":13,"featured_media":1698743,"comment_status":"closed","ping_status":"closed","sticky":false,"template":"","format":"standard","meta":{"episode_type":"","audio_file":"","cover_image":"","cover_image_id":"","duration":"","filesize":"","date_recorded":"","explicit":"","block":"","itunes_episode_number":"","itunes_title":"","itunes_season_number":"","itunes_episode_type":"","filesize_raw":"","footnotes":""},"categories":[50],"tags":[1304],"group":[],"support":[],"class_list":["post-1698742","post","type-post","status-publish","format-standard","has-post-thumbnail","hentry","category-bien-etre-au-quotidien","tag-que-planter-en-avril"],"yoast_head":"<!-- This site is optimized with the Yoast SEO plugin v24.0 - https:\/\/yoast.com\/wordpress\/plugins\/seo\/ -->\n<title>Que planter en avril ? - MyZen TV<\/title>\n<meta name=\"description\" content=\"Entretien de la terre et pr\u00e9paration des r\u00e9coltes de l&#039;\u00e9t\u00e9, Myzen TV vous propose de d\u00e9couvrir que planter en avril.\" \/>\n<meta name=\"robots\" content=\"index, follow, max-snippet:-1, max-image-preview:large, max-video-preview:-1\" \/>\n<link rel=\"canonical\" href=\"https:\/\/www.myzen.tv\/fr\/que-planter-en-avril\/\" \/>\n<meta property=\"og:locale\" content=\"fr_FR\" \/>\n<meta property=\"og:type\" content=\"article\" \/>\n<meta property=\"og:title\" content=\"Que planter en avril ? - MyZen TV\" \/>\n<meta property=\"og:description\" content=\"Entretien de la terre et pr\u00e9paration des r\u00e9coltes de l&#039;\u00e9t\u00e9, Myzen TV vous propose de d\u00e9couvrir que planter en avril.\" \/>\n<meta property=\"og:url\" content=\"https:\/\/www.myzen.tv\/fr\/que-planter-en-avril\/\" \/>\n<meta property=\"og:site_name\" content=\"MyZen TV\" \/>\n<meta property=\"article:publisher\" content=\"https:\/\/www.facebook.com\/myzen.tv.fr\/\" \/>\n<meta property=\"article:published_time\" content=\"2023-04-16T06:00:00+00:00\" \/>\n<meta property=\"article:modified_time\" content=\"2023-04-14T09:55:25+00:00\" \/>\n<meta property=\"og:image\" content=\"https:\/\/www.myzen.tv\/wp-content\/uploads\/2023\/04\/Que-planter-en-avril-1-1024x576.png\" \/>\n\t<meta property=\"og:image:width\" content=\"1024\" \/>\n\t<meta property=\"og:image:height\" content=\"576\" \/>\n\t<meta property=\"og:image:type\" content=\"image\/png\" \/>\n<meta name=\"author\" content=\"Gilles Farina\" \/>\n<meta name=\"twitter:card\" content=\"summary_large_image\" \/>\n<meta name=\"twitter:label1\" content=\"\u00c9crit par\" \/>\n\t<meta name=\"twitter:data1\" content=\"Gilles Farina\" \/>\n\t<meta name=\"twitter:label2\" content=\"Dur\u00e9e de lecture estim\u00e9e\" \/>\n\t<meta name=\"twitter:data2\" content=\"2 minutes\" \/>\n<!-- \/ Yoast SEO plugin. -->","yoast_head_json":{"title":"Que planter en avril ? - MyZen TV","description":"Entretien de la terre et pr\u00e9paration des r\u00e9coltes de l'\u00e9t\u00e9, Myzen TV vous propose de d\u00e9couvrir que planter en avril.","robots":{"index":"index","follow":"follow","max-snippet":"max-snippet:-1","max-image-preview":"max-image-preview:large","max-video-preview":"max-video-preview:-1"},"canonical":"https:\/\/www.myzen.tv\/fr\/que-planter-en-avril\/","og_locale":"fr_FR","og_type":"article","og_title":"Que planter en avril ? - MyZen TV","og_description":"Entretien de la terre et pr\u00e9paration des r\u00e9coltes de l'\u00e9t\u00e9, Myzen TV vous propose de d\u00e9couvrir que planter en avril.","og_url":"https:\/\/www.myzen.tv\/fr\/que-planter-en-avril\/","og_site_name":"MyZen TV","article_publisher":"https:\/\/www.facebook.com\/myzen.tv.fr\/","article_published_time":"2023-04-16T06:00:00+00:00","article_modified_time":"2023-04-14T09:55:25+00:00","og_image":[{"width":1024,"height":576,"url":"https:\/\/www.myzen.tv\/wp-content\/uploads\/2023\/04\/Que-planter-en-avril-1-1024x576.png","type":"image\/png"}],"author":"Gilles Farina","twitter_card":"summary_large_image","twitter_misc":{"\u00c9crit par":"Gilles Farina","Dur\u00e9e de lecture estim\u00e9e":"2 minutes"},"schema":{"@context":"https:\/\/schema.org","@graph":[{"@type":"Article","@id":"https:\/\/www.myzen.tv\/fr\/que-planter-en-avril\/#article","isPartOf":{"@id":"https:\/\/www.myzen.tv\/fr\/que-planter-en-avril\/"},"author":{"name":"Gilles Farina","@id":"https:\/\/www.myzen.tv\/fr\/#\/schema\/person\/978a9e7addfdccd3326847815bc2aca6"},"headline":"Que planter en avril ?","datePublished":"2023-04-16T06:00:00+00:00","dateModified":"2023-04-14T09:55:25+00:00","mainEntityOfPage":{"@id":"https:\/\/www.myzen.tv\/fr\/que-planter-en-avril\/"},"wordCount":158,"publisher":{"@id":"https:\/\/www.myzen.tv\/fr\/#organization"},"image":{"@id":"https:\/\/www.myzen.tv\/fr\/que-planter-en-avril\/#primaryimage"},"thumbnailUrl":"https:\/\/www.myzen.tv\/wp-content\/uploads\/2023\/04\/Que-planter-en-avril-1.png","keywords":["Que planter en avril"],"articleSection":["Bien-\u00eatre au quotidien"],"inLanguage":"fr-FR"},{"@type":"WebPage","@id":"https:\/\/www.myzen.tv\/fr\/que-planter-en-avril\/","url":"https:\/\/www.myzen.tv\/fr\/que-planter-en-avril\/","name":"Que planter en avril ? - MyZen TV","isPartOf":{"@id":"https:\/\/www.myzen.tv\/fr\/#website"},"primaryImageOfPage":{"@id":"https:\/\/www.myzen.tv\/fr\/que-planter-en-avril\/#primaryimage"},"image":{"@id":"https:\/\/www.myzen.tv\/fr\/que-planter-en-avril\/#primaryimage"},"thumbnailUrl":"https:\/\/www.myzen.tv\/wp-content\/uploads\/2023\/04\/Que-planter-en-avril-1.png","datePublished":"2023-04-16T06:00:00+00:00","dateModified":"2023-04-14T09:55:25+00:00","description":"Entretien de la terre et pr\u00e9paration des r\u00e9coltes de l'\u00e9t\u00e9, Myzen TV vous propose de d\u00e9couvrir que planter en avril.","breadcrumb":{"@id":"https:\/\/www.myzen.tv\/fr\/que-planter-en-avril\/#breadcrumb"},"inLanguage":"fr-FR","potentialAction":[{"@type":"ReadAction","target":["https:\/\/www.myzen.tv\/fr\/que-planter-en-avril\/"]}]},{"@type":"ImageObject","inLanguage":"fr-FR","@id":"https:\/\/www.myzen.tv\/fr\/que-planter-en-avril\/#primaryimage","url":"https:\/\/www.myzen.tv\/wp-content\/uploads\/2023\/04\/Que-planter-en-avril-1.png","contentUrl":"https:\/\/www.myzen.tv\/wp-content\/uploads\/2023\/04\/Que-planter-en-avril-1.png","width":1920,"height":1080,"caption":"Que planter en avril"},{"@type":"BreadcrumbList","@id":"https:\/\/www.myzen.tv\/fr\/que-planter-en-avril\/#breadcrumb","itemListElement":[{"@type":"ListItem","position":1,"name":"Home","item":"https:\/\/www.myzen.tv\/fr\/"},{"@type":"ListItem","position":2,"name":"Que planter en avril ?"}]},{"@type":"WebSite","@id":"https:\/\/www.myzen.tv\/fr\/#website","url":"https:\/\/www.myzen.tv\/fr\/","name":"MyZen TV","description":"Your lifestyle and well-being channel","publisher":{"@id":"https:\/\/www.myzen.tv\/fr\/#organization"},"potentialAction":[{"@type":"SearchAction","target":{"@type":"EntryPoint","urlTemplate":"https:\/\/www.myzen.tv\/fr\/?s={search_term_string}"},"query-input":{"@type":"PropertyValueSpecification","valueRequired":true,"valueName":"search_term_string"}}],"inLanguage":"fr-FR"},{"@type":"Organization","@id":"https:\/\/www.myzen.tv\/fr\/#organization","name":"MyZen TV","url":"https:\/\/www.myzen.tv\/fr\/","logo":{"@type":"ImageObject","inLanguage":"fr-FR","@id":"https:\/\/www.myzen.tv\/fr\/#\/schema\/logo\/image\/","url":"https:\/\/www.myzen.tv\/wp-content\/uploads\/2021\/05\/cropped-ICON_MZtv-LOGO_firetv640-1-1.png","contentUrl":"https:\/\/www.myzen.tv\/wp-content\/uploads\/2021\/05\/cropped-ICON_MZtv-LOGO_firetv640-1-1.png","width":512,"height":512,"caption":"MyZen TV"},"image":{"@id":"https:\/\/www.myzen.tv\/fr\/#\/schema\/logo\/image\/"},"sameAs":["https:\/\/www.facebook.com\/myzen.tv.fr\/","https:\/\/www.instagram.com\/myzentv\/"]},{"@type":"Person","@id":"https:\/\/www.myzen.tv\/fr\/#\/schema\/person\/978a9e7addfdccd3326847815bc2aca6","name":"Gilles Farina","url":"https:\/\/www.myzen.tv\/fr\/author\/giles-farina\/"}]}},"_links":{"self":[{"href":"https:\/\/www.myzen.tv\/fr\/wp-json\/wp\/v2\/posts\/1698742","targetHints":{"allow":["GET"]}}],"collection":[{"href":"https:\/\/www.myzen.tv\/fr\/wp-json\/wp\/v2\/posts"}],"about":[{"href":"https:\/\/www.myzen.tv\/fr\/wp-json\/wp\/v2\/types\/post"}],"author":[{"embeddable":true,"href":"https:\/\/www.myzen.tv\/fr\/wp-json\/wp\/v2\/users\/13"}],"replies":[{"embeddable":true,"href":"https:\/\/www.myzen.tv\/fr\/wp-json\/wp\/v2\/comments?post=1698742"}],"version-history":[{"count":2,"href":"https:\/\/www.myzen.tv\/fr\/wp-json\/wp\/v2\/posts\/1698742\/revisions"}],"predecessor-version":[{"id":1698804,"href":"https:\/\/www.myzen.tv\/fr\/wp-json\/wp\/v2\/posts\/1698742\/revisions\/1698804"}],"wp:featuredmedia":[{"embeddable":true,"href":"https:\/\/www.myzen.tv\/fr\/wp-json\/wp\/v2\/media\/1698743"}],"wp:attachment":[{"href":"https:\/\/www.myzen.tv\/fr\/wp-json\/wp\/v2\/media?parent=1698742"}],"wp:term":[{"taxonomy":"category","embeddable":true,"href":"https:\/\/www.myzen.tv\/fr\/wp-json\/wp\/v2\/categories?post=1698742"},{"taxonomy":"post_tag","embeddable":true,"href":"https:\/\/www.myzen.tv\/fr\/wp-json\/wp\/v2\/tags?post=1698742"},{"taxonomy":"group","embeddable":true,"href":"https:\/\/www.myzen.tv\/fr\/wp-json\/wp\/v2\/group?post=1698742"},{"taxonomy":"support","embeddable":true,"href":"https:\/\/www.myzen.tv\/fr\/wp-json\/wp\/v2\/support?post=1698742"}],"curies":[{"name":"wp","href":"https:\/\/api.w.org\/{rel}","templated":true}]}}