{"id":1698749,"date":"2023-04-19T06:00:00","date_gmt":"2023-04-19T06:00:00","guid":{"rendered":"https:\/\/www.myzen.tv\/?p=1698749"},"modified":"2023-04-18T10:10:50","modified_gmt":"2023-04-18T10:10:50","slug":"vu-du-ciel-la-serie-evenement-toujours-dactualite","status":"publish","type":"post","link":"https:\/\/www.myzen.tv\/fr\/vu-du-ciel-la-serie-evenement-toujours-dactualite\/","title":{"rendered":"Vu du ciel la s\u00e9rie \u00e9v\u00e8nement toujours d&rsquo;actualit\u00e9"},"content":{"rendered":"\n<p>Nous sommes au milieu des ann\u00e9es 2000 lorsque France T\u00e9l\u00e9vision propose en prime time sa s\u00e9rie \u00e9v\u00e9nement : Vu du ciel. Quatre \u00e9missions r\u00e9alis\u00e9es par<strong> le c\u00e9l\u00e8bre photographe Yann Arthus-Bertrand<\/strong>. Une merveilleuse s\u00e9rie disponible sur <a href=\"https:\/\/www.myzen.tv\/fr\/\">MyZen TV<\/a>. Pour l&rsquo;occasion, revenons sur cette s\u00e9rie encore et toujours d&rsquo;actualit\u00e9&#8230;<\/p>\n\n\n\n<h2 class=\"wp-block-heading\">Un cri d&rsquo;alarme<\/h2>\n\n\n\n<p>Lorsque sort le premier \u00e9pisode de Vu du ciel en 2006, l&rsquo;objectif est simple. Faire l&rsquo;\u00e9tat des lieux de la biodiversit\u00e9 et de l&rsquo;impact de l&rsquo;homme sur la plan\u00e8te. Sans catastrophisme et sans concession, le photographe nous montre la beaut\u00e9 et la fragilit\u00e9 de la nature. L&rsquo;homme n&rsquo;est qu&rsquo;un maillon, bien souvent pesant, dans l&rsquo;extraordinaire biodiversit\u00e9 terrestre.<\/p>\n\n\n\n<p>Prenons un exemple : les lions. Aujourd&rsquo;hui, il ne reste que 20 000 lions en Afrique. Ils \u00e9taient 300 000 il y a 50 ans. Voil\u00e0 un des \u00e9l\u00e9ments sur l&rsquo;importance de prot\u00e9ger la biodiversit\u00e9. Sans complaisance, Yann Arthus-Bertrand nous montre l&rsquo;\u00e9tat des lieux de notre plan\u00e8te. Pour le c\u00e9l\u00e8bre photographe <em>\u00ab Aimer la vie et la nature nous rend plus humains \u00bb<\/em>.<\/p>\n\n\n\n<p>L&rsquo;objectif est donc double : \u00e9veiller et \u00e9merveiller. \u00c9merveiller le grand public avec des images \u00e0 couper le souffle et l&rsquo;\u00e9veiller en montrant la fragilit\u00e9 de notre plan\u00e8te.<\/p>\n\n\n\n<h2 class=\"wp-block-heading\">Saison 1 &#8211; Les grands concepts de la plan\u00e8te<\/h2>\n\n\n\n<p>Dans <a href=\"https:\/\/watch.myzen.tv\/smartlists\/vu-du-ciel\">la premi\u00e8re saison de Vu du ciel<\/a>, Yann Arthus-Bertrand nous propose un portrait spectaculaire de notre plan\u00e8te. Au commencement de toute \u00e9cologie et protection, se trouve la biodiversit\u00e9. Tout le vivant est li\u00e9 et interagit dans des milliers d&rsquo;\u00e9cosyst\u00e8mes. On ne prot\u00e8ge que ce que l&rsquo;on conna\u00eet, c&rsquo;est pour cela que le photographe nous propose de d\u00e9couvrir les merveilles et la fragilit\u00e9 de divers multiples lieux sur la terre.<\/p>\n\n\n\n<p>Puis, <a href=\"https:\/\/www.myzen.tv\/fr\/people\/yann-arthus-bertrand\/\">Yann Arthus-Bertrand<\/a> nous propose deux \u00e9pisodes sur l&rsquo;importance de l&rsquo;eau. La premi\u00e8re vitale \u00e0 notre survie et \u00e0 l&rsquo;irrigation de nos champs : l&rsquo;eau douce. Une ressource d\u00e9j\u00e0 en p\u00e9ril il y a 20 ans et qui devient d&rsquo;ann\u00e9e en ann\u00e9e l&rsquo;une des richesses les plus convoit\u00e9es. Le second, la pouponni\u00e8re de la vie : la mer et l&rsquo;oc\u00e9an. Un magnifique \u00e9pisode sur un environnement que l&rsquo;on conna\u00eet encore peu de nos jours.<\/p>\n\n\n\n<p>Enfin, le photographe nous propose un dernier \u00e9pisode sur les ressources extraordinaires que dispose notre plan\u00e8te. Des richesses bien souvent surexploit\u00e9es et limit\u00e9es. Pour le photographe, le plus difficile est de concilier l&rsquo;expansion de l&rsquo;humanit\u00e9 et les ressources limit\u00e9es de la plan\u00e8te.<\/p>\n\n\n\n<p>Une merveilleuse s\u00e9rie \u00e0 voir sans mod\u00e9ration sur notre <strong><a href=\"https:\/\/watch.myzen.tv\/\" target=\"_blank\" rel=\"noreferrer noopener\">plateforme de streaming<\/a><\/strong> et en direct sur MyZen TV.<\/p>\n","protected":false},"excerpt":{"rendered":"<p>Nous sommes au milieu des ann\u00e9es 2000 lorsque France T\u00e9l\u00e9vision propose en prime time sa s\u00e9rie \u00e9v\u00e9nement : Vu du ciel. Quatre \u00e9missions r\u00e9alis\u00e9es par le c\u00e9l\u00e8bre photographe Yann Arthus-Bertrand. Une merveilleuse s\u00e9rie disponible sur MyZen TV. Pour l&rsquo;occasion, revenons sur cette s\u00e9rie encore et toujours d&rsquo;actualit\u00e9&#8230; Un cri d&rsquo;alarme Lorsque sort le premier \u00e9pisode [&hellip;]<\/p>\n","protected":false},"author":13,"featured_media":1697375,"comment_status":"closed","ping_status":"closed","sticky":false,"template":"","format":"standard","meta":{"episode_type":"","audio_file":"","cover_image":"","cover_image_id":"","duration":"","filesize":"","date_recorded":"","explicit":"","block":"","itunes_episode_number":"","itunes_title":"","itunes_season_number":"","itunes_episode_type":"","filesize_raw":"","footnotes":""},"categories":[16],"tags":[1306,1305],"group":[],"support":[],"class_list":["post-1698749","post","type-post","status-publish","format-standard","has-post-thumbnail","hentry","category-a-la-une","tag-vu-du-ciel","tag-yann-arthus-bertrand"],"yoast_head":"<!-- This site is optimized with the Yoast SEO plugin v24.0 - https:\/\/yoast.com\/wordpress\/plugins\/seo\/ -->\n<title>Vu du ciel la s\u00e9rie \u00e9v\u00e8nement toujours d&#039;actualit\u00e9 - MyZen TV<\/title>\n<meta name=\"description\" content=\"Vu du ciel la s\u00e9rie \u00e9v\u00e8nement est actuellement diffus\u00e9e sur MyZen TV. L&#039;occasion pour revenir sur le chef d&#039;oeuvre de Yann Arthus-Bertrand.\" \/>\n<meta name=\"robots\" content=\"index, follow, max-snippet:-1, max-image-preview:large, max-video-preview:-1\" \/>\n<link rel=\"canonical\" href=\"https:\/\/www.myzen.tv\/fr\/vu-du-ciel-la-serie-evenement-toujours-dactualite\/\" \/>\n<meta property=\"og:locale\" content=\"fr_FR\" \/>\n<meta property=\"og:type\" content=\"article\" \/>\n<meta property=\"og:title\" content=\"Vu du ciel la s\u00e9rie \u00e9v\u00e8nement toujours d&#039;actualit\u00e9 - MyZen TV\" \/>\n<meta property=\"og:description\" content=\"Vu du ciel la s\u00e9rie \u00e9v\u00e8nement est actuellement diffus\u00e9e sur MyZen TV. L&#039;occasion pour revenir sur le chef d&#039;oeuvre de Yann Arthus-Bertrand.\" \/>\n<meta property=\"og:url\" content=\"https:\/\/www.myzen.tv\/fr\/vu-du-ciel-la-serie-evenement-toujours-dactualite\/\" \/>\n<meta property=\"og:site_name\" content=\"MyZen TV\" \/>\n<meta property=\"article:publisher\" content=\"https:\/\/www.facebook.com\/myzen.tv.fr\/\" \/>\n<meta property=\"article:published_time\" content=\"2023-04-19T06:00:00+00:00\" \/>\n<meta property=\"article:modified_time\" content=\"2023-04-18T10:10:50+00:00\" \/>\n<meta property=\"og:image\" content=\"https:\/\/www.myzen.tv\/wp-content\/uploads\/2023\/02\/vu-du-ciel-saison-1-la-mer-a-besoin-de-nous-comme-nous-avons-besoin-de-la-mer-partie-163fe404a01192-e1681214902667.jpg\" \/>\n\t<meta property=\"og:image:width\" content=\"1917\" \/>\n\t<meta property=\"og:image:height\" content=\"1082\" \/>\n\t<meta property=\"og:image:type\" content=\"image\/jpeg\" \/>\n<meta name=\"author\" content=\"Gilles Farina\" \/>\n<meta name=\"twitter:card\" content=\"summary_large_image\" \/>\n<meta name=\"twitter:label1\" content=\"\u00c9crit par\" \/>\n\t<meta name=\"twitter:data1\" content=\"Gilles Farina\" \/>\n\t<meta name=\"twitter:label2\" content=\"Dur\u00e9e de lecture estim\u00e9e\" \/>\n\t<meta name=\"twitter:data2\" content=\"2 minutes\" \/>\n<!-- \/ Yoast SEO plugin. -->","yoast_head_json":{"title":"Vu du ciel la s\u00e9rie \u00e9v\u00e8nement toujours d'actualit\u00e9 - MyZen TV","description":"Vu du ciel la s\u00e9rie \u00e9v\u00e8nement est actuellement diffus\u00e9e sur MyZen TV. L'occasion pour revenir sur le chef d'oeuvre de Yann Arthus-Bertrand.","robots":{"index":"index","follow":"follow","max-snippet":"max-snippet:-1","max-image-preview":"max-image-preview:large","max-video-preview":"max-video-preview:-1"},"canonical":"https:\/\/www.myzen.tv\/fr\/vu-du-ciel-la-serie-evenement-toujours-dactualite\/","og_locale":"fr_FR","og_type":"article","og_title":"Vu du ciel la s\u00e9rie \u00e9v\u00e8nement toujours d'actualit\u00e9 - MyZen TV","og_description":"Vu du ciel la s\u00e9rie \u00e9v\u00e8nement est actuellement diffus\u00e9e sur MyZen TV. L'occasion pour revenir sur le chef d'oeuvre de Yann Arthus-Bertrand.","og_url":"https:\/\/www.myzen.tv\/fr\/vu-du-ciel-la-serie-evenement-toujours-dactualite\/","og_site_name":"MyZen TV","article_publisher":"https:\/\/www.facebook.com\/myzen.tv.fr\/","article_published_time":"2023-04-19T06:00:00+00:00","article_modified_time":"2023-04-18T10:10:50+00:00","og_image":[{"width":1917,"height":1082,"url":"https:\/\/www.myzen.tv\/wp-content\/uploads\/2023\/02\/vu-du-ciel-saison-1-la-mer-a-besoin-de-nous-comme-nous-avons-besoin-de-la-mer-partie-163fe404a01192-e1681214902667.jpg","type":"image\/jpeg"}],"author":"Gilles Farina","twitter_card":"summary_large_image","twitter_misc":{"\u00c9crit par":"Gilles Farina","Dur\u00e9e de lecture estim\u00e9e":"2 minutes"},"schema":{"@context":"https:\/\/schema.org","@graph":[{"@type":"Article","@id":"https:\/\/www.myzen.tv\/fr\/vu-du-ciel-la-serie-evenement-toujours-dactualite\/#article","isPartOf":{"@id":"https:\/\/www.myzen.tv\/fr\/vu-du-ciel-la-serie-evenement-toujours-dactualite\/"},"author":{"name":"Gilles Farina","@id":"https:\/\/www.myzen.tv\/fr\/#\/schema\/person\/978a9e7addfdccd3326847815bc2aca6"},"headline":"Vu du ciel la s\u00e9rie \u00e9v\u00e8nement toujours d&rsquo;actualit\u00e9","datePublished":"2023-04-19T06:00:00+00:00","dateModified":"2023-04-18T10:10:50+00:00","mainEntityOfPage":{"@id":"https:\/\/www.myzen.tv\/fr\/vu-du-ciel-la-serie-evenement-toujours-dactualite\/"},"wordCount":446,"publisher":{"@id":"https:\/\/www.myzen.tv\/fr\/#organization"},"image":{"@id":"https:\/\/www.myzen.tv\/fr\/vu-du-ciel-la-serie-evenement-toujours-dactualite\/#primaryimage"},"thumbnailUrl":"https:\/\/www.myzen.tv\/wp-content\/uploads\/2023\/02\/vu-du-ciel-saison-1-la-mer-a-besoin-de-nous-comme-nous-avons-besoin-de-la-mer-partie-163fe404a01192-e1681214902667.jpg","keywords":["Vu du Ciel","Yann Arthus-Bertrand"],"articleSection":["A la une"],"inLanguage":"fr-FR"},{"@type":"WebPage","@id":"https:\/\/www.myzen.tv\/fr\/vu-du-ciel-la-serie-evenement-toujours-dactualite\/","url":"https:\/\/www.myzen.tv\/fr\/vu-du-ciel-la-serie-evenement-toujours-dactualite\/","name":"Vu du ciel la s\u00e9rie \u00e9v\u00e8nement toujours d'actualit\u00e9 - MyZen TV","isPartOf":{"@id":"https:\/\/www.myzen.tv\/fr\/#website"},"primaryImageOfPage":{"@id":"https:\/\/www.myzen.tv\/fr\/vu-du-ciel-la-serie-evenement-toujours-dactualite\/#primaryimage"},"image":{"@id":"https:\/\/www.myzen.tv\/fr\/vu-du-ciel-la-serie-evenement-toujours-dactualite\/#primaryimage"},"thumbnailUrl":"https:\/\/www.myzen.tv\/wp-content\/uploads\/2023\/02\/vu-du-ciel-saison-1-la-mer-a-besoin-de-nous-comme-nous-avons-besoin-de-la-mer-partie-163fe404a01192-e1681214902667.jpg","datePublished":"2023-04-19T06:00:00+00:00","dateModified":"2023-04-18T10:10:50+00:00","description":"Vu du ciel la s\u00e9rie \u00e9v\u00e8nement est actuellement diffus\u00e9e sur MyZen TV. L'occasion pour revenir sur le chef d'oeuvre de Yann Arthus-Bertrand.","breadcrumb":{"@id":"https:\/\/www.myzen.tv\/fr\/vu-du-ciel-la-serie-evenement-toujours-dactualite\/#breadcrumb"},"inLanguage":"fr-FR","potentialAction":[{"@type":"ReadAction","target":["https:\/\/www.myzen.tv\/fr\/vu-du-ciel-la-serie-evenement-toujours-dactualite\/"]}]},{"@type":"ImageObject","inLanguage":"fr-FR","@id":"https:\/\/www.myzen.tv\/fr\/vu-du-ciel-la-serie-evenement-toujours-dactualite\/#primaryimage","url":"https:\/\/www.myzen.tv\/wp-content\/uploads\/2023\/02\/vu-du-ciel-saison-1-la-mer-a-besoin-de-nous-comme-nous-avons-besoin-de-la-mer-partie-163fe404a01192-e1681214902667.jpg","contentUrl":"https:\/\/www.myzen.tv\/wp-content\/uploads\/2023\/02\/vu-du-ciel-saison-1-la-mer-a-besoin-de-nous-comme-nous-avons-besoin-de-la-mer-partie-163fe404a01192-e1681214902667.jpg","width":1917,"height":1082,"caption":"Cet \u00e9pisode r\u00e9v\u00e8le les splendeurs de l'oc\u00e9an, son r\u00f4le vital au sein des cycles de vie, mais aussi les dangers qui le menacent et le combat de ceux qui tentent de le conserver de la Corse \u00e0 la Norv\u00e8ge."},{"@type":"BreadcrumbList","@id":"https:\/\/www.myzen.tv\/fr\/vu-du-ciel-la-serie-evenement-toujours-dactualite\/#breadcrumb","itemListElement":[{"@type":"ListItem","position":1,"name":"Home","item":"https:\/\/www.myzen.tv\/fr\/"},{"@type":"ListItem","position":2,"name":"Vu du ciel la s\u00e9rie \u00e9v\u00e8nement toujours d&#8217;actualit\u00e9"}]},{"@type":"WebSite","@id":"https:\/\/www.myzen.tv\/fr\/#website","url":"https:\/\/www.myzen.tv\/fr\/","name":"MyZen TV","description":"Your lifestyle and well-being channel","publisher":{"@id":"https:\/\/www.myzen.tv\/fr\/#organization"},"potentialAction":[{"@type":"SearchAction","target":{"@type":"EntryPoint","urlTemplate":"https:\/\/www.myzen.tv\/fr\/?s={search_term_string}"},"query-input":{"@type":"PropertyValueSpecification","valueRequired":true,"valueName":"search_term_string"}}],"inLanguage":"fr-FR"},{"@type":"Organization","@id":"https:\/\/www.myzen.tv\/fr\/#organization","name":"MyZen TV","url":"https:\/\/www.myzen.tv\/fr\/","logo":{"@type":"ImageObject","inLanguage":"fr-FR","@id":"https:\/\/www.myzen.tv\/fr\/#\/schema\/logo\/image\/","url":"https:\/\/www.myzen.tv\/wp-content\/uploads\/2021\/05\/cropped-ICON_MZtv-LOGO_firetv640-1-1.png","contentUrl":"https:\/\/www.myzen.tv\/wp-content\/uploads\/2021\/05\/cropped-ICON_MZtv-LOGO_firetv640-1-1.png","width":512,"height":512,"caption":"MyZen TV"},"image":{"@id":"https:\/\/www.myzen.tv\/fr\/#\/schema\/logo\/image\/"},"sameAs":["https:\/\/www.facebook.com\/myzen.tv.fr\/","https:\/\/www.instagram.com\/myzentv\/"]},{"@type":"Person","@id":"https:\/\/www.myzen.tv\/fr\/#\/schema\/person\/978a9e7addfdccd3326847815bc2aca6","name":"Gilles Farina","url":"https:\/\/www.myzen.tv\/fr\/author\/giles-farina\/"}]}},"_links":{"self":[{"href":"https:\/\/www.myzen.tv\/fr\/wp-json\/wp\/v2\/posts\/1698749","targetHints":{"allow":["GET"]}}],"collection":[{"href":"https:\/\/www.myzen.tv\/fr\/wp-json\/wp\/v2\/posts"}],"about":[{"href":"https:\/\/www.myzen.tv\/fr\/wp-json\/wp\/v2\/types\/post"}],"author":[{"embeddable":true,"href":"https:\/\/www.myzen.tv\/fr\/wp-json\/wp\/v2\/users\/13"}],"replies":[{"embeddable":true,"href":"https:\/\/www.myzen.tv\/fr\/wp-json\/wp\/v2\/comments?post=1698749"}],"version-history":[{"count":3,"href":"https:\/\/www.myzen.tv\/fr\/wp-json\/wp\/v2\/posts\/1698749\/revisions"}],"predecessor-version":[{"id":1698838,"href":"https:\/\/www.myzen.tv\/fr\/wp-json\/wp\/v2\/posts\/1698749\/revisions\/1698838"}],"wp:featuredmedia":[{"embeddable":true,"href":"https:\/\/www.myzen.tv\/fr\/wp-json\/wp\/v2\/media\/1697375"}],"wp:attachment":[{"href":"https:\/\/www.myzen.tv\/fr\/wp-json\/wp\/v2\/media?parent=1698749"}],"wp:term":[{"taxonomy":"category","embeddable":true,"href":"https:\/\/www.myzen.tv\/fr\/wp-json\/wp\/v2\/categories?post=1698749"},{"taxonomy":"post_tag","embeddable":true,"href":"https:\/\/www.myzen.tv\/fr\/wp-json\/wp\/v2\/tags?post=1698749"},{"taxonomy":"group","embeddable":true,"href":"https:\/\/www.myzen.tv\/fr\/wp-json\/wp\/v2\/group?post=1698749"},{"taxonomy":"support","embeddable":true,"href":"https:\/\/www.myzen.tv\/fr\/wp-json\/wp\/v2\/support?post=1698749"}],"curies":[{"name":"wp","href":"https:\/\/api.w.org\/{rel}","templated":true}]}}