{"id":1698805,"date":"2023-05-17T06:00:00","date_gmt":"2023-05-17T06:00:00","guid":{"rendered":"https:\/\/www.myzen.tv\/?p=1698805"},"modified":"2023-05-12T14:50:46","modified_gmt":"2023-05-12T14:50:46","slug":"3-tisanes-bonnes-pour-la-sante","status":"publish","type":"post","link":"https:\/\/www.myzen.tv\/fr\/3-tisanes-bonnes-pour-la-sante\/","title":{"rendered":"3 tisanes bonnes pour la sant\u00e9"},"content":{"rendered":"\n<p>On le sait depuis longtemps, <strong>les tisanes regorgent de bienfaits pour la sant\u00e9<\/strong>. Sans calories, elles permettent de nous soigner de nombreuses maladies, du rhume aux maux de gorge. <a href=\"https:\/\/www.myzen.tv\/fr\/\">MyZen TV<\/a> vous a s\u00e9lectionn\u00e9 <strong>3 tisanes bonnes pour la sant\u00e9<\/strong> !<\/p>\n\n\n\n<h2 class=\"wp-block-heading\">La tisane \u00e0 la cannelle<\/h2>\n\n\n\n<figure class=\"wp-block-image size-large\"><img loading=\"lazy\" decoding=\"async\" width=\"1024\" height=\"576\" src=\"https:\/\/www.myzen.tv\/wp-content\/uploads\/2023\/02\/Cannelle-bienfaits-1-1-1024x576.jpg\" alt=\"La tisane \u00e0 la cannelle\" class=\"wp-image-1697229\" srcset=\"https:\/\/www.myzen.tv\/wp-content\/uploads\/2023\/02\/Cannelle-bienfaits-1-1-1024x576.jpg 1024w, https:\/\/www.myzen.tv\/wp-content\/uploads\/2023\/02\/Cannelle-bienfaits-1-1-300x169.jpg 300w, https:\/\/www.myzen.tv\/wp-content\/uploads\/2023\/02\/Cannelle-bienfaits-1-1-768x432.jpg 768w, https:\/\/www.myzen.tv\/wp-content\/uploads\/2023\/02\/Cannelle-bienfaits-1-1-1536x864.jpg 1536w, https:\/\/www.myzen.tv\/wp-content\/uploads\/2023\/02\/Cannelle-bienfaits-1-1-320x180.jpg 320w, https:\/\/www.myzen.tv\/wp-content\/uploads\/2023\/02\/Cannelle-bienfaits-1-1-235x132.jpg 235w, https:\/\/www.myzen.tv\/wp-content\/uploads\/2023\/02\/Cannelle-bienfaits-1-1-540x304.jpg 540w, https:\/\/www.myzen.tv\/wp-content\/uploads\/2023\/02\/Cannelle-bienfaits-1-1.jpg 1920w\" sizes=\"auto, (max-width: 1024px) 100vw, 1024px\" \/><\/figure>\n\n\n\n<p>La meilleure fa\u00e7on de <strong>consommer la <a href=\"https:\/\/www.myzen.tv\/fr\/les-bienfaits-de-la-tisane-a-la-cannelle\/\">cannelle<\/a><\/strong> est sans aucun doute les tisanes. En effet, les infusions de cannelle permettront de r\u00e9duire les aphtes, mais \u00e9galement de lutter contre la fatigue en stimulant le c\u0153ur et en augmentant la concentration. Au niveau de la pr\u00e9paration, c&rsquo;est au choix ! Plus vous aimez la cannelle plus vous pouvez laisser longtemps votre b\u00e2ton dans la tasse. <\/p>\n\n\n\n<h2 class=\"wp-block-heading\">La tisane au gingembre<\/h2>\n\n\n\n<figure class=\"wp-block-image size-large\"><img loading=\"lazy\" decoding=\"async\" width=\"1024\" height=\"576\" src=\"https:\/\/www.myzen.tv\/wp-content\/uploads\/2023\/04\/Tu-1-1024x576.png\" alt=\"\" class=\"wp-image-1698761\" srcset=\"https:\/\/www.myzen.tv\/wp-content\/uploads\/2023\/04\/Tu-1-1024x576.png 1024w, https:\/\/www.myzen.tv\/wp-content\/uploads\/2023\/04\/Tu-1-300x169.png 300w, https:\/\/www.myzen.tv\/wp-content\/uploads\/2023\/04\/Tu-1-768x432.png 768w, https:\/\/www.myzen.tv\/wp-content\/uploads\/2023\/04\/Tu-1-1536x864.png 1536w, https:\/\/www.myzen.tv\/wp-content\/uploads\/2023\/04\/Tu-1-320x180.png 320w, https:\/\/www.myzen.tv\/wp-content\/uploads\/2023\/04\/Tu-1-235x132.png 235w, https:\/\/www.myzen.tv\/wp-content\/uploads\/2023\/04\/Tu-1-540x304.png 540w, https:\/\/www.myzen.tv\/wp-content\/uploads\/2023\/04\/Tu-1.png 1920w\" sizes=\"auto, (max-width: 1024px) 100vw, 1024px\" \/><\/figure>\n\n\n\n<p>Ses vertus sont multiples ! Premi\u00e8rement, elle <strong>apporte de l\u2019\u00e9nergie<\/strong> et r\u00e9duit la fatigue n&rsquo;oublions pas non plus qu&rsquo;elle <strong>facilite la digestion<\/strong> lors des repas copieux. Il est vrai que le gingembre a un go\u00fbt plut\u00f4t particulier mais pas besoin d\u2019en mettre beaucoup pour go\u00fbter \u00e0 ses bienfaits !<\/p>\n\n\n\n<h2 class=\"wp-block-heading\">La tisane au thym<\/h2>\n\n\n\n<figure class=\"wp-block-image size-large\"><img loading=\"lazy\" decoding=\"async\" width=\"1024\" height=\"576\" src=\"https:\/\/www.myzen.tv\/wp-content\/uploads\/2023\/04\/Tisane-Thym-1-1024x576.png\" alt=\"La tisane au thym\" class=\"wp-image-1698807\" srcset=\"https:\/\/www.myzen.tv\/wp-content\/uploads\/2023\/04\/Tisane-Thym-1-1024x576.png 1024w, https:\/\/www.myzen.tv\/wp-content\/uploads\/2023\/04\/Tisane-Thym-1-300x169.png 300w, https:\/\/www.myzen.tv\/wp-content\/uploads\/2023\/04\/Tisane-Thym-1-768x432.png 768w, https:\/\/www.myzen.tv\/wp-content\/uploads\/2023\/04\/Tisane-Thym-1-1536x864.png 1536w, https:\/\/www.myzen.tv\/wp-content\/uploads\/2023\/04\/Tisane-Thym-1-320x180.png 320w, https:\/\/www.myzen.tv\/wp-content\/uploads\/2023\/04\/Tisane-Thym-1-235x132.png 235w, https:\/\/www.myzen.tv\/wp-content\/uploads\/2023\/04\/Tisane-Thym-1-540x304.png 540w, https:\/\/www.myzen.tv\/wp-content\/uploads\/2023\/04\/Tisane-Thym-1.png 1920w\" sizes=\"auto, (max-width: 1024px) 100vw, 1024px\" \/><\/figure>\n\n\n\n<p><strong>La tisane au thym<\/strong> est l&rsquo;atout essentiel de tous les petits maux ORL. Mal de gorge ? Nez qui coule ? L\u00e9g\u00e8re toux ? N&rsquo;h\u00e9sitez plus et optez pour une bonne tisane au thym et ses propri\u00e9t\u00e9s antiseptiques. Un vieux rem\u00e8de de grand-m\u00e8re qui fonctionne bien si l&rsquo;on rajoute une bonne cuill\u00e8re de miel. <\/p>\n\n\n\n<p>Vous connaissez maintenant <strong>3 tisanes bonnes pour la sant\u00e9 <\/strong>! Si vous voulez plus de conseils et astuces sant\u00e9, rendez-vous sur notre <a href=\"https:\/\/watch.myzen.tv\/\" target=\"_blank\" rel=\"noreferrer noopener\">plateforme de streaming<\/a> !<\/p>\n","protected":false},"excerpt":{"rendered":"<p>On le sait depuis longtemps, les tisanes regorgent de bienfaits pour la sant\u00e9. Sans calories, elles permettent de nous soigner de nombreuses maladies, du rhume aux maux de gorge. MyZen TV vous a s\u00e9lectionn\u00e9 3 tisanes bonnes pour la sant\u00e9 ! La tisane \u00e0 la cannelle La meilleure fa\u00e7on de consommer la cannelle est sans [&hellip;]<\/p>\n","protected":false},"author":13,"featured_media":1698809,"comment_status":"closed","ping_status":"closed","sticky":false,"template":"","format":"standard","meta":{"episode_type":"","audio_file":"","cover_image":"","cover_image_id":"","duration":"","filesize":"","date_recorded":"","explicit":"","block":"","itunes_episode_number":"","itunes_title":"","itunes_season_number":"","itunes_episode_type":"","filesize_raw":"","footnotes":""},"categories":[16],"tags":[],"group":[],"support":[],"class_list":["post-1698805","post","type-post","status-publish","format-standard","has-post-thumbnail","hentry","category-a-la-une"],"yoast_head":"<!-- This site is optimized with the Yoast SEO plugin v24.0 - https:\/\/yoast.com\/wordpress\/plugins\/seo\/ -->\n<title>3 tisanes bonnes pour la sant\u00e9 - MyZen TV<\/title>\n<meta name=\"description\" content=\"On le sait depuis longtemps, les tisanes regorgent de bienfaits pour la sant\u00e9. MyZen TV vous a s\u00e9lectionn\u00e9 3 tisanes bonnes pour la sant\u00e9 !\" \/>\n<meta name=\"robots\" content=\"index, follow, max-snippet:-1, max-image-preview:large, max-video-preview:-1\" \/>\n<link rel=\"canonical\" href=\"https:\/\/www.myzen.tv\/fr\/3-tisanes-bonnes-pour-la-sante\/\" \/>\n<meta property=\"og:locale\" content=\"fr_FR\" \/>\n<meta property=\"og:type\" content=\"article\" \/>\n<meta property=\"og:title\" content=\"3 tisanes bonnes pour la sant\u00e9 - MyZen TV\" \/>\n<meta property=\"og:description\" content=\"On le sait depuis longtemps, les tisanes regorgent de bienfaits pour la sant\u00e9. MyZen TV vous a s\u00e9lectionn\u00e9 3 tisanes bonnes pour la sant\u00e9 !\" \/>\n<meta property=\"og:url\" content=\"https:\/\/www.myzen.tv\/fr\/3-tisanes-bonnes-pour-la-sante\/\" \/>\n<meta property=\"og:site_name\" content=\"MyZen TV\" \/>\n<meta property=\"article:publisher\" content=\"https:\/\/www.facebook.com\/myzen.tv.fr\/\" \/>\n<meta property=\"article:published_time\" content=\"2023-05-17T06:00:00+00:00\" \/>\n<meta property=\"article:modified_time\" content=\"2023-05-12T14:50:46+00:00\" \/>\n<meta property=\"og:image\" content=\"https:\/\/www.myzen.tv\/wp-content\/uploads\/2023\/04\/3-tisanes-bonnes-pour-la-sante\u0301-1.png\" \/>\n\t<meta property=\"og:image:width\" content=\"1920\" \/>\n\t<meta property=\"og:image:height\" content=\"1080\" \/>\n\t<meta property=\"og:image:type\" content=\"image\/png\" \/>\n<meta name=\"author\" content=\"Gilles Farina\" \/>\n<meta name=\"twitter:card\" content=\"summary_large_image\" \/>\n<meta name=\"twitter:label1\" content=\"\u00c9crit par\" \/>\n\t<meta name=\"twitter:data1\" content=\"Gilles Farina\" \/>\n\t<meta name=\"twitter:label2\" content=\"Dur\u00e9e de lecture estim\u00e9e\" \/>\n\t<meta name=\"twitter:data2\" content=\"2 minutes\" \/>\n<!-- \/ Yoast SEO plugin. -->","yoast_head_json":{"title":"3 tisanes bonnes pour la sant\u00e9 - MyZen TV","description":"On le sait depuis longtemps, les tisanes regorgent de bienfaits pour la sant\u00e9. MyZen TV vous a s\u00e9lectionn\u00e9 3 tisanes bonnes pour la sant\u00e9 !","robots":{"index":"index","follow":"follow","max-snippet":"max-snippet:-1","max-image-preview":"max-image-preview:large","max-video-preview":"max-video-preview:-1"},"canonical":"https:\/\/www.myzen.tv\/fr\/3-tisanes-bonnes-pour-la-sante\/","og_locale":"fr_FR","og_type":"article","og_title":"3 tisanes bonnes pour la sant\u00e9 - MyZen TV","og_description":"On le sait depuis longtemps, les tisanes regorgent de bienfaits pour la sant\u00e9. MyZen TV vous a s\u00e9lectionn\u00e9 3 tisanes bonnes pour la sant\u00e9 !","og_url":"https:\/\/www.myzen.tv\/fr\/3-tisanes-bonnes-pour-la-sante\/","og_site_name":"MyZen TV","article_publisher":"https:\/\/www.facebook.com\/myzen.tv.fr\/","article_published_time":"2023-05-17T06:00:00+00:00","article_modified_time":"2023-05-12T14:50:46+00:00","og_image":[{"width":1920,"height":1080,"url":"https:\/\/www.myzen.tv\/wp-content\/uploads\/2023\/04\/3-tisanes-bonnes-pour-la-sante\u0301-1.png","type":"image\/png"}],"author":"Gilles Farina","twitter_card":"summary_large_image","twitter_misc":{"\u00c9crit par":"Gilles Farina","Dur\u00e9e de lecture estim\u00e9e":"2 minutes"},"schema":{"@context":"https:\/\/schema.org","@graph":[{"@type":"Article","@id":"https:\/\/www.myzen.tv\/fr\/3-tisanes-bonnes-pour-la-sante\/#article","isPartOf":{"@id":"https:\/\/www.myzen.tv\/fr\/3-tisanes-bonnes-pour-la-sante\/"},"author":{"name":"Gilles Farina","@id":"https:\/\/www.myzen.tv\/fr\/#\/schema\/person\/978a9e7addfdccd3326847815bc2aca6"},"headline":"3 tisanes bonnes pour la sant\u00e9","datePublished":"2023-05-17T06:00:00+00:00","dateModified":"2023-05-12T14:50:46+00:00","mainEntityOfPage":{"@id":"https:\/\/www.myzen.tv\/fr\/3-tisanes-bonnes-pour-la-sante\/"},"wordCount":260,"publisher":{"@id":"https:\/\/www.myzen.tv\/fr\/#organization"},"image":{"@id":"https:\/\/www.myzen.tv\/fr\/3-tisanes-bonnes-pour-la-sante\/#primaryimage"},"thumbnailUrl":"https:\/\/www.myzen.tv\/wp-content\/uploads\/2023\/04\/3-tisanes-bonnes-pour-la-sante\u0301-1.png","articleSection":["A la une"],"inLanguage":"fr-FR"},{"@type":"WebPage","@id":"https:\/\/www.myzen.tv\/fr\/3-tisanes-bonnes-pour-la-sante\/","url":"https:\/\/www.myzen.tv\/fr\/3-tisanes-bonnes-pour-la-sante\/","name":"3 tisanes bonnes pour la sant\u00e9 - MyZen TV","isPartOf":{"@id":"https:\/\/www.myzen.tv\/fr\/#website"},"primaryImageOfPage":{"@id":"https:\/\/www.myzen.tv\/fr\/3-tisanes-bonnes-pour-la-sante\/#primaryimage"},"image":{"@id":"https:\/\/www.myzen.tv\/fr\/3-tisanes-bonnes-pour-la-sante\/#primaryimage"},"thumbnailUrl":"https:\/\/www.myzen.tv\/wp-content\/uploads\/2023\/04\/3-tisanes-bonnes-pour-la-sante\u0301-1.png","datePublished":"2023-05-17T06:00:00+00:00","dateModified":"2023-05-12T14:50:46+00:00","description":"On le sait depuis longtemps, les tisanes regorgent de bienfaits pour la sant\u00e9. MyZen TV vous a s\u00e9lectionn\u00e9 3 tisanes bonnes pour la sant\u00e9 !","breadcrumb":{"@id":"https:\/\/www.myzen.tv\/fr\/3-tisanes-bonnes-pour-la-sante\/#breadcrumb"},"inLanguage":"fr-FR","potentialAction":[{"@type":"ReadAction","target":["https:\/\/www.myzen.tv\/fr\/3-tisanes-bonnes-pour-la-sante\/"]}]},{"@type":"ImageObject","inLanguage":"fr-FR","@id":"https:\/\/www.myzen.tv\/fr\/3-tisanes-bonnes-pour-la-sante\/#primaryimage","url":"https:\/\/www.myzen.tv\/wp-content\/uploads\/2023\/04\/3-tisanes-bonnes-pour-la-sante\u0301-1.png","contentUrl":"https:\/\/www.myzen.tv\/wp-content\/uploads\/2023\/04\/3-tisanes-bonnes-pour-la-sante\u0301-1.png","width":1920,"height":1080,"caption":"3 tisanes bonnes pour la sant\u00e9"},{"@type":"BreadcrumbList","@id":"https:\/\/www.myzen.tv\/fr\/3-tisanes-bonnes-pour-la-sante\/#breadcrumb","itemListElement":[{"@type":"ListItem","position":1,"name":"Home","item":"https:\/\/www.myzen.tv\/fr\/"},{"@type":"ListItem","position":2,"name":"3 tisanes bonnes pour la sant\u00e9"}]},{"@type":"WebSite","@id":"https:\/\/www.myzen.tv\/fr\/#website","url":"https:\/\/www.myzen.tv\/fr\/","name":"MyZen TV","description":"Your lifestyle and well-being channel","publisher":{"@id":"https:\/\/www.myzen.tv\/fr\/#organization"},"potentialAction":[{"@type":"SearchAction","target":{"@type":"EntryPoint","urlTemplate":"https:\/\/www.myzen.tv\/fr\/?s={search_term_string}"},"query-input":{"@type":"PropertyValueSpecification","valueRequired":true,"valueName":"search_term_string"}}],"inLanguage":"fr-FR"},{"@type":"Organization","@id":"https:\/\/www.myzen.tv\/fr\/#organization","name":"MyZen TV","url":"https:\/\/www.myzen.tv\/fr\/","logo":{"@type":"ImageObject","inLanguage":"fr-FR","@id":"https:\/\/www.myzen.tv\/fr\/#\/schema\/logo\/image\/","url":"https:\/\/www.myzen.tv\/wp-content\/uploads\/2021\/05\/cropped-ICON_MZtv-LOGO_firetv640-1-1.png","contentUrl":"https:\/\/www.myzen.tv\/wp-content\/uploads\/2021\/05\/cropped-ICON_MZtv-LOGO_firetv640-1-1.png","width":512,"height":512,"caption":"MyZen TV"},"image":{"@id":"https:\/\/www.myzen.tv\/fr\/#\/schema\/logo\/image\/"},"sameAs":["https:\/\/www.facebook.com\/myzen.tv.fr\/","https:\/\/www.instagram.com\/myzentv\/"]},{"@type":"Person","@id":"https:\/\/www.myzen.tv\/fr\/#\/schema\/person\/978a9e7addfdccd3326847815bc2aca6","name":"Gilles Farina","url":"https:\/\/www.myzen.tv\/fr\/author\/giles-farina\/"}]}},"_links":{"self":[{"href":"https:\/\/www.myzen.tv\/fr\/wp-json\/wp\/v2\/posts\/1698805","targetHints":{"allow":["GET"]}}],"collection":[{"href":"https:\/\/www.myzen.tv\/fr\/wp-json\/wp\/v2\/posts"}],"about":[{"href":"https:\/\/www.myzen.tv\/fr\/wp-json\/wp\/v2\/types\/post"}],"author":[{"embeddable":true,"href":"https:\/\/www.myzen.tv\/fr\/wp-json\/wp\/v2\/users\/13"}],"replies":[{"embeddable":true,"href":"https:\/\/www.myzen.tv\/fr\/wp-json\/wp\/v2\/comments?post=1698805"}],"version-history":[{"count":3,"href":"https:\/\/www.myzen.tv\/fr\/wp-json\/wp\/v2\/posts\/1698805\/revisions"}],"predecessor-version":[{"id":1699415,"href":"https:\/\/www.myzen.tv\/fr\/wp-json\/wp\/v2\/posts\/1698805\/revisions\/1699415"}],"wp:featuredmedia":[{"embeddable":true,"href":"https:\/\/www.myzen.tv\/fr\/wp-json\/wp\/v2\/media\/1698809"}],"wp:attachment":[{"href":"https:\/\/www.myzen.tv\/fr\/wp-json\/wp\/v2\/media?parent=1698805"}],"wp:term":[{"taxonomy":"category","embeddable":true,"href":"https:\/\/www.myzen.tv\/fr\/wp-json\/wp\/v2\/categories?post=1698805"},{"taxonomy":"post_tag","embeddable":true,"href":"https:\/\/www.myzen.tv\/fr\/wp-json\/wp\/v2\/tags?post=1698805"},{"taxonomy":"group","embeddable":true,"href":"https:\/\/www.myzen.tv\/fr\/wp-json\/wp\/v2\/group?post=1698805"},{"taxonomy":"support","embeddable":true,"href":"https:\/\/www.myzen.tv\/fr\/wp-json\/wp\/v2\/support?post=1698805"}],"curies":[{"name":"wp","href":"https:\/\/api.w.org\/{rel}","templated":true}]}}