{"id":1698938,"date":"2023-04-20T15:57:47","date_gmt":"2023-04-20T15:57:47","guid":{"rendered":"https:\/\/www.myzen.tv\/?p=1698938"},"modified":"2023-04-20T16:01:15","modified_gmt":"2023-04-20T16:01:15","slug":"manger-mieux","status":"publish","type":"post","link":"https:\/\/www.myzen.tv\/fr\/manger-mieux\/","title":{"rendered":"Manger mieux"},"content":{"rendered":"<p>Prenez du temps pour vous en d\u00e9couvrant notre nouveau rendez-vous hebdomadaire : L\u2019instant bien-\u00eatre. L\u2019occasion de d\u00e9couvrir ou red\u00e9couvrir nos programmes sous un angle diff\u00e9rent !<br \/>\nEn avril, MyZen TV vous propose une s\u00e9lection sp\u00e9ciale \u201cManger mieux\u201d.<\/p>\n","protected":false},"excerpt":{"rendered":"<p>Prenez du temps pour vous en d\u00e9couvrant notre nouveau rendez-vous hebdomadaire : L\u2019instant bien-\u00eatre. MyZen TV vous propose une s\u00e9lection sp\u00e9ciale \u201cManger mieux\u201d.<\/p>\n","protected":false},"author":9,"featured_media":1698939,"comment_status":"closed","ping_status":"closed","sticky":false,"template":"template-special.php","format":"standard","meta":{"episode_type":"","audio_file":"","cover_image":"","cover_image_id":"","duration":"","filesize":"","date_recorded":"","explicit":"","block":"","itunes_episode_number":"","itunes_title":"","itunes_season_number":"","itunes_episode_type":"","filesize_raw":"","footnotes":""},"categories":[16],"tags":[],"group":[],"support":[1275],"class_list":["post-1698938","post","type-post","status-publish","format-standard","has-post-thumbnail","hentry","category-a-la-une","support-special"],"yoast_head":"<!-- This site is optimized with the Yoast SEO plugin v24.0 - https:\/\/yoast.com\/wordpress\/plugins\/seo\/ -->\n<title>Manger mieux - MyZen TV<\/title>\n<meta name=\"description\" content=\"D\u00e9couvrez ce nouveau rendez-vous hebdomadaire : L\u2019instant bien-\u00eatre. L\u2019occasion de red\u00e9couvrir nos programmes sous un angle diff\u00e9rent !\" \/>\n<meta name=\"robots\" content=\"index, follow, max-snippet:-1, max-image-preview:large, max-video-preview:-1\" \/>\n<link rel=\"canonical\" href=\"https:\/\/www.myzen.tv\/fr\/manger-mieux\/\" \/>\n<meta property=\"og:locale\" content=\"fr_FR\" \/>\n<meta property=\"og:type\" content=\"article\" \/>\n<meta property=\"og:title\" content=\"Manger mieux - MyZen TV\" \/>\n<meta property=\"og:description\" content=\"D\u00e9couvrez ce nouveau rendez-vous hebdomadaire : L\u2019instant bien-\u00eatre. L\u2019occasion de red\u00e9couvrir nos programmes sous un angle diff\u00e9rent !\" \/>\n<meta property=\"og:url\" content=\"https:\/\/www.myzen.tv\/fr\/manger-mieux\/\" \/>\n<meta property=\"og:site_name\" content=\"MyZen TV\" \/>\n<meta property=\"article:publisher\" content=\"https:\/\/www.facebook.com\/myzen.tv.fr\/\" \/>\n<meta property=\"article:published_time\" content=\"2023-04-20T15:57:47+00:00\" \/>\n<meta property=\"article:modified_time\" content=\"2023-04-20T16:01:15+00:00\" \/>\n<meta property=\"og:image\" content=\"https:\/\/www.myzen.tv\/wp-content\/uploads\/2023\/04\/linstant-bien-etre-cuisine-au-naturel-thumbnail64415c81201a9.jpg\" \/>\n\t<meta property=\"og:image:width\" content=\"2121\" \/>\n\t<meta property=\"og:image:height\" content=\"1414\" \/>\n\t<meta property=\"og:image:type\" content=\"image\/jpeg\" \/>\n<meta name=\"author\" content=\"Sofia Zemmouri\" \/>\n<meta name=\"twitter:card\" content=\"summary_large_image\" \/>\n<meta name=\"twitter:label1\" content=\"\u00c9crit par\" \/>\n\t<meta name=\"twitter:data1\" content=\"Sofia Zemmouri\" \/>\n\t<meta name=\"twitter:label2\" content=\"Dur\u00e9e de lecture estim\u00e9e\" \/>\n\t<meta name=\"twitter:data2\" content=\"1 minute\" \/>\n<!-- \/ Yoast SEO plugin. -->","yoast_head_json":{"title":"Manger mieux - MyZen TV","description":"D\u00e9couvrez ce nouveau rendez-vous hebdomadaire : L\u2019instant bien-\u00eatre. L\u2019occasion de red\u00e9couvrir nos programmes sous un angle diff\u00e9rent !","robots":{"index":"index","follow":"follow","max-snippet":"max-snippet:-1","max-image-preview":"max-image-preview:large","max-video-preview":"max-video-preview:-1"},"canonical":"https:\/\/www.myzen.tv\/fr\/manger-mieux\/","og_locale":"fr_FR","og_type":"article","og_title":"Manger mieux - MyZen TV","og_description":"D\u00e9couvrez ce nouveau rendez-vous hebdomadaire : L\u2019instant bien-\u00eatre. L\u2019occasion de red\u00e9couvrir nos programmes sous un angle diff\u00e9rent !","og_url":"https:\/\/www.myzen.tv\/fr\/manger-mieux\/","og_site_name":"MyZen TV","article_publisher":"https:\/\/www.facebook.com\/myzen.tv.fr\/","article_published_time":"2023-04-20T15:57:47+00:00","article_modified_time":"2023-04-20T16:01:15+00:00","og_image":[{"width":2121,"height":1414,"url":"https:\/\/www.myzen.tv\/wp-content\/uploads\/2023\/04\/linstant-bien-etre-cuisine-au-naturel-thumbnail64415c81201a9.jpg","type":"image\/jpeg"}],"author":"Sofia Zemmouri","twitter_card":"summary_large_image","twitter_misc":{"\u00c9crit par":"Sofia Zemmouri","Dur\u00e9e de lecture estim\u00e9e":"1 minute"},"schema":{"@context":"https:\/\/schema.org","@graph":[{"@type":"Article","@id":"https:\/\/www.myzen.tv\/fr\/manger-mieux\/#article","isPartOf":{"@id":"https:\/\/www.myzen.tv\/fr\/manger-mieux\/"},"author":{"name":"Sofia Zemmouri","@id":"https:\/\/www.myzen.tv\/fr\/#\/schema\/person\/a48cbe5980e3c2092706421d26340dfe"},"headline":"Manger mieux","datePublished":"2023-04-20T15:57:47+00:00","dateModified":"2023-04-20T16:01:15+00:00","mainEntityOfPage":{"@id":"https:\/\/www.myzen.tv\/fr\/manger-mieux\/"},"wordCount":46,"publisher":{"@id":"https:\/\/www.myzen.tv\/fr\/#organization"},"image":{"@id":"https:\/\/www.myzen.tv\/fr\/manger-mieux\/#primaryimage"},"thumbnailUrl":"https:\/\/www.myzen.tv\/wp-content\/uploads\/2023\/04\/linstant-bien-etre-cuisine-au-naturel-thumbnail64415c81201a9.jpg","articleSection":["A la une"],"inLanguage":"fr-FR"},{"@type":"WebPage","@id":"https:\/\/www.myzen.tv\/fr\/manger-mieux\/","url":"https:\/\/www.myzen.tv\/fr\/manger-mieux\/","name":"Manger mieux - MyZen TV","isPartOf":{"@id":"https:\/\/www.myzen.tv\/fr\/#website"},"primaryImageOfPage":{"@id":"https:\/\/www.myzen.tv\/fr\/manger-mieux\/#primaryimage"},"image":{"@id":"https:\/\/www.myzen.tv\/fr\/manger-mieux\/#primaryimage"},"thumbnailUrl":"https:\/\/www.myzen.tv\/wp-content\/uploads\/2023\/04\/linstant-bien-etre-cuisine-au-naturel-thumbnail64415c81201a9.jpg","datePublished":"2023-04-20T15:57:47+00:00","dateModified":"2023-04-20T16:01:15+00:00","description":"D\u00e9couvrez ce nouveau rendez-vous hebdomadaire : L\u2019instant bien-\u00eatre. L\u2019occasion de red\u00e9couvrir nos programmes sous un angle diff\u00e9rent !","breadcrumb":{"@id":"https:\/\/www.myzen.tv\/fr\/manger-mieux\/#breadcrumb"},"inLanguage":"fr-FR","potentialAction":[{"@type":"ReadAction","target":["https:\/\/www.myzen.tv\/fr\/manger-mieux\/"]}]},{"@type":"ImageObject","inLanguage":"fr-FR","@id":"https:\/\/www.myzen.tv\/fr\/manger-mieux\/#primaryimage","url":"https:\/\/www.myzen.tv\/wp-content\/uploads\/2023\/04\/linstant-bien-etre-cuisine-au-naturel-thumbnail64415c81201a9.jpg","contentUrl":"https:\/\/www.myzen.tv\/wp-content\/uploads\/2023\/04\/linstant-bien-etre-cuisine-au-naturel-thumbnail64415c81201a9.jpg","width":2121,"height":1414},{"@type":"BreadcrumbList","@id":"https:\/\/www.myzen.tv\/fr\/manger-mieux\/#breadcrumb","itemListElement":[{"@type":"ListItem","position":1,"name":"Home","item":"https:\/\/www.myzen.tv\/fr\/"},{"@type":"ListItem","position":2,"name":"Manger mieux"}]},{"@type":"WebSite","@id":"https:\/\/www.myzen.tv\/fr\/#website","url":"https:\/\/www.myzen.tv\/fr\/","name":"MyZen TV","description":"Your lifestyle and well-being channel","publisher":{"@id":"https:\/\/www.myzen.tv\/fr\/#organization"},"potentialAction":[{"@type":"SearchAction","target":{"@type":"EntryPoint","urlTemplate":"https:\/\/www.myzen.tv\/fr\/?s={search_term_string}"},"query-input":{"@type":"PropertyValueSpecification","valueRequired":true,"valueName":"search_term_string"}}],"inLanguage":"fr-FR"},{"@type":"Organization","@id":"https:\/\/www.myzen.tv\/fr\/#organization","name":"MyZen TV","url":"https:\/\/www.myzen.tv\/fr\/","logo":{"@type":"ImageObject","inLanguage":"fr-FR","@id":"https:\/\/www.myzen.tv\/fr\/#\/schema\/logo\/image\/","url":"https:\/\/www.myzen.tv\/wp-content\/uploads\/2021\/05\/cropped-ICON_MZtv-LOGO_firetv640-1-1.png","contentUrl":"https:\/\/www.myzen.tv\/wp-content\/uploads\/2021\/05\/cropped-ICON_MZtv-LOGO_firetv640-1-1.png","width":512,"height":512,"caption":"MyZen TV"},"image":{"@id":"https:\/\/www.myzen.tv\/fr\/#\/schema\/logo\/image\/"},"sameAs":["https:\/\/www.facebook.com\/myzen.tv.fr\/","https:\/\/www.instagram.com\/myzentv\/"]},{"@type":"Person","@id":"https:\/\/www.myzen.tv\/fr\/#\/schema\/person\/a48cbe5980e3c2092706421d26340dfe","name":"Sofia Zemmouri","url":"https:\/\/www.myzen.tv\/fr\/author\/sofia-zemmouri\/"}]}},"_links":{"self":[{"href":"https:\/\/www.myzen.tv\/fr\/wp-json\/wp\/v2\/posts\/1698938","targetHints":{"allow":["GET"]}}],"collection":[{"href":"https:\/\/www.myzen.tv\/fr\/wp-json\/wp\/v2\/posts"}],"about":[{"href":"https:\/\/www.myzen.tv\/fr\/wp-json\/wp\/v2\/types\/post"}],"author":[{"embeddable":true,"href":"https:\/\/www.myzen.tv\/fr\/wp-json\/wp\/v2\/users\/9"}],"replies":[{"embeddable":true,"href":"https:\/\/www.myzen.tv\/fr\/wp-json\/wp\/v2\/comments?post=1698938"}],"version-history":[{"count":12,"href":"https:\/\/www.myzen.tv\/fr\/wp-json\/wp\/v2\/posts\/1698938\/revisions"}],"predecessor-version":[{"id":1698964,"href":"https:\/\/www.myzen.tv\/fr\/wp-json\/wp\/v2\/posts\/1698938\/revisions\/1698964"}],"wp:featuredmedia":[{"embeddable":true,"href":"https:\/\/www.myzen.tv\/fr\/wp-json\/wp\/v2\/media\/1698939"}],"wp:attachment":[{"href":"https:\/\/www.myzen.tv\/fr\/wp-json\/wp\/v2\/media?parent=1698938"}],"wp:term":[{"taxonomy":"category","embeddable":true,"href":"https:\/\/www.myzen.tv\/fr\/wp-json\/wp\/v2\/categories?post=1698938"},{"taxonomy":"post_tag","embeddable":true,"href":"https:\/\/www.myzen.tv\/fr\/wp-json\/wp\/v2\/tags?post=1698938"},{"taxonomy":"group","embeddable":true,"href":"https:\/\/www.myzen.tv\/fr\/wp-json\/wp\/v2\/group?post=1698938"},{"taxonomy":"support","embeddable":true,"href":"https:\/\/www.myzen.tv\/fr\/wp-json\/wp\/v2\/support?post=1698938"}],"curies":[{"name":"wp","href":"https:\/\/api.w.org\/{rel}","templated":true}]}}